{"id":5413,"date":"2014-01-14T08:39:20","date_gmt":"2014-01-14T07:39:20","guid":{"rendered":"http:\/\/blog.zeit.de\/nsu-prozess-blog\/?p=5413"},"modified":"2014-01-14T10:40:08","modified_gmt":"2014-01-14T09:40:08","slug":"eine-unvorstellbar-schwere-aussage-das-medienlog-vom-dienstag-14-januar-2014","status":"publish","type":"post","link":"https:\/\/blog.zeit.de\/nsu-prozess-blog\/2014\/01\/14\/eine-unvorstellbar-schwere-aussage-das-medienlog-vom-dienstag-14-januar-2014\/","title":{"rendered":"Eine unvorstellbar schwere Aussage \u2013 das Medienlog vom Dienstag, 14. Januar 2014"},"content":{"rendered":"<p>Am Donnerstag soll der Polizist Martin A. im NSU-Prozess aussagen \u2013 er sa\u00df im April 2007 neben seiner Kollegin Mich\u00e8le Kiesewetter als diese erschossen wurde. F\u00fcr den 31-J\u00e4hrigen werde es &#8222;unvorstellbar schwer&#8220; werden, sich den Fragen des Gerichts zu stellen, schreibt Kai Mudra in der <a href=\"http:\/\/www.thueringer-allgemeine.de\/startseite\/detail\/-\/specific\/NSU-Prozess-Angeschossener-Polizist-sagt-aus-1568511416\" target=\"_blank\"><em>Th\u00fcringer Allgemeinen<\/em><\/a>. Nach dem Anschlag habe sich A. m\u00fchsam ins Leben zur\u00fcckk\u00e4mpfen m\u00fcssen. Wie, das werde er erz\u00e4hlen m\u00fcssen, w\u00e4hrend er der Hauptangeklagten Beate Zsch\u00e4pe gegen\u00fcbersitzt.<\/p>\n<p><!--more--><\/p>\n<p><em>An jedem Werktag sichten wir f\u00fcr das NSU-Prozess-Blog die Medien und stellen wichtige Berichte, Blogs, Videos und Tweets zusammen. Wir freuen uns \u00fcber Hinweise via Twitter mit dem Hashtag #nsublog \u2013 oder per E-Mail an <a href=\"mailto:nsublog@zeit.de\">nsublog@zeit.de<\/a>.<\/em><\/p>\n<p>Mudra rekapituliert den Mord \u2013 &#8222;der Tathergang gleicht einer Hinrichtung&#8220; \u2013 und die Ermittlungen, die bis zum Auffliegen des NSU ins Leere liefen. Dabei habe Kiesewetters Patenonkel, ein th\u00fcringischer Polizist, kurz nach der Tat einen Hinweis gegeben, der sich r\u00fcckblickend als richtig erwies: Er vermutete einen Zusammenhang &#8222;<strong>mit den bundesweiten T\u00fcrkenmorden<\/strong>&#8222;. Der Hinweis sei jedoch nie gepr\u00fcft worden. Was bis heute, knapp sieben Jahre nach der Tat bleibe: viele Ermittlungsans\u00e4tze, zahlreiche Verschw\u00f6rungstheorien \u2013 und Fragen, die bislang nicht beantwortet sind.<\/p>\n<p>Keine Berichte in englischsprachigen Onlinemedien.<\/p>\n<p><em>Das n\u00e4chste Medienlog erscheint am Mittwoch, 15. Januar 2014.<\/em><\/p>\n","protected":false},"excerpt":{"rendered":"<p>Am Donnerstag soll der Polizist Martin A. im NSU-Prozess aussagen \u2013 er sa\u00df im April 2007 neben seiner Kollegin Mich\u00e8le Kiesewetter als diese erschossen wurde. F\u00fcr den 31-J\u00e4hrigen werde es &#8222;unvorstellbar schwer&#8220; werden, sich den Fragen des Gerichts zu stellen, schreibt Kai Mudra in der Th\u00fcringer Allgemeinen. Nach dem Anschlag habe sich A. m\u00fchsam ins [&hellip;]<\/p>\n","protected":false},"author":435,"featured_media":0,"comment_status":"open","ping_status":"open","sticky":false,"template":"","format":"standard","meta":{"_jetpack_memberships_contains_paid_content":false,"footnotes":""},"categories":[27531],"tags":[26520,27588],"class_list":["post-5413","post","type-post","status-publish","format-standard","hentry","category-medienschau","tag-ermittlungen","tag-michele-kiesewetter"],"yoast_head":"<!-- This site is optimized with the Yoast SEO plugin v21.0 - https:\/\/yoast.com\/wordpress\/plugins\/seo\/ -->\n<title>Eine unvorstellbar schwere Aussage \u2013 das Medienlog vom Dienstag, 14. Januar 2014 - Das NSU-Prozess-Blog<\/title>\n<meta name=\"robots\" content=\"index, follow, max-snippet:-1, max-image-preview:large, max-video-preview:-1\" \/>\n<link rel=\"canonical\" href=\"https:\/\/blog.zeit.de\/nsu-prozess-blog\/2014\/01\/14\/eine-unvorstellbar-schwere-aussage-das-medienlog-vom-dienstag-14-januar-2014\/\" \/>\n<meta property=\"og:locale\" content=\"de_DE\" \/>\n<meta property=\"og:type\" content=\"article\" \/>\n<meta property=\"og:title\" content=\"Eine unvorstellbar schwere Aussage \u2013 das Medienlog vom Dienstag, 14. Januar 2014 - Das NSU-Prozess-Blog\" \/>\n<meta property=\"og:description\" content=\"Am Donnerstag soll der Polizist Martin A. im NSU-Prozess aussagen \u2013 er sa\u00df im April 2007 neben seiner Kollegin Mich\u00e8le Kiesewetter als diese erschossen wurde. F\u00fcr den 31-J\u00e4hrigen werde es &#8222;unvorstellbar schwer&#8220; werden, sich den Fragen des Gerichts zu stellen, schreibt Kai Mudra in der Th\u00fcringer Allgemeinen. Nach dem Anschlag habe sich A. m\u00fchsam ins [&hellip;]\" \/>\n<meta property=\"og:url\" content=\"https:\/\/blog.zeit.de\/nsu-prozess-blog\/2014\/01\/14\/eine-unvorstellbar-schwere-aussage-das-medienlog-vom-dienstag-14-januar-2014\/\" \/>\n<meta property=\"og:site_name\" content=\"Das NSU-Prozess-Blog\" \/>\n<meta property=\"article:published_time\" content=\"2014-01-14T07:39:20+00:00\" \/>\n<meta property=\"article:modified_time\" content=\"2014-01-14T09:40:08+00:00\" \/>\n<meta name=\"author\" content=\"Tom Sundermann\" \/>\n<meta name=\"twitter:label1\" content=\"Geschrieben von\" \/>\n\t<meta name=\"twitter:data1\" content=\"Tom Sundermann\" \/>\n\t<meta name=\"twitter:label2\" content=\"Gesch\u00e4tzte Lesezeit\" \/>\n\t<meta name=\"twitter:data2\" content=\"1\u00a0Minute\" \/>\n<script type=\"application\/ld+json\" class=\"yoast-schema-graph\">{\"@context\":\"https:\/\/schema.org\",\"@graph\":[{\"@type\":\"WebPage\",\"@id\":\"https:\/\/blog.zeit.de\/nsu-prozess-blog\/2014\/01\/14\/eine-unvorstellbar-schwere-aussage-das-medienlog-vom-dienstag-14-januar-2014\/\",\"url\":\"https:\/\/blog.zeit.de\/nsu-prozess-blog\/2014\/01\/14\/eine-unvorstellbar-schwere-aussage-das-medienlog-vom-dienstag-14-januar-2014\/\",\"name\":\"Eine unvorstellbar schwere Aussage \u2013 das Medienlog vom Dienstag, 14. Januar 2014 - Das NSU-Prozess-Blog\",\"isPartOf\":{\"@id\":\"https:\/\/blog.zeit.de\/nsu-prozess-blog\/#website\"},\"datePublished\":\"2014-01-14T07:39:20+00:00\",\"dateModified\":\"2014-01-14T09:40:08+00:00\",\"author\":{\"@id\":\"https:\/\/blog.zeit.de\/nsu-prozess-blog\/#\/schema\/person\/553ea9bb5d1fc2ae054c589bd59380a5\"},\"breadcrumb\":{\"@id\":\"https:\/\/blog.zeit.de\/nsu-prozess-blog\/2014\/01\/14\/eine-unvorstellbar-schwere-aussage-das-medienlog-vom-dienstag-14-januar-2014\/#breadcrumb\"},\"inLanguage\":\"de\",\"potentialAction\":[{\"@type\":\"ReadAction\",\"target\":[\"https:\/\/blog.zeit.de\/nsu-prozess-blog\/2014\/01\/14\/eine-unvorstellbar-schwere-aussage-das-medienlog-vom-dienstag-14-januar-2014\/\"]}]},{\"@type\":\"BreadcrumbList\",\"@id\":\"https:\/\/blog.zeit.de\/nsu-prozess-blog\/2014\/01\/14\/eine-unvorstellbar-schwere-aussage-das-medienlog-vom-dienstag-14-januar-2014\/#breadcrumb\",\"itemListElement\":[{\"@type\":\"ListItem\",\"position\":1,\"name\":\"Startseite\",\"item\":\"https:\/\/blog.zeit.de\/nsu-prozess-blog\/\"},{\"@type\":\"ListItem\",\"position\":2,\"name\":\"Eine unvorstellbar schwere Aussage \u2013 das Medienlog vom Dienstag, 14. Januar 2014\"}]},{\"@type\":\"WebSite\",\"@id\":\"https:\/\/blog.zeit.de\/nsu-prozess-blog\/#website\",\"url\":\"https:\/\/blog.zeit.de\/nsu-prozess-blog\/\",\"name\":\"Das NSU-Prozess-Blog\",\"description\":\"Alle Berichte zum Terrorverfahren in M\u00fcnchen\",\"potentialAction\":[{\"@type\":\"SearchAction\",\"target\":{\"@type\":\"EntryPoint\",\"urlTemplate\":\"https:\/\/blog.zeit.de\/nsu-prozess-blog\/?s={search_term_string}\"},\"query-input\":\"required name=search_term_string\"}],\"inLanguage\":\"de\"},{\"@type\":\"Person\",\"@id\":\"https:\/\/blog.zeit.de\/nsu-prozess-blog\/#\/schema\/person\/553ea9bb5d1fc2ae054c589bd59380a5\",\"name\":\"Tom Sundermann\",\"image\":{\"@type\":\"ImageObject\",\"inLanguage\":\"de\",\"@id\":\"https:\/\/blog.zeit.de\/nsu-prozess-blog\/#\/schema\/person\/image\/\",\"url\":\"https:\/\/secure.gravatar.com\/avatar\/e108a3dc18766f719b2f797dc5d19093f06a1870c55b553ab6b7563f1f9a5e68?s=96&d=mm&r=g\",\"contentUrl\":\"https:\/\/secure.gravatar.com\/avatar\/e108a3dc18766f719b2f797dc5d19093f06a1870c55b553ab6b7563f1f9a5e68?s=96&d=mm&r=g\",\"caption\":\"Tom Sundermann\"},\"sameAs\":[\"https:\/\/twitter.com\/messeticker\"],\"url\":\"https:\/\/blog.zeit.de\/nsu-prozess-blog\/author\/tsundermann\/\"}]}<\/script>\n<!-- \/ Yoast SEO plugin. -->","yoast_head_json":{"title":"Eine unvorstellbar schwere Aussage \u2013 das Medienlog vom Dienstag, 14. Januar 2014 - Das NSU-Prozess-Blog","robots":{"index":"index","follow":"follow","max-snippet":"max-snippet:-1","max-image-preview":"max-image-preview:large","max-video-preview":"max-video-preview:-1"},"canonical":"https:\/\/blog.zeit.de\/nsu-prozess-blog\/2014\/01\/14\/eine-unvorstellbar-schwere-aussage-das-medienlog-vom-dienstag-14-januar-2014\/","og_locale":"de_DE","og_type":"article","og_title":"Eine unvorstellbar schwere Aussage \u2013 das Medienlog vom Dienstag, 14. Januar 2014 - Das NSU-Prozess-Blog","og_description":"Am Donnerstag soll der Polizist Martin A. im NSU-Prozess aussagen \u2013 er sa\u00df im April 2007 neben seiner Kollegin Mich\u00e8le Kiesewetter als diese erschossen wurde. F\u00fcr den 31-J\u00e4hrigen werde es &#8222;unvorstellbar schwer&#8220; werden, sich den Fragen des Gerichts zu stellen, schreibt Kai Mudra in der Th\u00fcringer Allgemeinen. Nach dem Anschlag habe sich A. m\u00fchsam ins [&hellip;]","og_url":"https:\/\/blog.zeit.de\/nsu-prozess-blog\/2014\/01\/14\/eine-unvorstellbar-schwere-aussage-das-medienlog-vom-dienstag-14-januar-2014\/","og_site_name":"Das NSU-Prozess-Blog","article_published_time":"2014-01-14T07:39:20+00:00","article_modified_time":"2014-01-14T09:40:08+00:00","author":"Tom Sundermann","twitter_misc":{"Geschrieben von":"Tom Sundermann","Gesch\u00e4tzte Lesezeit":"1\u00a0Minute"},"schema":{"@context":"https:\/\/schema.org","@graph":[{"@type":"WebPage","@id":"https:\/\/blog.zeit.de\/nsu-prozess-blog\/2014\/01\/14\/eine-unvorstellbar-schwere-aussage-das-medienlog-vom-dienstag-14-januar-2014\/","url":"https:\/\/blog.zeit.de\/nsu-prozess-blog\/2014\/01\/14\/eine-unvorstellbar-schwere-aussage-das-medienlog-vom-dienstag-14-januar-2014\/","name":"Eine unvorstellbar schwere Aussage \u2013 das Medienlog vom Dienstag, 14. Januar 2014 - Das NSU-Prozess-Blog","isPartOf":{"@id":"https:\/\/blog.zeit.de\/nsu-prozess-blog\/#website"},"datePublished":"2014-01-14T07:39:20+00:00","dateModified":"2014-01-14T09:40:08+00:00","author":{"@id":"https:\/\/blog.zeit.de\/nsu-prozess-blog\/#\/schema\/person\/553ea9bb5d1fc2ae054c589bd59380a5"},"breadcrumb":{"@id":"https:\/\/blog.zeit.de\/nsu-prozess-blog\/2014\/01\/14\/eine-unvorstellbar-schwere-aussage-das-medienlog-vom-dienstag-14-januar-2014\/#breadcrumb"},"inLanguage":"de","potentialAction":[{"@type":"ReadAction","target":["https:\/\/blog.zeit.de\/nsu-prozess-blog\/2014\/01\/14\/eine-unvorstellbar-schwere-aussage-das-medienlog-vom-dienstag-14-januar-2014\/"]}]},{"@type":"BreadcrumbList","@id":"https:\/\/blog.zeit.de\/nsu-prozess-blog\/2014\/01\/14\/eine-unvorstellbar-schwere-aussage-das-medienlog-vom-dienstag-14-januar-2014\/#breadcrumb","itemListElement":[{"@type":"ListItem","position":1,"name":"Startseite","item":"https:\/\/blog.zeit.de\/nsu-prozess-blog\/"},{"@type":"ListItem","position":2,"name":"Eine unvorstellbar schwere Aussage \u2013 das Medienlog vom Dienstag, 14. Januar 2014"}]},{"@type":"WebSite","@id":"https:\/\/blog.zeit.de\/nsu-prozess-blog\/#website","url":"https:\/\/blog.zeit.de\/nsu-prozess-blog\/","name":"Das NSU-Prozess-Blog","description":"Alle Berichte zum Terrorverfahren in M\u00fcnchen","potentialAction":[{"@type":"SearchAction","target":{"@type":"EntryPoint","urlTemplate":"https:\/\/blog.zeit.de\/nsu-prozess-blog\/?s={search_term_string}"},"query-input":"required name=search_term_string"}],"inLanguage":"de"},{"@type":"Person","@id":"https:\/\/blog.zeit.de\/nsu-prozess-blog\/#\/schema\/person\/553ea9bb5d1fc2ae054c589bd59380a5","name":"Tom Sundermann","image":{"@type":"ImageObject","inLanguage":"de","@id":"https:\/\/blog.zeit.de\/nsu-prozess-blog\/#\/schema\/person\/image\/","url":"https:\/\/secure.gravatar.com\/avatar\/e108a3dc18766f719b2f797dc5d19093f06a1870c55b553ab6b7563f1f9a5e68?s=96&d=mm&r=g","contentUrl":"https:\/\/secure.gravatar.com\/avatar\/e108a3dc18766f719b2f797dc5d19093f06a1870c55b553ab6b7563f1f9a5e68?s=96&d=mm&r=g","caption":"Tom Sundermann"},"sameAs":["https:\/\/twitter.com\/messeticker"],"url":"https:\/\/blog.zeit.de\/nsu-prozess-blog\/author\/tsundermann\/"}]}},"jetpack_featured_media_url":"","jetpack_sharing_enabled":true,"_links":{"self":[{"href":"https:\/\/blog.zeit.de\/nsu-prozess-blog\/wp-json\/wp\/v2\/posts\/5413","targetHints":{"allow":["GET"]}}],"collection":[{"href":"https:\/\/blog.zeit.de\/nsu-prozess-blog\/wp-json\/wp\/v2\/posts"}],"about":[{"href":"https:\/\/blog.zeit.de\/nsu-prozess-blog\/wp-json\/wp\/v2\/types\/post"}],"author":[{"embeddable":true,"href":"https:\/\/blog.zeit.de\/nsu-prozess-blog\/wp-json\/wp\/v2\/users\/435"}],"replies":[{"embeddable":true,"href":"https:\/\/blog.zeit.de\/nsu-prozess-blog\/wp-json\/wp\/v2\/comments?post=5413"}],"version-history":[{"count":9,"href":"https:\/\/blog.zeit.de\/nsu-prozess-blog\/wp-json\/wp\/v2\/posts\/5413\/revisions"}],"predecessor-version":[{"id":5424,"href":"https:\/\/blog.zeit.de\/nsu-prozess-blog\/wp-json\/wp\/v2\/posts\/5413\/revisions\/5424"}],"wp:attachment":[{"href":"https:\/\/blog.zeit.de\/nsu-prozess-blog\/wp-json\/wp\/v2\/media?parent=5413"}],"wp:term":[{"taxonomy":"category","embeddable":true,"href":"https:\/\/blog.zeit.de\/nsu-prozess-blog\/wp-json\/wp\/v2\/categories?post=5413"},{"taxonomy":"post_tag","embeddable":true,"href":"https:\/\/blog.zeit.de\/nsu-prozess-blog\/wp-json\/wp\/v2\/tags?post=5413"}],"curies":[{"name":"wp","href":"https:\/\/api.w.org\/{rel}","templated":true}]}}