{"id":5425,"date":"2014-01-15T08:47:34","date_gmt":"2014-01-15T07:47:34","guid":{"rendered":"http:\/\/blog.zeit.de\/nsu-prozess-blog\/?p=5425"},"modified":"2014-01-15T09:12:49","modified_gmt":"2014-01-15T08:12:49","slug":"medienlog-brandstiftung-flucht-zschaepe","status":"publish","type":"post","link":"https:\/\/blog.zeit.de\/nsu-prozess-blog\/2014\/01\/15\/medienlog-brandstiftung-flucht-zschaepe\/","title":{"rendered":"Warum ging Zsch\u00e4pe zur Polizei? \u2013 Das Medienlog vom Dienstag, 14. Januar 2014"},"content":{"rendered":"<p>Vom <a href=\"http:\/\/www.zeit.de\/gesellschaft\/zeitgeschehen\/2014-01\/nsu-prozess-zschaepe-kleidung\" target=\"_blank\">73. Verhandlungstag<\/a> in M\u00fcnchen bleibt vor allem ein Detail im Ged\u00e4chtnis: dass Beate Zsch\u00e4pes Socken gestunken h\u00e4tten, als sie diese nach ihrer Flucht bei der Polizei in Jena abgab. Sie h\u00e4tten gerochen, &#8222;als ob man das l\u00e4nger tr\u00e4gt&#8220;, sagte der Polizist, der die Kleidung der Hauptangeklagten sicherstellte. Tats\u00e4chlich kommt den Socken aber ein Beweiswert zu: Die Ermittler stellten darin Spuren von Benzin fest \u2013 ein Indiz, dass sie die Wohnung des NSU-Trios in Zwickau angez\u00fcndet haben k\u00f6nnte. Zsch\u00e4pe habe sich m\u00f6glicherweise auch aus finanziellen Gr\u00fcnden gestellt, schreibt Frank Jansen im <a href=\"http:\/\/www.tagesspiegel.de\/politik\/nsu-prozess-die-odyssee-der-beate-zschaepe\/9332388.html\" target=\"_blank\"><em>Tagesspiegel<\/em><\/a>.<\/p>\n<p><!--more--><\/p>\n<p><em>An jedem Werktag sichten wir f\u00fcr das NSU-Prozess-Blog die Medien und stellen wichtige Berichte, Blogs, Videos und Tweets zusammen. Wir freuen uns \u00fcber Hinweise via Twitter mit dem Hashtag #nsublog \u2013 oder per E-Mail an <a href=\"mailto:nsublog@zeit.de\">nsublog@zeit.de<\/a>.<\/em><\/p>\n<p>Aus dem Haus habe Zsch\u00e4pe weniger Geld mitgenommen, als da war, notiert Jansen. Doch auch weitere Gr\u00fcnde, sich zu stellen, lie\u00dfen sich aus der Vernehmung des Jenaer Polizisten herauslesen: Zsch\u00e4pe habe Schmerzen gehabt, w\u00e4re beinahe vor eine Stra\u00dfenbahn gelaufen und habe sich erbrochen \u2013 <strong>schlie\u00dflich habe sie aufgegeben<\/strong>. Deutlich werde, dass die Fl\u00fcchtende es eilig hatte: &#8222;Nur eine Strumpfhose und ein Deo sprechen f\u00fcr die Annahme, Zsch\u00e4pe sei auf die Flucht (&#8230;) vorbereitet gewesen&#8220;, kommentiert Gisela Friedrichsen <a href=\"http:\/\/www.spiegel.de\/panorama\/justiz\/nsu-prozess-kontroverse-zwischen-opferanwalt-und-bundesanwaltschaft-a-943553.html\" target=\"_blank\">auf <em>Spiegel Online<\/em><\/a>. Zsch\u00e4pes Reaktion auf die Pr\u00e4sentation der Asservate beschreibt Tanjev Schultz in der <a href=\"http:\/\/www.sueddeutsche.de\/politik\/zeugin-im-nsu-prozess-optimales-opfer-1.1862607\" target=\"_blank\"><em>S\u00fcddeutschen Zeitung<\/em><\/a>: &#8222;Die Angeklagte muss mit ansehen, wie ihre letzten Habseligkeiten noch einmal ausgebreitet werden. Sie nimmt es, wie so oft, ohne erkennbare Regung hin.&#8220;<\/p>\n<p>Neben den Details zur Flucht untersuchte das Gericht auch den Hintergrund einer SIM-Karte, die im Brandschutt gefunden wurde und h\u00f6rte den Obduktionsbericht zum Mord an dem Hamburger S\u00fcleyman Task\u00f6pr\u00fc. Die Handykarte hatte die Zeugin Sandy N. gekauft, nachdem sie offenbar von Zsch\u00e4pe in der Zwickauer Fu\u00dfg\u00e4ngerzone angesprochen worden war \u2013 jetzt sagte sie in M\u00fcnchen aus. Zsch\u00e4pe profitierte von dem Kauf, weil sie so nicht mit ihrem Namen registriert wurde \u2013 N. &#8222;war <strong>das optimale Opfer<\/strong> f\u00fcr die Handy-Aktion&#8220;, analysiert Schultz. Als belastende Zeugin sei sie jedoch wenig hilfreich, weil sie die Angeklagte weder bei der Polizei noch im Saal habe identifizieren k\u00f6nnen.<\/p>\n<p>Die Leiche von S\u00fcleyman Task\u00f6pr\u00fc untersuchte im Juni 2001 der Rechtsmediziner Erwin Koops. Das Opfer habe &#8222;sich <strong>an der Grenze zum Tod<\/strong>&#8220; befunden, zitiert Per Hinrichs Koops in der <a href=\"http:\/\/www.welt.de\/politik\/deutschland\/article123864515\/Zschaepes-uebel-riechende-Socken-und-die-Prepaid-Karte.html\" target=\"_blank\"><em>Welt<\/em><\/a>. Task\u00f6pr\u00fc habe wohl noch wenige Minuten nach den t\u00f6dlichen Sch\u00fcssen gelebt.<\/p>\n<p>Gegen Ende des Prozesstags kam es zu einer Kontroverse, als der Nebenklage-Anwalt Alexander Hoffmann beantragte, einen polnischen Zeugen zu laden, der den Mitangeklagten <a href=\"https:\/\/blog.zeit.de\/nsu-prozess-blog\/2014\/01\/09\/gotzl-richter-wohlleben-beihilfe\/\" target=\"_blank\">Ralf Wohlleben<\/a> belasten k\u00f6nnte. Es gehe dabei um Unterst\u00fctzungshandlungen, die nicht in der Anklageschrift aufgef\u00fchrt sind. Aus diesem Grund monierte die Bundesanwaltschaft den Antrag: Staatsanwalt Stefan Schmidt sprach sich in einer Stellungnahme gegen den Antrag aus \u2013 und setzte damit kein gutes Signal, wie Gisela Friedrichsen bei <em>Spiegel Online<\/em> kommentiert: &#8222;Auff\u00e4llig oft sto\u00dfen Anliegen der Nebenklage bei der Bundesanwaltschaft auf taube Ohren. <strong>Ein N\u00e4hrboden f\u00fcr Verschw\u00f6rungstheorien.<\/strong>&#8220; Hoffmann habe den Ankl\u00e4gern daraufhin mangelnden Aufkl\u00e4rungswillen vorgeworfen, sie sei &#8222;nur bem\u00fcht, ihre einmal formulierte Anklage zu halten&#8220;.<\/p>\n<p>Auch mit Zsch\u00e4pes Anwaltsteam geriet Hoffmann in Konflikt, als er in einer Erkl\u00e4rung die Glaubw\u00fcrdigkeit der Zeugin Silvia S. und des Mitangeklagten Holger G. bezweifelte, dem S. ihre Krankenkassenkarte \u00fcberlie\u00df. Die Verteidiger versuchten, den Nebenklagevertreter auszubremsen \u2013 was f\u00fcr Friedrichsen eine grunds\u00e4tzliche Frage aufwirft: &#8222;Darf sich ein Opferanwalt \u00fcberhaupt, und wenn ja, wie lange, zur Glaubhaftigkeit der Angaben eines Angeklagten \u00e4u\u00dfern? \u00dcberschreitet er damit nicht seine Befugnisse?&#8220; Richter Manfred G\u00f6tzl entschied schlie\u00dflich, Hoffmann d\u00fcrfe seine Stellungnahme beenden. &#8222;So erreichten die Verteidiger eine Verz\u00f6gerung ohne jeden Gel\u00e4ndegewinn \u2013 und zeigten nebenbei, an welchen Punkten sie sich wohl Sorgen um ihre Mandantin machen&#8220;, hei\u00dft es in einer <a href=\"http:\/\/www.n24.de\/n24\/Nachrichten\/Politik\/d\/4124292\/werden-stinkende-socken-beate-zschaepe-zum-verhaengnis-.html\" target=\"_blank\">dpa-Meldung<\/a> zum Prozesstag.<\/p>\n<p>Die Diskrepanz zwischen der <strong>b\u00fcrgerlichen Fassade des NSU-Trios<\/strong> und der grausamen Realit\u00e4t analysiert Tom Schimmeck in der <a href=\"http:\/\/www.fr-online.de\/neonazi-terror\/nsu-prozess-lilly--heidi-und-der-faschismus,1477338,25862512.html\" target=\"_blank\"><em>Frankfurter Rundschau<\/em><\/a>: Er beschreibt &#8222;die Spie\u00dfigkeit dieser Killerwelt&#8220; mit Campingurlaub, Kaffeemaschine, Einkaufsbummel. Diese Normalit\u00e4t sei f\u00fcr ihn das Verst\u00f6rendste am ganzen Prozess: &#8222;Das vermeintlich so monstr\u00f6se B\u00f6se kommt manchmal so nah, dass wir uns in ihm spiegeln k\u00f6nnten.&#8220;<\/p>\n<p>Keine Berichte in englischsprachigen Onlinemedien.<\/p>\n<p><em>Das n\u00e4chste Medienlog erscheint am Mittwoch, 15. Januar 2014.<\/em><\/p>\n","protected":false},"excerpt":{"rendered":"<p>Vom 73. Verhandlungstag in M\u00fcnchen bleibt vor allem ein Detail im Ged\u00e4chtnis: dass Beate Zsch\u00e4pes Socken gestunken h\u00e4tten, als sie diese nach ihrer Flucht bei der Polizei in Jena abgab. Sie h\u00e4tten gerochen, &#8222;als ob man das l\u00e4nger tr\u00e4gt&#8220;, sagte der Polizist, der die Kleidung der Hauptangeklagten sicherstellte. Tats\u00e4chlich kommt den Socken aber ein Beweiswert [&hellip;]<\/p>\n","protected":false},"author":435,"featured_media":0,"comment_status":"open","ping_status":"open","sticky":false,"template":"","format":"standard","meta":{"_jetpack_memberships_contains_paid_content":false,"footnotes":""},"categories":[27531],"tags":[17793,27573,27559,17772],"class_list":["post-5425","post","type-post","status-publish","format-standard","hentry","category-medienschau","tag-beate-zschape","tag-brand","tag-manfred-gotzl","tag-ralf-wohlleben"],"yoast_head":"<!-- This site is optimized with the Yoast SEO plugin v21.0 - https:\/\/yoast.com\/wordpress\/plugins\/seo\/ -->\n<title>Warum ging Zsch\u00e4pe zur Polizei? \u2013 Das Medienlog vom Dienstag, 14. Januar 2014 - Das NSU-Prozess-Blog<\/title>\n<meta name=\"robots\" content=\"index, follow, max-snippet:-1, max-image-preview:large, max-video-preview:-1\" \/>\n<link rel=\"canonical\" href=\"https:\/\/blog.zeit.de\/nsu-prozess-blog\/2014\/01\/15\/medienlog-brandstiftung-flucht-zschaepe\/\" \/>\n<meta property=\"og:locale\" content=\"de_DE\" \/>\n<meta property=\"og:type\" content=\"article\" \/>\n<meta property=\"og:title\" content=\"Warum ging Zsch\u00e4pe zur Polizei? \u2013 Das Medienlog vom Dienstag, 14. Januar 2014 - Das NSU-Prozess-Blog\" \/>\n<meta property=\"og:description\" content=\"Vom 73. Verhandlungstag in M\u00fcnchen bleibt vor allem ein Detail im Ged\u00e4chtnis: dass Beate Zsch\u00e4pes Socken gestunken h\u00e4tten, als sie diese nach ihrer Flucht bei der Polizei in Jena abgab. Sie h\u00e4tten gerochen, &#8222;als ob man das l\u00e4nger tr\u00e4gt&#8220;, sagte der Polizist, der die Kleidung der Hauptangeklagten sicherstellte. Tats\u00e4chlich kommt den Socken aber ein Beweiswert [&hellip;]\" \/>\n<meta property=\"og:url\" content=\"https:\/\/blog.zeit.de\/nsu-prozess-blog\/2014\/01\/15\/medienlog-brandstiftung-flucht-zschaepe\/\" \/>\n<meta property=\"og:site_name\" content=\"Das NSU-Prozess-Blog\" \/>\n<meta property=\"article:published_time\" content=\"2014-01-15T07:47:34+00:00\" \/>\n<meta property=\"article:modified_time\" content=\"2014-01-15T08:12:49+00:00\" \/>\n<meta name=\"author\" content=\"Tom Sundermann\" \/>\n<meta name=\"twitter:label1\" content=\"Geschrieben von\" \/>\n\t<meta name=\"twitter:data1\" content=\"Tom Sundermann\" \/>\n\t<meta name=\"twitter:label2\" content=\"Gesch\u00e4tzte Lesezeit\" \/>\n\t<meta name=\"twitter:data2\" content=\"4\u00a0Minuten\" \/>\n<script type=\"application\/ld+json\" class=\"yoast-schema-graph\">{\"@context\":\"https:\/\/schema.org\",\"@graph\":[{\"@type\":\"WebPage\",\"@id\":\"https:\/\/blog.zeit.de\/nsu-prozess-blog\/2014\/01\/15\/medienlog-brandstiftung-flucht-zschaepe\/\",\"url\":\"https:\/\/blog.zeit.de\/nsu-prozess-blog\/2014\/01\/15\/medienlog-brandstiftung-flucht-zschaepe\/\",\"name\":\"Warum ging Zsch\u00e4pe zur Polizei? \u2013 Das Medienlog vom Dienstag, 14. Januar 2014 - Das NSU-Prozess-Blog\",\"isPartOf\":{\"@id\":\"https:\/\/blog.zeit.de\/nsu-prozess-blog\/#website\"},\"datePublished\":\"2014-01-15T07:47:34+00:00\",\"dateModified\":\"2014-01-15T08:12:49+00:00\",\"author\":{\"@id\":\"https:\/\/blog.zeit.de\/nsu-prozess-blog\/#\/schema\/person\/553ea9bb5d1fc2ae054c589bd59380a5\"},\"breadcrumb\":{\"@id\":\"https:\/\/blog.zeit.de\/nsu-prozess-blog\/2014\/01\/15\/medienlog-brandstiftung-flucht-zschaepe\/#breadcrumb\"},\"inLanguage\":\"de\",\"potentialAction\":[{\"@type\":\"ReadAction\",\"target\":[\"https:\/\/blog.zeit.de\/nsu-prozess-blog\/2014\/01\/15\/medienlog-brandstiftung-flucht-zschaepe\/\"]}]},{\"@type\":\"BreadcrumbList\",\"@id\":\"https:\/\/blog.zeit.de\/nsu-prozess-blog\/2014\/01\/15\/medienlog-brandstiftung-flucht-zschaepe\/#breadcrumb\",\"itemListElement\":[{\"@type\":\"ListItem\",\"position\":1,\"name\":\"Startseite\",\"item\":\"https:\/\/blog.zeit.de\/nsu-prozess-blog\/\"},{\"@type\":\"ListItem\",\"position\":2,\"name\":\"Warum ging Zsch\u00e4pe zur Polizei? \u2013 Das Medienlog vom Dienstag, 14. Januar 2014\"}]},{\"@type\":\"WebSite\",\"@id\":\"https:\/\/blog.zeit.de\/nsu-prozess-blog\/#website\",\"url\":\"https:\/\/blog.zeit.de\/nsu-prozess-blog\/\",\"name\":\"Das NSU-Prozess-Blog\",\"description\":\"Alle Berichte zum Terrorverfahren in M\u00fcnchen\",\"potentialAction\":[{\"@type\":\"SearchAction\",\"target\":{\"@type\":\"EntryPoint\",\"urlTemplate\":\"https:\/\/blog.zeit.de\/nsu-prozess-blog\/?s={search_term_string}\"},\"query-input\":\"required name=search_term_string\"}],\"inLanguage\":\"de\"},{\"@type\":\"Person\",\"@id\":\"https:\/\/blog.zeit.de\/nsu-prozess-blog\/#\/schema\/person\/553ea9bb5d1fc2ae054c589bd59380a5\",\"name\":\"Tom Sundermann\",\"image\":{\"@type\":\"ImageObject\",\"inLanguage\":\"de\",\"@id\":\"https:\/\/blog.zeit.de\/nsu-prozess-blog\/#\/schema\/person\/image\/\",\"url\":\"https:\/\/secure.gravatar.com\/avatar\/e108a3dc18766f719b2f797dc5d19093f06a1870c55b553ab6b7563f1f9a5e68?s=96&d=mm&r=g\",\"contentUrl\":\"https:\/\/secure.gravatar.com\/avatar\/e108a3dc18766f719b2f797dc5d19093f06a1870c55b553ab6b7563f1f9a5e68?s=96&d=mm&r=g\",\"caption\":\"Tom Sundermann\"},\"sameAs\":[\"https:\/\/twitter.com\/messeticker\"],\"url\":\"https:\/\/blog.zeit.de\/nsu-prozess-blog\/author\/tsundermann\/\"}]}<\/script>\n<!-- \/ Yoast SEO plugin. -->","yoast_head_json":{"title":"Warum ging Zsch\u00e4pe zur Polizei? \u2013 Das Medienlog vom Dienstag, 14. Januar 2014 - Das NSU-Prozess-Blog","robots":{"index":"index","follow":"follow","max-snippet":"max-snippet:-1","max-image-preview":"max-image-preview:large","max-video-preview":"max-video-preview:-1"},"canonical":"https:\/\/blog.zeit.de\/nsu-prozess-blog\/2014\/01\/15\/medienlog-brandstiftung-flucht-zschaepe\/","og_locale":"de_DE","og_type":"article","og_title":"Warum ging Zsch\u00e4pe zur Polizei? \u2013 Das Medienlog vom Dienstag, 14. Januar 2014 - Das NSU-Prozess-Blog","og_description":"Vom 73. Verhandlungstag in M\u00fcnchen bleibt vor allem ein Detail im Ged\u00e4chtnis: dass Beate Zsch\u00e4pes Socken gestunken h\u00e4tten, als sie diese nach ihrer Flucht bei der Polizei in Jena abgab. Sie h\u00e4tten gerochen, &#8222;als ob man das l\u00e4nger tr\u00e4gt&#8220;, sagte der Polizist, der die Kleidung der Hauptangeklagten sicherstellte. Tats\u00e4chlich kommt den Socken aber ein Beweiswert [&hellip;]","og_url":"https:\/\/blog.zeit.de\/nsu-prozess-blog\/2014\/01\/15\/medienlog-brandstiftung-flucht-zschaepe\/","og_site_name":"Das NSU-Prozess-Blog","article_published_time":"2014-01-15T07:47:34+00:00","article_modified_time":"2014-01-15T08:12:49+00:00","author":"Tom Sundermann","twitter_misc":{"Geschrieben von":"Tom Sundermann","Gesch\u00e4tzte Lesezeit":"4\u00a0Minuten"},"schema":{"@context":"https:\/\/schema.org","@graph":[{"@type":"WebPage","@id":"https:\/\/blog.zeit.de\/nsu-prozess-blog\/2014\/01\/15\/medienlog-brandstiftung-flucht-zschaepe\/","url":"https:\/\/blog.zeit.de\/nsu-prozess-blog\/2014\/01\/15\/medienlog-brandstiftung-flucht-zschaepe\/","name":"Warum ging Zsch\u00e4pe zur Polizei? \u2013 Das Medienlog vom Dienstag, 14. Januar 2014 - Das NSU-Prozess-Blog","isPartOf":{"@id":"https:\/\/blog.zeit.de\/nsu-prozess-blog\/#website"},"datePublished":"2014-01-15T07:47:34+00:00","dateModified":"2014-01-15T08:12:49+00:00","author":{"@id":"https:\/\/blog.zeit.de\/nsu-prozess-blog\/#\/schema\/person\/553ea9bb5d1fc2ae054c589bd59380a5"},"breadcrumb":{"@id":"https:\/\/blog.zeit.de\/nsu-prozess-blog\/2014\/01\/15\/medienlog-brandstiftung-flucht-zschaepe\/#breadcrumb"},"inLanguage":"de","potentialAction":[{"@type":"ReadAction","target":["https:\/\/blog.zeit.de\/nsu-prozess-blog\/2014\/01\/15\/medienlog-brandstiftung-flucht-zschaepe\/"]}]},{"@type":"BreadcrumbList","@id":"https:\/\/blog.zeit.de\/nsu-prozess-blog\/2014\/01\/15\/medienlog-brandstiftung-flucht-zschaepe\/#breadcrumb","itemListElement":[{"@type":"ListItem","position":1,"name":"Startseite","item":"https:\/\/blog.zeit.de\/nsu-prozess-blog\/"},{"@type":"ListItem","position":2,"name":"Warum ging Zsch\u00e4pe zur Polizei? \u2013 Das Medienlog vom Dienstag, 14. Januar 2014"}]},{"@type":"WebSite","@id":"https:\/\/blog.zeit.de\/nsu-prozess-blog\/#website","url":"https:\/\/blog.zeit.de\/nsu-prozess-blog\/","name":"Das NSU-Prozess-Blog","description":"Alle Berichte zum Terrorverfahren in M\u00fcnchen","potentialAction":[{"@type":"SearchAction","target":{"@type":"EntryPoint","urlTemplate":"https:\/\/blog.zeit.de\/nsu-prozess-blog\/?s={search_term_string}"},"query-input":"required name=search_term_string"}],"inLanguage":"de"},{"@type":"Person","@id":"https:\/\/blog.zeit.de\/nsu-prozess-blog\/#\/schema\/person\/553ea9bb5d1fc2ae054c589bd59380a5","name":"Tom Sundermann","image":{"@type":"ImageObject","inLanguage":"de","@id":"https:\/\/blog.zeit.de\/nsu-prozess-blog\/#\/schema\/person\/image\/","url":"https:\/\/secure.gravatar.com\/avatar\/e108a3dc18766f719b2f797dc5d19093f06a1870c55b553ab6b7563f1f9a5e68?s=96&d=mm&r=g","contentUrl":"https:\/\/secure.gravatar.com\/avatar\/e108a3dc18766f719b2f797dc5d19093f06a1870c55b553ab6b7563f1f9a5e68?s=96&d=mm&r=g","caption":"Tom Sundermann"},"sameAs":["https:\/\/twitter.com\/messeticker"],"url":"https:\/\/blog.zeit.de\/nsu-prozess-blog\/author\/tsundermann\/"}]}},"jetpack_featured_media_url":"","jetpack_sharing_enabled":true,"_links":{"self":[{"href":"https:\/\/blog.zeit.de\/nsu-prozess-blog\/wp-json\/wp\/v2\/posts\/5425","targetHints":{"allow":["GET"]}}],"collection":[{"href":"https:\/\/blog.zeit.de\/nsu-prozess-blog\/wp-json\/wp\/v2\/posts"}],"about":[{"href":"https:\/\/blog.zeit.de\/nsu-prozess-blog\/wp-json\/wp\/v2\/types\/post"}],"author":[{"embeddable":true,"href":"https:\/\/blog.zeit.de\/nsu-prozess-blog\/wp-json\/wp\/v2\/users\/435"}],"replies":[{"embeddable":true,"href":"https:\/\/blog.zeit.de\/nsu-prozess-blog\/wp-json\/wp\/v2\/comments?post=5425"}],"version-history":[{"count":15,"href":"https:\/\/blog.zeit.de\/nsu-prozess-blog\/wp-json\/wp\/v2\/posts\/5425\/revisions"}],"predecessor-version":[{"id":5440,"href":"https:\/\/blog.zeit.de\/nsu-prozess-blog\/wp-json\/wp\/v2\/posts\/5425\/revisions\/5440"}],"wp:attachment":[{"href":"https:\/\/blog.zeit.de\/nsu-prozess-blog\/wp-json\/wp\/v2\/media?parent=5425"}],"wp:term":[{"taxonomy":"category","embeddable":true,"href":"https:\/\/blog.zeit.de\/nsu-prozess-blog\/wp-json\/wp\/v2\/categories?post=5425"},{"taxonomy":"post_tag","embeddable":true,"href":"https:\/\/blog.zeit.de\/nsu-prozess-blog\/wp-json\/wp\/v2\/tags?post=5425"}],"curies":[{"name":"wp","href":"https:\/\/api.w.org\/{rel}","templated":true}]}}