{"id":5576,"date":"2014-01-24T09:04:44","date_gmt":"2014-01-24T08:04:44","guid":{"rendered":"http:\/\/blog.zeit.de\/nsu-prozess-blog\/?p=5576"},"modified":"2014-01-24T15:45:15","modified_gmt":"2014-01-24T14:45:15","slug":"medienlog-juergen-boehnhardt-aussage","status":"publish","type":"post","link":"https:\/\/blog.zeit.de\/nsu-prozess-blog\/2014\/01\/24\/medienlog-juergen-boehnhardt-aussage\/","title":{"rendered":"Ein Vater, der nichts ahnte \u2013 Das Medienlog vom Freitag, 24. Januar 2014"},"content":{"rendered":"<p>Der Vater des NSU-Mitglieds Uwe B\u00f6hnhardt hat <a href=\" http:\/\/www.zeit.de\/gesellschaft\/zeitgeschehen\/2014-01\/nsu-prozess-boehnhardt-vater\" target=\"_blank\">im M\u00fcnchner NSU-Prozess ausgesagt<\/a>. J\u00fcrgen B\u00f6hnhardt entschuldigte sich bei den Opfern der NSU-Taten. Zudem berichtete er von Uwes Kindheit und seinem eigenen Schicksal, mit dem Verschwinden und schlie\u00dflich dem Tod des Sohns umgehen zu m\u00fcssen. Von dessen Radikalisierung will er aber nichts geahnt haben, wie den Berichten zum 78. Prozesstag zu entnehmen ist.<\/p>\n<p><!--more--><\/p>\n<p><em>An jedem Werktag sichten wir f\u00fcr das NSU-Prozess-Blog die Medien und stellen wichtige Berichte, Blogs, Videos und Tweets zusammen. Wir freuen uns \u00fcber Hinweise via Twitter mit dem Hashtag #nsublog \u2013 oder per E-Mail an <a href=\"mailto:nsublog@zeit.de\">nsublog@zeit.de<\/a>.<\/em><\/p>\n<p><a href=\"http:\/\/www.spiegel.de\/panorama\/justiz\/juergen-boehnhardt-vater-von-uwe-boehnhardt-sagt-im-nsu-prozess-aus-a-945246.html\" target=\"_blank\">&#8222;Ein gebrochener Mann&#8220;<\/a>: So beschreibt Bj\u00f6rn Hengst den Zeugen auf <em>Spiegel Online<\/em>. Vater B\u00f6hnhardt habe sehr ruhig gewirkt \u2013 &#8222;vielleicht ist es die Geschichte seiner Familie, die ihn <strong>zu einem eher stillen Menschen gemacht<\/strong> hat&#8220;. Vor den Augen der Eltern wurde Uwe B\u00f6hnhardt ein hasserf\u00fcllter Rechtsextremist. Nach Aussage des Vaters drang diese Ver\u00e4nderung offenbar nicht so sehr durch, wie es w\u00fcnschenswert gewesen w\u00e4re: &#8222;Das haben wir damals \u00fcberhaupt nicht geahnt&#8220;, zitiert Hengst den zentralen Satz der Sitzung.<\/p>\n<p>Der 69-J\u00e4hrige habe kein Bed\u00fcrfnis versp\u00fcrt, die Verhandlung wie zuvor seine Frau Brigitte &#8222;zur politischen Debatte umzudeuten&#8220;, hei\u00dft es auf <a href=\"https:\/\/blog.zeit.de\/nsu-prozess-blog\/2014\/01\/23\/das-wird-ewig-hangenbleiben\/\" target=\"_blank\">ZEIT ONLINE<\/a>. Nach den Auftritten beider Eltern seien die <strong>charakterlichen Unterschiede zwischen Vater und Mutter<\/strong> offensichtlich geworden \u2013 man k\u00f6nne &#8222;sich vorstellen, wer zu Hause den Ton angibt&#8220;. J\u00fcrgen B\u00f6hnhardt habe sich auch dadurch unterschieden, dass er selten zu Hause war, weil er viel arbeitete. &#8222;Ich habe nicht \u00fcberm\u00e4\u00dfig viel Zeit gehabt f\u00fcr meinen Sohn&#8220;, sagte er in der Verhandlung.<\/p>\n<p>B\u00f6hnhardt habe &#8222;weder <strong>die Kraft seiner Ehefrau<\/strong>, die im November resolut bis selbstgef\u00e4llig aufgetreten war noch die Aggressivit\u00e4t des Vaters von Uwe Mundlos&#8220;, der bei seiner Aussage den Richter beleidigte, schreibt Frank Jansen im <a href=\"http:\/\/www.tagesspiegel.de\/politik\/78-tag-im-nsu-prozess-trauriger-auftritt-von-boehnhardts-vater\/9374848.html\" target=\"_blank\"><em>Tagesspiegel<\/em><\/a>. Auch er bezeichnet den Vater als gebrochenen Mann. Anders als die anderen Eltern der NSU-Mitglieder habe er in seiner Aussage kaum Unmut provoziert \u2013 im Gegenteil: B\u00f6hnhardt habe &#8222;einen eher traurigen Eindruck&#8220; gemacht.<\/p>\n<p>Wenn die Eltern Uwe mit seiner Einstellung konfrontiert h\u00e4tten, habe dieser sie beschwichtigt, schreibt Christoph Trost <a href=\"http:\/\/www.welt.de\/politik\/deutschland\/article124166847\/Es-tut-mir-unendlich-Leid-was-da-passiert-ist.html\" target=\"_blank\">in der <em>Welt<\/em><\/a>. &#8222;Der Ingenieur hatte entweder keine Ahnung, was sein Sohn in seiner Jugend so tat. Oder <strong>er ignorierte s\u00e4mtliche Warnzeichen<\/strong>&#8222;, hei\u00dft es dort. F\u00fcr die Taten, die aus der extremen Gesinnung von Uwe entstanden, entschuldigte sich der Vater bei den Opfern und Hinterbliebenen. Er sagte, &#8222;dass mir das unendlich leid tut, was da passiert ist&#8220;. B\u00f6hnhardt habe &#8222;seine Gef\u00fchle den Opferfamilien gegen\u00fcber, aber auch, was seine S\u00f6hne angeht&#8220; ge\u00e4u\u00dfert, schreibt Trost.<\/p>\n<p>Damit sei J\u00fcrgen B\u00f6hnhardt &#8222;der erste Zeuge aus dem Kreis der Eltern des NSU-Trios, der f\u00fcr die Hinterbliebenen der Opfer vorbehaltlose Worte fand&#8220;, schreibt Jens Eumann in der Chemnitzer <a href=\"http:\/\/www.freiepresse.de\/POLITIK\/DEUTSCHLAND\/Boehnhardts-Vater-bittet-um-Verzeihung-artikel8682625.php\" target=\"_blank\"><em>Freien Presse<\/em><\/a>. Dabei habe er sich sachlich ausgedr\u00fcckt und <strong>einen gefassten Eindruck<\/strong> gemacht.<\/p>\n<p>Zu Hause schien der Vater &#8222;eher eine Nebenrolle gespielt zu haben, fast wie ein Gast&#8220;, analysieren Annette Ramelsberger und Tanjev Schultz in der <a href=\"http:\/\/www.sueddeutsche.de\/politik\/nsu-prozess-ein-taschenmesser-wuerde-ich-nicht-als-waffe-bezeichnen-1.1870090\" target=\"_blank\"><em>S\u00fcddeutschen Zeitung<\/em><\/a>. In vielen F\u00e4llen habe er die rechten Umtriebe von Uwe <strong>nicht wahrhaben wollen<\/strong>, etwa, als die Polizei ihm Fotos des Sohns auf Demonstrationen zeigte. Auch Beate Zsch\u00e4pe habe er offenbar verkannt \u2013 ihm stellte sie sich als &#8222;freundliche, nette junge Frau&#8220; dar.<\/p>\n<p>Nachdem das Trio untergetaucht war, gab es noch drei Treffen zwischen den B\u00f6hnhardt-Eltern und dem Trio. Dabei h\u00e4tten Brigitte und J\u00fcrgen B\u00f6hnhardt versucht, die drei zu \u00fcberreden, <strong>sich der Polizei zu stellen<\/strong>, berichtet etwa Stefan Geiger in der <a href=\"http:\/\/www.stuttgarter-zeitung.de\/inhalt.nsu-prozess-in-muenchen-vater-sohn-und-der-terror.ecbfff6f-5bd3-404b-9cdc-f267331c59ff.html\" target=\"_blank\"><em>Stuttgarter Zeitung<\/em><\/a>. Bei den Gespr\u00e4chen habe der Vater den Eindruck gewonnen, die jungen Leute wollten Deutschland verlassen.<\/p>\n<p>Keine Berichte in englischsprachigen Onlinemedien.<\/p>\n<p><em>Das n\u00e4chste Medienlog erscheint am Montag, 27. Januar 2014.<\/em><\/p>\n","protected":false},"excerpt":{"rendered":"<p>Der Vater des NSU-Mitglieds Uwe B\u00f6hnhardt hat im M\u00fcnchner NSU-Prozess ausgesagt. J\u00fcrgen B\u00f6hnhardt entschuldigte sich bei den Opfern der NSU-Taten. Zudem berichtete er von Uwes Kindheit und seinem eigenen Schicksal, mit dem Verschwinden und schlie\u00dflich dem Tod des Sohns umgehen zu m\u00fcssen. Von dessen Radikalisierung will er aber nichts geahnt haben, wie den Berichten zum [&hellip;]<\/p>\n","protected":false},"author":435,"featured_media":0,"comment_status":"open","ping_status":"open","sticky":false,"template":"","format":"standard","meta":{"_jetpack_memberships_contains_paid_content":false,"footnotes":""},"categories":[27531],"tags":[17793,27551,22860],"class_list":["post-5576","post","type-post","status-publish","format-standard","hentry","category-medienschau","tag-beate-zschape","tag-prozesstag","tag-uwe-bohnhardt"],"yoast_head":"<!-- This site is optimized with the Yoast SEO plugin v21.0 - https:\/\/yoast.com\/wordpress\/plugins\/seo\/ -->\n<title>Ein Vater, der nichts ahnte \u2013 Das Medienlog vom Freitag, 24. Januar 2014 - Das NSU-Prozess-Blog<\/title>\n<meta name=\"robots\" content=\"index, follow, max-snippet:-1, max-image-preview:large, max-video-preview:-1\" \/>\n<link rel=\"canonical\" href=\"https:\/\/blog.zeit.de\/nsu-prozess-blog\/2014\/01\/24\/medienlog-juergen-boehnhardt-aussage\/\" \/>\n<meta property=\"og:locale\" content=\"de_DE\" \/>\n<meta property=\"og:type\" content=\"article\" \/>\n<meta property=\"og:title\" content=\"Ein Vater, der nichts ahnte \u2013 Das Medienlog vom Freitag, 24. Januar 2014 - Das NSU-Prozess-Blog\" \/>\n<meta property=\"og:description\" content=\"Der Vater des NSU-Mitglieds Uwe B\u00f6hnhardt hat im M\u00fcnchner NSU-Prozess ausgesagt. J\u00fcrgen B\u00f6hnhardt entschuldigte sich bei den Opfern der NSU-Taten. Zudem berichtete er von Uwes Kindheit und seinem eigenen Schicksal, mit dem Verschwinden und schlie\u00dflich dem Tod des Sohns umgehen zu m\u00fcssen. Von dessen Radikalisierung will er aber nichts geahnt haben, wie den Berichten zum [&hellip;]\" \/>\n<meta property=\"og:url\" content=\"https:\/\/blog.zeit.de\/nsu-prozess-blog\/2014\/01\/24\/medienlog-juergen-boehnhardt-aussage\/\" \/>\n<meta property=\"og:site_name\" content=\"Das NSU-Prozess-Blog\" \/>\n<meta property=\"article:published_time\" content=\"2014-01-24T08:04:44+00:00\" \/>\n<meta property=\"article:modified_time\" content=\"2014-01-24T14:45:15+00:00\" \/>\n<meta name=\"author\" content=\"Tom Sundermann\" \/>\n<meta name=\"twitter:label1\" content=\"Geschrieben von\" \/>\n\t<meta name=\"twitter:data1\" content=\"Tom Sundermann\" \/>\n\t<meta name=\"twitter:label2\" content=\"Gesch\u00e4tzte Lesezeit\" \/>\n\t<meta name=\"twitter:data2\" content=\"3\u00a0Minuten\" \/>\n<script type=\"application\/ld+json\" class=\"yoast-schema-graph\">{\"@context\":\"https:\/\/schema.org\",\"@graph\":[{\"@type\":\"WebPage\",\"@id\":\"https:\/\/blog.zeit.de\/nsu-prozess-blog\/2014\/01\/24\/medienlog-juergen-boehnhardt-aussage\/\",\"url\":\"https:\/\/blog.zeit.de\/nsu-prozess-blog\/2014\/01\/24\/medienlog-juergen-boehnhardt-aussage\/\",\"name\":\"Ein Vater, der nichts ahnte \u2013 Das Medienlog vom Freitag, 24. Januar 2014 - Das NSU-Prozess-Blog\",\"isPartOf\":{\"@id\":\"https:\/\/blog.zeit.de\/nsu-prozess-blog\/#website\"},\"datePublished\":\"2014-01-24T08:04:44+00:00\",\"dateModified\":\"2014-01-24T14:45:15+00:00\",\"author\":{\"@id\":\"https:\/\/blog.zeit.de\/nsu-prozess-blog\/#\/schema\/person\/553ea9bb5d1fc2ae054c589bd59380a5\"},\"breadcrumb\":{\"@id\":\"https:\/\/blog.zeit.de\/nsu-prozess-blog\/2014\/01\/24\/medienlog-juergen-boehnhardt-aussage\/#breadcrumb\"},\"inLanguage\":\"de\",\"potentialAction\":[{\"@type\":\"ReadAction\",\"target\":[\"https:\/\/blog.zeit.de\/nsu-prozess-blog\/2014\/01\/24\/medienlog-juergen-boehnhardt-aussage\/\"]}]},{\"@type\":\"BreadcrumbList\",\"@id\":\"https:\/\/blog.zeit.de\/nsu-prozess-blog\/2014\/01\/24\/medienlog-juergen-boehnhardt-aussage\/#breadcrumb\",\"itemListElement\":[{\"@type\":\"ListItem\",\"position\":1,\"name\":\"Startseite\",\"item\":\"https:\/\/blog.zeit.de\/nsu-prozess-blog\/\"},{\"@type\":\"ListItem\",\"position\":2,\"name\":\"Ein Vater, der nichts ahnte \u2013 Das Medienlog vom Freitag, 24. Januar 2014\"}]},{\"@type\":\"WebSite\",\"@id\":\"https:\/\/blog.zeit.de\/nsu-prozess-blog\/#website\",\"url\":\"https:\/\/blog.zeit.de\/nsu-prozess-blog\/\",\"name\":\"Das NSU-Prozess-Blog\",\"description\":\"Alle Berichte zum Terrorverfahren in M\u00fcnchen\",\"potentialAction\":[{\"@type\":\"SearchAction\",\"target\":{\"@type\":\"EntryPoint\",\"urlTemplate\":\"https:\/\/blog.zeit.de\/nsu-prozess-blog\/?s={search_term_string}\"},\"query-input\":\"required name=search_term_string\"}],\"inLanguage\":\"de\"},{\"@type\":\"Person\",\"@id\":\"https:\/\/blog.zeit.de\/nsu-prozess-blog\/#\/schema\/person\/553ea9bb5d1fc2ae054c589bd59380a5\",\"name\":\"Tom Sundermann\",\"image\":{\"@type\":\"ImageObject\",\"inLanguage\":\"de\",\"@id\":\"https:\/\/blog.zeit.de\/nsu-prozess-blog\/#\/schema\/person\/image\/\",\"url\":\"https:\/\/secure.gravatar.com\/avatar\/e108a3dc18766f719b2f797dc5d19093f06a1870c55b553ab6b7563f1f9a5e68?s=96&d=mm&r=g\",\"contentUrl\":\"https:\/\/secure.gravatar.com\/avatar\/e108a3dc18766f719b2f797dc5d19093f06a1870c55b553ab6b7563f1f9a5e68?s=96&d=mm&r=g\",\"caption\":\"Tom Sundermann\"},\"sameAs\":[\"https:\/\/twitter.com\/messeticker\"],\"url\":\"https:\/\/blog.zeit.de\/nsu-prozess-blog\/author\/tsundermann\/\"}]}<\/script>\n<!-- \/ Yoast SEO plugin. -->","yoast_head_json":{"title":"Ein Vater, der nichts ahnte \u2013 Das Medienlog vom Freitag, 24. Januar 2014 - Das NSU-Prozess-Blog","robots":{"index":"index","follow":"follow","max-snippet":"max-snippet:-1","max-image-preview":"max-image-preview:large","max-video-preview":"max-video-preview:-1"},"canonical":"https:\/\/blog.zeit.de\/nsu-prozess-blog\/2014\/01\/24\/medienlog-juergen-boehnhardt-aussage\/","og_locale":"de_DE","og_type":"article","og_title":"Ein Vater, der nichts ahnte \u2013 Das Medienlog vom Freitag, 24. Januar 2014 - Das NSU-Prozess-Blog","og_description":"Der Vater des NSU-Mitglieds Uwe B\u00f6hnhardt hat im M\u00fcnchner NSU-Prozess ausgesagt. J\u00fcrgen B\u00f6hnhardt entschuldigte sich bei den Opfern der NSU-Taten. Zudem berichtete er von Uwes Kindheit und seinem eigenen Schicksal, mit dem Verschwinden und schlie\u00dflich dem Tod des Sohns umgehen zu m\u00fcssen. Von dessen Radikalisierung will er aber nichts geahnt haben, wie den Berichten zum [&hellip;]","og_url":"https:\/\/blog.zeit.de\/nsu-prozess-blog\/2014\/01\/24\/medienlog-juergen-boehnhardt-aussage\/","og_site_name":"Das NSU-Prozess-Blog","article_published_time":"2014-01-24T08:04:44+00:00","article_modified_time":"2014-01-24T14:45:15+00:00","author":"Tom Sundermann","twitter_misc":{"Geschrieben von":"Tom Sundermann","Gesch\u00e4tzte Lesezeit":"3\u00a0Minuten"},"schema":{"@context":"https:\/\/schema.org","@graph":[{"@type":"WebPage","@id":"https:\/\/blog.zeit.de\/nsu-prozess-blog\/2014\/01\/24\/medienlog-juergen-boehnhardt-aussage\/","url":"https:\/\/blog.zeit.de\/nsu-prozess-blog\/2014\/01\/24\/medienlog-juergen-boehnhardt-aussage\/","name":"Ein Vater, der nichts ahnte \u2013 Das Medienlog vom Freitag, 24. Januar 2014 - Das NSU-Prozess-Blog","isPartOf":{"@id":"https:\/\/blog.zeit.de\/nsu-prozess-blog\/#website"},"datePublished":"2014-01-24T08:04:44+00:00","dateModified":"2014-01-24T14:45:15+00:00","author":{"@id":"https:\/\/blog.zeit.de\/nsu-prozess-blog\/#\/schema\/person\/553ea9bb5d1fc2ae054c589bd59380a5"},"breadcrumb":{"@id":"https:\/\/blog.zeit.de\/nsu-prozess-blog\/2014\/01\/24\/medienlog-juergen-boehnhardt-aussage\/#breadcrumb"},"inLanguage":"de","potentialAction":[{"@type":"ReadAction","target":["https:\/\/blog.zeit.de\/nsu-prozess-blog\/2014\/01\/24\/medienlog-juergen-boehnhardt-aussage\/"]}]},{"@type":"BreadcrumbList","@id":"https:\/\/blog.zeit.de\/nsu-prozess-blog\/2014\/01\/24\/medienlog-juergen-boehnhardt-aussage\/#breadcrumb","itemListElement":[{"@type":"ListItem","position":1,"name":"Startseite","item":"https:\/\/blog.zeit.de\/nsu-prozess-blog\/"},{"@type":"ListItem","position":2,"name":"Ein Vater, der nichts ahnte \u2013 Das Medienlog vom Freitag, 24. Januar 2014"}]},{"@type":"WebSite","@id":"https:\/\/blog.zeit.de\/nsu-prozess-blog\/#website","url":"https:\/\/blog.zeit.de\/nsu-prozess-blog\/","name":"Das NSU-Prozess-Blog","description":"Alle Berichte zum Terrorverfahren in M\u00fcnchen","potentialAction":[{"@type":"SearchAction","target":{"@type":"EntryPoint","urlTemplate":"https:\/\/blog.zeit.de\/nsu-prozess-blog\/?s={search_term_string}"},"query-input":"required name=search_term_string"}],"inLanguage":"de"},{"@type":"Person","@id":"https:\/\/blog.zeit.de\/nsu-prozess-blog\/#\/schema\/person\/553ea9bb5d1fc2ae054c589bd59380a5","name":"Tom Sundermann","image":{"@type":"ImageObject","inLanguage":"de","@id":"https:\/\/blog.zeit.de\/nsu-prozess-blog\/#\/schema\/person\/image\/","url":"https:\/\/secure.gravatar.com\/avatar\/e108a3dc18766f719b2f797dc5d19093f06a1870c55b553ab6b7563f1f9a5e68?s=96&d=mm&r=g","contentUrl":"https:\/\/secure.gravatar.com\/avatar\/e108a3dc18766f719b2f797dc5d19093f06a1870c55b553ab6b7563f1f9a5e68?s=96&d=mm&r=g","caption":"Tom Sundermann"},"sameAs":["https:\/\/twitter.com\/messeticker"],"url":"https:\/\/blog.zeit.de\/nsu-prozess-blog\/author\/tsundermann\/"}]}},"jetpack_featured_media_url":"","jetpack_sharing_enabled":true,"_links":{"self":[{"href":"https:\/\/blog.zeit.de\/nsu-prozess-blog\/wp-json\/wp\/v2\/posts\/5576","targetHints":{"allow":["GET"]}}],"collection":[{"href":"https:\/\/blog.zeit.de\/nsu-prozess-blog\/wp-json\/wp\/v2\/posts"}],"about":[{"href":"https:\/\/blog.zeit.de\/nsu-prozess-blog\/wp-json\/wp\/v2\/types\/post"}],"author":[{"embeddable":true,"href":"https:\/\/blog.zeit.de\/nsu-prozess-blog\/wp-json\/wp\/v2\/users\/435"}],"replies":[{"embeddable":true,"href":"https:\/\/blog.zeit.de\/nsu-prozess-blog\/wp-json\/wp\/v2\/comments?post=5576"}],"version-history":[{"count":11,"href":"https:\/\/blog.zeit.de\/nsu-prozess-blog\/wp-json\/wp\/v2\/posts\/5576\/revisions"}],"predecessor-version":[{"id":5590,"href":"https:\/\/blog.zeit.de\/nsu-prozess-blog\/wp-json\/wp\/v2\/posts\/5576\/revisions\/5590"}],"wp:attachment":[{"href":"https:\/\/blog.zeit.de\/nsu-prozess-blog\/wp-json\/wp\/v2\/media?parent=5576"}],"wp:term":[{"taxonomy":"category","embeddable":true,"href":"https:\/\/blog.zeit.de\/nsu-prozess-blog\/wp-json\/wp\/v2\/categories?post=5576"},{"taxonomy":"post_tag","embeddable":true,"href":"https:\/\/blog.zeit.de\/nsu-prozess-blog\/wp-json\/wp\/v2\/tags?post=5576"}],"curies":[{"name":"wp","href":"https:\/\/api.w.org\/{rel}","templated":true}]}}