{"id":5615,"date":"2014-01-28T09:32:53","date_gmt":"2014-01-28T08:32:53","guid":{"rendered":"http:\/\/blog.zeit.de\/nsu-prozess-blog\/?p=5615"},"modified":"2014-01-28T09:32:53","modified_gmt":"2014-01-28T08:32:53","slug":"die-angeklagten-sind-keine-monster-das-medienlog-vom-dienstag-28-januar-2014","status":"publish","type":"post","link":"https:\/\/blog.zeit.de\/nsu-prozess-blog\/2014\/01\/28\/die-angeklagten-sind-keine-monster-das-medienlog-vom-dienstag-28-januar-2014\/","title":{"rendered":"&#8222;Die Angeklagten sind keine Monster&#8220; \u2013 Das Medienlog vom Dienstag, 28. Januar 2014"},"content":{"rendered":"<p>Der NSU-Prozess ist auf einem guten Weg \u2013 doch der Hintergrund des mutma\u00dflichen Terrortrios bleibt nach Ansicht des Nebenklage-Anwalts Mehmet Daimag\u00fcler im Dunkeln. In den Sitzungen werde &#8222;das ideologische Umfeld des NSU viel zu wenig beleuchtet&#8220;, sagte er dem Anti-Rechtsextremismus-Portal <a href=\"http:\/\/www.netz-gegen-nazis.de\/artikel\/nsu-prozess-aus-sicht-der-nebenklage-%E2%80%9Eso-viel-wahrheit-wie-m%C3%B6glich%E2%80%9C-9241\" target=\"_blank\"><em>Netz gegen Nazis<\/em><\/a>. \u00dcber &#8222;Helfer und Helfershelfer&#8220; der Angeklagten sei nur wenig zu erfahren.<\/p>\n<p><!--more--><\/p>\n<p><em>An jedem Werktag sichten wir f\u00fcr das NSU-Prozess-Blog die Medien und stellen wichtige Berichte, Blogs, Videos und Tweets zusammen. Wir freuen uns \u00fcber Hinweise via Twitter mit dem Hashtag #nsublog \u2013 oder per E-Mail an <a href=\"mailto:nsublog@zeit.de\">nsublog@zeit.de<\/a>.<\/em><\/p>\n<p>Daimag\u00fcler, der unter anderem die Tochter des 2001 in N\u00fcrnberg ermordeten Abdurrahim \u00d6z\u00fcdogru vertritt, bem\u00e4ngelt im Interview, dass die Bundesanwaltschaft immer wieder Fragen der Nebenkl\u00e4ger beanstande. Richter Manfred G\u00f6tzl lasse sie in vielen F\u00e4llen dennoch zu. &#8222;Ich vertraue in dieses Gericht und diesen Richter&#8220;, sagt der Berliner Anwalt. <strong>Fehler der Ermittlungsbeh\u00f6rden<\/strong> k\u00f6nne jedoch auch der Prozess nicht ausb\u00fcgeln \u2013 das gelte etwa f\u00fcr den Mord an der Polizistin Mich\u00e8le Kiesewetter in Heilbronn. Der Fall werde &#8222;wahrscheinlich ein vollkommenes R\u00e4tsel bleiben&#8220;.<\/p>\n<p>Auch zu den Angeklagten \u00e4u\u00dfert sich Damaig\u00fcler. Diese h\u00e4tten die M\u00f6glichkeit, <strong>\u00fcber ihre Taten nachzudenken<\/strong> und zu versuchen, ihre Schuld abzutragen. Eine solche Reflektion sei etwa bei dem mutma\u00dflichen <a href=\"http:\/\/www.zeit.de\/gesellschaft\/zeitgeschehen\/2013-10\/nsu-prozess-carsten.s-verhoer\" target=\"_blank\">Waffenboten Carsten S.<\/a> zu beobachten. Daimag\u00fclers Fazit: &#8222;Das sind keine Monster, die da im Gerichtssaal sitzen, es sind Menschen.&#8220;<\/p>\n<p>Eine <strong>Vorschau<\/strong> auf die heute beginnende Prozesswoche liefert die <a href=\"http:\/\/www.thueringer-allgemeine.de\/startseite\/detail\/-\/specific\/Gericht-im-NSU-Prozess-versucht-erneut-den-Weg-der-Mordwaffe-Ceska-83-zu-kla-808423753\" target=\"_blank\"><em>Th\u00fcringer Allgemeine<\/em><\/a>.<\/p>\n<p>Keine Berichte in englischsprachigen Onlinemedien.<\/p>\n<p><em>Das n\u00e4chste Medienlog erscheint am Mittwoch, 29. Januar 2014.<\/em><\/p>\n","protected":false},"excerpt":{"rendered":"<p>Der NSU-Prozess ist auf einem guten Weg \u2013 doch der Hintergrund des mutma\u00dflichen Terrortrios bleibt nach Ansicht des Nebenklage-Anwalts Mehmet Daimag\u00fcler im Dunkeln. In den Sitzungen werde &#8222;das ideologische Umfeld des NSU viel zu wenig beleuchtet&#8220;, sagte er dem Anti-Rechtsextremismus-Portal Netz gegen Nazis. \u00dcber &#8222;Helfer und Helfershelfer&#8220; der Angeklagten sei nur wenig zu erfahren.<\/p>\n","protected":false},"author":435,"featured_media":0,"comment_status":"open","ping_status":"open","sticky":false,"template":"","format":"standard","meta":{"_jetpack_memberships_contains_paid_content":false,"footnotes":""},"categories":[27531],"tags":[27541,27588,27593],"class_list":["post-5615","post","type-post","status-publish","format-standard","hentry","category-medienschau","tag-carsten-s","tag-michele-kiesewetter","tag-nebenklager"],"yoast_head":"<!-- This site is optimized with the Yoast SEO plugin v21.0 - https:\/\/yoast.com\/wordpress\/plugins\/seo\/ -->\n<title>&quot;Die Angeklagten sind keine Monster&quot; \u2013 Das Medienlog vom Dienstag, 28. Januar 2014 - Das NSU-Prozess-Blog<\/title>\n<meta name=\"robots\" content=\"index, follow, max-snippet:-1, max-image-preview:large, max-video-preview:-1\" \/>\n<link rel=\"canonical\" href=\"https:\/\/blog.zeit.de\/nsu-prozess-blog\/2014\/01\/28\/die-angeklagten-sind-keine-monster-das-medienlog-vom-dienstag-28-januar-2014\/\" \/>\n<meta property=\"og:locale\" content=\"de_DE\" \/>\n<meta property=\"og:type\" content=\"article\" \/>\n<meta property=\"og:title\" content=\"&quot;Die Angeklagten sind keine Monster&quot; \u2013 Das Medienlog vom Dienstag, 28. Januar 2014 - Das NSU-Prozess-Blog\" \/>\n<meta property=\"og:description\" content=\"Der NSU-Prozess ist auf einem guten Weg \u2013 doch der Hintergrund des mutma\u00dflichen Terrortrios bleibt nach Ansicht des Nebenklage-Anwalts Mehmet Daimag\u00fcler im Dunkeln. In den Sitzungen werde &#8222;das ideologische Umfeld des NSU viel zu wenig beleuchtet&#8220;, sagte er dem Anti-Rechtsextremismus-Portal Netz gegen Nazis. \u00dcber &#8222;Helfer und Helfershelfer&#8220; der Angeklagten sei nur wenig zu erfahren.\" \/>\n<meta property=\"og:url\" content=\"https:\/\/blog.zeit.de\/nsu-prozess-blog\/2014\/01\/28\/die-angeklagten-sind-keine-monster-das-medienlog-vom-dienstag-28-januar-2014\/\" \/>\n<meta property=\"og:site_name\" content=\"Das NSU-Prozess-Blog\" \/>\n<meta property=\"article:published_time\" content=\"2014-01-28T08:32:53+00:00\" \/>\n<meta name=\"author\" content=\"Tom Sundermann\" \/>\n<meta name=\"twitter:label1\" content=\"Geschrieben von\" \/>\n\t<meta name=\"twitter:data1\" content=\"Tom Sundermann\" \/>\n\t<meta name=\"twitter:label2\" content=\"Gesch\u00e4tzte Lesezeit\" \/>\n\t<meta name=\"twitter:data2\" content=\"1\u00a0Minute\" \/>\n<script type=\"application\/ld+json\" class=\"yoast-schema-graph\">{\"@context\":\"https:\/\/schema.org\",\"@graph\":[{\"@type\":\"WebPage\",\"@id\":\"https:\/\/blog.zeit.de\/nsu-prozess-blog\/2014\/01\/28\/die-angeklagten-sind-keine-monster-das-medienlog-vom-dienstag-28-januar-2014\/\",\"url\":\"https:\/\/blog.zeit.de\/nsu-prozess-blog\/2014\/01\/28\/die-angeklagten-sind-keine-monster-das-medienlog-vom-dienstag-28-januar-2014\/\",\"name\":\"\\\"Die Angeklagten sind keine Monster\\\" \u2013 Das Medienlog vom Dienstag, 28. Januar 2014 - Das NSU-Prozess-Blog\",\"isPartOf\":{\"@id\":\"https:\/\/blog.zeit.de\/nsu-prozess-blog\/#website\"},\"datePublished\":\"2014-01-28T08:32:53+00:00\",\"dateModified\":\"2014-01-28T08:32:53+00:00\",\"author\":{\"@id\":\"https:\/\/blog.zeit.de\/nsu-prozess-blog\/#\/schema\/person\/553ea9bb5d1fc2ae054c589bd59380a5\"},\"breadcrumb\":{\"@id\":\"https:\/\/blog.zeit.de\/nsu-prozess-blog\/2014\/01\/28\/die-angeklagten-sind-keine-monster-das-medienlog-vom-dienstag-28-januar-2014\/#breadcrumb\"},\"inLanguage\":\"de\",\"potentialAction\":[{\"@type\":\"ReadAction\",\"target\":[\"https:\/\/blog.zeit.de\/nsu-prozess-blog\/2014\/01\/28\/die-angeklagten-sind-keine-monster-das-medienlog-vom-dienstag-28-januar-2014\/\"]}]},{\"@type\":\"BreadcrumbList\",\"@id\":\"https:\/\/blog.zeit.de\/nsu-prozess-blog\/2014\/01\/28\/die-angeklagten-sind-keine-monster-das-medienlog-vom-dienstag-28-januar-2014\/#breadcrumb\",\"itemListElement\":[{\"@type\":\"ListItem\",\"position\":1,\"name\":\"Startseite\",\"item\":\"https:\/\/blog.zeit.de\/nsu-prozess-blog\/\"},{\"@type\":\"ListItem\",\"position\":2,\"name\":\"&#8222;Die Angeklagten sind keine Monster&#8220; \u2013 Das Medienlog vom Dienstag, 28. Januar 2014\"}]},{\"@type\":\"WebSite\",\"@id\":\"https:\/\/blog.zeit.de\/nsu-prozess-blog\/#website\",\"url\":\"https:\/\/blog.zeit.de\/nsu-prozess-blog\/\",\"name\":\"Das NSU-Prozess-Blog\",\"description\":\"Alle Berichte zum Terrorverfahren in M\u00fcnchen\",\"potentialAction\":[{\"@type\":\"SearchAction\",\"target\":{\"@type\":\"EntryPoint\",\"urlTemplate\":\"https:\/\/blog.zeit.de\/nsu-prozess-blog\/?s={search_term_string}\"},\"query-input\":\"required name=search_term_string\"}],\"inLanguage\":\"de\"},{\"@type\":\"Person\",\"@id\":\"https:\/\/blog.zeit.de\/nsu-prozess-blog\/#\/schema\/person\/553ea9bb5d1fc2ae054c589bd59380a5\",\"name\":\"Tom Sundermann\",\"image\":{\"@type\":\"ImageObject\",\"inLanguage\":\"de\",\"@id\":\"https:\/\/blog.zeit.de\/nsu-prozess-blog\/#\/schema\/person\/image\/\",\"url\":\"https:\/\/secure.gravatar.com\/avatar\/e108a3dc18766f719b2f797dc5d19093f06a1870c55b553ab6b7563f1f9a5e68?s=96&d=mm&r=g\",\"contentUrl\":\"https:\/\/secure.gravatar.com\/avatar\/e108a3dc18766f719b2f797dc5d19093f06a1870c55b553ab6b7563f1f9a5e68?s=96&d=mm&r=g\",\"caption\":\"Tom Sundermann\"},\"sameAs\":[\"https:\/\/twitter.com\/messeticker\"],\"url\":\"https:\/\/blog.zeit.de\/nsu-prozess-blog\/author\/tsundermann\/\"}]}<\/script>\n<!-- \/ Yoast SEO plugin. -->","yoast_head_json":{"title":"\"Die Angeklagten sind keine Monster\" \u2013 Das Medienlog vom Dienstag, 28. Januar 2014 - Das NSU-Prozess-Blog","robots":{"index":"index","follow":"follow","max-snippet":"max-snippet:-1","max-image-preview":"max-image-preview:large","max-video-preview":"max-video-preview:-1"},"canonical":"https:\/\/blog.zeit.de\/nsu-prozess-blog\/2014\/01\/28\/die-angeklagten-sind-keine-monster-das-medienlog-vom-dienstag-28-januar-2014\/","og_locale":"de_DE","og_type":"article","og_title":"\"Die Angeklagten sind keine Monster\" \u2013 Das Medienlog vom Dienstag, 28. Januar 2014 - Das NSU-Prozess-Blog","og_description":"Der NSU-Prozess ist auf einem guten Weg \u2013 doch der Hintergrund des mutma\u00dflichen Terrortrios bleibt nach Ansicht des Nebenklage-Anwalts Mehmet Daimag\u00fcler im Dunkeln. In den Sitzungen werde &#8222;das ideologische Umfeld des NSU viel zu wenig beleuchtet&#8220;, sagte er dem Anti-Rechtsextremismus-Portal Netz gegen Nazis. \u00dcber &#8222;Helfer und Helfershelfer&#8220; der Angeklagten sei nur wenig zu erfahren.","og_url":"https:\/\/blog.zeit.de\/nsu-prozess-blog\/2014\/01\/28\/die-angeklagten-sind-keine-monster-das-medienlog-vom-dienstag-28-januar-2014\/","og_site_name":"Das NSU-Prozess-Blog","article_published_time":"2014-01-28T08:32:53+00:00","author":"Tom Sundermann","twitter_misc":{"Geschrieben von":"Tom Sundermann","Gesch\u00e4tzte Lesezeit":"1\u00a0Minute"},"schema":{"@context":"https:\/\/schema.org","@graph":[{"@type":"WebPage","@id":"https:\/\/blog.zeit.de\/nsu-prozess-blog\/2014\/01\/28\/die-angeklagten-sind-keine-monster-das-medienlog-vom-dienstag-28-januar-2014\/","url":"https:\/\/blog.zeit.de\/nsu-prozess-blog\/2014\/01\/28\/die-angeklagten-sind-keine-monster-das-medienlog-vom-dienstag-28-januar-2014\/","name":"\"Die Angeklagten sind keine Monster\" \u2013 Das Medienlog vom Dienstag, 28. Januar 2014 - Das NSU-Prozess-Blog","isPartOf":{"@id":"https:\/\/blog.zeit.de\/nsu-prozess-blog\/#website"},"datePublished":"2014-01-28T08:32:53+00:00","dateModified":"2014-01-28T08:32:53+00:00","author":{"@id":"https:\/\/blog.zeit.de\/nsu-prozess-blog\/#\/schema\/person\/553ea9bb5d1fc2ae054c589bd59380a5"},"breadcrumb":{"@id":"https:\/\/blog.zeit.de\/nsu-prozess-blog\/2014\/01\/28\/die-angeklagten-sind-keine-monster-das-medienlog-vom-dienstag-28-januar-2014\/#breadcrumb"},"inLanguage":"de","potentialAction":[{"@type":"ReadAction","target":["https:\/\/blog.zeit.de\/nsu-prozess-blog\/2014\/01\/28\/die-angeklagten-sind-keine-monster-das-medienlog-vom-dienstag-28-januar-2014\/"]}]},{"@type":"BreadcrumbList","@id":"https:\/\/blog.zeit.de\/nsu-prozess-blog\/2014\/01\/28\/die-angeklagten-sind-keine-monster-das-medienlog-vom-dienstag-28-januar-2014\/#breadcrumb","itemListElement":[{"@type":"ListItem","position":1,"name":"Startseite","item":"https:\/\/blog.zeit.de\/nsu-prozess-blog\/"},{"@type":"ListItem","position":2,"name":"&#8222;Die Angeklagten sind keine Monster&#8220; \u2013 Das Medienlog vom Dienstag, 28. Januar 2014"}]},{"@type":"WebSite","@id":"https:\/\/blog.zeit.de\/nsu-prozess-blog\/#website","url":"https:\/\/blog.zeit.de\/nsu-prozess-blog\/","name":"Das NSU-Prozess-Blog","description":"Alle Berichte zum Terrorverfahren in M\u00fcnchen","potentialAction":[{"@type":"SearchAction","target":{"@type":"EntryPoint","urlTemplate":"https:\/\/blog.zeit.de\/nsu-prozess-blog\/?s={search_term_string}"},"query-input":"required name=search_term_string"}],"inLanguage":"de"},{"@type":"Person","@id":"https:\/\/blog.zeit.de\/nsu-prozess-blog\/#\/schema\/person\/553ea9bb5d1fc2ae054c589bd59380a5","name":"Tom Sundermann","image":{"@type":"ImageObject","inLanguage":"de","@id":"https:\/\/blog.zeit.de\/nsu-prozess-blog\/#\/schema\/person\/image\/","url":"https:\/\/secure.gravatar.com\/avatar\/e108a3dc18766f719b2f797dc5d19093f06a1870c55b553ab6b7563f1f9a5e68?s=96&d=mm&r=g","contentUrl":"https:\/\/secure.gravatar.com\/avatar\/e108a3dc18766f719b2f797dc5d19093f06a1870c55b553ab6b7563f1f9a5e68?s=96&d=mm&r=g","caption":"Tom Sundermann"},"sameAs":["https:\/\/twitter.com\/messeticker"],"url":"https:\/\/blog.zeit.de\/nsu-prozess-blog\/author\/tsundermann\/"}]}},"jetpack_featured_media_url":"","jetpack_sharing_enabled":true,"_links":{"self":[{"href":"https:\/\/blog.zeit.de\/nsu-prozess-blog\/wp-json\/wp\/v2\/posts\/5615","targetHints":{"allow":["GET"]}}],"collection":[{"href":"https:\/\/blog.zeit.de\/nsu-prozess-blog\/wp-json\/wp\/v2\/posts"}],"about":[{"href":"https:\/\/blog.zeit.de\/nsu-prozess-blog\/wp-json\/wp\/v2\/types\/post"}],"author":[{"embeddable":true,"href":"https:\/\/blog.zeit.de\/nsu-prozess-blog\/wp-json\/wp\/v2\/users\/435"}],"replies":[{"embeddable":true,"href":"https:\/\/blog.zeit.de\/nsu-prozess-blog\/wp-json\/wp\/v2\/comments?post=5615"}],"version-history":[{"count":7,"href":"https:\/\/blog.zeit.de\/nsu-prozess-blog\/wp-json\/wp\/v2\/posts\/5615\/revisions"}],"predecessor-version":[{"id":5626,"href":"https:\/\/blog.zeit.de\/nsu-prozess-blog\/wp-json\/wp\/v2\/posts\/5615\/revisions\/5626"}],"wp:attachment":[{"href":"https:\/\/blog.zeit.de\/nsu-prozess-blog\/wp-json\/wp\/v2\/media?parent=5615"}],"wp:term":[{"taxonomy":"category","embeddable":true,"href":"https:\/\/blog.zeit.de\/nsu-prozess-blog\/wp-json\/wp\/v2\/categories?post=5615"},{"taxonomy":"post_tag","embeddable":true,"href":"https:\/\/blog.zeit.de\/nsu-prozess-blog\/wp-json\/wp\/v2\/tags?post=5615"}],"curies":[{"name":"wp","href":"https:\/\/api.w.org\/{rel}","templated":true}]}}