{"id":5648,"date":"2014-01-30T08:36:36","date_gmt":"2014-01-30T07:36:36","guid":{"rendered":"http:\/\/blog.zeit.de\/nsu-prozess-blog\/?p=5648"},"modified":"2014-01-30T09:58:55","modified_gmt":"2014-01-30T08:58:55","slug":"medienlog-zschaepe-spricht-andreas","status":"publish","type":"post","link":"https:\/\/blog.zeit.de\/nsu-prozess-blog\/2014\/01\/30\/medienlog-zschaepe-spricht-andreas\/","title":{"rendered":"Undeutliche Worte von Zsch\u00e4pe, dubiose Worte von Andreas T. \u2013 Das Medienlog vom Donnerstag, 30. Januar 2014"},"content":{"rendered":"<p>Es klingt wie eine Sensation \u2013 wird im NSU-Prozess jedoch eine Randnotiz bleiben: Beate Zsch\u00e4pe hat w\u00e4hrend der Sitzung mit Richter Manfred G\u00f6tzl gesprochen. G\u00f6tzl erkundigte sich bei der offenbar erm\u00fcdeten Angeklagten nach ihrem Befinden. Die antwortete, jedoch bei ausgeschaltetem Mikrofon, weshalb ihre Aussage nicht im Saal zu verstehen war. Eine &#8222;kleine \u00dcberraschung&#8220; nennt Frank Jansen die \u00c4u\u00dferung im <a href=\"http:\/\/www.tagesspiegel.de\/politik\/kleine-sensation-im-nsu-prozess-beate-zschaepe-spricht-erstmals-mit-richter\/9403422.html\" target=\"_blank\"><em>Tagesspiegel<\/em><\/a>. Der Richter habe Zsch\u00e4pe \u00fcberrumpelt. Die anderen wichtigen Worte des 80. Sitzungstags sprach der ehemalige Verfassungssch\u00fctzer Andreas T. \u2013 der sich jedoch nach eigenen Angaben kaum erinnern konnte.<\/p>\n<p><!--more--><\/p>\n<p><em>An jedem Werktag sichten wir f\u00fcr das NSU-Prozess-Blog die Medien und stellen wichtige Berichte, Blogs, Videos und Tweets zusammen. Wir freuen uns \u00fcber Hinweise via Twitter mit dem Hashtag #nsublog \u2013 oder per E-Mail an <a href=\"mailto:nsublog@zeit.de\">nsublog@zeit.de<\/a>.<\/em><\/p>\n<p>T. erschien bereits zum dritten Mal im Gericht, weil er sich w\u00e4hrend des Mords an Halit Yozgat am 6. April 2006 in dessen Internetcaf\u00e9 in Kassel aufgehalten hatte. In den vergangenen Vernehmungen waren seine Angaben von <strong>Erinnerungsl\u00fccken und mangelnder Logik<\/strong> gepr\u00e4gt. Auch diesmal sei T.s Aussageverhalten &#8222;dubios&#8220; gewesen, kommentiert Jansen. Das Gericht f\u00fchrte das Protokoll eines abgeh\u00f6rten Telefonats ein, das T. siebeneinhalb Wochen nach der Tat mit einem Kollegen f\u00fchrte. Dieser habe ihn gelobt, dass er sich gegen\u00fcber dem Direktor des hessischen Verfassungsschutzes nicht &#8222;so restriktiv wie bei der Polizei&#8220; verhalten habe, zitiert der Autor. Bedeutet das, dass T. auf seiner Dienststelle mehr vom Tag des Mords erz\u00e4hlte, als er zugeben will?<\/p>\n<p>Das Protokoll hatte die Bundesanwaltschaft erst auf Antrag eines Nebenkl\u00e4gers freigegeben, zuvor ruhte es in den Ermittlungsakten in Karlsruhe. Dies sei, wie T.s Aussage, &#8222;eigenartig&#8220;, kommentiert die Presseagentur dpa <a href=\"http:\/\/www.moz.de\/nachrichten\/deutschland\/artikel-ansicht\/dg\/0\/1\/1241663\/\" target=\"_blank\">in einer Meldung<\/a>. Anwalt Thomas Bliwier kommentierte das Z\u00f6gern der Ankl\u00e4ger mit den Worten: &#8222;Wenn wir das nicht rausgefunden h\u00e4tten, w\u00fcrde <strong>das Protokoll immer noch bei Ihnen schlummern<\/strong>.&#8220; Auch die Agentur bewertet T.s Aussage als unglaubw\u00fcrdig \u2013 &#8222;je l\u00e4nger der Fall im NSU-Prozess behandelt wird, desto merkw\u00fcrdiger wird die Sache&#8220;. Der Staatsdiener habe &#8222;nach dem Mord so ziemlich alles falsch gemacht, was man als Zeuge falsch machen kann&#8220;.<\/p>\n<p>Dass die Bundesanwaltschaft die Dokumente erst durch Druck herausgab, verdeutliche den <strong>Konflikt zwischen Nebenklage und Anklage<\/strong>, analysiert Gisela Friedrichsen auf <a href=\"http:\/\/www.spiegel.de\/panorama\/justiz\/nsu-prozess-andreas-t-sagt-zum-mord-an-halit-yozgat-aus-a-946275.html\" target=\"_blank\"><em>Spiegel Online<\/em><\/a> \u2013 &#8222;der Graben zwischen beiden Lagern scheint immer gr\u00f6\u00dfer zu werden und der Ton sch\u00e4rfer&#8220;. Der Widerstand, den die Ankl\u00e4ger aus\u00fcbten, lie\u00dfe &#8222;leicht einen falschen Eindruck aufkommen&#8220;. T., der zum Symbol f\u00fcr das Versagen der Beh\u00f6rden geworden sei, k\u00f6nnte ihrer Schilderung nach von jemand anderem auf die Kasseler Tat und die gesamtdeutsche Mordserie hingewiesen worden sein. So habe er in dem Telefonat von neun Morden mit der NSU-Waffe Ceska 83 gesprochen. Doch daran konnte er sich im Gericht angeblich nicht mehr erinnern.<\/p>\n<p>Die Stimmung in Saal A101 sei &#8222;zeitweise sehr frostig&#8220; gewesen, schreibt Tanjev Schultz in der <a href=\"http:\/\/www.sueddeutsche.de\/politik\/wichtiger-zeuge-im-nsu-prozess-erinnerung-oder-einbildung-1.1875276\" target=\"_blank\"><em>S\u00fcddeutschen Zeitung<\/em><\/a>. Dies habe mit dem Nebenklageanwalt Alexander Kienzle zu tun gehabt, der vor T.s Vernehmung gefordert hatte, zun\u00e4chst zwei andere Mitarbeiter des hessischen Verfassungsschutzes zu laden. Dazu kam es nicht. Der Strafsenat gab den Nebenkl\u00e4gern jedoch in einem anderen Punkt recht: Dass das <strong>Abh\u00f6rprotokoll f\u00fcr den Prozess relevant<\/strong> sei.<\/p>\n<p>Von einer heftigen <strong>Auseinandersetzung im Prozess<\/strong> berichtet Kai Mudra in der <a href=\"http:\/\/www.thueringer-allgemeine.de\/startseite\/detail\/-\/specific\/Nebenklaeger-sorgt-fuer-heftige-Auseinandersetzung-beim-NSU-Prozess-2130097732\" target=\"_blank\"><em>Th\u00fcringer Allgemeinen<\/em><\/a>. Ismail Yozgat, Vater des Ermordeten, habe die Bundesanwaltschaft energisch angeherrscht: &#8222;Was will man verstecken?&#8220;, fragte Yozgat dem Bericht zufolge. Zudem habe er wissen wollen, warum die Pers\u00f6nlichkeitsrechte von Andreas T. gesch\u00fctzt w\u00fcrden, doch nicht die Rechte seines Sohnes. Vorw\u00fcrfe der Nebenklage, die Anklage habe Akten zur\u00fcckgehalten, wies Bundesanwalt Herbert Diemer demnach zur\u00fcck.<\/p>\n<p>Keine Berichte in englischsprachigen Onlinemedien.<\/p>\n<p><em>Das n\u00e4chste Medienlog erscheint am Freitag, 31. Januar 2014.<\/em><\/p>\n","protected":false},"excerpt":{"rendered":"<p>Es klingt wie eine Sensation \u2013 wird im NSU-Prozess jedoch eine Randnotiz bleiben: Beate Zsch\u00e4pe hat w\u00e4hrend der Sitzung mit Richter Manfred G\u00f6tzl gesprochen. G\u00f6tzl erkundigte sich bei der offenbar erm\u00fcdeten Angeklagten nach ihrem Befinden. Die antwortete, jedoch bei ausgeschaltetem Mikrofon, weshalb ihre Aussage nicht im Saal zu verstehen war. Eine &#8222;kleine \u00dcberraschung&#8220; nennt Frank [&hellip;]<\/p>\n","protected":false},"author":435,"featured_media":0,"comment_status":"open","ping_status":"open","sticky":false,"template":"","format":"standard","meta":{"_jetpack_memberships_contains_paid_content":false,"footnotes":""},"categories":[27531],"tags":[17793,29495,27559],"class_list":["post-5648","post","type-post","status-publish","format-standard","hentry","category-medienschau","tag-beate-zschape","tag-bundesanwaltschaft","tag-manfred-gotzl"],"yoast_head":"<!-- This site is optimized with the Yoast SEO plugin v21.0 - https:\/\/yoast.com\/wordpress\/plugins\/seo\/ -->\n<title>Undeutliche Worte von Zsch\u00e4pe, dubiose Worte von Andreas T. \u2013 Das Medienlog vom Donnerstag, 30. Januar 2014 - Das NSU-Prozess-Blog<\/title>\n<meta name=\"robots\" content=\"index, follow, max-snippet:-1, max-image-preview:large, max-video-preview:-1\" \/>\n<link rel=\"canonical\" href=\"https:\/\/blog.zeit.de\/nsu-prozess-blog\/2014\/01\/30\/medienlog-zschaepe-spricht-andreas\/\" \/>\n<meta property=\"og:locale\" content=\"de_DE\" \/>\n<meta property=\"og:type\" content=\"article\" \/>\n<meta property=\"og:title\" content=\"Undeutliche Worte von Zsch\u00e4pe, dubiose Worte von Andreas T. \u2013 Das Medienlog vom Donnerstag, 30. Januar 2014 - Das NSU-Prozess-Blog\" \/>\n<meta property=\"og:description\" content=\"Es klingt wie eine Sensation \u2013 wird im NSU-Prozess jedoch eine Randnotiz bleiben: Beate Zsch\u00e4pe hat w\u00e4hrend der Sitzung mit Richter Manfred G\u00f6tzl gesprochen. G\u00f6tzl erkundigte sich bei der offenbar erm\u00fcdeten Angeklagten nach ihrem Befinden. Die antwortete, jedoch bei ausgeschaltetem Mikrofon, weshalb ihre Aussage nicht im Saal zu verstehen war. Eine &#8222;kleine \u00dcberraschung&#8220; nennt Frank [&hellip;]\" \/>\n<meta property=\"og:url\" content=\"https:\/\/blog.zeit.de\/nsu-prozess-blog\/2014\/01\/30\/medienlog-zschaepe-spricht-andreas\/\" \/>\n<meta property=\"og:site_name\" content=\"Das NSU-Prozess-Blog\" \/>\n<meta property=\"article:published_time\" content=\"2014-01-30T07:36:36+00:00\" \/>\n<meta property=\"article:modified_time\" content=\"2014-01-30T08:58:55+00:00\" \/>\n<meta name=\"author\" content=\"Tom Sundermann\" \/>\n<meta name=\"twitter:label1\" content=\"Geschrieben von\" \/>\n\t<meta name=\"twitter:data1\" content=\"Tom Sundermann\" \/>\n\t<meta name=\"twitter:label2\" content=\"Gesch\u00e4tzte Lesezeit\" \/>\n\t<meta name=\"twitter:data2\" content=\"3\u00a0Minuten\" \/>\n<script type=\"application\/ld+json\" class=\"yoast-schema-graph\">{\"@context\":\"https:\/\/schema.org\",\"@graph\":[{\"@type\":\"WebPage\",\"@id\":\"https:\/\/blog.zeit.de\/nsu-prozess-blog\/2014\/01\/30\/medienlog-zschaepe-spricht-andreas\/\",\"url\":\"https:\/\/blog.zeit.de\/nsu-prozess-blog\/2014\/01\/30\/medienlog-zschaepe-spricht-andreas\/\",\"name\":\"Undeutliche Worte von Zsch\u00e4pe, dubiose Worte von Andreas T. \u2013 Das Medienlog vom Donnerstag, 30. Januar 2014 - Das NSU-Prozess-Blog\",\"isPartOf\":{\"@id\":\"https:\/\/blog.zeit.de\/nsu-prozess-blog\/#website\"},\"datePublished\":\"2014-01-30T07:36:36+00:00\",\"dateModified\":\"2014-01-30T08:58:55+00:00\",\"author\":{\"@id\":\"https:\/\/blog.zeit.de\/nsu-prozess-blog\/#\/schema\/person\/553ea9bb5d1fc2ae054c589bd59380a5\"},\"breadcrumb\":{\"@id\":\"https:\/\/blog.zeit.de\/nsu-prozess-blog\/2014\/01\/30\/medienlog-zschaepe-spricht-andreas\/#breadcrumb\"},\"inLanguage\":\"de\",\"potentialAction\":[{\"@type\":\"ReadAction\",\"target\":[\"https:\/\/blog.zeit.de\/nsu-prozess-blog\/2014\/01\/30\/medienlog-zschaepe-spricht-andreas\/\"]}]},{\"@type\":\"BreadcrumbList\",\"@id\":\"https:\/\/blog.zeit.de\/nsu-prozess-blog\/2014\/01\/30\/medienlog-zschaepe-spricht-andreas\/#breadcrumb\",\"itemListElement\":[{\"@type\":\"ListItem\",\"position\":1,\"name\":\"Startseite\",\"item\":\"https:\/\/blog.zeit.de\/nsu-prozess-blog\/\"},{\"@type\":\"ListItem\",\"position\":2,\"name\":\"Undeutliche Worte von Zsch\u00e4pe, dubiose Worte von Andreas T. \u2013 Das Medienlog vom Donnerstag, 30. Januar 2014\"}]},{\"@type\":\"WebSite\",\"@id\":\"https:\/\/blog.zeit.de\/nsu-prozess-blog\/#website\",\"url\":\"https:\/\/blog.zeit.de\/nsu-prozess-blog\/\",\"name\":\"Das NSU-Prozess-Blog\",\"description\":\"Alle Berichte zum Terrorverfahren in M\u00fcnchen\",\"potentialAction\":[{\"@type\":\"SearchAction\",\"target\":{\"@type\":\"EntryPoint\",\"urlTemplate\":\"https:\/\/blog.zeit.de\/nsu-prozess-blog\/?s={search_term_string}\"},\"query-input\":\"required name=search_term_string\"}],\"inLanguage\":\"de\"},{\"@type\":\"Person\",\"@id\":\"https:\/\/blog.zeit.de\/nsu-prozess-blog\/#\/schema\/person\/553ea9bb5d1fc2ae054c589bd59380a5\",\"name\":\"Tom Sundermann\",\"image\":{\"@type\":\"ImageObject\",\"inLanguage\":\"de\",\"@id\":\"https:\/\/blog.zeit.de\/nsu-prozess-blog\/#\/schema\/person\/image\/\",\"url\":\"https:\/\/secure.gravatar.com\/avatar\/e108a3dc18766f719b2f797dc5d19093f06a1870c55b553ab6b7563f1f9a5e68?s=96&d=mm&r=g\",\"contentUrl\":\"https:\/\/secure.gravatar.com\/avatar\/e108a3dc18766f719b2f797dc5d19093f06a1870c55b553ab6b7563f1f9a5e68?s=96&d=mm&r=g\",\"caption\":\"Tom Sundermann\"},\"sameAs\":[\"https:\/\/twitter.com\/messeticker\"],\"url\":\"https:\/\/blog.zeit.de\/nsu-prozess-blog\/author\/tsundermann\/\"}]}<\/script>\n<!-- \/ Yoast SEO plugin. -->","yoast_head_json":{"title":"Undeutliche Worte von Zsch\u00e4pe, dubiose Worte von Andreas T. \u2013 Das Medienlog vom Donnerstag, 30. Januar 2014 - Das NSU-Prozess-Blog","robots":{"index":"index","follow":"follow","max-snippet":"max-snippet:-1","max-image-preview":"max-image-preview:large","max-video-preview":"max-video-preview:-1"},"canonical":"https:\/\/blog.zeit.de\/nsu-prozess-blog\/2014\/01\/30\/medienlog-zschaepe-spricht-andreas\/","og_locale":"de_DE","og_type":"article","og_title":"Undeutliche Worte von Zsch\u00e4pe, dubiose Worte von Andreas T. \u2013 Das Medienlog vom Donnerstag, 30. Januar 2014 - Das NSU-Prozess-Blog","og_description":"Es klingt wie eine Sensation \u2013 wird im NSU-Prozess jedoch eine Randnotiz bleiben: Beate Zsch\u00e4pe hat w\u00e4hrend der Sitzung mit Richter Manfred G\u00f6tzl gesprochen. G\u00f6tzl erkundigte sich bei der offenbar erm\u00fcdeten Angeklagten nach ihrem Befinden. Die antwortete, jedoch bei ausgeschaltetem Mikrofon, weshalb ihre Aussage nicht im Saal zu verstehen war. Eine &#8222;kleine \u00dcberraschung&#8220; nennt Frank [&hellip;]","og_url":"https:\/\/blog.zeit.de\/nsu-prozess-blog\/2014\/01\/30\/medienlog-zschaepe-spricht-andreas\/","og_site_name":"Das NSU-Prozess-Blog","article_published_time":"2014-01-30T07:36:36+00:00","article_modified_time":"2014-01-30T08:58:55+00:00","author":"Tom Sundermann","twitter_misc":{"Geschrieben von":"Tom Sundermann","Gesch\u00e4tzte Lesezeit":"3\u00a0Minuten"},"schema":{"@context":"https:\/\/schema.org","@graph":[{"@type":"WebPage","@id":"https:\/\/blog.zeit.de\/nsu-prozess-blog\/2014\/01\/30\/medienlog-zschaepe-spricht-andreas\/","url":"https:\/\/blog.zeit.de\/nsu-prozess-blog\/2014\/01\/30\/medienlog-zschaepe-spricht-andreas\/","name":"Undeutliche Worte von Zsch\u00e4pe, dubiose Worte von Andreas T. \u2013 Das Medienlog vom Donnerstag, 30. Januar 2014 - Das NSU-Prozess-Blog","isPartOf":{"@id":"https:\/\/blog.zeit.de\/nsu-prozess-blog\/#website"},"datePublished":"2014-01-30T07:36:36+00:00","dateModified":"2014-01-30T08:58:55+00:00","author":{"@id":"https:\/\/blog.zeit.de\/nsu-prozess-blog\/#\/schema\/person\/553ea9bb5d1fc2ae054c589bd59380a5"},"breadcrumb":{"@id":"https:\/\/blog.zeit.de\/nsu-prozess-blog\/2014\/01\/30\/medienlog-zschaepe-spricht-andreas\/#breadcrumb"},"inLanguage":"de","potentialAction":[{"@type":"ReadAction","target":["https:\/\/blog.zeit.de\/nsu-prozess-blog\/2014\/01\/30\/medienlog-zschaepe-spricht-andreas\/"]}]},{"@type":"BreadcrumbList","@id":"https:\/\/blog.zeit.de\/nsu-prozess-blog\/2014\/01\/30\/medienlog-zschaepe-spricht-andreas\/#breadcrumb","itemListElement":[{"@type":"ListItem","position":1,"name":"Startseite","item":"https:\/\/blog.zeit.de\/nsu-prozess-blog\/"},{"@type":"ListItem","position":2,"name":"Undeutliche Worte von Zsch\u00e4pe, dubiose Worte von Andreas T. \u2013 Das Medienlog vom Donnerstag, 30. Januar 2014"}]},{"@type":"WebSite","@id":"https:\/\/blog.zeit.de\/nsu-prozess-blog\/#website","url":"https:\/\/blog.zeit.de\/nsu-prozess-blog\/","name":"Das NSU-Prozess-Blog","description":"Alle Berichte zum Terrorverfahren in M\u00fcnchen","potentialAction":[{"@type":"SearchAction","target":{"@type":"EntryPoint","urlTemplate":"https:\/\/blog.zeit.de\/nsu-prozess-blog\/?s={search_term_string}"},"query-input":"required name=search_term_string"}],"inLanguage":"de"},{"@type":"Person","@id":"https:\/\/blog.zeit.de\/nsu-prozess-blog\/#\/schema\/person\/553ea9bb5d1fc2ae054c589bd59380a5","name":"Tom Sundermann","image":{"@type":"ImageObject","inLanguage":"de","@id":"https:\/\/blog.zeit.de\/nsu-prozess-blog\/#\/schema\/person\/image\/","url":"https:\/\/secure.gravatar.com\/avatar\/e108a3dc18766f719b2f797dc5d19093f06a1870c55b553ab6b7563f1f9a5e68?s=96&d=mm&r=g","contentUrl":"https:\/\/secure.gravatar.com\/avatar\/e108a3dc18766f719b2f797dc5d19093f06a1870c55b553ab6b7563f1f9a5e68?s=96&d=mm&r=g","caption":"Tom Sundermann"},"sameAs":["https:\/\/twitter.com\/messeticker"],"url":"https:\/\/blog.zeit.de\/nsu-prozess-blog\/author\/tsundermann\/"}]}},"jetpack_featured_media_url":"","jetpack_sharing_enabled":true,"_links":{"self":[{"href":"https:\/\/blog.zeit.de\/nsu-prozess-blog\/wp-json\/wp\/v2\/posts\/5648","targetHints":{"allow":["GET"]}}],"collection":[{"href":"https:\/\/blog.zeit.de\/nsu-prozess-blog\/wp-json\/wp\/v2\/posts"}],"about":[{"href":"https:\/\/blog.zeit.de\/nsu-prozess-blog\/wp-json\/wp\/v2\/types\/post"}],"author":[{"embeddable":true,"href":"https:\/\/blog.zeit.de\/nsu-prozess-blog\/wp-json\/wp\/v2\/users\/435"}],"replies":[{"embeddable":true,"href":"https:\/\/blog.zeit.de\/nsu-prozess-blog\/wp-json\/wp\/v2\/comments?post=5648"}],"version-history":[{"count":12,"href":"https:\/\/blog.zeit.de\/nsu-prozess-blog\/wp-json\/wp\/v2\/posts\/5648\/revisions"}],"predecessor-version":[{"id":5660,"href":"https:\/\/blog.zeit.de\/nsu-prozess-blog\/wp-json\/wp\/v2\/posts\/5648\/revisions\/5660"}],"wp:attachment":[{"href":"https:\/\/blog.zeit.de\/nsu-prozess-blog\/wp-json\/wp\/v2\/media?parent=5648"}],"wp:term":[{"taxonomy":"category","embeddable":true,"href":"https:\/\/blog.zeit.de\/nsu-prozess-blog\/wp-json\/wp\/v2\/categories?post=5648"},{"taxonomy":"post_tag","embeddable":true,"href":"https:\/\/blog.zeit.de\/nsu-prozess-blog\/wp-json\/wp\/v2\/tags?post=5648"}],"curies":[{"name":"wp","href":"https:\/\/api.w.org\/{rel}","templated":true}]}}