{"id":5706,"date":"2014-02-04T08:25:24","date_gmt":"2014-02-04T07:25:24","guid":{"rendered":"http:\/\/blog.zeit.de\/nsu-prozess-blog\/?p=5706"},"modified":"2014-02-04T08:51:59","modified_gmt":"2014-02-04T07:51:59","slug":"medienlog-zwickau-nachbarin-aussage","status":"publish","type":"post","link":"https:\/\/blog.zeit.de\/nsu-prozess-blog\/2014\/02\/04\/medienlog-zwickau-nachbarin-aussage\/","title":{"rendered":"In Zwickau war nichts normal \u2013 Das Medienlog vom Dienstag, 4. Februar 2014"},"content":{"rendered":"<p>Wie gelang es den NSU-Mitgliedern, ihren Hass auf den Staat hinter einer braven b\u00fcrgerlichen Fassade zu verstecken? Antworten auf diese Frage suchte das Gericht am Montag bei der Zeugin Sindy P., die mehrere Jahre lang die Nachbarin des Trios in einem Zwickauer Mehrfamilienhaus war und Beate Zsch\u00e4pe unter dem Tarnnamen Lisa kennenlernte. Offenbar handelte es sich um ein Biotop, in dem die Gruppe bestens gedeihen konnte \u2013 so war &#8222;Zwickau f\u00fcr die rechtsextreme Terrorzelle ein recht bequemer Ort&#8220;, kommentiert Frank Jansen im <a href=\"http:\/\/www.tagesspiegel.de\/politik\/nsu-prozess-ein-weinchen-unterm-fuehrer-bild\/9426722.html\" target=\"_blank\"><em>Tagesspiegel<\/em><\/a>.<\/p>\n<p><!--more--><\/p>\n<p><em>An jedem Werktag sichten wir f\u00fcr das NSU-Prozess-Blog die Medien und stellen wichtige Berichte, Blogs, Videos und Tweets zusammen. Wir freuen uns \u00fcber Hinweise via Twitter mit dem Hashtag #nsublog \u2013 oder per E-Mail an <a href=\"mailto:nsublog@zeit.de\">nsublog@zeit.de<\/a>.<\/em><\/p>\n<p>Eine gro\u00dfe L\u00fccke klaffte offenbar nicht zwischen den Ansichten des Trios und seiner Nachbarn: &#8222;Auch andere &#8217;normale&#8216; Leute haben dort und an einer weiteren Adresse der drei <strong>mit dem Rechtsextremismus sympathisiert<\/strong>&#8222;, schreibt Jansen. Was unter &#8222;normal&#8220; zu verstehen war, habe sich bei der Befragung durch den Nebenklage-Anwalt Yavuz Narin gezeigt, der Sindy P. auf einen Facebook-Eintrag von ihr ansprach: Demnach unterst\u00fctzte sie eine Kampagne gegen Asylbewerberheime.<\/p>\n<p>Im Brandschutt der letzten Wohnung des NSU in Zwickau fanden Ermittler Ausweise, die auf P.s Nachnamen ausgestellt waren. Ging die Unterst\u00fctzung demnach weiter als die Zeugin zugeben wollte? Das bestritt P. &#8222;Man sei geschockt gewesen&#8220;, sagt die Zeugin, &#8222;als man &#8218;von dem allen&#8216; h\u00f6rte; man habe es nicht wahrhaben wollen&#8220;, berichtet Gisela Friedrichsen auf <a href=\"http:\/\/www.spiegel.de\/panorama\/justiz\/nsu-prozess-zschaepe-nachbarin-sindy-p-sagt-ueber-angeklagte-aus-a-950827.html\" target=\"_blank\"><em>Spiegel Online<\/em><\/a>. Narins Vorhalte aus den Facebook-Profilen von P. und ihrem Ehemann h\u00e4tten schlie\u00dflich <strong>Widerspr\u00fcche in den Angaben der Zeugin<\/strong> aufgedeckt, was Richter Manfred G\u00f6tzl ver\u00e4rgert habe. &#8222;Mit der Glaubhaftigkeit ihrer Aussage scheint es nicht weit her zu sein.&#8220;<\/p>\n<p>Auff\u00e4llig sei gewesen, &#8222;mit welchem Unwillen Sindy P. \u00fcberhaupt vor Gericht aussagt&#8220;, schreibt Jochen Neumeyer von der Nachrichtenagentur <a href=\"http:\/\/www.sz-online.de\/nachrichten\/die-ganz-normalen-nachbarn-2766496.html\" target=\"_blank\"><em>dpa<\/em><\/a>. P. habe versucht, sich von Zsch\u00e4pe zu distanzieren, doch der Kontakt zwischen den beiden Nachbarinnen sei damals wohl sehr eng gewesen. Insofern sei die Vernehmung nicht mehr und auch nicht weniger als ein <strong>&#8222;Einblick in die Normalit\u00e4t der Zwickauer Nachbarschaft&#8220;<\/strong> gewesen, berichtet Neumeyer \u2013 dort habe das Motto gelautet: &#8222;Geht mich ja im Endeffekt auch nichts an.&#8220;<\/p>\n<p>In dem Zwickauer Haus &#8222;galt vieles als normal, <strong>was andernorts nicht ganz so normal ist<\/strong>&#8222;, bilanziert auch Annette Ramelsberger in der <a href=\"http:\/\/www.sueddeutsche.de\/politik\/zeugin-im-nsu-prozess-alles-ganz-normal-in-zwickau-1.1879010\" target=\"_blank\"><em>S\u00fcddeutschen Zeitung<\/em><\/a>. Die Autorin zeichnet nach, wie die Nebenklage-Anw\u00e4lte die Behauptung der Zeugin demontierten, eine &#8222;normale&#8220; politische Einstellung zu haben: So habe P.s Mann ein Bild online gestellt, auf dem die Figur Paulchen Panther mit einem Herz und der Aufschrift &#8222;I love you&#8220; zu sehen ist \u2013 aus Ausschnitten der Trickfilmserie wurde das Bekennervideo des NSU produziert. P. sagte dazu, sie habe mit ihrem Mann nicht \u00fcber das Bild geredet, &#8222;weil ich die Meinung nicht teile&#8220;, zitiert Ramelsberger.<\/p>\n<p>Was P. geschildert habe, das habe &#8222;<strong>nach<\/strong> <strong>kleinb\u00fcrgerlicher Idylle<\/strong>&#8220; geklungen, schreibt Kai Mudra in der <a href=\"http:\/\/www.thueringer-allgemeine.de\/startseite\/detail\/-\/specific\/Zeugin-schildert-im-NSU-Prozess-die-kleinbuergerliche-Idylle-von-Zschaepes-Wohnu-1865729862\"><em>Th\u00fcringer Allgemeinen<\/em><\/a>. Zu Beginn der Vernehmung sei die Zeugin &#8222;recht maulfaul&#8220; gewesen und habe nur in knappen S\u00e4tzen geantwortet. Richter G\u00f6tzl sei es schlie\u00dflich durch ruhiges, aber konsequentes Nachfragen gelungen, Details aus dem Leben des NSU ans Licht zu bringen. Was der Zeugin auffiel: Die Nachbarin kam gerne zum Kaffeetrinken bei ihr vorbei, w\u00e4hrend sie selbst nur einmal die Wohnung der angeblichen Lisa betrat. Auch h\u00e4tten die anderen Bewohner des Hauses in der Polenzstra\u00dfe nahezu alles \u00fcber einander gewusst \u2013 nur \u00fcber Zsch\u00e4pe und ihre beiden Kameraden nicht.<\/p>\n<p>Keine Berichte in englischsprachigen Onlinemedien.<\/p>\n<p><em>Das n\u00e4chste Medienlog erscheint am Mittwoch, 5. Februar 2014.<\/em><\/p>\n","protected":false},"excerpt":{"rendered":"<p>Wie gelang es den NSU-Mitgliedern, ihren Hass auf den Staat hinter einer braven b\u00fcrgerlichen Fassade zu verstecken? Antworten auf diese Frage suchte das Gericht am Montag bei der Zeugin Sindy P., die mehrere Jahre lang die Nachbarin des Trios in einem Zwickauer Mehrfamilienhaus war und Beate Zsch\u00e4pe unter dem Tarnnamen Lisa kennenlernte. Offenbar handelte es [&hellip;]<\/p>\n","protected":false},"author":435,"featured_media":0,"comment_status":"open","ping_status":"open","sticky":false,"template":"","format":"standard","meta":{"_jetpack_memberships_contains_paid_content":false,"footnotes":""},"categories":[27531],"tags":[17793,29497,27560],"class_list":["post-5706","post","type-post","status-publish","format-standard","hentry","category-medienschau","tag-beate-zschape","tag-nachbar","tag-zwickau"],"yoast_head":"<!-- This site is optimized with the Yoast SEO plugin v21.0 - https:\/\/yoast.com\/wordpress\/plugins\/seo\/ -->\n<title>In Zwickau war nichts normal \u2013 Das Medienlog vom Dienstag, 4. Februar 2014 - Das NSU-Prozess-Blog<\/title>\n<meta name=\"robots\" content=\"index, follow, max-snippet:-1, max-image-preview:large, max-video-preview:-1\" \/>\n<link rel=\"canonical\" href=\"https:\/\/blog.zeit.de\/nsu-prozess-blog\/2014\/02\/04\/medienlog-zwickau-nachbarin-aussage\/\" \/>\n<meta property=\"og:locale\" content=\"de_DE\" \/>\n<meta property=\"og:type\" content=\"article\" \/>\n<meta property=\"og:title\" content=\"In Zwickau war nichts normal \u2013 Das Medienlog vom Dienstag, 4. Februar 2014 - Das NSU-Prozess-Blog\" \/>\n<meta property=\"og:description\" content=\"Wie gelang es den NSU-Mitgliedern, ihren Hass auf den Staat hinter einer braven b\u00fcrgerlichen Fassade zu verstecken? Antworten auf diese Frage suchte das Gericht am Montag bei der Zeugin Sindy P., die mehrere Jahre lang die Nachbarin des Trios in einem Zwickauer Mehrfamilienhaus war und Beate Zsch\u00e4pe unter dem Tarnnamen Lisa kennenlernte. Offenbar handelte es [&hellip;]\" \/>\n<meta property=\"og:url\" content=\"https:\/\/blog.zeit.de\/nsu-prozess-blog\/2014\/02\/04\/medienlog-zwickau-nachbarin-aussage\/\" \/>\n<meta property=\"og:site_name\" content=\"Das NSU-Prozess-Blog\" \/>\n<meta property=\"article:published_time\" content=\"2014-02-04T07:25:24+00:00\" \/>\n<meta property=\"article:modified_time\" content=\"2014-02-04T07:51:59+00:00\" \/>\n<meta name=\"author\" content=\"Tom Sundermann\" \/>\n<meta name=\"twitter:label1\" content=\"Geschrieben von\" \/>\n\t<meta name=\"twitter:data1\" content=\"Tom Sundermann\" \/>\n\t<meta name=\"twitter:label2\" content=\"Gesch\u00e4tzte Lesezeit\" \/>\n\t<meta name=\"twitter:data2\" content=\"3\u00a0Minuten\" \/>\n<script type=\"application\/ld+json\" class=\"yoast-schema-graph\">{\"@context\":\"https:\/\/schema.org\",\"@graph\":[{\"@type\":\"WebPage\",\"@id\":\"https:\/\/blog.zeit.de\/nsu-prozess-blog\/2014\/02\/04\/medienlog-zwickau-nachbarin-aussage\/\",\"url\":\"https:\/\/blog.zeit.de\/nsu-prozess-blog\/2014\/02\/04\/medienlog-zwickau-nachbarin-aussage\/\",\"name\":\"In Zwickau war nichts normal \u2013 Das Medienlog vom Dienstag, 4. Februar 2014 - Das NSU-Prozess-Blog\",\"isPartOf\":{\"@id\":\"https:\/\/blog.zeit.de\/nsu-prozess-blog\/#website\"},\"datePublished\":\"2014-02-04T07:25:24+00:00\",\"dateModified\":\"2014-02-04T07:51:59+00:00\",\"author\":{\"@id\":\"https:\/\/blog.zeit.de\/nsu-prozess-blog\/#\/schema\/person\/553ea9bb5d1fc2ae054c589bd59380a5\"},\"breadcrumb\":{\"@id\":\"https:\/\/blog.zeit.de\/nsu-prozess-blog\/2014\/02\/04\/medienlog-zwickau-nachbarin-aussage\/#breadcrumb\"},\"inLanguage\":\"de\",\"potentialAction\":[{\"@type\":\"ReadAction\",\"target\":[\"https:\/\/blog.zeit.de\/nsu-prozess-blog\/2014\/02\/04\/medienlog-zwickau-nachbarin-aussage\/\"]}]},{\"@type\":\"BreadcrumbList\",\"@id\":\"https:\/\/blog.zeit.de\/nsu-prozess-blog\/2014\/02\/04\/medienlog-zwickau-nachbarin-aussage\/#breadcrumb\",\"itemListElement\":[{\"@type\":\"ListItem\",\"position\":1,\"name\":\"Startseite\",\"item\":\"https:\/\/blog.zeit.de\/nsu-prozess-blog\/\"},{\"@type\":\"ListItem\",\"position\":2,\"name\":\"In Zwickau war nichts normal \u2013 Das Medienlog vom Dienstag, 4. Februar 2014\"}]},{\"@type\":\"WebSite\",\"@id\":\"https:\/\/blog.zeit.de\/nsu-prozess-blog\/#website\",\"url\":\"https:\/\/blog.zeit.de\/nsu-prozess-blog\/\",\"name\":\"Das NSU-Prozess-Blog\",\"description\":\"Alle Berichte zum Terrorverfahren in M\u00fcnchen\",\"potentialAction\":[{\"@type\":\"SearchAction\",\"target\":{\"@type\":\"EntryPoint\",\"urlTemplate\":\"https:\/\/blog.zeit.de\/nsu-prozess-blog\/?s={search_term_string}\"},\"query-input\":\"required name=search_term_string\"}],\"inLanguage\":\"de\"},{\"@type\":\"Person\",\"@id\":\"https:\/\/blog.zeit.de\/nsu-prozess-blog\/#\/schema\/person\/553ea9bb5d1fc2ae054c589bd59380a5\",\"name\":\"Tom Sundermann\",\"image\":{\"@type\":\"ImageObject\",\"inLanguage\":\"de\",\"@id\":\"https:\/\/blog.zeit.de\/nsu-prozess-blog\/#\/schema\/person\/image\/\",\"url\":\"https:\/\/secure.gravatar.com\/avatar\/e108a3dc18766f719b2f797dc5d19093f06a1870c55b553ab6b7563f1f9a5e68?s=96&d=mm&r=g\",\"contentUrl\":\"https:\/\/secure.gravatar.com\/avatar\/e108a3dc18766f719b2f797dc5d19093f06a1870c55b553ab6b7563f1f9a5e68?s=96&d=mm&r=g\",\"caption\":\"Tom Sundermann\"},\"sameAs\":[\"https:\/\/twitter.com\/messeticker\"],\"url\":\"https:\/\/blog.zeit.de\/nsu-prozess-blog\/author\/tsundermann\/\"}]}<\/script>\n<!-- \/ Yoast SEO plugin. -->","yoast_head_json":{"title":"In Zwickau war nichts normal \u2013 Das Medienlog vom Dienstag, 4. Februar 2014 - Das NSU-Prozess-Blog","robots":{"index":"index","follow":"follow","max-snippet":"max-snippet:-1","max-image-preview":"max-image-preview:large","max-video-preview":"max-video-preview:-1"},"canonical":"https:\/\/blog.zeit.de\/nsu-prozess-blog\/2014\/02\/04\/medienlog-zwickau-nachbarin-aussage\/","og_locale":"de_DE","og_type":"article","og_title":"In Zwickau war nichts normal \u2013 Das Medienlog vom Dienstag, 4. Februar 2014 - Das NSU-Prozess-Blog","og_description":"Wie gelang es den NSU-Mitgliedern, ihren Hass auf den Staat hinter einer braven b\u00fcrgerlichen Fassade zu verstecken? Antworten auf diese Frage suchte das Gericht am Montag bei der Zeugin Sindy P., die mehrere Jahre lang die Nachbarin des Trios in einem Zwickauer Mehrfamilienhaus war und Beate Zsch\u00e4pe unter dem Tarnnamen Lisa kennenlernte. Offenbar handelte es [&hellip;]","og_url":"https:\/\/blog.zeit.de\/nsu-prozess-blog\/2014\/02\/04\/medienlog-zwickau-nachbarin-aussage\/","og_site_name":"Das NSU-Prozess-Blog","article_published_time":"2014-02-04T07:25:24+00:00","article_modified_time":"2014-02-04T07:51:59+00:00","author":"Tom Sundermann","twitter_misc":{"Geschrieben von":"Tom Sundermann","Gesch\u00e4tzte Lesezeit":"3\u00a0Minuten"},"schema":{"@context":"https:\/\/schema.org","@graph":[{"@type":"WebPage","@id":"https:\/\/blog.zeit.de\/nsu-prozess-blog\/2014\/02\/04\/medienlog-zwickau-nachbarin-aussage\/","url":"https:\/\/blog.zeit.de\/nsu-prozess-blog\/2014\/02\/04\/medienlog-zwickau-nachbarin-aussage\/","name":"In Zwickau war nichts normal \u2013 Das Medienlog vom Dienstag, 4. Februar 2014 - Das NSU-Prozess-Blog","isPartOf":{"@id":"https:\/\/blog.zeit.de\/nsu-prozess-blog\/#website"},"datePublished":"2014-02-04T07:25:24+00:00","dateModified":"2014-02-04T07:51:59+00:00","author":{"@id":"https:\/\/blog.zeit.de\/nsu-prozess-blog\/#\/schema\/person\/553ea9bb5d1fc2ae054c589bd59380a5"},"breadcrumb":{"@id":"https:\/\/blog.zeit.de\/nsu-prozess-blog\/2014\/02\/04\/medienlog-zwickau-nachbarin-aussage\/#breadcrumb"},"inLanguage":"de","potentialAction":[{"@type":"ReadAction","target":["https:\/\/blog.zeit.de\/nsu-prozess-blog\/2014\/02\/04\/medienlog-zwickau-nachbarin-aussage\/"]}]},{"@type":"BreadcrumbList","@id":"https:\/\/blog.zeit.de\/nsu-prozess-blog\/2014\/02\/04\/medienlog-zwickau-nachbarin-aussage\/#breadcrumb","itemListElement":[{"@type":"ListItem","position":1,"name":"Startseite","item":"https:\/\/blog.zeit.de\/nsu-prozess-blog\/"},{"@type":"ListItem","position":2,"name":"In Zwickau war nichts normal \u2013 Das Medienlog vom Dienstag, 4. Februar 2014"}]},{"@type":"WebSite","@id":"https:\/\/blog.zeit.de\/nsu-prozess-blog\/#website","url":"https:\/\/blog.zeit.de\/nsu-prozess-blog\/","name":"Das NSU-Prozess-Blog","description":"Alle Berichte zum Terrorverfahren in M\u00fcnchen","potentialAction":[{"@type":"SearchAction","target":{"@type":"EntryPoint","urlTemplate":"https:\/\/blog.zeit.de\/nsu-prozess-blog\/?s={search_term_string}"},"query-input":"required name=search_term_string"}],"inLanguage":"de"},{"@type":"Person","@id":"https:\/\/blog.zeit.de\/nsu-prozess-blog\/#\/schema\/person\/553ea9bb5d1fc2ae054c589bd59380a5","name":"Tom Sundermann","image":{"@type":"ImageObject","inLanguage":"de","@id":"https:\/\/blog.zeit.de\/nsu-prozess-blog\/#\/schema\/person\/image\/","url":"https:\/\/secure.gravatar.com\/avatar\/e108a3dc18766f719b2f797dc5d19093f06a1870c55b553ab6b7563f1f9a5e68?s=96&d=mm&r=g","contentUrl":"https:\/\/secure.gravatar.com\/avatar\/e108a3dc18766f719b2f797dc5d19093f06a1870c55b553ab6b7563f1f9a5e68?s=96&d=mm&r=g","caption":"Tom Sundermann"},"sameAs":["https:\/\/twitter.com\/messeticker"],"url":"https:\/\/blog.zeit.de\/nsu-prozess-blog\/author\/tsundermann\/"}]}},"jetpack_featured_media_url":"","jetpack_sharing_enabled":true,"_links":{"self":[{"href":"https:\/\/blog.zeit.de\/nsu-prozess-blog\/wp-json\/wp\/v2\/posts\/5706","targetHints":{"allow":["GET"]}}],"collection":[{"href":"https:\/\/blog.zeit.de\/nsu-prozess-blog\/wp-json\/wp\/v2\/posts"}],"about":[{"href":"https:\/\/blog.zeit.de\/nsu-prozess-blog\/wp-json\/wp\/v2\/types\/post"}],"author":[{"embeddable":true,"href":"https:\/\/blog.zeit.de\/nsu-prozess-blog\/wp-json\/wp\/v2\/users\/435"}],"replies":[{"embeddable":true,"href":"https:\/\/blog.zeit.de\/nsu-prozess-blog\/wp-json\/wp\/v2\/comments?post=5706"}],"version-history":[{"count":19,"href":"https:\/\/blog.zeit.de\/nsu-prozess-blog\/wp-json\/wp\/v2\/posts\/5706\/revisions"}],"predecessor-version":[{"id":5728,"href":"https:\/\/blog.zeit.de\/nsu-prozess-blog\/wp-json\/wp\/v2\/posts\/5706\/revisions\/5728"}],"wp:attachment":[{"href":"https:\/\/blog.zeit.de\/nsu-prozess-blog\/wp-json\/wp\/v2\/media?parent=5706"}],"wp:term":[{"taxonomy":"category","embeddable":true,"href":"https:\/\/blog.zeit.de\/nsu-prozess-blog\/wp-json\/wp\/v2\/categories?post=5706"},{"taxonomy":"post_tag","embeddable":true,"href":"https:\/\/blog.zeit.de\/nsu-prozess-blog\/wp-json\/wp\/v2\/tags?post=5706"}],"curies":[{"name":"wp","href":"https:\/\/api.w.org\/{rel}","templated":true}]}}