{"id":5745,"date":"2014-02-06T09:40:00","date_gmt":"2014-02-06T08:40:00","guid":{"rendered":"http:\/\/blog.zeit.de\/nsu-prozess-blog\/?p=5745"},"modified":"2014-02-06T10:38:24","modified_gmt":"2014-02-06T09:38:24","slug":"medienlog-andre-k-befangenheitsantrag","status":"publish","type":"post","link":"https:\/\/blog.zeit.de\/nsu-prozess-blog\/2014\/02\/06\/medienlog-andre-k-befangenheitsantrag\/","title":{"rendered":"Erinnerungsl\u00fccken und ein Kampf um drei Buchstaben \u2013 Das Medienlog vom Donnerstag, 6. Februar 2014"},"content":{"rendered":"<p>Zum zweiten Mal hat der Zeuge Andr\u00e9 K. aus Jena im NSU-Prozess ausgesagt \u2013 und konnte sich wie <a href=\"http:\/\/www.zeit.de\/gesellschaft\/zeitgeschehen\/2013-11\/zeuge-andre-k-nsu-prozess\" target=\"_blank\">bei seiner ersten Vernehmung<\/a> nur an wenig von dem erinnern, was ihm vorgehalten wurde. So r\u00e4umte er zwar ein, von Uwe B\u00f6hnhardt kurz vor dem Untertauchen des rechtsextremen Trios ins Vertrauen gezogen worden zu sein, wollte jedoch nicht mehr wissen, was genau sie besprochen hatten. Wie Bj\u00f6rn Hengst auf <a href=\"http:\/\/www.spiegel.de\/panorama\/justiz\/zeuge-im-nsu-prozess-andre-k-der-nichtswisser-a-951755.html\" target=\"_blank\"><em>Spiegel Online<\/em><\/a> berichtet, nahmen ihm das weder der Richter noch die Prozessbeobachter ab: &#8222;Sonderlich glaubw\u00fcrdig wirkt K. nicht&#8220;, schreibt Hengst.<\/p>\n<p><!--more--><\/p>\n<p><em>An jedem Werktag sichten wir f\u00fcr das NSU-Prozess-Blog die Medien und stellen wichtige Berichte, Blogs, Videos und Tweets zusammen. Wir freuen uns \u00fcber Hinweise via Twitter mit dem Hashtag #nsublog \u2013 oder per E-Mail an <a href=\"mailto:nsublog@zeit.de\">nsublog@zeit.de<\/a>.<\/em><\/p>\n<p>Der heute 38-J\u00e4hrige war in der Anfangszeit des NSU ein Vertrauensmann des Trios, organisierte gef\u00e4lschte P\u00e4sse und blieb \u00fcber ein Netz aus Telefonzellen mit der Gruppe in Kontakt. Wo sich die drei aufhielten, wusste er aber angeblich nicht. &#8222;Das h\u00e4tte ich auch nicht wissen wollen&#8220;, zitiert ihn der Bericht. Demnach besa\u00df er bis zuletzt aber noch <strong>&#8222;eine emotionale Bindung&#8220;<\/strong>: Ermittler stellten bei ihm eine sogenannte Geburtstagszeitung fest, eine Fotocollage, die ein Bild von Beate Zsch\u00e4pe, Uwe Mundlos und Uwe B\u00f6hnhardt enthielt.<\/p>\n<p>Andr\u00e9 K. habe nur &#8222;schleppend&#8220; von seiner Beziehung zum NSU erz\u00e4hlt, berichtet Karin Truscheit in der <a href=\"http:\/\/www.faz.net\/aktuell\/politik\/inland\/nsu-prozess-ein-zeuge-mit-erinnerungsluecken-alles-satire-12786716.html\" target=\"_blank\"><em>Frankfurter Allgemeinen Zeitung<\/em><\/a>. Die langwierigen Zeugenbefragungen dieser Woche h\u00e4tten die Geduld des Gerichts &#8222;auf die Probe gestellt&#8220;. K.s Aussage zufolge handelte es sich bei der Geburtstagszeitung lediglich um Satire. \u00dcber <strong>Gewalt<\/strong> sei in seinem Freundeskreis damals diskutiert worden, doch seien Mitglieder der Szene schlie\u00dflich selbst von &#8222;Linken&#8220; angegriffen worden.<\/p>\n<p>&#8222;Kurzes Erschrecken, dann folgte <strong>Zur\u00fcckrudern<\/strong>&#8222;: So beschreibt die sozialistische Zeitung <a href=\"http:\/\/www.neues-deutschland.de\/artikel\/923133.viel-beifang-bei-nsu-prozess.html\" target=\"_blank\"><em>Neues Deutschland<\/em><\/a> K.s Aussage. Der Zeuge &#8222;verplapperte&#8220; sich nach Ansicht der Zeitung, als er gesagt habe, dass es &#8222;Diskussionen \u00fcber Zellenbildung und Gewalt&#8220; gegeben habe.<\/p>\n<p>&#8222;Die Erinnerungsl\u00fccken des Zeugen hatten teils <strong>das Ausma\u00df riesiger Krater<\/strong>&#8222;, kommentiert Kai Mudra in der <a href=\"http:\/\/www.thueringer-allgemeine.de\/web\/zgt\/leben\/detail\/-\/specific\/NSU-Prozess-Zeuge-Andr-K-hat-grosse-Erinnerungsluecken-802509063\" target=\"_blank\"><em>Th\u00fcringer Allgemeinen<\/em><\/a>. Von diesen habe der Mitangeklagte Ralf Wohlleben profitiert \u2013 dieser soll damals gemeinsam mit K. Pl\u00e4ne geschmiedet haben, das Trio in S\u00fcdafrika zu verstecken. Nun k\u00f6nne spekuliert werden, ob Wohlleben sich freue, dass K. ihn nicht weiter belaste. Das Gericht unterbrach K.s Vernehmung, der Zeuge muss noch einmal erscheinen.<\/p>\n<p>Ein weiteres Thema des Verhandlungstags: Zsch\u00e4pes Anwalt Wolfgang Heer stellte einen <strong>Befangenheitsantrag<\/strong> gegen den Richter Peter Lang, eins der Mitglieder des Staatsschutzsenats von Manfred G\u00f6tzl, wie unter anderem auf dem <a href=\"http:\/\/www.swr.de\/blog\/terrorismus\/2014\/02\/05\/nsu-die-sorge-vor-der-befangenheit\/\" target=\"_blank\"><em>Terrorismus-Blog<\/em><\/a> von SWR-Reporter Holger Schmidt zu lesen ist. Als Begr\u00fcndung nennt Heer, dass der Richter einen Aktenordner mit den drei Buchstaben &#8222;NSU&#8220; beschriftet habe \u2013 obwohl die Existenz des NSU in diesem Verfahren erst nachgewiesen werden m\u00fcsse. Lang sei daher voreingenommen. Die zuvor gestellten Befangenheitsantr\u00e4ge von Zsch\u00e4pes Verteidigern hatten keinen Erfolg \u2013 f\u00fcr den Senat habe es &#8222;bislang keinen Anlass gegeben, an seiner Unvoreingenommenheit gegen\u00fcber den Angeklagten Zweifel aufkommen zu lassen&#8220;, kommentiert Schmidt.<\/p>\n<p>Ist ein solcher Antrag eine &#8222;<strong>seltsame Spitzfindigkeit<\/strong> oder ein notwendiges Einfordern richterlicher Unvoreingenommenheit&#8220;? Die Frage stellt auch Tanjev Schultz in der <a href=\"http:\/\/www.sueddeutsche.de\/politik\/befangenheitsantrag-im-nsu-prozess-scharmuetzel-um-drei-buchstaben-1.1880867\" target=\"_blank\"><em>S\u00fcddeutschen Zeitung<\/em><\/a>. Im Prozess ging es an diesem Tag &#8222;erst an zweiter Stelle um die Aufkl\u00e4rung einer Mordserie&#8220;.<\/p>\n<p>Keine Berichte in englischsprachigen Onlinemedien.<\/p>\n<p><em>Das n\u00e4chste Medienlog erscheint am Freitag, 7. Februar 2014.<\/em><\/p>\n","protected":false},"excerpt":{"rendered":"<p>Zum zweiten Mal hat der Zeuge Andr\u00e9 K. aus Jena im NSU-Prozess ausgesagt \u2013 und konnte sich wie bei seiner ersten Vernehmung nur an wenig von dem erinnern, was ihm vorgehalten wurde. So r\u00e4umte er zwar ein, von Uwe B\u00f6hnhardt kurz vor dem Untertauchen des rechtsextremen Trios ins Vertrauen gezogen worden zu sein, wollte jedoch [&hellip;]<\/p>\n","protected":false},"author":435,"featured_media":0,"comment_status":"open","ping_status":"open","sticky":false,"template":"","format":"standard","meta":{"_jetpack_memberships_contains_paid_content":false,"footnotes":""},"categories":[16],"tags":[29463,29430,1626,17772],"class_list":["post-5745","post","type-post","status-publish","format-standard","hentry","category-allgemein","tag-andre-k","tag-befangenheitsantrag","tag-jena","tag-ralf-wohlleben"],"yoast_head":"<!-- This site is optimized with the Yoast SEO plugin v21.0 - https:\/\/yoast.com\/wordpress\/plugins\/seo\/ -->\n<title>Erinnerungsl\u00fccken und ein Kampf um drei Buchstaben \u2013 Das Medienlog vom Donnerstag, 6. Februar 2014 - Das NSU-Prozess-Blog<\/title>\n<meta name=\"robots\" content=\"index, follow, max-snippet:-1, max-image-preview:large, max-video-preview:-1\" \/>\n<link rel=\"canonical\" href=\"https:\/\/blog.zeit.de\/nsu-prozess-blog\/2014\/02\/06\/medienlog-andre-k-befangenheitsantrag\/\" \/>\n<meta property=\"og:locale\" content=\"de_DE\" \/>\n<meta property=\"og:type\" content=\"article\" \/>\n<meta property=\"og:title\" content=\"Erinnerungsl\u00fccken und ein Kampf um drei Buchstaben \u2013 Das Medienlog vom Donnerstag, 6. Februar 2014 - Das NSU-Prozess-Blog\" \/>\n<meta property=\"og:description\" content=\"Zum zweiten Mal hat der Zeuge Andr\u00e9 K. aus Jena im NSU-Prozess ausgesagt \u2013 und konnte sich wie bei seiner ersten Vernehmung nur an wenig von dem erinnern, was ihm vorgehalten wurde. So r\u00e4umte er zwar ein, von Uwe B\u00f6hnhardt kurz vor dem Untertauchen des rechtsextremen Trios ins Vertrauen gezogen worden zu sein, wollte jedoch [&hellip;]\" \/>\n<meta property=\"og:url\" content=\"https:\/\/blog.zeit.de\/nsu-prozess-blog\/2014\/02\/06\/medienlog-andre-k-befangenheitsantrag\/\" \/>\n<meta property=\"og:site_name\" content=\"Das NSU-Prozess-Blog\" \/>\n<meta property=\"article:published_time\" content=\"2014-02-06T08:40:00+00:00\" \/>\n<meta property=\"article:modified_time\" content=\"2014-02-06T09:38:24+00:00\" \/>\n<meta name=\"author\" content=\"Tom Sundermann\" \/>\n<meta name=\"twitter:label1\" content=\"Geschrieben von\" \/>\n\t<meta name=\"twitter:data1\" content=\"Tom Sundermann\" \/>\n\t<meta name=\"twitter:label2\" content=\"Gesch\u00e4tzte Lesezeit\" \/>\n\t<meta name=\"twitter:data2\" content=\"3\u00a0Minuten\" \/>\n<script type=\"application\/ld+json\" class=\"yoast-schema-graph\">{\"@context\":\"https:\/\/schema.org\",\"@graph\":[{\"@type\":\"WebPage\",\"@id\":\"https:\/\/blog.zeit.de\/nsu-prozess-blog\/2014\/02\/06\/medienlog-andre-k-befangenheitsantrag\/\",\"url\":\"https:\/\/blog.zeit.de\/nsu-prozess-blog\/2014\/02\/06\/medienlog-andre-k-befangenheitsantrag\/\",\"name\":\"Erinnerungsl\u00fccken und ein Kampf um drei Buchstaben \u2013 Das Medienlog vom Donnerstag, 6. Februar 2014 - Das NSU-Prozess-Blog\",\"isPartOf\":{\"@id\":\"https:\/\/blog.zeit.de\/nsu-prozess-blog\/#website\"},\"datePublished\":\"2014-02-06T08:40:00+00:00\",\"dateModified\":\"2014-02-06T09:38:24+00:00\",\"author\":{\"@id\":\"https:\/\/blog.zeit.de\/nsu-prozess-blog\/#\/schema\/person\/553ea9bb5d1fc2ae054c589bd59380a5\"},\"breadcrumb\":{\"@id\":\"https:\/\/blog.zeit.de\/nsu-prozess-blog\/2014\/02\/06\/medienlog-andre-k-befangenheitsantrag\/#breadcrumb\"},\"inLanguage\":\"de\",\"potentialAction\":[{\"@type\":\"ReadAction\",\"target\":[\"https:\/\/blog.zeit.de\/nsu-prozess-blog\/2014\/02\/06\/medienlog-andre-k-befangenheitsantrag\/\"]}]},{\"@type\":\"BreadcrumbList\",\"@id\":\"https:\/\/blog.zeit.de\/nsu-prozess-blog\/2014\/02\/06\/medienlog-andre-k-befangenheitsantrag\/#breadcrumb\",\"itemListElement\":[{\"@type\":\"ListItem\",\"position\":1,\"name\":\"Startseite\",\"item\":\"https:\/\/blog.zeit.de\/nsu-prozess-blog\/\"},{\"@type\":\"ListItem\",\"position\":2,\"name\":\"Erinnerungsl\u00fccken und ein Kampf um drei Buchstaben \u2013 Das Medienlog vom Donnerstag, 6. Februar 2014\"}]},{\"@type\":\"WebSite\",\"@id\":\"https:\/\/blog.zeit.de\/nsu-prozess-blog\/#website\",\"url\":\"https:\/\/blog.zeit.de\/nsu-prozess-blog\/\",\"name\":\"Das NSU-Prozess-Blog\",\"description\":\"Alle Berichte zum Terrorverfahren in M\u00fcnchen\",\"potentialAction\":[{\"@type\":\"SearchAction\",\"target\":{\"@type\":\"EntryPoint\",\"urlTemplate\":\"https:\/\/blog.zeit.de\/nsu-prozess-blog\/?s={search_term_string}\"},\"query-input\":\"required name=search_term_string\"}],\"inLanguage\":\"de\"},{\"@type\":\"Person\",\"@id\":\"https:\/\/blog.zeit.de\/nsu-prozess-blog\/#\/schema\/person\/553ea9bb5d1fc2ae054c589bd59380a5\",\"name\":\"Tom Sundermann\",\"image\":{\"@type\":\"ImageObject\",\"inLanguage\":\"de\",\"@id\":\"https:\/\/blog.zeit.de\/nsu-prozess-blog\/#\/schema\/person\/image\/\",\"url\":\"https:\/\/secure.gravatar.com\/avatar\/e108a3dc18766f719b2f797dc5d19093f06a1870c55b553ab6b7563f1f9a5e68?s=96&d=mm&r=g\",\"contentUrl\":\"https:\/\/secure.gravatar.com\/avatar\/e108a3dc18766f719b2f797dc5d19093f06a1870c55b553ab6b7563f1f9a5e68?s=96&d=mm&r=g\",\"caption\":\"Tom Sundermann\"},\"sameAs\":[\"https:\/\/twitter.com\/messeticker\"],\"url\":\"https:\/\/blog.zeit.de\/nsu-prozess-blog\/author\/tsundermann\/\"}]}<\/script>\n<!-- \/ Yoast SEO plugin. -->","yoast_head_json":{"title":"Erinnerungsl\u00fccken und ein Kampf um drei Buchstaben \u2013 Das Medienlog vom Donnerstag, 6. Februar 2014 - Das NSU-Prozess-Blog","robots":{"index":"index","follow":"follow","max-snippet":"max-snippet:-1","max-image-preview":"max-image-preview:large","max-video-preview":"max-video-preview:-1"},"canonical":"https:\/\/blog.zeit.de\/nsu-prozess-blog\/2014\/02\/06\/medienlog-andre-k-befangenheitsantrag\/","og_locale":"de_DE","og_type":"article","og_title":"Erinnerungsl\u00fccken und ein Kampf um drei Buchstaben \u2013 Das Medienlog vom Donnerstag, 6. Februar 2014 - Das NSU-Prozess-Blog","og_description":"Zum zweiten Mal hat der Zeuge Andr\u00e9 K. aus Jena im NSU-Prozess ausgesagt \u2013 und konnte sich wie bei seiner ersten Vernehmung nur an wenig von dem erinnern, was ihm vorgehalten wurde. So r\u00e4umte er zwar ein, von Uwe B\u00f6hnhardt kurz vor dem Untertauchen des rechtsextremen Trios ins Vertrauen gezogen worden zu sein, wollte jedoch [&hellip;]","og_url":"https:\/\/blog.zeit.de\/nsu-prozess-blog\/2014\/02\/06\/medienlog-andre-k-befangenheitsantrag\/","og_site_name":"Das NSU-Prozess-Blog","article_published_time":"2014-02-06T08:40:00+00:00","article_modified_time":"2014-02-06T09:38:24+00:00","author":"Tom Sundermann","twitter_misc":{"Geschrieben von":"Tom Sundermann","Gesch\u00e4tzte Lesezeit":"3\u00a0Minuten"},"schema":{"@context":"https:\/\/schema.org","@graph":[{"@type":"WebPage","@id":"https:\/\/blog.zeit.de\/nsu-prozess-blog\/2014\/02\/06\/medienlog-andre-k-befangenheitsantrag\/","url":"https:\/\/blog.zeit.de\/nsu-prozess-blog\/2014\/02\/06\/medienlog-andre-k-befangenheitsantrag\/","name":"Erinnerungsl\u00fccken und ein Kampf um drei Buchstaben \u2013 Das Medienlog vom Donnerstag, 6. Februar 2014 - Das NSU-Prozess-Blog","isPartOf":{"@id":"https:\/\/blog.zeit.de\/nsu-prozess-blog\/#website"},"datePublished":"2014-02-06T08:40:00+00:00","dateModified":"2014-02-06T09:38:24+00:00","author":{"@id":"https:\/\/blog.zeit.de\/nsu-prozess-blog\/#\/schema\/person\/553ea9bb5d1fc2ae054c589bd59380a5"},"breadcrumb":{"@id":"https:\/\/blog.zeit.de\/nsu-prozess-blog\/2014\/02\/06\/medienlog-andre-k-befangenheitsantrag\/#breadcrumb"},"inLanguage":"de","potentialAction":[{"@type":"ReadAction","target":["https:\/\/blog.zeit.de\/nsu-prozess-blog\/2014\/02\/06\/medienlog-andre-k-befangenheitsantrag\/"]}]},{"@type":"BreadcrumbList","@id":"https:\/\/blog.zeit.de\/nsu-prozess-blog\/2014\/02\/06\/medienlog-andre-k-befangenheitsantrag\/#breadcrumb","itemListElement":[{"@type":"ListItem","position":1,"name":"Startseite","item":"https:\/\/blog.zeit.de\/nsu-prozess-blog\/"},{"@type":"ListItem","position":2,"name":"Erinnerungsl\u00fccken und ein Kampf um drei Buchstaben \u2013 Das Medienlog vom Donnerstag, 6. Februar 2014"}]},{"@type":"WebSite","@id":"https:\/\/blog.zeit.de\/nsu-prozess-blog\/#website","url":"https:\/\/blog.zeit.de\/nsu-prozess-blog\/","name":"Das NSU-Prozess-Blog","description":"Alle Berichte zum Terrorverfahren in M\u00fcnchen","potentialAction":[{"@type":"SearchAction","target":{"@type":"EntryPoint","urlTemplate":"https:\/\/blog.zeit.de\/nsu-prozess-blog\/?s={search_term_string}"},"query-input":"required name=search_term_string"}],"inLanguage":"de"},{"@type":"Person","@id":"https:\/\/blog.zeit.de\/nsu-prozess-blog\/#\/schema\/person\/553ea9bb5d1fc2ae054c589bd59380a5","name":"Tom Sundermann","image":{"@type":"ImageObject","inLanguage":"de","@id":"https:\/\/blog.zeit.de\/nsu-prozess-blog\/#\/schema\/person\/image\/","url":"https:\/\/secure.gravatar.com\/avatar\/e108a3dc18766f719b2f797dc5d19093f06a1870c55b553ab6b7563f1f9a5e68?s=96&d=mm&r=g","contentUrl":"https:\/\/secure.gravatar.com\/avatar\/e108a3dc18766f719b2f797dc5d19093f06a1870c55b553ab6b7563f1f9a5e68?s=96&d=mm&r=g","caption":"Tom Sundermann"},"sameAs":["https:\/\/twitter.com\/messeticker"],"url":"https:\/\/blog.zeit.de\/nsu-prozess-blog\/author\/tsundermann\/"}]}},"jetpack_featured_media_url":"","jetpack_sharing_enabled":true,"_links":{"self":[{"href":"https:\/\/blog.zeit.de\/nsu-prozess-blog\/wp-json\/wp\/v2\/posts\/5745","targetHints":{"allow":["GET"]}}],"collection":[{"href":"https:\/\/blog.zeit.de\/nsu-prozess-blog\/wp-json\/wp\/v2\/posts"}],"about":[{"href":"https:\/\/blog.zeit.de\/nsu-prozess-blog\/wp-json\/wp\/v2\/types\/post"}],"author":[{"embeddable":true,"href":"https:\/\/blog.zeit.de\/nsu-prozess-blog\/wp-json\/wp\/v2\/users\/435"}],"replies":[{"embeddable":true,"href":"https:\/\/blog.zeit.de\/nsu-prozess-blog\/wp-json\/wp\/v2\/comments?post=5745"}],"version-history":[{"count":14,"href":"https:\/\/blog.zeit.de\/nsu-prozess-blog\/wp-json\/wp\/v2\/posts\/5745\/revisions"}],"predecessor-version":[{"id":5763,"href":"https:\/\/blog.zeit.de\/nsu-prozess-blog\/wp-json\/wp\/v2\/posts\/5745\/revisions\/5763"}],"wp:attachment":[{"href":"https:\/\/blog.zeit.de\/nsu-prozess-blog\/wp-json\/wp\/v2\/media?parent=5745"}],"wp:term":[{"taxonomy":"category","embeddable":true,"href":"https:\/\/blog.zeit.de\/nsu-prozess-blog\/wp-json\/wp\/v2\/categories?post=5745"},{"taxonomy":"post_tag","embeddable":true,"href":"https:\/\/blog.zeit.de\/nsu-prozess-blog\/wp-json\/wp\/v2\/tags?post=5745"}],"curies":[{"name":"wp","href":"https:\/\/api.w.org\/{rel}","templated":true}]}}