{"id":5809,"date":"2014-02-12T08:36:16","date_gmt":"2014-02-12T07:36:16","guid":{"rendered":"http:\/\/blog.zeit.de\/nsu-prozess-blog\/?p=5809"},"modified":"2014-02-12T09:00:01","modified_gmt":"2014-02-12T08:00:01","slug":"medienlog-befangenheitsantrag-abgelehnt","status":"publish","type":"post","link":"https:\/\/blog.zeit.de\/nsu-prozess-blog\/2014\/02\/12\/medienlog-befangenheitsantrag-abgelehnt\/","title":{"rendered":"Zsch\u00e4pes Anw\u00e4lte scheitern mit Befangenheitsantrag \u2013 Das Medienlog vom Mittwoch, 12. Februar 2014"},"content":{"rendered":"<p>Das M\u00fcnchner Landgericht hat erneut einen <a href=\"https:\/\/blog.zeit.de\/nsu-prozess-blog\/2014\/02\/06\/medienlog-andre-k-befangenheitsantrag\/\" target=\"_blank\">Befangenheitsantrag<\/a> der Zsch\u00e4pe-Verteidiger gegen den NSU-Richter Peter Lang abgelehnt. Drei Mitglieder des Senats h\u00e4tten das Gesuch gegen ihren Kollegen &#8222;als unbegr\u00fcndet&#8220; zur\u00fcckgewiesen, berichtet der <a href=\"http:\/\/www.tagesspiegel.de\/politik\/muenchen-befangenheitsantrag-im-nsu-prozess-abgelehnt\/9465856.html\" target=\"_blank\"><em>Tagesspiegel<\/em><\/a>. Die Anw\u00e4lte hatten argumentiert, dass Lang einen Aktenordner mit der Abk\u00fcrzung &#8222;NSU&#8220; beschriftet hatte, obwohl die Existenz des Nationalsozialistischen Untergrunds noch nicht bewiesen sei. Im Gerichtsbeschluss hei\u00dft es der Zeitung zufolge, die Abk\u00fcrzung sei eine &#8222;schlagwortartige Bezeichnung des Prozessgegenstands&#8220; und k\u00f6nne &#8222;f\u00fcr einen verst\u00e4ndigen Angeklagten&#8220; kein Misstrauen gegen den Richter begr\u00fcnden.<\/p>\n<p><!--more--><\/p>\n<p><em>An jedem Werktag sichten wir f\u00fcr das NSU-Prozess-Blog die Medien und stellen wichtige Berichte, Blogs, Videos und Tweets zusammen. Wir freuen uns \u00fcber Hinweise via Twitter mit dem Hashtag #nsublog \u2013 oder per E-Mail an <a href=\"mailto:nsublog@zeit.de\">nsublog@zeit.de<\/a>.<\/em><\/p>\n<p>Der Nebenklagevertreter Eberhard Reinecke wies zudem darauf hin, dass Stahl das <strong>K\u00fcrzel selbst auf seiner Homepage verwende<\/strong>, wie die Nachrichtenagentur <a href=\"http:\/\/www.augsburger-allgemeine.de\/bayern\/Nach-Befangenheitsantrag-Zschaepes-Anwalt-benutzt-selbst-NSU-id28778397.html\" target=\"_blank\">dpa berichtet<\/a>. Dort sei von der &#8222;Pflichtverteidigung im NSU-Prozess&#8220; die Rede. Stahl habe diese Angaben zur\u00fcckgewiesen und &#8222;als neben der Sache liegend&#8220; bezeichnet. Als Verteidiger nutze er die Abk\u00fcrzung nicht.<\/p>\n<p>In dieser Woche ruht der Prozess, weil nach der geplanten Vernehmung des Zeugen <a href=\"https:\/\/blog.zeit.de\/nsu-prozess-blog\/2014\/02\/11\/85-prozesstag-mittelsmann-beim-waffentransport-sagt-aus\/\" target=\"_blank\">Enrico T.<\/a> auch die Aussage des fr\u00fcheren Nazi-Anf\u00fchrers <strong>Tino Brandt<\/strong> verschoben wurde. Brandt befindet sich nach eigenen Angaben in einer juristisch schwierigen Position, wie die <a href=\"http:\/\/www.thueringer-allgemeine.de\/startseite\/detail\/-\/specific\/Thueringer-Neonazi-und-Verfassungsschutzspitzel-soll-vor-NSU-Prozess-aussagen-1909491089\" target=\"_blank\"><em>Th\u00fcringer Allgemeine<\/em><\/a> berichtet: Anders als bei mehreren anderen Zeugen aus der Th\u00fcringer Szene habe das Gericht einen Zeugenbeistand, also einen Anwalt, f\u00fcr Brandt abgelehnt. Aus eigener Tasche k\u00f6nne er keinen Anwalt bezahlen, sagte Brandt der Zeitung. Zu seiner Vernehmung bei der Bundesanwaltschaft Anfang 2012 war er noch in Begleitung eines Rechtsbeistands erschienen.<\/p>\n<p><em>Das n\u00e4chste Medienlog erscheint am Donnerstag, 13. Februar 2014.<\/em><\/p>\n","protected":false},"excerpt":{"rendered":"<p>Das M\u00fcnchner Landgericht hat erneut einen Befangenheitsantrag der Zsch\u00e4pe-Verteidiger gegen den NSU-Richter Peter Lang abgelehnt. Drei Mitglieder des Senats h\u00e4tten das Gesuch gegen ihren Kollegen &#8222;als unbegr\u00fcndet&#8220; zur\u00fcckgewiesen, berichtet der Tagesspiegel. Die Anw\u00e4lte hatten argumentiert, dass Lang einen Aktenordner mit der Abk\u00fcrzung &#8222;NSU&#8220; beschriftet hatte, obwohl die Existenz des Nationalsozialistischen Untergrunds noch nicht bewiesen sei. [&hellip;]<\/p>\n","protected":false},"author":435,"featured_media":0,"comment_status":"open","ping_status":"open","sticky":false,"template":"","format":"standard","meta":{"_jetpack_memberships_contains_paid_content":false,"footnotes":""},"categories":[27531],"tags":[17793,29430,27593,12741,29427],"class_list":["post-5809","post","type-post","status-publish","format-standard","hentry","category-medienschau","tag-beate-zschape","tag-befangenheitsantrag","tag-nebenklager","tag-tino-brandt","tag-wolfgang-stahl"],"yoast_head":"<!-- This site is optimized with the Yoast SEO plugin v21.0 - https:\/\/yoast.com\/wordpress\/plugins\/seo\/ -->\n<title>Zsch\u00e4pes Anw\u00e4lte scheitern mit Befangenheitsantrag \u2013 Das Medienlog vom Mittwoch, 12. Februar 2014 - Das NSU-Prozess-Blog<\/title>\n<meta name=\"robots\" content=\"index, follow, max-snippet:-1, max-image-preview:large, max-video-preview:-1\" \/>\n<link rel=\"canonical\" href=\"https:\/\/blog.zeit.de\/nsu-prozess-blog\/2014\/02\/12\/medienlog-befangenheitsantrag-abgelehnt\/\" \/>\n<meta property=\"og:locale\" content=\"de_DE\" \/>\n<meta property=\"og:type\" content=\"article\" \/>\n<meta property=\"og:title\" content=\"Zsch\u00e4pes Anw\u00e4lte scheitern mit Befangenheitsantrag \u2013 Das Medienlog vom Mittwoch, 12. Februar 2014 - Das NSU-Prozess-Blog\" \/>\n<meta property=\"og:description\" content=\"Das M\u00fcnchner Landgericht hat erneut einen Befangenheitsantrag der Zsch\u00e4pe-Verteidiger gegen den NSU-Richter Peter Lang abgelehnt. Drei Mitglieder des Senats h\u00e4tten das Gesuch gegen ihren Kollegen &#8222;als unbegr\u00fcndet&#8220; zur\u00fcckgewiesen, berichtet der Tagesspiegel. Die Anw\u00e4lte hatten argumentiert, dass Lang einen Aktenordner mit der Abk\u00fcrzung &#8222;NSU&#8220; beschriftet hatte, obwohl die Existenz des Nationalsozialistischen Untergrunds noch nicht bewiesen sei. [&hellip;]\" \/>\n<meta property=\"og:url\" content=\"https:\/\/blog.zeit.de\/nsu-prozess-blog\/2014\/02\/12\/medienlog-befangenheitsantrag-abgelehnt\/\" \/>\n<meta property=\"og:site_name\" content=\"Das NSU-Prozess-Blog\" \/>\n<meta property=\"article:published_time\" content=\"2014-02-12T07:36:16+00:00\" \/>\n<meta property=\"article:modified_time\" content=\"2014-02-12T08:00:01+00:00\" \/>\n<meta name=\"author\" content=\"Tom Sundermann\" \/>\n<meta name=\"twitter:label1\" content=\"Geschrieben von\" \/>\n\t<meta name=\"twitter:data1\" content=\"Tom Sundermann\" \/>\n\t<meta name=\"twitter:label2\" content=\"Gesch\u00e4tzte Lesezeit\" \/>\n\t<meta name=\"twitter:data2\" content=\"1\u00a0Minute\" \/>\n<script type=\"application\/ld+json\" class=\"yoast-schema-graph\">{\"@context\":\"https:\/\/schema.org\",\"@graph\":[{\"@type\":\"WebPage\",\"@id\":\"https:\/\/blog.zeit.de\/nsu-prozess-blog\/2014\/02\/12\/medienlog-befangenheitsantrag-abgelehnt\/\",\"url\":\"https:\/\/blog.zeit.de\/nsu-prozess-blog\/2014\/02\/12\/medienlog-befangenheitsantrag-abgelehnt\/\",\"name\":\"Zsch\u00e4pes Anw\u00e4lte scheitern mit Befangenheitsantrag \u2013 Das Medienlog vom Mittwoch, 12. Februar 2014 - Das NSU-Prozess-Blog\",\"isPartOf\":{\"@id\":\"https:\/\/blog.zeit.de\/nsu-prozess-blog\/#website\"},\"datePublished\":\"2014-02-12T07:36:16+00:00\",\"dateModified\":\"2014-02-12T08:00:01+00:00\",\"author\":{\"@id\":\"https:\/\/blog.zeit.de\/nsu-prozess-blog\/#\/schema\/person\/553ea9bb5d1fc2ae054c589bd59380a5\"},\"breadcrumb\":{\"@id\":\"https:\/\/blog.zeit.de\/nsu-prozess-blog\/2014\/02\/12\/medienlog-befangenheitsantrag-abgelehnt\/#breadcrumb\"},\"inLanguage\":\"de\",\"potentialAction\":[{\"@type\":\"ReadAction\",\"target\":[\"https:\/\/blog.zeit.de\/nsu-prozess-blog\/2014\/02\/12\/medienlog-befangenheitsantrag-abgelehnt\/\"]}]},{\"@type\":\"BreadcrumbList\",\"@id\":\"https:\/\/blog.zeit.de\/nsu-prozess-blog\/2014\/02\/12\/medienlog-befangenheitsantrag-abgelehnt\/#breadcrumb\",\"itemListElement\":[{\"@type\":\"ListItem\",\"position\":1,\"name\":\"Startseite\",\"item\":\"https:\/\/blog.zeit.de\/nsu-prozess-blog\/\"},{\"@type\":\"ListItem\",\"position\":2,\"name\":\"Zsch\u00e4pes Anw\u00e4lte scheitern mit Befangenheitsantrag \u2013 Das Medienlog vom Mittwoch, 12. Februar 2014\"}]},{\"@type\":\"WebSite\",\"@id\":\"https:\/\/blog.zeit.de\/nsu-prozess-blog\/#website\",\"url\":\"https:\/\/blog.zeit.de\/nsu-prozess-blog\/\",\"name\":\"Das NSU-Prozess-Blog\",\"description\":\"Alle Berichte zum Terrorverfahren in M\u00fcnchen\",\"potentialAction\":[{\"@type\":\"SearchAction\",\"target\":{\"@type\":\"EntryPoint\",\"urlTemplate\":\"https:\/\/blog.zeit.de\/nsu-prozess-blog\/?s={search_term_string}\"},\"query-input\":\"required name=search_term_string\"}],\"inLanguage\":\"de\"},{\"@type\":\"Person\",\"@id\":\"https:\/\/blog.zeit.de\/nsu-prozess-blog\/#\/schema\/person\/553ea9bb5d1fc2ae054c589bd59380a5\",\"name\":\"Tom Sundermann\",\"image\":{\"@type\":\"ImageObject\",\"inLanguage\":\"de\",\"@id\":\"https:\/\/blog.zeit.de\/nsu-prozess-blog\/#\/schema\/person\/image\/\",\"url\":\"https:\/\/secure.gravatar.com\/avatar\/e108a3dc18766f719b2f797dc5d19093f06a1870c55b553ab6b7563f1f9a5e68?s=96&d=mm&r=g\",\"contentUrl\":\"https:\/\/secure.gravatar.com\/avatar\/e108a3dc18766f719b2f797dc5d19093f06a1870c55b553ab6b7563f1f9a5e68?s=96&d=mm&r=g\",\"caption\":\"Tom Sundermann\"},\"sameAs\":[\"https:\/\/twitter.com\/messeticker\"],\"url\":\"https:\/\/blog.zeit.de\/nsu-prozess-blog\/author\/tsundermann\/\"}]}<\/script>\n<!-- \/ Yoast SEO plugin. -->","yoast_head_json":{"title":"Zsch\u00e4pes Anw\u00e4lte scheitern mit Befangenheitsantrag \u2013 Das Medienlog vom Mittwoch, 12. Februar 2014 - Das NSU-Prozess-Blog","robots":{"index":"index","follow":"follow","max-snippet":"max-snippet:-1","max-image-preview":"max-image-preview:large","max-video-preview":"max-video-preview:-1"},"canonical":"https:\/\/blog.zeit.de\/nsu-prozess-blog\/2014\/02\/12\/medienlog-befangenheitsantrag-abgelehnt\/","og_locale":"de_DE","og_type":"article","og_title":"Zsch\u00e4pes Anw\u00e4lte scheitern mit Befangenheitsantrag \u2013 Das Medienlog vom Mittwoch, 12. Februar 2014 - Das NSU-Prozess-Blog","og_description":"Das M\u00fcnchner Landgericht hat erneut einen Befangenheitsantrag der Zsch\u00e4pe-Verteidiger gegen den NSU-Richter Peter Lang abgelehnt. Drei Mitglieder des Senats h\u00e4tten das Gesuch gegen ihren Kollegen &#8222;als unbegr\u00fcndet&#8220; zur\u00fcckgewiesen, berichtet der Tagesspiegel. Die Anw\u00e4lte hatten argumentiert, dass Lang einen Aktenordner mit der Abk\u00fcrzung &#8222;NSU&#8220; beschriftet hatte, obwohl die Existenz des Nationalsozialistischen Untergrunds noch nicht bewiesen sei. [&hellip;]","og_url":"https:\/\/blog.zeit.de\/nsu-prozess-blog\/2014\/02\/12\/medienlog-befangenheitsantrag-abgelehnt\/","og_site_name":"Das NSU-Prozess-Blog","article_published_time":"2014-02-12T07:36:16+00:00","article_modified_time":"2014-02-12T08:00:01+00:00","author":"Tom Sundermann","twitter_misc":{"Geschrieben von":"Tom Sundermann","Gesch\u00e4tzte Lesezeit":"1\u00a0Minute"},"schema":{"@context":"https:\/\/schema.org","@graph":[{"@type":"WebPage","@id":"https:\/\/blog.zeit.de\/nsu-prozess-blog\/2014\/02\/12\/medienlog-befangenheitsantrag-abgelehnt\/","url":"https:\/\/blog.zeit.de\/nsu-prozess-blog\/2014\/02\/12\/medienlog-befangenheitsantrag-abgelehnt\/","name":"Zsch\u00e4pes Anw\u00e4lte scheitern mit Befangenheitsantrag \u2013 Das Medienlog vom Mittwoch, 12. Februar 2014 - Das NSU-Prozess-Blog","isPartOf":{"@id":"https:\/\/blog.zeit.de\/nsu-prozess-blog\/#website"},"datePublished":"2014-02-12T07:36:16+00:00","dateModified":"2014-02-12T08:00:01+00:00","author":{"@id":"https:\/\/blog.zeit.de\/nsu-prozess-blog\/#\/schema\/person\/553ea9bb5d1fc2ae054c589bd59380a5"},"breadcrumb":{"@id":"https:\/\/blog.zeit.de\/nsu-prozess-blog\/2014\/02\/12\/medienlog-befangenheitsantrag-abgelehnt\/#breadcrumb"},"inLanguage":"de","potentialAction":[{"@type":"ReadAction","target":["https:\/\/blog.zeit.de\/nsu-prozess-blog\/2014\/02\/12\/medienlog-befangenheitsantrag-abgelehnt\/"]}]},{"@type":"BreadcrumbList","@id":"https:\/\/blog.zeit.de\/nsu-prozess-blog\/2014\/02\/12\/medienlog-befangenheitsantrag-abgelehnt\/#breadcrumb","itemListElement":[{"@type":"ListItem","position":1,"name":"Startseite","item":"https:\/\/blog.zeit.de\/nsu-prozess-blog\/"},{"@type":"ListItem","position":2,"name":"Zsch\u00e4pes Anw\u00e4lte scheitern mit Befangenheitsantrag \u2013 Das Medienlog vom Mittwoch, 12. Februar 2014"}]},{"@type":"WebSite","@id":"https:\/\/blog.zeit.de\/nsu-prozess-blog\/#website","url":"https:\/\/blog.zeit.de\/nsu-prozess-blog\/","name":"Das NSU-Prozess-Blog","description":"Alle Berichte zum Terrorverfahren in M\u00fcnchen","potentialAction":[{"@type":"SearchAction","target":{"@type":"EntryPoint","urlTemplate":"https:\/\/blog.zeit.de\/nsu-prozess-blog\/?s={search_term_string}"},"query-input":"required name=search_term_string"}],"inLanguage":"de"},{"@type":"Person","@id":"https:\/\/blog.zeit.de\/nsu-prozess-blog\/#\/schema\/person\/553ea9bb5d1fc2ae054c589bd59380a5","name":"Tom Sundermann","image":{"@type":"ImageObject","inLanguage":"de","@id":"https:\/\/blog.zeit.de\/nsu-prozess-blog\/#\/schema\/person\/image\/","url":"https:\/\/secure.gravatar.com\/avatar\/e108a3dc18766f719b2f797dc5d19093f06a1870c55b553ab6b7563f1f9a5e68?s=96&d=mm&r=g","contentUrl":"https:\/\/secure.gravatar.com\/avatar\/e108a3dc18766f719b2f797dc5d19093f06a1870c55b553ab6b7563f1f9a5e68?s=96&d=mm&r=g","caption":"Tom Sundermann"},"sameAs":["https:\/\/twitter.com\/messeticker"],"url":"https:\/\/blog.zeit.de\/nsu-prozess-blog\/author\/tsundermann\/"}]}},"jetpack_featured_media_url":"","jetpack_sharing_enabled":true,"_links":{"self":[{"href":"https:\/\/blog.zeit.de\/nsu-prozess-blog\/wp-json\/wp\/v2\/posts\/5809","targetHints":{"allow":["GET"]}}],"collection":[{"href":"https:\/\/blog.zeit.de\/nsu-prozess-blog\/wp-json\/wp\/v2\/posts"}],"about":[{"href":"https:\/\/blog.zeit.de\/nsu-prozess-blog\/wp-json\/wp\/v2\/types\/post"}],"author":[{"embeddable":true,"href":"https:\/\/blog.zeit.de\/nsu-prozess-blog\/wp-json\/wp\/v2\/users\/435"}],"replies":[{"embeddable":true,"href":"https:\/\/blog.zeit.de\/nsu-prozess-blog\/wp-json\/wp\/v2\/comments?post=5809"}],"version-history":[{"count":10,"href":"https:\/\/blog.zeit.de\/nsu-prozess-blog\/wp-json\/wp\/v2\/posts\/5809\/revisions"}],"predecessor-version":[{"id":5819,"href":"https:\/\/blog.zeit.de\/nsu-prozess-blog\/wp-json\/wp\/v2\/posts\/5809\/revisions\/5819"}],"wp:attachment":[{"href":"https:\/\/blog.zeit.de\/nsu-prozess-blog\/wp-json\/wp\/v2\/media?parent=5809"}],"wp:term":[{"taxonomy":"category","embeddable":true,"href":"https:\/\/blog.zeit.de\/nsu-prozess-blog\/wp-json\/wp\/v2\/categories?post=5809"},{"taxonomy":"post_tag","embeddable":true,"href":"https:\/\/blog.zeit.de\/nsu-prozess-blog\/wp-json\/wp\/v2\/tags?post=5809"}],"curies":[{"name":"wp","href":"https:\/\/api.w.org\/{rel}","templated":true}]}}