{"id":5942,"date":"2014-02-21T08:15:11","date_gmt":"2014-02-21T07:15:11","guid":{"rendered":"http:\/\/blog.zeit.de\/nsu-prozess-blog\/?p=5942"},"modified":"2014-02-21T08:49:50","modified_gmt":"2014-02-21T07:49:50","slug":"medienlog-max-florian-b-aussage","status":"publish","type":"post","link":"https:\/\/blog.zeit.de\/nsu-prozess-blog\/2014\/02\/21\/medienlog-max-florian-b-aussage\/","title":{"rendered":"Im Klammergriff des NSU \u2013 Das Medienlog vom Freitag, 21. Februar 2014"},"content":{"rendered":"<p>Der mutma\u00dfliche NSU-Unterst\u00fctzer Max-Florian B. ist als Zeuge nach M\u00fcnchen gekommen \u2013 und hat geschwiegen. Gegen den 36-J\u00e4hrigen l\u00e4uft ein Ermittlungsverfahren, er belastete sich selbst nicht. Stattdessen sagten zwei Polizisten aus, die B. nach dem Auffliegen des NSU vernommen hatten. Der Beschuldigte hatte die drei bei sich wohnen lassen, ihnen seinen Personalausweis \u00fcberlassen und sich mehrmals mit ihnen getroffen. Die Terrorgruppe habe den Dresdner &#8222;benutzt&#8220;, schreibt Frank Jansen im <a href=\"http:\/\/www.tagesspiegel.de\/politik\/87-tag-im-nsu-prozess-das-drama-des-max-florian-b-\/9513212.html\" target=\"_blank\"><em>Tagesspiegel<\/em><\/a> \u2013 m\u00f6glicherweise &#8222;war er zu schwach, um sich aus dem Klammergriff zu befreien&#8220;.<\/p>\n<p><!--more--><\/p>\n<p><em>An jedem Werktag sichten wir f\u00fcr das NSU-Prozess-Blog die Medien und stellen wichtige Berichte, Blogs, Videos und Tweets zusammen. Wir freuen uns \u00fcber Hinweise via Twitter mit dem Hashtag #nsublog \u2013 oder per E-Mail an <a href=\"mailto:nsublog@zeit.de\">nsublog@zeit.de<\/a>.<\/em><\/p>\n<p>Dass B. sich darauf einlie\u00df, das untergetauchte Trio zu unterst\u00fctzen, zeige, dass B. &#8222;sich jung und naiv rechtsextrem auf Leute einlie\u00df, die h\u00e4rter und gef\u00e4hrlicher waren&#8220;. Unklar sei deshalb, weshalb er die Aussage verweigert habe. Statt B.s Angaben h\u00f6rte das Gericht die Aussagen zweier Ermittler. Einer von ihnen, ein Beamter des Bundeskriminalamts, habe &#8222;mit einem guten Ged\u00e4chtnis&#8220; aus B.s Vernehmungen berichtet. Dabei wurde auch die Angst deutlich, die B. nach seiner Zusammenarbeit mit der Terrorgruppe sp\u00fcrte: So k\u00fcndigte er ein von Mundlos auf seinen Namen er\u00f6ffnetes Konto bei der Commerzbank nicht \u2013 er f\u00fcrchtete, diese k\u00f6nne merken, dass die Unterschriften nicht \u00fcbereinstimmten. Nun sei offen, wie das Ermittlungsverfahren gegen ihn ausgehe \u2013 B. k\u00f6nne &#8222;froh sein, im NSU-Prozess nicht als der sechste Angeklagte sitzen zu m\u00fcssen&#8220;, schreibt Jansen.<\/p>\n<p>Auch <a href=\"https:\/\/blog.zeit.de\/nsu-prozess-blog\/2014\/02\/20\/ein-schweigender-zeuge-und-ein-vergesslicher-ermittler\/\" target=\"_blank\">ZEIT ONLINE<\/a> schreibt, B. habe beinahe &#8222;selbst auf der Anklagebank Platz nehmen m\u00fcssen&#8220;. In seiner ersten Vernehmung Anfang November 2011 hatte B. ausgesagt, er habe nur kurz jemanden bei sich \u00fcbernachten lassen \u2013 aber die Bekanntschaft mit Zsch\u00e4pe, Mundlos und B\u00f6hnhardt sei &#8222;weit mehr als eine fl\u00fcchtige Begegnung&#8220; gewesen. Der Zeuge habe sich bei der Polizei als Opfer dargestellt. Ob diese Aussage korrekt sei, m\u00fcsse jedoch noch gekl\u00e4rt werden.<\/p>\n<p>Das Gericht habe die Aussagen B.s &#8222;m\u00fchsam&#8220; rekonstruieren m\u00fcssen, schreibt Kai Mudra in der <a href=\"http:\/\/www.thueringer-allgemeine.de\/startseite\/detail\/-\/specific\/Weitere-Tarnidentitaet-im-NSU-Prozess-offen-gelegt-2144632041\" target=\"_blank\"><em>Th\u00fcringer Allgemeinen<\/em><\/a>. Der Vernehmer des BKA habe sich &#8222;ganz fit im Zeugenstand&#8220; erwiesen \u2013 etwa, als es um die sp\u00e4teren Treffen und Telefonate zwischen B. und dem Trio ging. Drei pers\u00f6nliche Begegnungen gab es, ein bis zwei Telefonate im Jahr. Dabei wollten die Untergetauchten sich offenbar \u00fcber die Lebensumst\u00e4nde von B. informieren, der mittlerweile Vater von zwei Kindern ist. Misstrauisch machte ihn das anscheinend nicht.<\/p>\n<p>In der <a href=\"http:\/\/www.jungewelt.de\/2014\/02-21\/019.php\" target=\"_blank\"><em>Jungen Welt<\/em><\/a> stellt Claudia Wagnerin die zahlreichen Merkw\u00fcrdigkeiten an B.s Aussage heraus: Der Zeuge habe &#8222;den Th\u00fcringer Beamten und dem Bundeskriminalamt unterschiedliche Versionen aufgetischt&#8220;. Auch sei er ziemlich unkritisch mit den Leuten umgegangen, die er damals in seiner Wohnung einquartiert hatte \u2013 im Laufe der Zeit habe er erfahren, dass seine Mitbewohner gesucht werden. Doch das nahm er nicht sofort zum Anlass, sie vor die T\u00fcr zu setzen.<\/p>\n<p>In den Vernehmungen hatte B. noch gesagt, er wolle kooperieren und sich nicht hinter einem Anwalt verstecken \u2013 dann habe er sich irgendwann umentschieden, wie eine <a href=\"http:\/\/www.n24.de\/n24\/Nachrichten\/Politik\/d\/4316784\/das-interessante-schweigen-des-max-florian-b-.html\" target=\"_blank\">dpa-Meldung<\/a> analysiert. Zum Gerichtstermin brachte der Beschuldigte einen Rechtsbeistand mit. Insofern war sein Verhalten im Vergleich zu anderen Kameraden aus der Szene eher die Regel als die Ausnahme: B. war &#8222;nicht der erste Zeuge, der sich vor Gericht deutlich schweigsamer zeigt als in den vorangegangenen Vernehmungen&#8220;, hei\u00dft es.<\/p>\n<p><em>Das n\u00e4chste Medienlog erscheint am Montag, 24. Februar 2014.<\/em><\/p>\n","protected":false},"excerpt":{"rendered":"<p>Der mutma\u00dfliche NSU-Unterst\u00fctzer Max-Florian B. ist als Zeuge nach M\u00fcnchen gekommen \u2013 und hat geschwiegen. Gegen den 36-J\u00e4hrigen l\u00e4uft ein Ermittlungsverfahren, er belastete sich selbst nicht. Stattdessen sagten zwei Polizisten aus, die B. nach dem Auffliegen des NSU vernommen hatten. Der Beschuldigte hatte die drei bei sich wohnen lassen, ihnen seinen Personalausweis \u00fcberlassen und sich [&hellip;]<\/p>\n","protected":false},"author":435,"featured_media":0,"comment_status":"open","ping_status":"open","sticky":false,"template":"","format":"standard","meta":{"_jetpack_memberships_contains_paid_content":false,"footnotes":""},"categories":[27531],"tags":[29504,22859],"class_list":["post-5942","post","type-post","status-publish","format-standard","hentry","category-medienschau","tag-max-florian-b","tag-uwe-mundlos"],"yoast_head":"<!-- This site is optimized with the Yoast SEO plugin v21.0 - https:\/\/yoast.com\/wordpress\/plugins\/seo\/ -->\n<title>Im Klammergriff des NSU \u2013 Das Medienlog vom Freitag, 21. Februar 2014 - Das NSU-Prozess-Blog<\/title>\n<meta name=\"robots\" content=\"index, follow, max-snippet:-1, max-image-preview:large, max-video-preview:-1\" \/>\n<link rel=\"canonical\" href=\"https:\/\/blog.zeit.de\/nsu-prozess-blog\/2014\/02\/21\/medienlog-max-florian-b-aussage\/\" \/>\n<meta property=\"og:locale\" content=\"de_DE\" \/>\n<meta property=\"og:type\" content=\"article\" \/>\n<meta property=\"og:title\" content=\"Im Klammergriff des NSU \u2013 Das Medienlog vom Freitag, 21. Februar 2014 - Das NSU-Prozess-Blog\" \/>\n<meta property=\"og:description\" content=\"Der mutma\u00dfliche NSU-Unterst\u00fctzer Max-Florian B. ist als Zeuge nach M\u00fcnchen gekommen \u2013 und hat geschwiegen. Gegen den 36-J\u00e4hrigen l\u00e4uft ein Ermittlungsverfahren, er belastete sich selbst nicht. Stattdessen sagten zwei Polizisten aus, die B. nach dem Auffliegen des NSU vernommen hatten. Der Beschuldigte hatte die drei bei sich wohnen lassen, ihnen seinen Personalausweis \u00fcberlassen und sich [&hellip;]\" \/>\n<meta property=\"og:url\" content=\"https:\/\/blog.zeit.de\/nsu-prozess-blog\/2014\/02\/21\/medienlog-max-florian-b-aussage\/\" \/>\n<meta property=\"og:site_name\" content=\"Das NSU-Prozess-Blog\" \/>\n<meta property=\"article:published_time\" content=\"2014-02-21T07:15:11+00:00\" \/>\n<meta property=\"article:modified_time\" content=\"2014-02-21T07:49:50+00:00\" \/>\n<meta name=\"author\" content=\"Tom Sundermann\" \/>\n<meta name=\"twitter:label1\" content=\"Geschrieben von\" \/>\n\t<meta name=\"twitter:data1\" content=\"Tom Sundermann\" \/>\n\t<meta name=\"twitter:label2\" content=\"Gesch\u00e4tzte Lesezeit\" \/>\n\t<meta name=\"twitter:data2\" content=\"3\u00a0Minuten\" \/>\n<script type=\"application\/ld+json\" class=\"yoast-schema-graph\">{\"@context\":\"https:\/\/schema.org\",\"@graph\":[{\"@type\":\"WebPage\",\"@id\":\"https:\/\/blog.zeit.de\/nsu-prozess-blog\/2014\/02\/21\/medienlog-max-florian-b-aussage\/\",\"url\":\"https:\/\/blog.zeit.de\/nsu-prozess-blog\/2014\/02\/21\/medienlog-max-florian-b-aussage\/\",\"name\":\"Im Klammergriff des NSU \u2013 Das Medienlog vom Freitag, 21. Februar 2014 - Das NSU-Prozess-Blog\",\"isPartOf\":{\"@id\":\"https:\/\/blog.zeit.de\/nsu-prozess-blog\/#website\"},\"datePublished\":\"2014-02-21T07:15:11+00:00\",\"dateModified\":\"2014-02-21T07:49:50+00:00\",\"author\":{\"@id\":\"https:\/\/blog.zeit.de\/nsu-prozess-blog\/#\/schema\/person\/553ea9bb5d1fc2ae054c589bd59380a5\"},\"breadcrumb\":{\"@id\":\"https:\/\/blog.zeit.de\/nsu-prozess-blog\/2014\/02\/21\/medienlog-max-florian-b-aussage\/#breadcrumb\"},\"inLanguage\":\"de\",\"potentialAction\":[{\"@type\":\"ReadAction\",\"target\":[\"https:\/\/blog.zeit.de\/nsu-prozess-blog\/2014\/02\/21\/medienlog-max-florian-b-aussage\/\"]}]},{\"@type\":\"BreadcrumbList\",\"@id\":\"https:\/\/blog.zeit.de\/nsu-prozess-blog\/2014\/02\/21\/medienlog-max-florian-b-aussage\/#breadcrumb\",\"itemListElement\":[{\"@type\":\"ListItem\",\"position\":1,\"name\":\"Startseite\",\"item\":\"https:\/\/blog.zeit.de\/nsu-prozess-blog\/\"},{\"@type\":\"ListItem\",\"position\":2,\"name\":\"Im Klammergriff des NSU \u2013 Das Medienlog vom Freitag, 21. Februar 2014\"}]},{\"@type\":\"WebSite\",\"@id\":\"https:\/\/blog.zeit.de\/nsu-prozess-blog\/#website\",\"url\":\"https:\/\/blog.zeit.de\/nsu-prozess-blog\/\",\"name\":\"Das NSU-Prozess-Blog\",\"description\":\"Alle Berichte zum Terrorverfahren in M\u00fcnchen\",\"potentialAction\":[{\"@type\":\"SearchAction\",\"target\":{\"@type\":\"EntryPoint\",\"urlTemplate\":\"https:\/\/blog.zeit.de\/nsu-prozess-blog\/?s={search_term_string}\"},\"query-input\":\"required name=search_term_string\"}],\"inLanguage\":\"de\"},{\"@type\":\"Person\",\"@id\":\"https:\/\/blog.zeit.de\/nsu-prozess-blog\/#\/schema\/person\/553ea9bb5d1fc2ae054c589bd59380a5\",\"name\":\"Tom Sundermann\",\"image\":{\"@type\":\"ImageObject\",\"inLanguage\":\"de\",\"@id\":\"https:\/\/blog.zeit.de\/nsu-prozess-blog\/#\/schema\/person\/image\/\",\"url\":\"https:\/\/secure.gravatar.com\/avatar\/e108a3dc18766f719b2f797dc5d19093f06a1870c55b553ab6b7563f1f9a5e68?s=96&d=mm&r=g\",\"contentUrl\":\"https:\/\/secure.gravatar.com\/avatar\/e108a3dc18766f719b2f797dc5d19093f06a1870c55b553ab6b7563f1f9a5e68?s=96&d=mm&r=g\",\"caption\":\"Tom Sundermann\"},\"sameAs\":[\"https:\/\/twitter.com\/messeticker\"],\"url\":\"https:\/\/blog.zeit.de\/nsu-prozess-blog\/author\/tsundermann\/\"}]}<\/script>\n<!-- \/ Yoast SEO plugin. -->","yoast_head_json":{"title":"Im Klammergriff des NSU \u2013 Das Medienlog vom Freitag, 21. Februar 2014 - Das NSU-Prozess-Blog","robots":{"index":"index","follow":"follow","max-snippet":"max-snippet:-1","max-image-preview":"max-image-preview:large","max-video-preview":"max-video-preview:-1"},"canonical":"https:\/\/blog.zeit.de\/nsu-prozess-blog\/2014\/02\/21\/medienlog-max-florian-b-aussage\/","og_locale":"de_DE","og_type":"article","og_title":"Im Klammergriff des NSU \u2013 Das Medienlog vom Freitag, 21. Februar 2014 - Das NSU-Prozess-Blog","og_description":"Der mutma\u00dfliche NSU-Unterst\u00fctzer Max-Florian B. ist als Zeuge nach M\u00fcnchen gekommen \u2013 und hat geschwiegen. Gegen den 36-J\u00e4hrigen l\u00e4uft ein Ermittlungsverfahren, er belastete sich selbst nicht. Stattdessen sagten zwei Polizisten aus, die B. nach dem Auffliegen des NSU vernommen hatten. Der Beschuldigte hatte die drei bei sich wohnen lassen, ihnen seinen Personalausweis \u00fcberlassen und sich [&hellip;]","og_url":"https:\/\/blog.zeit.de\/nsu-prozess-blog\/2014\/02\/21\/medienlog-max-florian-b-aussage\/","og_site_name":"Das NSU-Prozess-Blog","article_published_time":"2014-02-21T07:15:11+00:00","article_modified_time":"2014-02-21T07:49:50+00:00","author":"Tom Sundermann","twitter_misc":{"Geschrieben von":"Tom Sundermann","Gesch\u00e4tzte Lesezeit":"3\u00a0Minuten"},"schema":{"@context":"https:\/\/schema.org","@graph":[{"@type":"WebPage","@id":"https:\/\/blog.zeit.de\/nsu-prozess-blog\/2014\/02\/21\/medienlog-max-florian-b-aussage\/","url":"https:\/\/blog.zeit.de\/nsu-prozess-blog\/2014\/02\/21\/medienlog-max-florian-b-aussage\/","name":"Im Klammergriff des NSU \u2013 Das Medienlog vom Freitag, 21. Februar 2014 - Das NSU-Prozess-Blog","isPartOf":{"@id":"https:\/\/blog.zeit.de\/nsu-prozess-blog\/#website"},"datePublished":"2014-02-21T07:15:11+00:00","dateModified":"2014-02-21T07:49:50+00:00","author":{"@id":"https:\/\/blog.zeit.de\/nsu-prozess-blog\/#\/schema\/person\/553ea9bb5d1fc2ae054c589bd59380a5"},"breadcrumb":{"@id":"https:\/\/blog.zeit.de\/nsu-prozess-blog\/2014\/02\/21\/medienlog-max-florian-b-aussage\/#breadcrumb"},"inLanguage":"de","potentialAction":[{"@type":"ReadAction","target":["https:\/\/blog.zeit.de\/nsu-prozess-blog\/2014\/02\/21\/medienlog-max-florian-b-aussage\/"]}]},{"@type":"BreadcrumbList","@id":"https:\/\/blog.zeit.de\/nsu-prozess-blog\/2014\/02\/21\/medienlog-max-florian-b-aussage\/#breadcrumb","itemListElement":[{"@type":"ListItem","position":1,"name":"Startseite","item":"https:\/\/blog.zeit.de\/nsu-prozess-blog\/"},{"@type":"ListItem","position":2,"name":"Im Klammergriff des NSU \u2013 Das Medienlog vom Freitag, 21. Februar 2014"}]},{"@type":"WebSite","@id":"https:\/\/blog.zeit.de\/nsu-prozess-blog\/#website","url":"https:\/\/blog.zeit.de\/nsu-prozess-blog\/","name":"Das NSU-Prozess-Blog","description":"Alle Berichte zum Terrorverfahren in M\u00fcnchen","potentialAction":[{"@type":"SearchAction","target":{"@type":"EntryPoint","urlTemplate":"https:\/\/blog.zeit.de\/nsu-prozess-blog\/?s={search_term_string}"},"query-input":"required name=search_term_string"}],"inLanguage":"de"},{"@type":"Person","@id":"https:\/\/blog.zeit.de\/nsu-prozess-blog\/#\/schema\/person\/553ea9bb5d1fc2ae054c589bd59380a5","name":"Tom Sundermann","image":{"@type":"ImageObject","inLanguage":"de","@id":"https:\/\/blog.zeit.de\/nsu-prozess-blog\/#\/schema\/person\/image\/","url":"https:\/\/secure.gravatar.com\/avatar\/e108a3dc18766f719b2f797dc5d19093f06a1870c55b553ab6b7563f1f9a5e68?s=96&d=mm&r=g","contentUrl":"https:\/\/secure.gravatar.com\/avatar\/e108a3dc18766f719b2f797dc5d19093f06a1870c55b553ab6b7563f1f9a5e68?s=96&d=mm&r=g","caption":"Tom Sundermann"},"sameAs":["https:\/\/twitter.com\/messeticker"],"url":"https:\/\/blog.zeit.de\/nsu-prozess-blog\/author\/tsundermann\/"}]}},"jetpack_featured_media_url":"","jetpack_sharing_enabled":true,"_links":{"self":[{"href":"https:\/\/blog.zeit.de\/nsu-prozess-blog\/wp-json\/wp\/v2\/posts\/5942","targetHints":{"allow":["GET"]}}],"collection":[{"href":"https:\/\/blog.zeit.de\/nsu-prozess-blog\/wp-json\/wp\/v2\/posts"}],"about":[{"href":"https:\/\/blog.zeit.de\/nsu-prozess-blog\/wp-json\/wp\/v2\/types\/post"}],"author":[{"embeddable":true,"href":"https:\/\/blog.zeit.de\/nsu-prozess-blog\/wp-json\/wp\/v2\/users\/435"}],"replies":[{"embeddable":true,"href":"https:\/\/blog.zeit.de\/nsu-prozess-blog\/wp-json\/wp\/v2\/comments?post=5942"}],"version-history":[{"count":8,"href":"https:\/\/blog.zeit.de\/nsu-prozess-blog\/wp-json\/wp\/v2\/posts\/5942\/revisions"}],"predecessor-version":[{"id":5956,"href":"https:\/\/blog.zeit.de\/nsu-prozess-blog\/wp-json\/wp\/v2\/posts\/5942\/revisions\/5956"}],"wp:attachment":[{"href":"https:\/\/blog.zeit.de\/nsu-prozess-blog\/wp-json\/wp\/v2\/media?parent=5942"}],"wp:term":[{"taxonomy":"category","embeddable":true,"href":"https:\/\/blog.zeit.de\/nsu-prozess-blog\/wp-json\/wp\/v2\/categories?post=5942"},{"taxonomy":"post_tag","embeddable":true,"href":"https:\/\/blog.zeit.de\/nsu-prozess-blog\/wp-json\/wp\/v2\/tags?post=5942"}],"curies":[{"name":"wp","href":"https:\/\/api.w.org\/{rel}","templated":true}]}}