{"id":5963,"date":"2014-02-25T07:55:53","date_gmt":"2014-02-25T06:55:53","guid":{"rendered":"http:\/\/blog.zeit.de\/nsu-prozess-blog\/?p=5963"},"modified":"2014-02-25T07:55:53","modified_gmt":"2014-02-25T06:55:53","slug":"medienlog-mandy-s-aussageverweigerung","status":"publish","type":"post","link":"https:\/\/blog.zeit.de\/nsu-prozess-blog\/2014\/02\/25\/medienlog-mandy-s-aussageverweigerung\/","title":{"rendered":"NSU-Unterst\u00fctzerin d\u00fcrfte schweigen \u2013 Das Medienlog vom Dienstag, 25. Februar 2014"},"content":{"rendered":"<p>Am Mittwoch und Donnerstag will das Gericht die Zeugin Mandy S. h\u00f6ren \u2013 doch die k\u00f6nnte sich in Schweigen h\u00fcllen, wie Kai Mudra in der <a href=\"http:\/\/www.thueringer-allgemeine.de\/startseite\/detail\/-\/specific\/NSU-Prozess-Chemnitzer-Autovermieterin-soll-Anklage-bestaetigen-71231552\" target=\"_blank\"><em>Th\u00fcringer Allgemeinen<\/em><\/a> berichtet. Mit einer Aussage k\u00f6nnte sich S. selbst belasten: Gemeinsam mit ihrem damaligen Freund soll sie den drei abgetauchten NSU-Mitgliedern im Jahr 1998 <a href=\"https:\/\/blog.zeit.de\/nsu-prozess-blog\/2014\/02\/20\/ein-schweigender-zeuge-und-ein-vergesslicher-ermittler\/\" target=\"_blank\">Unterschlupf gew\u00e4hrt haben<\/a>.<\/p>\n<p>Deswegen l\u00e4uft ein Ermittlungsverfahren der Bundesanwaltschaft gegen die Friseurin aus Schwarzenberg im Erzgebirge. Beobachter gingen davon aus, dass S. f\u00fcr sich ein umfassendes Aussageverweigerungsrecht gelten macht, hei\u00dft es in dem Bericht. In dem Fall w\u00fcrde die Sitzung am Donnerstag ausfallen \u2013 es w\u00e4re bereits das vierte Mal in diesem Jahr.<\/p>\n<p><em>An jedem Werktag sichten wir f\u00fcr das NSU-Prozess-Blog die Medien und stellen wichtige Berichte, Blogs, Videos und Tweets zusammen. Wir freuen uns \u00fcber Hinweise via Twitter mit dem Hashtag #nsublog \u2013 oder per E-Mail an <a href=\"mailto:nsublog@zeit.de\">nsublog@zeit.de<\/a>.<\/em><\/p>\n<p><em>Das n\u00e4chste Medienlog erscheint am Mittwoch, 26. Februar 2014.<\/em><\/p>\n","protected":false},"excerpt":{"rendered":"<p>Am Mittwoch und Donnerstag will das Gericht die Zeugin Mandy S. h\u00f6ren \u2013 doch die k\u00f6nnte sich in Schweigen h\u00fcllen, wie Kai Mudra in der Th\u00fcringer Allgemeinen berichtet. Mit einer Aussage k\u00f6nnte sich S. selbst belasten: Gemeinsam mit ihrem damaligen Freund soll sie den drei abgetauchten NSU-Mitgliedern im Jahr 1998 Unterschlupf gew\u00e4hrt haben. Deswegen l\u00e4uft [&hellip;]<\/p>\n","protected":false},"author":435,"featured_media":0,"comment_status":"open","ping_status":"open","sticky":false,"template":"","format":"standard","meta":{"_jetpack_memberships_contains_paid_content":false,"footnotes":""},"categories":[27531],"tags":[17802,1449],"class_list":["post-5963","post","type-post","status-publish","format-standard","hentry","category-medienschau","tag-mandy-s","tag-unterstutzer"],"yoast_head":"<!-- This site is optimized with the Yoast SEO plugin v21.0 - https:\/\/yoast.com\/wordpress\/plugins\/seo\/ -->\n<title>NSU-Unterst\u00fctzerin d\u00fcrfte schweigen \u2013 Das Medienlog vom Dienstag, 25. Februar 2014 - Das NSU-Prozess-Blog<\/title>\n<meta name=\"robots\" content=\"index, follow, max-snippet:-1, max-image-preview:large, max-video-preview:-1\" \/>\n<link rel=\"canonical\" href=\"https:\/\/blog.zeit.de\/nsu-prozess-blog\/2014\/02\/25\/medienlog-mandy-s-aussageverweigerung\/\" \/>\n<meta property=\"og:locale\" content=\"de_DE\" \/>\n<meta property=\"og:type\" content=\"article\" \/>\n<meta property=\"og:title\" content=\"NSU-Unterst\u00fctzerin d\u00fcrfte schweigen \u2013 Das Medienlog vom Dienstag, 25. Februar 2014 - Das NSU-Prozess-Blog\" \/>\n<meta property=\"og:description\" content=\"Am Mittwoch und Donnerstag will das Gericht die Zeugin Mandy S. h\u00f6ren \u2013 doch die k\u00f6nnte sich in Schweigen h\u00fcllen, wie Kai Mudra in der Th\u00fcringer Allgemeinen berichtet. Mit einer Aussage k\u00f6nnte sich S. selbst belasten: Gemeinsam mit ihrem damaligen Freund soll sie den drei abgetauchten NSU-Mitgliedern im Jahr 1998 Unterschlupf gew\u00e4hrt haben. Deswegen l\u00e4uft [&hellip;]\" \/>\n<meta property=\"og:url\" content=\"https:\/\/blog.zeit.de\/nsu-prozess-blog\/2014\/02\/25\/medienlog-mandy-s-aussageverweigerung\/\" \/>\n<meta property=\"og:site_name\" content=\"Das NSU-Prozess-Blog\" \/>\n<meta property=\"article:published_time\" content=\"2014-02-25T06:55:53+00:00\" \/>\n<meta name=\"author\" content=\"Tom Sundermann\" \/>\n<meta name=\"twitter:label1\" content=\"Geschrieben von\" \/>\n\t<meta name=\"twitter:data1\" content=\"Tom Sundermann\" \/>\n\t<meta name=\"twitter:label2\" content=\"Gesch\u00e4tzte Lesezeit\" \/>\n\t<meta name=\"twitter:data2\" content=\"1\u00a0Minute\" \/>\n<script type=\"application\/ld+json\" class=\"yoast-schema-graph\">{\"@context\":\"https:\/\/schema.org\",\"@graph\":[{\"@type\":\"WebPage\",\"@id\":\"https:\/\/blog.zeit.de\/nsu-prozess-blog\/2014\/02\/25\/medienlog-mandy-s-aussageverweigerung\/\",\"url\":\"https:\/\/blog.zeit.de\/nsu-prozess-blog\/2014\/02\/25\/medienlog-mandy-s-aussageverweigerung\/\",\"name\":\"NSU-Unterst\u00fctzerin d\u00fcrfte schweigen \u2013 Das Medienlog vom Dienstag, 25. Februar 2014 - Das NSU-Prozess-Blog\",\"isPartOf\":{\"@id\":\"https:\/\/blog.zeit.de\/nsu-prozess-blog\/#website\"},\"datePublished\":\"2014-02-25T06:55:53+00:00\",\"dateModified\":\"2014-02-25T06:55:53+00:00\",\"author\":{\"@id\":\"https:\/\/blog.zeit.de\/nsu-prozess-blog\/#\/schema\/person\/553ea9bb5d1fc2ae054c589bd59380a5\"},\"breadcrumb\":{\"@id\":\"https:\/\/blog.zeit.de\/nsu-prozess-blog\/2014\/02\/25\/medienlog-mandy-s-aussageverweigerung\/#breadcrumb\"},\"inLanguage\":\"de\",\"potentialAction\":[{\"@type\":\"ReadAction\",\"target\":[\"https:\/\/blog.zeit.de\/nsu-prozess-blog\/2014\/02\/25\/medienlog-mandy-s-aussageverweigerung\/\"]}]},{\"@type\":\"BreadcrumbList\",\"@id\":\"https:\/\/blog.zeit.de\/nsu-prozess-blog\/2014\/02\/25\/medienlog-mandy-s-aussageverweigerung\/#breadcrumb\",\"itemListElement\":[{\"@type\":\"ListItem\",\"position\":1,\"name\":\"Startseite\",\"item\":\"https:\/\/blog.zeit.de\/nsu-prozess-blog\/\"},{\"@type\":\"ListItem\",\"position\":2,\"name\":\"NSU-Unterst\u00fctzerin d\u00fcrfte schweigen \u2013 Das Medienlog vom Dienstag, 25. Februar 2014\"}]},{\"@type\":\"WebSite\",\"@id\":\"https:\/\/blog.zeit.de\/nsu-prozess-blog\/#website\",\"url\":\"https:\/\/blog.zeit.de\/nsu-prozess-blog\/\",\"name\":\"Das NSU-Prozess-Blog\",\"description\":\"Alle Berichte zum Terrorverfahren in M\u00fcnchen\",\"potentialAction\":[{\"@type\":\"SearchAction\",\"target\":{\"@type\":\"EntryPoint\",\"urlTemplate\":\"https:\/\/blog.zeit.de\/nsu-prozess-blog\/?s={search_term_string}\"},\"query-input\":\"required name=search_term_string\"}],\"inLanguage\":\"de\"},{\"@type\":\"Person\",\"@id\":\"https:\/\/blog.zeit.de\/nsu-prozess-blog\/#\/schema\/person\/553ea9bb5d1fc2ae054c589bd59380a5\",\"name\":\"Tom Sundermann\",\"image\":{\"@type\":\"ImageObject\",\"inLanguage\":\"de\",\"@id\":\"https:\/\/blog.zeit.de\/nsu-prozess-blog\/#\/schema\/person\/image\/\",\"url\":\"https:\/\/secure.gravatar.com\/avatar\/e108a3dc18766f719b2f797dc5d19093f06a1870c55b553ab6b7563f1f9a5e68?s=96&d=mm&r=g\",\"contentUrl\":\"https:\/\/secure.gravatar.com\/avatar\/e108a3dc18766f719b2f797dc5d19093f06a1870c55b553ab6b7563f1f9a5e68?s=96&d=mm&r=g\",\"caption\":\"Tom Sundermann\"},\"sameAs\":[\"https:\/\/twitter.com\/messeticker\"],\"url\":\"https:\/\/blog.zeit.de\/nsu-prozess-blog\/author\/tsundermann\/\"}]}<\/script>\n<!-- \/ Yoast SEO plugin. -->","yoast_head_json":{"title":"NSU-Unterst\u00fctzerin d\u00fcrfte schweigen \u2013 Das Medienlog vom Dienstag, 25. Februar 2014 - Das NSU-Prozess-Blog","robots":{"index":"index","follow":"follow","max-snippet":"max-snippet:-1","max-image-preview":"max-image-preview:large","max-video-preview":"max-video-preview:-1"},"canonical":"https:\/\/blog.zeit.de\/nsu-prozess-blog\/2014\/02\/25\/medienlog-mandy-s-aussageverweigerung\/","og_locale":"de_DE","og_type":"article","og_title":"NSU-Unterst\u00fctzerin d\u00fcrfte schweigen \u2013 Das Medienlog vom Dienstag, 25. Februar 2014 - Das NSU-Prozess-Blog","og_description":"Am Mittwoch und Donnerstag will das Gericht die Zeugin Mandy S. h\u00f6ren \u2013 doch die k\u00f6nnte sich in Schweigen h\u00fcllen, wie Kai Mudra in der Th\u00fcringer Allgemeinen berichtet. Mit einer Aussage k\u00f6nnte sich S. selbst belasten: Gemeinsam mit ihrem damaligen Freund soll sie den drei abgetauchten NSU-Mitgliedern im Jahr 1998 Unterschlupf gew\u00e4hrt haben. Deswegen l\u00e4uft [&hellip;]","og_url":"https:\/\/blog.zeit.de\/nsu-prozess-blog\/2014\/02\/25\/medienlog-mandy-s-aussageverweigerung\/","og_site_name":"Das NSU-Prozess-Blog","article_published_time":"2014-02-25T06:55:53+00:00","author":"Tom Sundermann","twitter_misc":{"Geschrieben von":"Tom Sundermann","Gesch\u00e4tzte Lesezeit":"1\u00a0Minute"},"schema":{"@context":"https:\/\/schema.org","@graph":[{"@type":"WebPage","@id":"https:\/\/blog.zeit.de\/nsu-prozess-blog\/2014\/02\/25\/medienlog-mandy-s-aussageverweigerung\/","url":"https:\/\/blog.zeit.de\/nsu-prozess-blog\/2014\/02\/25\/medienlog-mandy-s-aussageverweigerung\/","name":"NSU-Unterst\u00fctzerin d\u00fcrfte schweigen \u2013 Das Medienlog vom Dienstag, 25. Februar 2014 - Das NSU-Prozess-Blog","isPartOf":{"@id":"https:\/\/blog.zeit.de\/nsu-prozess-blog\/#website"},"datePublished":"2014-02-25T06:55:53+00:00","dateModified":"2014-02-25T06:55:53+00:00","author":{"@id":"https:\/\/blog.zeit.de\/nsu-prozess-blog\/#\/schema\/person\/553ea9bb5d1fc2ae054c589bd59380a5"},"breadcrumb":{"@id":"https:\/\/blog.zeit.de\/nsu-prozess-blog\/2014\/02\/25\/medienlog-mandy-s-aussageverweigerung\/#breadcrumb"},"inLanguage":"de","potentialAction":[{"@type":"ReadAction","target":["https:\/\/blog.zeit.de\/nsu-prozess-blog\/2014\/02\/25\/medienlog-mandy-s-aussageverweigerung\/"]}]},{"@type":"BreadcrumbList","@id":"https:\/\/blog.zeit.de\/nsu-prozess-blog\/2014\/02\/25\/medienlog-mandy-s-aussageverweigerung\/#breadcrumb","itemListElement":[{"@type":"ListItem","position":1,"name":"Startseite","item":"https:\/\/blog.zeit.de\/nsu-prozess-blog\/"},{"@type":"ListItem","position":2,"name":"NSU-Unterst\u00fctzerin d\u00fcrfte schweigen \u2013 Das Medienlog vom Dienstag, 25. Februar 2014"}]},{"@type":"WebSite","@id":"https:\/\/blog.zeit.de\/nsu-prozess-blog\/#website","url":"https:\/\/blog.zeit.de\/nsu-prozess-blog\/","name":"Das NSU-Prozess-Blog","description":"Alle Berichte zum Terrorverfahren in M\u00fcnchen","potentialAction":[{"@type":"SearchAction","target":{"@type":"EntryPoint","urlTemplate":"https:\/\/blog.zeit.de\/nsu-prozess-blog\/?s={search_term_string}"},"query-input":"required name=search_term_string"}],"inLanguage":"de"},{"@type":"Person","@id":"https:\/\/blog.zeit.de\/nsu-prozess-blog\/#\/schema\/person\/553ea9bb5d1fc2ae054c589bd59380a5","name":"Tom Sundermann","image":{"@type":"ImageObject","inLanguage":"de","@id":"https:\/\/blog.zeit.de\/nsu-prozess-blog\/#\/schema\/person\/image\/","url":"https:\/\/secure.gravatar.com\/avatar\/e108a3dc18766f719b2f797dc5d19093f06a1870c55b553ab6b7563f1f9a5e68?s=96&d=mm&r=g","contentUrl":"https:\/\/secure.gravatar.com\/avatar\/e108a3dc18766f719b2f797dc5d19093f06a1870c55b553ab6b7563f1f9a5e68?s=96&d=mm&r=g","caption":"Tom Sundermann"},"sameAs":["https:\/\/twitter.com\/messeticker"],"url":"https:\/\/blog.zeit.de\/nsu-prozess-blog\/author\/tsundermann\/"}]}},"jetpack_featured_media_url":"","jetpack_sharing_enabled":true,"_links":{"self":[{"href":"https:\/\/blog.zeit.de\/nsu-prozess-blog\/wp-json\/wp\/v2\/posts\/5963","targetHints":{"allow":["GET"]}}],"collection":[{"href":"https:\/\/blog.zeit.de\/nsu-prozess-blog\/wp-json\/wp\/v2\/posts"}],"about":[{"href":"https:\/\/blog.zeit.de\/nsu-prozess-blog\/wp-json\/wp\/v2\/types\/post"}],"author":[{"embeddable":true,"href":"https:\/\/blog.zeit.de\/nsu-prozess-blog\/wp-json\/wp\/v2\/users\/435"}],"replies":[{"embeddable":true,"href":"https:\/\/blog.zeit.de\/nsu-prozess-blog\/wp-json\/wp\/v2\/comments?post=5963"}],"version-history":[{"count":5,"href":"https:\/\/blog.zeit.de\/nsu-prozess-blog\/wp-json\/wp\/v2\/posts\/5963\/revisions"}],"predecessor-version":[{"id":5973,"href":"https:\/\/blog.zeit.de\/nsu-prozess-blog\/wp-json\/wp\/v2\/posts\/5963\/revisions\/5973"}],"wp:attachment":[{"href":"https:\/\/blog.zeit.de\/nsu-prozess-blog\/wp-json\/wp\/v2\/media?parent=5963"}],"wp:term":[{"taxonomy":"category","embeddable":true,"href":"https:\/\/blog.zeit.de\/nsu-prozess-blog\/wp-json\/wp\/v2\/categories?post=5963"},{"taxonomy":"post_tag","embeddable":true,"href":"https:\/\/blog.zeit.de\/nsu-prozess-blog\/wp-json\/wp\/v2\/tags?post=5963"}],"curies":[{"name":"wp","href":"https:\/\/api.w.org\/{rel}","templated":true}]}}