{"id":5991,"date":"2014-02-27T08:12:24","date_gmt":"2014-02-27T07:12:24","guid":{"rendered":"http:\/\/blog.zeit.de\/nsu-prozess-blog\/?p=5991"},"modified":"2014-02-27T17:45:18","modified_gmt":"2014-02-27T16:45:18","slug":"medienlog-mandy-s-aussage","status":"publish","type":"post","link":"https:\/\/blog.zeit.de\/nsu-prozess-blog\/2014\/02\/27\/medienlog-mandy-s-aussage\/","title":{"rendered":"Aussage ja, Details nein \u2013 Das Medienlog vom Donnerstag, 27. Februar 2014"},"content":{"rendered":"<p>F\u00fcr viele Prozessbeobachter war es eine \u00dcberraschung: Die als NSU-Helferin beschuldigte Zeugin Mandy S. hat im Prozess ausgesagt. Dabei best\u00e4tigte sie, dass im Jahr 1998 drei Kameraden aus der rechten Szene bei ihrem damaligen Freund in Chemnitz einquartiert zu haben. An viele Details konnte sich die Friseurin aus dem Erzgebirge allerdings nicht erinnern. Die Kernfrage sei unbeantwortet geblieben, schreibt <a href=\"http:\/\/www.tagesschau.de\/inland\/nsuprozess192.html\" target=\"_blank\"><em>SWR<\/em>-Korrespondent Holger Schmidt<\/a>: S. konnte nicht sagen, ob es sich bei den Dreien um Beate Zsch\u00e4pe, Uwe Mundlos und Uwe B\u00f6hnhardt handelte. Damit spielte sie Zsch\u00e4pes Verteidigern in die H\u00e4nde.<\/p>\n<p><!--more--><\/p>\n<p><em>An jedem Werktag sichten wir f\u00fcr das NSU-Prozess-Blog die Medien und stellen wichtige Berichte, Blogs, Videos und Tweets zusammen. Wir freuen uns \u00fcber Hinweise via Twitter mit dem Hashtag #nsublog \u2013 oder per E-Mail an <a href=\"mailto:nsublog@zeit.de\">nsublog@zeit.de<\/a>.<\/em><\/p>\n<p>An einer Stelle bezeichnete S. die Frau, die sie damals untergebracht haben will, als Beate Zsch\u00e4pe \u2013 und weckte das Misstrauen von Richter Manfred G\u00f6tzl. Die Zeugin antwortete, dass man ihr den Namen &#8222;bei der Polizei quasi in den Mund gelegt habe&#8220;, berichtet Schmidt. F\u00fcr Zsch\u00e4pes Anw\u00e4ltin Anja Sturm sei &#8222;das nat\u00fcrlich ein gefundenes Fressen&#8220; gewesen. Die Verteidiger stellten den Wert der Aussage infrage.<\/p>\n<p>&#8222;Gut m\u00f6glich, dass Mandy S. ihre Bereitschaft zur Aussage zwischendurch bereut&#8220;, schreibt Bj\u00f6rn Hengst auf <a href=\"http:\/\/www.spiegel.de\/panorama\/justiz\/nsu-prozess-ex-rechtsextremistin-mandy-s-sagt-aus-a-955878.html\" target=\"_blank\"><em>Spiegel Online<\/em><\/a>. Der Auftritt vor Gericht sei der Zeugin unangenehm gewesen \u2013 wie vielen Wegbegleitern des NSU, die im Saal erscheinen mussten. Ihre Erinnerungsl\u00fccken h\u00e4tten gewisserma\u00dfen ins Muster gepasst: Auch Zeugen wie <a href=\"https:\/\/blog.zeit.de\/nsu-prozess-blog\/2014\/02\/06\/medienlog-andre-k-befangenheitsantrag\/\" target=\"_blank\">Andr\u00e9 K.<\/a> beriefen sich immer wieder auf ihr angeblich mangelndes Ged\u00e4chtnis. \u00c4hnlich mehrerer selbst verd\u00e4chtiger Zeugen brachte auch S. einen Anwalt mit zur Vernehmung.<\/p>\n<p>S. gab zudem zu, der untergebrachten Frau ihre Krankenkassenkarte geliehen und f\u00fcr das Trio einen Personalausweis vom Einwohnermeldeamt abgeholt zu haben. Doch neben Fragen zur Schuld der Zeugin dr\u00e4ngen sich f\u00fcr Frank Jansen vom <a href=\"http:\/\/www.tagesspiegel.de\/politik\/89-tag-im-nsu-prozess-ahnungslose-v-leute\/9542142.html\" target=\"_blank\"><em>Tagesspiegel<\/em><\/a> auch Fragen zur Arbeit der Ermittlungsbeh\u00f6rden auf: Wieso erfuhren sie durch ihre V-M\u00e4nner im Umfeld des Trios nichts \u00fcber deren Aufenthaltsort? Denn S. schilderte in der Vernehmung auch Ger\u00fcchte, die damals in der Szene aufgekommen seien: dass drei Kameraden aus Jena in der Stadt seien, die die Straftaten ver\u00fcbt h\u00e4tten.<\/p>\n<p>Seit der Aussage des Mitangeklagten <a href=\"http:\/\/www.zeit.de\/gesellschaft\/zeitgeschehen\/2013-06\/nsu-prozesstag-20.6.\" target=\"_blank\">Carsten S.<\/a> sei Mandy S. die erste Beschuldigte gewesen, die sich nicht sofort verweigert habe, schreibt Mirko Weber in der <a href=\"http:\/\/www.berliner-zeitung.de\/politik\/nsu-prozess--es-war-einfach-der-gedanke-der-kameradschaftshilfe-,10808018,26353068.html\" target=\"_blank\"><em>Berliner Zeitung<\/em><\/a>. Anscheinend \u00f6ffnete sich die Zeugin jedoch nur so weit, wie es nicht strafrechtlich relevant wurde: &#8222;Dass sie insbesondere Zsch\u00e4pe nicht wiedererkennen will, erstaunt dann doch&#8220;, kommentiert Per Hinrichs in der <a href=\"http:\/\/www.welt.de\/politik\/deutschland\/article125233613\/Mandy-S-nennt-Zschaepe-nur-die-Frau.html\" target=\"_blank\"><em>Welt<\/em><\/a>. In der rechten Szene sei sie jedenfalls engagiert gewesen, habe an einer Gedenkveranstaltung f\u00fcr Rudolf He\u00df teilgenommen und Briefkontakt mit inhaftierten Kameraden gehalten.<\/p>\n<p>&#8222;Wie eine Mitl\u00e4uferin geb\u00e4rdete sich Mandy S. nicht&#8220;, analysiert Jens Eumann in der Chemnitzer <a href=\"http:\/\/www.freiepresse.de\/POLITIK\/DEUTSCHLAND\/Zentrale-Frau-im-NSU-Helfernetz-Alles-nur-aus-Kameradschaft-artikel8723892.php\" target=\"_blank\"><em>Freien Presse<\/em><\/a>. Teils sei sie w\u00e4hrend ihrer Zeit in der Szene sogar als Wortf\u00fchrerin aufgetreten. Ein Grund mehr, die Worte vor Gericht sorgsam abzuw\u00e4gen: Ihre Aussage sei &#8222;\u00fcberlegt und durchgeplant gewesen&#8220;, immer wieder habe sie vor ihren Antworten auf ein Zeichen ihres Anwalts gewartet.<\/p>\n<p><em>Stern<\/em>-Reporterin Lena Kampf kam der Friseurin besonders nahe: Sie lie\u00df sich in dem Schwarzenberger Salon, den S. leitet, zu einem nicht genannten Zeitpunkt <a href=\"http:\/\/www.stern.de\/politik\/deutschland\/mandy-s-im-nsu-prozess-die-friseurin-die-beate-zschaepe-ihre-identitaet-lieh-2092888.html\" target=\"_blank\">die Haare schneiden<\/a>. Kampf traf eine Frau, die bef\u00fcrchtete, ihr neues Leben mit Kind und gutem Beruf zu verlieren. Im Gespr\u00e4ch habe S. betont, sie sei sp\u00e4testens bei der Geburt ihrer Tochter 2007 aus der rechten Szene ausgestiegen. Und &#8222;ihre eigenen Aktivit\u00e4ten versuchte sie vehement herunterzuspielen&#8220;, hei\u00dft es in dem Bericht. S. habe sich als &#8222;naives Anh\u00e4ngsel&#8220; dargestellt. Sie sei von Kameraden auch zu Dingen gedr\u00e4ngt worden, die sie nicht wollte \u2013 welche, das habe sie nicht verraten.<\/p>\n<p><em>Das n\u00e4chste Medienlog erscheint am Freitag, 28. Februar 2014.<\/em><\/p>\n","protected":false},"excerpt":{"rendered":"<p>F\u00fcr viele Prozessbeobachter war es eine \u00dcberraschung: Die als NSU-Helferin beschuldigte Zeugin Mandy S. hat im Prozess ausgesagt. Dabei best\u00e4tigte sie, dass im Jahr 1998 drei Kameraden aus der rechten Szene bei ihrem damaligen Freund in Chemnitz einquartiert zu haben. An viele Details konnte sich die Friseurin aus dem Erzgebirge allerdings nicht erinnern. Die Kernfrage [&hellip;]<\/p>\n","protected":false},"author":435,"featured_media":0,"comment_status":"open","ping_status":"open","sticky":false,"template":"","format":"standard","meta":{"_jetpack_memberships_contains_paid_content":false,"footnotes":""},"categories":[27531],"tags":[17802,27559,1449],"class_list":["post-5991","post","type-post","status-publish","format-standard","hentry","category-medienschau","tag-mandy-s","tag-manfred-gotzl","tag-unterstutzer"],"yoast_head":"<!-- This site is optimized with the Yoast SEO plugin v21.0 - https:\/\/yoast.com\/wordpress\/plugins\/seo\/ -->\n<title>Aussage ja, Details nein \u2013 Das Medienlog vom Donnerstag, 27. Februar 2014 - Das NSU-Prozess-Blog<\/title>\n<meta name=\"robots\" content=\"index, follow, max-snippet:-1, max-image-preview:large, max-video-preview:-1\" \/>\n<link rel=\"canonical\" href=\"https:\/\/blog.zeit.de\/nsu-prozess-blog\/2014\/02\/27\/medienlog-mandy-s-aussage\/\" \/>\n<meta property=\"og:locale\" content=\"de_DE\" \/>\n<meta property=\"og:type\" content=\"article\" \/>\n<meta property=\"og:title\" content=\"Aussage ja, Details nein \u2013 Das Medienlog vom Donnerstag, 27. Februar 2014 - Das NSU-Prozess-Blog\" \/>\n<meta property=\"og:description\" content=\"F\u00fcr viele Prozessbeobachter war es eine \u00dcberraschung: Die als NSU-Helferin beschuldigte Zeugin Mandy S. hat im Prozess ausgesagt. Dabei best\u00e4tigte sie, dass im Jahr 1998 drei Kameraden aus der rechten Szene bei ihrem damaligen Freund in Chemnitz einquartiert zu haben. An viele Details konnte sich die Friseurin aus dem Erzgebirge allerdings nicht erinnern. Die Kernfrage [&hellip;]\" \/>\n<meta property=\"og:url\" content=\"https:\/\/blog.zeit.de\/nsu-prozess-blog\/2014\/02\/27\/medienlog-mandy-s-aussage\/\" \/>\n<meta property=\"og:site_name\" content=\"Das NSU-Prozess-Blog\" \/>\n<meta property=\"article:published_time\" content=\"2014-02-27T07:12:24+00:00\" \/>\n<meta property=\"article:modified_time\" content=\"2014-02-27T16:45:18+00:00\" \/>\n<meta name=\"author\" content=\"Tom Sundermann\" \/>\n<meta name=\"twitter:label1\" content=\"Geschrieben von\" \/>\n\t<meta name=\"twitter:data1\" content=\"Tom Sundermann\" \/>\n\t<meta name=\"twitter:label2\" content=\"Gesch\u00e4tzte Lesezeit\" \/>\n\t<meta name=\"twitter:data2\" content=\"3\u00a0Minuten\" \/>\n<script type=\"application\/ld+json\" class=\"yoast-schema-graph\">{\"@context\":\"https:\/\/schema.org\",\"@graph\":[{\"@type\":\"WebPage\",\"@id\":\"https:\/\/blog.zeit.de\/nsu-prozess-blog\/2014\/02\/27\/medienlog-mandy-s-aussage\/\",\"url\":\"https:\/\/blog.zeit.de\/nsu-prozess-blog\/2014\/02\/27\/medienlog-mandy-s-aussage\/\",\"name\":\"Aussage ja, Details nein \u2013 Das Medienlog vom Donnerstag, 27. Februar 2014 - Das NSU-Prozess-Blog\",\"isPartOf\":{\"@id\":\"https:\/\/blog.zeit.de\/nsu-prozess-blog\/#website\"},\"datePublished\":\"2014-02-27T07:12:24+00:00\",\"dateModified\":\"2014-02-27T16:45:18+00:00\",\"author\":{\"@id\":\"https:\/\/blog.zeit.de\/nsu-prozess-blog\/#\/schema\/person\/553ea9bb5d1fc2ae054c589bd59380a5\"},\"breadcrumb\":{\"@id\":\"https:\/\/blog.zeit.de\/nsu-prozess-blog\/2014\/02\/27\/medienlog-mandy-s-aussage\/#breadcrumb\"},\"inLanguage\":\"de\",\"potentialAction\":[{\"@type\":\"ReadAction\",\"target\":[\"https:\/\/blog.zeit.de\/nsu-prozess-blog\/2014\/02\/27\/medienlog-mandy-s-aussage\/\"]}]},{\"@type\":\"BreadcrumbList\",\"@id\":\"https:\/\/blog.zeit.de\/nsu-prozess-blog\/2014\/02\/27\/medienlog-mandy-s-aussage\/#breadcrumb\",\"itemListElement\":[{\"@type\":\"ListItem\",\"position\":1,\"name\":\"Startseite\",\"item\":\"https:\/\/blog.zeit.de\/nsu-prozess-blog\/\"},{\"@type\":\"ListItem\",\"position\":2,\"name\":\"Aussage ja, Details nein \u2013 Das Medienlog vom Donnerstag, 27. Februar 2014\"}]},{\"@type\":\"WebSite\",\"@id\":\"https:\/\/blog.zeit.de\/nsu-prozess-blog\/#website\",\"url\":\"https:\/\/blog.zeit.de\/nsu-prozess-blog\/\",\"name\":\"Das NSU-Prozess-Blog\",\"description\":\"Alle Berichte zum Terrorverfahren in M\u00fcnchen\",\"potentialAction\":[{\"@type\":\"SearchAction\",\"target\":{\"@type\":\"EntryPoint\",\"urlTemplate\":\"https:\/\/blog.zeit.de\/nsu-prozess-blog\/?s={search_term_string}\"},\"query-input\":\"required name=search_term_string\"}],\"inLanguage\":\"de\"},{\"@type\":\"Person\",\"@id\":\"https:\/\/blog.zeit.de\/nsu-prozess-blog\/#\/schema\/person\/553ea9bb5d1fc2ae054c589bd59380a5\",\"name\":\"Tom Sundermann\",\"image\":{\"@type\":\"ImageObject\",\"inLanguage\":\"de\",\"@id\":\"https:\/\/blog.zeit.de\/nsu-prozess-blog\/#\/schema\/person\/image\/\",\"url\":\"https:\/\/secure.gravatar.com\/avatar\/e108a3dc18766f719b2f797dc5d19093f06a1870c55b553ab6b7563f1f9a5e68?s=96&d=mm&r=g\",\"contentUrl\":\"https:\/\/secure.gravatar.com\/avatar\/e108a3dc18766f719b2f797dc5d19093f06a1870c55b553ab6b7563f1f9a5e68?s=96&d=mm&r=g\",\"caption\":\"Tom Sundermann\"},\"sameAs\":[\"https:\/\/twitter.com\/messeticker\"],\"url\":\"https:\/\/blog.zeit.de\/nsu-prozess-blog\/author\/tsundermann\/\"}]}<\/script>\n<!-- \/ Yoast SEO plugin. -->","yoast_head_json":{"title":"Aussage ja, Details nein \u2013 Das Medienlog vom Donnerstag, 27. Februar 2014 - Das NSU-Prozess-Blog","robots":{"index":"index","follow":"follow","max-snippet":"max-snippet:-1","max-image-preview":"max-image-preview:large","max-video-preview":"max-video-preview:-1"},"canonical":"https:\/\/blog.zeit.de\/nsu-prozess-blog\/2014\/02\/27\/medienlog-mandy-s-aussage\/","og_locale":"de_DE","og_type":"article","og_title":"Aussage ja, Details nein \u2013 Das Medienlog vom Donnerstag, 27. Februar 2014 - Das NSU-Prozess-Blog","og_description":"F\u00fcr viele Prozessbeobachter war es eine \u00dcberraschung: Die als NSU-Helferin beschuldigte Zeugin Mandy S. hat im Prozess ausgesagt. Dabei best\u00e4tigte sie, dass im Jahr 1998 drei Kameraden aus der rechten Szene bei ihrem damaligen Freund in Chemnitz einquartiert zu haben. An viele Details konnte sich die Friseurin aus dem Erzgebirge allerdings nicht erinnern. Die Kernfrage [&hellip;]","og_url":"https:\/\/blog.zeit.de\/nsu-prozess-blog\/2014\/02\/27\/medienlog-mandy-s-aussage\/","og_site_name":"Das NSU-Prozess-Blog","article_published_time":"2014-02-27T07:12:24+00:00","article_modified_time":"2014-02-27T16:45:18+00:00","author":"Tom Sundermann","twitter_misc":{"Geschrieben von":"Tom Sundermann","Gesch\u00e4tzte Lesezeit":"3\u00a0Minuten"},"schema":{"@context":"https:\/\/schema.org","@graph":[{"@type":"WebPage","@id":"https:\/\/blog.zeit.de\/nsu-prozess-blog\/2014\/02\/27\/medienlog-mandy-s-aussage\/","url":"https:\/\/blog.zeit.de\/nsu-prozess-blog\/2014\/02\/27\/medienlog-mandy-s-aussage\/","name":"Aussage ja, Details nein \u2013 Das Medienlog vom Donnerstag, 27. Februar 2014 - Das NSU-Prozess-Blog","isPartOf":{"@id":"https:\/\/blog.zeit.de\/nsu-prozess-blog\/#website"},"datePublished":"2014-02-27T07:12:24+00:00","dateModified":"2014-02-27T16:45:18+00:00","author":{"@id":"https:\/\/blog.zeit.de\/nsu-prozess-blog\/#\/schema\/person\/553ea9bb5d1fc2ae054c589bd59380a5"},"breadcrumb":{"@id":"https:\/\/blog.zeit.de\/nsu-prozess-blog\/2014\/02\/27\/medienlog-mandy-s-aussage\/#breadcrumb"},"inLanguage":"de","potentialAction":[{"@type":"ReadAction","target":["https:\/\/blog.zeit.de\/nsu-prozess-blog\/2014\/02\/27\/medienlog-mandy-s-aussage\/"]}]},{"@type":"BreadcrumbList","@id":"https:\/\/blog.zeit.de\/nsu-prozess-blog\/2014\/02\/27\/medienlog-mandy-s-aussage\/#breadcrumb","itemListElement":[{"@type":"ListItem","position":1,"name":"Startseite","item":"https:\/\/blog.zeit.de\/nsu-prozess-blog\/"},{"@type":"ListItem","position":2,"name":"Aussage ja, Details nein \u2013 Das Medienlog vom Donnerstag, 27. Februar 2014"}]},{"@type":"WebSite","@id":"https:\/\/blog.zeit.de\/nsu-prozess-blog\/#website","url":"https:\/\/blog.zeit.de\/nsu-prozess-blog\/","name":"Das NSU-Prozess-Blog","description":"Alle Berichte zum Terrorverfahren in M\u00fcnchen","potentialAction":[{"@type":"SearchAction","target":{"@type":"EntryPoint","urlTemplate":"https:\/\/blog.zeit.de\/nsu-prozess-blog\/?s={search_term_string}"},"query-input":"required name=search_term_string"}],"inLanguage":"de"},{"@type":"Person","@id":"https:\/\/blog.zeit.de\/nsu-prozess-blog\/#\/schema\/person\/553ea9bb5d1fc2ae054c589bd59380a5","name":"Tom Sundermann","image":{"@type":"ImageObject","inLanguage":"de","@id":"https:\/\/blog.zeit.de\/nsu-prozess-blog\/#\/schema\/person\/image\/","url":"https:\/\/secure.gravatar.com\/avatar\/e108a3dc18766f719b2f797dc5d19093f06a1870c55b553ab6b7563f1f9a5e68?s=96&d=mm&r=g","contentUrl":"https:\/\/secure.gravatar.com\/avatar\/e108a3dc18766f719b2f797dc5d19093f06a1870c55b553ab6b7563f1f9a5e68?s=96&d=mm&r=g","caption":"Tom Sundermann"},"sameAs":["https:\/\/twitter.com\/messeticker"],"url":"https:\/\/blog.zeit.de\/nsu-prozess-blog\/author\/tsundermann\/"}]}},"jetpack_featured_media_url":"","jetpack_sharing_enabled":true,"_links":{"self":[{"href":"https:\/\/blog.zeit.de\/nsu-prozess-blog\/wp-json\/wp\/v2\/posts\/5991","targetHints":{"allow":["GET"]}}],"collection":[{"href":"https:\/\/blog.zeit.de\/nsu-prozess-blog\/wp-json\/wp\/v2\/posts"}],"about":[{"href":"https:\/\/blog.zeit.de\/nsu-prozess-blog\/wp-json\/wp\/v2\/types\/post"}],"author":[{"embeddable":true,"href":"https:\/\/blog.zeit.de\/nsu-prozess-blog\/wp-json\/wp\/v2\/users\/435"}],"replies":[{"embeddable":true,"href":"https:\/\/blog.zeit.de\/nsu-prozess-blog\/wp-json\/wp\/v2\/comments?post=5991"}],"version-history":[{"count":18,"href":"https:\/\/blog.zeit.de\/nsu-prozess-blog\/wp-json\/wp\/v2\/posts\/5991\/revisions"}],"predecessor-version":[{"id":6007,"href":"https:\/\/blog.zeit.de\/nsu-prozess-blog\/wp-json\/wp\/v2\/posts\/5991\/revisions\/6007"}],"wp:attachment":[{"href":"https:\/\/blog.zeit.de\/nsu-prozess-blog\/wp-json\/wp\/v2\/media?parent=5991"}],"wp:term":[{"taxonomy":"category","embeddable":true,"href":"https:\/\/blog.zeit.de\/nsu-prozess-blog\/wp-json\/wp\/v2\/categories?post=5991"},{"taxonomy":"post_tag","embeddable":true,"href":"https:\/\/blog.zeit.de\/nsu-prozess-blog\/wp-json\/wp\/v2\/tags?post=5991"}],"curies":[{"name":"wp","href":"https:\/\/api.w.org\/{rel}","templated":true}]}}