{"id":6020,"date":"2014-02-28T08:31:38","date_gmt":"2014-02-28T07:31:38","guid":{"rendered":"http:\/\/blog.zeit.de\/nsu-prozess-blog\/?p=6020"},"modified":"2014-02-28T09:47:13","modified_gmt":"2014-02-28T08:47:13","slug":"verfahren-mandy-s-nsu-medienlog","status":"publish","type":"post","link":"https:\/\/blog.zeit.de\/nsu-prozess-blog\/2014\/02\/28\/verfahren-mandy-s-nsu-medienlog\/","title":{"rendered":"Verfahren gegen Mandy S. k\u00f6nnte eingestellt werden \u2013 Das Medienlog vom Freitag, 28. Februar 2014"},"content":{"rendered":"<p>Zum zweiten Mal ist die als NSU-Unterst\u00fctzerin verd\u00e4chtigte Mandy S. am 90. Verhandlungstag vor Gericht erschienen. <a href=\"https:\/\/blog.zeit.de\/nsu-prozess-blog\/2014\/02\/27\/medienlog-mandy-s-aussage\/\" target=\"_blank\">Wie am Tag zuvor<\/a> hatte sie viele Fragen zu ihrer Zeit in der rechten Szene zu beantworten \u2013 was ihr nach Ansicht von Prozessbeobachtern durchaus glaubw\u00fcrdig gelang. Doch einige Zweifel an der Vergangenheit der Zeugin seien geblieben. S. wurde &#8222;m\u00f6glicherweise instrumentalisiert, ohne es zu ahnen&#8220;, berichtet Frank Jansen im <a href=\"http:\/\/www.tagesspiegel.de\/politik\/90-tag-im-nsu-prozess-satanismus-bombenbauanleitung-die-aussage-der-mandy-s-\/9547516.html\" target=\"_blank\"><em>Tagesspiegel<\/em><\/a>. Aus Ermittlerkreisen hie\u00df es, das Verfahren gegen sie werde vermutlich eingestellt.<\/p>\n<p><!--more--><\/p>\n<p><em>An jedem Werktag sichten wir f\u00fcr das NSU-Prozess-Blog die Medien und stellen wichtige Berichte, Blogs, Videos und Tweets zusammen. Wir freuen uns \u00fcber Hinweise via Twitter mit dem Hashtag #nsublog \u2013 oder per E-Mail an <a href=\"mailto:nsublog@zeit.de\">nsublog@zeit.de<\/a>.<\/em><\/p>\n<p>S. schilderte das Innere der rechten Szene, die sie vor Jahren verlassen haben will: Ein Bekannter habe ihr eine Bombenbauanleitung in die Hand gedr\u00fcckt, ein anderer dem Satanismus angehangen. &#8222;Der 90. Tag im NSU-Prozess ist einer der gruseligsten&#8220;, res\u00fcmiert <em>Tagesspiegel<\/em>-Autor Jansen. Die 38-J\u00e4hrige sei anscheinend als &#8222;naives Skinhead-M\u00e4dchen der m\u00e4nnerdominierten Szene nicht gewachsen&#8220; gewesen, bei der Vernehmung habe sie sich ihre Nazi-Vergangenheit von der Seele reden wollen.<\/p>\n<p>Die Zeugin habe versucht, &#8222;einen klaren Trennstrich zu ziehen&#8220;, schreibt\u00a0Christoph Trost von der Nachrichtenagentur <a href=\"http:\/\/www.n24.de\/n24\/Nachrichten\/Politik\/d\/4352908\/nsu-unterstuetzerin-mit-erinnungsluecken.html\" target=\"_blank\"><em>dpa<\/em><\/a>. Sie sei nicht restlos \u00fcberzeugend gewesen: &#8222;Mandy S. war \u00fcber viele Jahre hinweg viel tiefer in die s\u00e4chsische Neonazi-Szene verstrickt, als sie im Prozess glauben machen will.&#8220; Zudem sei die Frage offen geblieben, wie sie \u00fcber all die Jahre nichts von der Existenz des NSU erfahren haben kann, obwohl ihre Bekannten \u00fcber Jahre Kontakt zu der Gruppe pflegten.<\/p>\n<p>Die Angaben hatte sich die Zeugin sorgf\u00e4ltig zurechtgelegt: &#8222;S. gibt nur zu, was garantiert verj\u00e4hrt ist&#8220;, hei\u00dft es auf <a href=\"https:\/\/blog.zeit.de\/nsu-prozess-blog\/2014\/02\/27\/mandy-s-die-treue-helferin\/\" target=\"_blank\"><em>ZEIT ONLINE<\/em><\/a>. Doch auch an diesen Einlassungen best\u00fcnden noch Zweifel. S. habe &#8222;ein eigent\u00fcmliches Verst\u00e4ndnis von Moral&#8220; \u2013 sie habe kein Problem damit gehabt, Menschen zu verstecken, die auf der Flucht vor der Justiz waren.<\/p>\n<p>Thema waren auch die Ausweise von zwei N\u00fcrnberger Tennisclubs und Impfp\u00e4sse f\u00fcr Katzen, die auf S.&#8216; Namen ausgestellt waren \u2013 angeblich ohne das Wissen der Zeugin: &#8222;Nach zwei Stunden Befragung hat der Richter die Zeugin endlich dort, wo er sie hinhaben wollte&#8220;, schreibt Kai Mudra in der <a href=\"http:\/\/www.thueringer-allgemeine.de\/web\/zgt\/suche\/detail\/-\/specific\/Angeklagter-Wohlleben-gruesst-Gesinnungsgeossen-im-Gericht-mit-erhobenem-Daumen-1880897246\" target=\"_blank\"><em>Th\u00fcringer Allgemeinen<\/em><\/a>. Auf die Frage, wie ihr Name auf die Ausweise komme, sei S. vorbereitet gewesen. Sie habe gewusst, dass der Tennisclub gar keine Mitgliedskarten ausgebe.<\/p>\n<p>Sie habe jedoch nicht auf alles eine Antwort gehabt: Auf einem der Ausweise stand S.&#8216; damalige Adresse. &#8222;Woher hatte Zsch\u00e4pe diese Anschrift, wenn es seit 1998 angeblich keinen Kontakt mehr gab? S. kann sich das nicht erkl\u00e4ren&#8220;, hei\u00dft es in der <a href=\"http:\/\/www.sueddeutsche.de\/politik\/nsu-prozess-die-friseurin-und-das-maedchen-1.1900321\" target=\"_blank\"><em>S\u00fcddeutschen Zeitung<\/em><\/a>.<\/p>\n<p>S. hatte tats\u00e4chlich zweimal \u00fcber mehrere Jahre in N\u00fcrnberg gelebt. Denkbar ist deswegen, dass sie mit der mittlerweile verbotenen Fr\u00e4nkischen Aktionsfront in Kontakt gestanden haben k\u00f6nnte, schreibt Jansen im <em>Tagesspiegel<\/em>. Ermittler hielten es f\u00fcr m\u00f6glich, dass sich dar\u00fcber eine Verbindung zum NSU ergeben k\u00f6nnte. Sie vermuteten, dass Neonazis aus N\u00fcrnberg der Terrorgruppe Hinweise gaben \u2013 in der Stadt ver\u00fcbte der NSU laut Anklage drei Morde an T\u00fcrken.<\/p>\n<p>Die Aussage von S. war nicht die einzige Besonderheit des Verhandlungstags: Auf der Zuschauertrib\u00fcne hatten laut Medienberichten mehrere Anh\u00e4nger der rechten Szene Platz genommen. In der ersten Reihe sa\u00dfen sieben Freunde des Angeklagten Ralf Wohlleben, der am Donnerstag seinen 39. Geburtstag hatte, wie unter anderem Per Hinrichs in der <a href=\"http:\/\/www.welt.de\/politik\/deutschland\/article125269567\/Die-braunen-Liebschaften-der-Mandy-S.html\" target=\"_blank\"><em>Welt<\/em><\/a> berichtet. Wohlleben habe zur Begr\u00fc\u00dfung den Daumen nach oben gereckt. Unter den Geburtstagsg\u00e4sten habe sich auch der vorbestrafte Neonazi Sebastian Dahl befunden.<\/p>\n<p><em>Das n\u00e4chste Medienlog erscheint am Montag, 3. M\u00e4rz 2014.<\/em><\/p>\n","protected":false},"excerpt":{"rendered":"<p>Zum zweiten Mal ist die als NSU-Unterst\u00fctzerin verd\u00e4chtigte Mandy S. am 90. Verhandlungstag vor Gericht erschienen. Wie am Tag zuvor hatte sie viele Fragen zu ihrer Zeit in der rechten Szene zu beantworten \u2013 was ihr nach Ansicht von Prozessbeobachtern durchaus glaubw\u00fcrdig gelang. Doch einige Zweifel an der Vergangenheit der Zeugin seien geblieben. S. wurde [&hellip;]<\/p>\n","protected":false},"author":435,"featured_media":0,"comment_status":"open","ping_status":"open","sticky":false,"template":"","format":"standard","meta":{"_jetpack_memberships_contains_paid_content":false,"footnotes":""},"categories":[27531],"tags":[],"class_list":["post-6020","post","type-post","status-publish","format-standard","hentry","category-medienschau"],"yoast_head":"<!-- This site is optimized with the Yoast SEO plugin v21.0 - https:\/\/yoast.com\/wordpress\/plugins\/seo\/ -->\n<title>Verfahren gegen Mandy S. k\u00f6nnte eingestellt werden \u2013 Das Medienlog vom Freitag, 28. Februar 2014 - Das NSU-Prozess-Blog<\/title>\n<meta name=\"robots\" content=\"index, follow, max-snippet:-1, max-image-preview:large, max-video-preview:-1\" \/>\n<link rel=\"canonical\" href=\"https:\/\/blog.zeit.de\/nsu-prozess-blog\/2014\/02\/28\/verfahren-mandy-s-nsu-medienlog\/\" \/>\n<meta property=\"og:locale\" content=\"de_DE\" \/>\n<meta property=\"og:type\" content=\"article\" \/>\n<meta property=\"og:title\" content=\"Verfahren gegen Mandy S. k\u00f6nnte eingestellt werden \u2013 Das Medienlog vom Freitag, 28. Februar 2014 - Das NSU-Prozess-Blog\" \/>\n<meta property=\"og:description\" content=\"Zum zweiten Mal ist die als NSU-Unterst\u00fctzerin verd\u00e4chtigte Mandy S. am 90. Verhandlungstag vor Gericht erschienen. Wie am Tag zuvor hatte sie viele Fragen zu ihrer Zeit in der rechten Szene zu beantworten \u2013 was ihr nach Ansicht von Prozessbeobachtern durchaus glaubw\u00fcrdig gelang. Doch einige Zweifel an der Vergangenheit der Zeugin seien geblieben. S. wurde [&hellip;]\" \/>\n<meta property=\"og:url\" content=\"https:\/\/blog.zeit.de\/nsu-prozess-blog\/2014\/02\/28\/verfahren-mandy-s-nsu-medienlog\/\" \/>\n<meta property=\"og:site_name\" content=\"Das NSU-Prozess-Blog\" \/>\n<meta property=\"article:published_time\" content=\"2014-02-28T07:31:38+00:00\" \/>\n<meta property=\"article:modified_time\" content=\"2014-02-28T08:47:13+00:00\" \/>\n<meta name=\"author\" content=\"Tom Sundermann\" \/>\n<meta name=\"twitter:label1\" content=\"Geschrieben von\" \/>\n\t<meta name=\"twitter:data1\" content=\"Tom Sundermann\" \/>\n\t<meta name=\"twitter:label2\" content=\"Gesch\u00e4tzte Lesezeit\" \/>\n\t<meta name=\"twitter:data2\" content=\"3\u00a0Minuten\" \/>\n<script type=\"application\/ld+json\" class=\"yoast-schema-graph\">{\"@context\":\"https:\/\/schema.org\",\"@graph\":[{\"@type\":\"WebPage\",\"@id\":\"https:\/\/blog.zeit.de\/nsu-prozess-blog\/2014\/02\/28\/verfahren-mandy-s-nsu-medienlog\/\",\"url\":\"https:\/\/blog.zeit.de\/nsu-prozess-blog\/2014\/02\/28\/verfahren-mandy-s-nsu-medienlog\/\",\"name\":\"Verfahren gegen Mandy S. k\u00f6nnte eingestellt werden \u2013 Das Medienlog vom Freitag, 28. Februar 2014 - Das NSU-Prozess-Blog\",\"isPartOf\":{\"@id\":\"https:\/\/blog.zeit.de\/nsu-prozess-blog\/#website\"},\"datePublished\":\"2014-02-28T07:31:38+00:00\",\"dateModified\":\"2014-02-28T08:47:13+00:00\",\"author\":{\"@id\":\"https:\/\/blog.zeit.de\/nsu-prozess-blog\/#\/schema\/person\/553ea9bb5d1fc2ae054c589bd59380a5\"},\"breadcrumb\":{\"@id\":\"https:\/\/blog.zeit.de\/nsu-prozess-blog\/2014\/02\/28\/verfahren-mandy-s-nsu-medienlog\/#breadcrumb\"},\"inLanguage\":\"de\",\"potentialAction\":[{\"@type\":\"ReadAction\",\"target\":[\"https:\/\/blog.zeit.de\/nsu-prozess-blog\/2014\/02\/28\/verfahren-mandy-s-nsu-medienlog\/\"]}]},{\"@type\":\"BreadcrumbList\",\"@id\":\"https:\/\/blog.zeit.de\/nsu-prozess-blog\/2014\/02\/28\/verfahren-mandy-s-nsu-medienlog\/#breadcrumb\",\"itemListElement\":[{\"@type\":\"ListItem\",\"position\":1,\"name\":\"Startseite\",\"item\":\"https:\/\/blog.zeit.de\/nsu-prozess-blog\/\"},{\"@type\":\"ListItem\",\"position\":2,\"name\":\"Verfahren gegen Mandy S. k\u00f6nnte eingestellt werden \u2013 Das Medienlog vom Freitag, 28. Februar 2014\"}]},{\"@type\":\"WebSite\",\"@id\":\"https:\/\/blog.zeit.de\/nsu-prozess-blog\/#website\",\"url\":\"https:\/\/blog.zeit.de\/nsu-prozess-blog\/\",\"name\":\"Das NSU-Prozess-Blog\",\"description\":\"Alle Berichte zum Terrorverfahren in M\u00fcnchen\",\"potentialAction\":[{\"@type\":\"SearchAction\",\"target\":{\"@type\":\"EntryPoint\",\"urlTemplate\":\"https:\/\/blog.zeit.de\/nsu-prozess-blog\/?s={search_term_string}\"},\"query-input\":\"required name=search_term_string\"}],\"inLanguage\":\"de\"},{\"@type\":\"Person\",\"@id\":\"https:\/\/blog.zeit.de\/nsu-prozess-blog\/#\/schema\/person\/553ea9bb5d1fc2ae054c589bd59380a5\",\"name\":\"Tom Sundermann\",\"image\":{\"@type\":\"ImageObject\",\"inLanguage\":\"de\",\"@id\":\"https:\/\/blog.zeit.de\/nsu-prozess-blog\/#\/schema\/person\/image\/\",\"url\":\"https:\/\/secure.gravatar.com\/avatar\/e108a3dc18766f719b2f797dc5d19093f06a1870c55b553ab6b7563f1f9a5e68?s=96&d=mm&r=g\",\"contentUrl\":\"https:\/\/secure.gravatar.com\/avatar\/e108a3dc18766f719b2f797dc5d19093f06a1870c55b553ab6b7563f1f9a5e68?s=96&d=mm&r=g\",\"caption\":\"Tom Sundermann\"},\"sameAs\":[\"https:\/\/twitter.com\/messeticker\"],\"url\":\"https:\/\/blog.zeit.de\/nsu-prozess-blog\/author\/tsundermann\/\"}]}<\/script>\n<!-- \/ Yoast SEO plugin. -->","yoast_head_json":{"title":"Verfahren gegen Mandy S. k\u00f6nnte eingestellt werden \u2013 Das Medienlog vom Freitag, 28. Februar 2014 - Das NSU-Prozess-Blog","robots":{"index":"index","follow":"follow","max-snippet":"max-snippet:-1","max-image-preview":"max-image-preview:large","max-video-preview":"max-video-preview:-1"},"canonical":"https:\/\/blog.zeit.de\/nsu-prozess-blog\/2014\/02\/28\/verfahren-mandy-s-nsu-medienlog\/","og_locale":"de_DE","og_type":"article","og_title":"Verfahren gegen Mandy S. k\u00f6nnte eingestellt werden \u2013 Das Medienlog vom Freitag, 28. Februar 2014 - Das NSU-Prozess-Blog","og_description":"Zum zweiten Mal ist die als NSU-Unterst\u00fctzerin verd\u00e4chtigte Mandy S. am 90. Verhandlungstag vor Gericht erschienen. Wie am Tag zuvor hatte sie viele Fragen zu ihrer Zeit in der rechten Szene zu beantworten \u2013 was ihr nach Ansicht von Prozessbeobachtern durchaus glaubw\u00fcrdig gelang. Doch einige Zweifel an der Vergangenheit der Zeugin seien geblieben. S. wurde [&hellip;]","og_url":"https:\/\/blog.zeit.de\/nsu-prozess-blog\/2014\/02\/28\/verfahren-mandy-s-nsu-medienlog\/","og_site_name":"Das NSU-Prozess-Blog","article_published_time":"2014-02-28T07:31:38+00:00","article_modified_time":"2014-02-28T08:47:13+00:00","author":"Tom Sundermann","twitter_misc":{"Geschrieben von":"Tom Sundermann","Gesch\u00e4tzte Lesezeit":"3\u00a0Minuten"},"schema":{"@context":"https:\/\/schema.org","@graph":[{"@type":"WebPage","@id":"https:\/\/blog.zeit.de\/nsu-prozess-blog\/2014\/02\/28\/verfahren-mandy-s-nsu-medienlog\/","url":"https:\/\/blog.zeit.de\/nsu-prozess-blog\/2014\/02\/28\/verfahren-mandy-s-nsu-medienlog\/","name":"Verfahren gegen Mandy S. k\u00f6nnte eingestellt werden \u2013 Das Medienlog vom Freitag, 28. Februar 2014 - Das NSU-Prozess-Blog","isPartOf":{"@id":"https:\/\/blog.zeit.de\/nsu-prozess-blog\/#website"},"datePublished":"2014-02-28T07:31:38+00:00","dateModified":"2014-02-28T08:47:13+00:00","author":{"@id":"https:\/\/blog.zeit.de\/nsu-prozess-blog\/#\/schema\/person\/553ea9bb5d1fc2ae054c589bd59380a5"},"breadcrumb":{"@id":"https:\/\/blog.zeit.de\/nsu-prozess-blog\/2014\/02\/28\/verfahren-mandy-s-nsu-medienlog\/#breadcrumb"},"inLanguage":"de","potentialAction":[{"@type":"ReadAction","target":["https:\/\/blog.zeit.de\/nsu-prozess-blog\/2014\/02\/28\/verfahren-mandy-s-nsu-medienlog\/"]}]},{"@type":"BreadcrumbList","@id":"https:\/\/blog.zeit.de\/nsu-prozess-blog\/2014\/02\/28\/verfahren-mandy-s-nsu-medienlog\/#breadcrumb","itemListElement":[{"@type":"ListItem","position":1,"name":"Startseite","item":"https:\/\/blog.zeit.de\/nsu-prozess-blog\/"},{"@type":"ListItem","position":2,"name":"Verfahren gegen Mandy S. k\u00f6nnte eingestellt werden \u2013 Das Medienlog vom Freitag, 28. Februar 2014"}]},{"@type":"WebSite","@id":"https:\/\/blog.zeit.de\/nsu-prozess-blog\/#website","url":"https:\/\/blog.zeit.de\/nsu-prozess-blog\/","name":"Das NSU-Prozess-Blog","description":"Alle Berichte zum Terrorverfahren in M\u00fcnchen","potentialAction":[{"@type":"SearchAction","target":{"@type":"EntryPoint","urlTemplate":"https:\/\/blog.zeit.de\/nsu-prozess-blog\/?s={search_term_string}"},"query-input":"required name=search_term_string"}],"inLanguage":"de"},{"@type":"Person","@id":"https:\/\/blog.zeit.de\/nsu-prozess-blog\/#\/schema\/person\/553ea9bb5d1fc2ae054c589bd59380a5","name":"Tom Sundermann","image":{"@type":"ImageObject","inLanguage":"de","@id":"https:\/\/blog.zeit.de\/nsu-prozess-blog\/#\/schema\/person\/image\/","url":"https:\/\/secure.gravatar.com\/avatar\/e108a3dc18766f719b2f797dc5d19093f06a1870c55b553ab6b7563f1f9a5e68?s=96&d=mm&r=g","contentUrl":"https:\/\/secure.gravatar.com\/avatar\/e108a3dc18766f719b2f797dc5d19093f06a1870c55b553ab6b7563f1f9a5e68?s=96&d=mm&r=g","caption":"Tom Sundermann"},"sameAs":["https:\/\/twitter.com\/messeticker"],"url":"https:\/\/blog.zeit.de\/nsu-prozess-blog\/author\/tsundermann\/"}]}},"jetpack_featured_media_url":"","jetpack_sharing_enabled":true,"_links":{"self":[{"href":"https:\/\/blog.zeit.de\/nsu-prozess-blog\/wp-json\/wp\/v2\/posts\/6020","targetHints":{"allow":["GET"]}}],"collection":[{"href":"https:\/\/blog.zeit.de\/nsu-prozess-blog\/wp-json\/wp\/v2\/posts"}],"about":[{"href":"https:\/\/blog.zeit.de\/nsu-prozess-blog\/wp-json\/wp\/v2\/types\/post"}],"author":[{"embeddable":true,"href":"https:\/\/blog.zeit.de\/nsu-prozess-blog\/wp-json\/wp\/v2\/users\/435"}],"replies":[{"embeddable":true,"href":"https:\/\/blog.zeit.de\/nsu-prozess-blog\/wp-json\/wp\/v2\/comments?post=6020"}],"version-history":[{"count":8,"href":"https:\/\/blog.zeit.de\/nsu-prozess-blog\/wp-json\/wp\/v2\/posts\/6020\/revisions"}],"predecessor-version":[{"id":6027,"href":"https:\/\/blog.zeit.de\/nsu-prozess-blog\/wp-json\/wp\/v2\/posts\/6020\/revisions\/6027"}],"wp:attachment":[{"href":"https:\/\/blog.zeit.de\/nsu-prozess-blog\/wp-json\/wp\/v2\/media?parent=6020"}],"wp:term":[{"taxonomy":"category","embeddable":true,"href":"https:\/\/blog.zeit.de\/nsu-prozess-blog\/wp-json\/wp\/v2\/categories?post=6020"},{"taxonomy":"post_tag","embeddable":true,"href":"https:\/\/blog.zeit.de\/nsu-prozess-blog\/wp-json\/wp\/v2\/tags?post=6020"}],"curies":[{"name":"wp","href":"https:\/\/api.w.org\/{rel}","templated":true}]}}