{"id":6045,"date":"2014-03-05T08:44:52","date_gmt":"2014-03-05T07:44:52","guid":{"rendered":"http:\/\/blog.zeit.de\/nsu-prozess-blog\/?p=6045"},"modified":"2014-03-05T11:43:43","modified_gmt":"2014-03-05T10:43:43","slug":"medienlog-nachbarn-normalitaet","status":"publish","type":"post","link":"https:\/\/blog.zeit.de\/nsu-prozess-blog\/2014\/03\/05\/medienlog-nachbarn-normalitaet\/","title":{"rendered":"Drei ganz normale Nachbarn? \u2013 Das Medienlog vom Mittwoch, 5. M\u00e4rz 2014"},"content":{"rendered":"<p>Drei gewaltbereite Rechte wohnen jahrelang zwischen ganz normalen B\u00fcrgern \u2013 und niemandem f\u00e4llt etwas auf. Das Leben in der Normalit\u00e4t gelang dem NSU-Trio, weil die Einstellung seiner Nachbarn sich gar nicht so sehr von jener der rechten Szene unterschied, schreibt der Nebenklage-Anwalt Eberhard Reinecke <a href=\"http:\/\/www.huffingtonpost.de\/eberhard-reinecke\/abtauchen-oder-eintauchen_b_4888674.html\">in einem Gastbeitrag f\u00fcr die <em>Huffington Post<\/em><\/a>. Dass die drei unbehelligt in Chemnitz und Zwickau leben konnten, sei nicht nur der Unterst\u00fctzung aus der Szene, &#8222;sondern auch dem Gleichklang ihrer rechten Gesinnung mit der ihres Umfeldes&#8220; zu verdanken.<\/p>\n<p>Gezeigt habe sich dies in Zeugenvernehmungen ehemaliger Nachbarn: Auf deren Facebook-Seiten hatten die Nebenklage-Anw\u00e4lte unterst\u00fctzende \u00c4u\u00dferungen f\u00fcr NPD-Kampagnen, rechte Bands und sogar ein Bild der Comicfigur Paulchen Panther gefunden \u2013 die im Bekennervideo des NSU die grausame Mordserie pr\u00e4sentiert. In der Fr\u00fchlingsstra\u00dfe 26 in Zwickau, der letzten Wohnung des Trios, trafen sich die Nachbarn zum Biertrinken unter einem Portrait von Adolf Hitler. &#8222;In dieser &#8218;Normalit\u00e4t&#8216; musste das Trio nicht tief untertauchen&#8220;, kommentiert Reinecke.<\/p>\n<p><em>An jedem Werktag sichten wir f\u00fcr das NSU-Prozess-Blog die Medien und stellen wichtige Berichte, Blogs, Videos und Tweets zusammen. Wir freuen uns \u00fcber Hinweise via Twitter mit dem Hashtag #nsublog \u2013 oder per E-Mail an <a href=\"mailto:nsublog@zeit.de\">nsublog@zeit.de<\/a>.<\/em><\/p>\n<p><em>Das n\u00e4chste Medienlog erscheint am Donnerstag, 6. M\u00e4rz 2014.<\/em><\/p>\n","protected":false},"excerpt":{"rendered":"<p>Drei gewaltbereite Rechte wohnen jahrelang zwischen ganz normalen B\u00fcrgern \u2013 und niemandem f\u00e4llt etwas auf. Das Leben in der Normalit\u00e4t gelang dem NSU-Trio, weil die Einstellung seiner Nachbarn sich gar nicht so sehr von jener der rechten Szene unterschied, schreibt der Nebenklage-Anwalt Eberhard Reinecke in einem Gastbeitrag f\u00fcr die Huffington Post. Dass die drei unbehelligt [&hellip;]<\/p>\n","protected":false},"author":435,"featured_media":0,"comment_status":"open","ping_status":"open","sticky":false,"template":"","format":"standard","meta":{"_jetpack_memberships_contains_paid_content":false,"footnotes":""},"categories":[27531],"tags":[17793,29426,22860,22859],"class_list":["post-6045","post","type-post","status-publish","format-standard","hentry","category-medienschau","tag-beate-zschape","tag-nebenklage","tag-uwe-bohnhardt","tag-uwe-mundlos"],"yoast_head":"<!-- This site is optimized with the Yoast SEO plugin v21.0 - https:\/\/yoast.com\/wordpress\/plugins\/seo\/ -->\n<title>Drei ganz normale Nachbarn? \u2013 Das Medienlog vom Mittwoch, 5. M\u00e4rz 2014 - Das NSU-Prozess-Blog<\/title>\n<meta name=\"robots\" content=\"index, follow, max-snippet:-1, max-image-preview:large, max-video-preview:-1\" \/>\n<link rel=\"canonical\" href=\"https:\/\/blog.zeit.de\/nsu-prozess-blog\/2014\/03\/05\/medienlog-nachbarn-normalitaet\/\" \/>\n<meta property=\"og:locale\" content=\"de_DE\" \/>\n<meta property=\"og:type\" content=\"article\" \/>\n<meta property=\"og:title\" content=\"Drei ganz normale Nachbarn? \u2013 Das Medienlog vom Mittwoch, 5. M\u00e4rz 2014 - Das NSU-Prozess-Blog\" \/>\n<meta property=\"og:description\" content=\"Drei gewaltbereite Rechte wohnen jahrelang zwischen ganz normalen B\u00fcrgern \u2013 und niemandem f\u00e4llt etwas auf. Das Leben in der Normalit\u00e4t gelang dem NSU-Trio, weil die Einstellung seiner Nachbarn sich gar nicht so sehr von jener der rechten Szene unterschied, schreibt der Nebenklage-Anwalt Eberhard Reinecke in einem Gastbeitrag f\u00fcr die Huffington Post. Dass die drei unbehelligt [&hellip;]\" \/>\n<meta property=\"og:url\" content=\"https:\/\/blog.zeit.de\/nsu-prozess-blog\/2014\/03\/05\/medienlog-nachbarn-normalitaet\/\" \/>\n<meta property=\"og:site_name\" content=\"Das NSU-Prozess-Blog\" \/>\n<meta property=\"article:published_time\" content=\"2014-03-05T07:44:52+00:00\" \/>\n<meta property=\"article:modified_time\" content=\"2014-03-05T10:43:43+00:00\" \/>\n<meta name=\"author\" content=\"Tom Sundermann\" \/>\n<meta name=\"twitter:label1\" content=\"Geschrieben von\" \/>\n\t<meta name=\"twitter:data1\" content=\"Tom Sundermann\" \/>\n\t<meta name=\"twitter:label2\" content=\"Gesch\u00e4tzte Lesezeit\" \/>\n\t<meta name=\"twitter:data2\" content=\"1\u00a0Minute\" \/>\n<script type=\"application\/ld+json\" class=\"yoast-schema-graph\">{\"@context\":\"https:\/\/schema.org\",\"@graph\":[{\"@type\":\"WebPage\",\"@id\":\"https:\/\/blog.zeit.de\/nsu-prozess-blog\/2014\/03\/05\/medienlog-nachbarn-normalitaet\/\",\"url\":\"https:\/\/blog.zeit.de\/nsu-prozess-blog\/2014\/03\/05\/medienlog-nachbarn-normalitaet\/\",\"name\":\"Drei ganz normale Nachbarn? \u2013 Das Medienlog vom Mittwoch, 5. M\u00e4rz 2014 - Das NSU-Prozess-Blog\",\"isPartOf\":{\"@id\":\"https:\/\/blog.zeit.de\/nsu-prozess-blog\/#website\"},\"datePublished\":\"2014-03-05T07:44:52+00:00\",\"dateModified\":\"2014-03-05T10:43:43+00:00\",\"author\":{\"@id\":\"https:\/\/blog.zeit.de\/nsu-prozess-blog\/#\/schema\/person\/553ea9bb5d1fc2ae054c589bd59380a5\"},\"breadcrumb\":{\"@id\":\"https:\/\/blog.zeit.de\/nsu-prozess-blog\/2014\/03\/05\/medienlog-nachbarn-normalitaet\/#breadcrumb\"},\"inLanguage\":\"de\",\"potentialAction\":[{\"@type\":\"ReadAction\",\"target\":[\"https:\/\/blog.zeit.de\/nsu-prozess-blog\/2014\/03\/05\/medienlog-nachbarn-normalitaet\/\"]}]},{\"@type\":\"BreadcrumbList\",\"@id\":\"https:\/\/blog.zeit.de\/nsu-prozess-blog\/2014\/03\/05\/medienlog-nachbarn-normalitaet\/#breadcrumb\",\"itemListElement\":[{\"@type\":\"ListItem\",\"position\":1,\"name\":\"Startseite\",\"item\":\"https:\/\/blog.zeit.de\/nsu-prozess-blog\/\"},{\"@type\":\"ListItem\",\"position\":2,\"name\":\"Drei ganz normale Nachbarn? \u2013 Das Medienlog vom Mittwoch, 5. M\u00e4rz 2014\"}]},{\"@type\":\"WebSite\",\"@id\":\"https:\/\/blog.zeit.de\/nsu-prozess-blog\/#website\",\"url\":\"https:\/\/blog.zeit.de\/nsu-prozess-blog\/\",\"name\":\"Das NSU-Prozess-Blog\",\"description\":\"Alle Berichte zum Terrorverfahren in M\u00fcnchen\",\"potentialAction\":[{\"@type\":\"SearchAction\",\"target\":{\"@type\":\"EntryPoint\",\"urlTemplate\":\"https:\/\/blog.zeit.de\/nsu-prozess-blog\/?s={search_term_string}\"},\"query-input\":\"required name=search_term_string\"}],\"inLanguage\":\"de\"},{\"@type\":\"Person\",\"@id\":\"https:\/\/blog.zeit.de\/nsu-prozess-blog\/#\/schema\/person\/553ea9bb5d1fc2ae054c589bd59380a5\",\"name\":\"Tom Sundermann\",\"image\":{\"@type\":\"ImageObject\",\"inLanguage\":\"de\",\"@id\":\"https:\/\/blog.zeit.de\/nsu-prozess-blog\/#\/schema\/person\/image\/\",\"url\":\"https:\/\/secure.gravatar.com\/avatar\/e108a3dc18766f719b2f797dc5d19093f06a1870c55b553ab6b7563f1f9a5e68?s=96&d=mm&r=g\",\"contentUrl\":\"https:\/\/secure.gravatar.com\/avatar\/e108a3dc18766f719b2f797dc5d19093f06a1870c55b553ab6b7563f1f9a5e68?s=96&d=mm&r=g\",\"caption\":\"Tom Sundermann\"},\"sameAs\":[\"https:\/\/twitter.com\/messeticker\"],\"url\":\"https:\/\/blog.zeit.de\/nsu-prozess-blog\/author\/tsundermann\/\"}]}<\/script>\n<!-- \/ Yoast SEO plugin. -->","yoast_head_json":{"title":"Drei ganz normale Nachbarn? \u2013 Das Medienlog vom Mittwoch, 5. M\u00e4rz 2014 - Das NSU-Prozess-Blog","robots":{"index":"index","follow":"follow","max-snippet":"max-snippet:-1","max-image-preview":"max-image-preview:large","max-video-preview":"max-video-preview:-1"},"canonical":"https:\/\/blog.zeit.de\/nsu-prozess-blog\/2014\/03\/05\/medienlog-nachbarn-normalitaet\/","og_locale":"de_DE","og_type":"article","og_title":"Drei ganz normale Nachbarn? \u2013 Das Medienlog vom Mittwoch, 5. M\u00e4rz 2014 - Das NSU-Prozess-Blog","og_description":"Drei gewaltbereite Rechte wohnen jahrelang zwischen ganz normalen B\u00fcrgern \u2013 und niemandem f\u00e4llt etwas auf. Das Leben in der Normalit\u00e4t gelang dem NSU-Trio, weil die Einstellung seiner Nachbarn sich gar nicht so sehr von jener der rechten Szene unterschied, schreibt der Nebenklage-Anwalt Eberhard Reinecke in einem Gastbeitrag f\u00fcr die Huffington Post. Dass die drei unbehelligt [&hellip;]","og_url":"https:\/\/blog.zeit.de\/nsu-prozess-blog\/2014\/03\/05\/medienlog-nachbarn-normalitaet\/","og_site_name":"Das NSU-Prozess-Blog","article_published_time":"2014-03-05T07:44:52+00:00","article_modified_time":"2014-03-05T10:43:43+00:00","author":"Tom Sundermann","twitter_misc":{"Geschrieben von":"Tom Sundermann","Gesch\u00e4tzte Lesezeit":"1\u00a0Minute"},"schema":{"@context":"https:\/\/schema.org","@graph":[{"@type":"WebPage","@id":"https:\/\/blog.zeit.de\/nsu-prozess-blog\/2014\/03\/05\/medienlog-nachbarn-normalitaet\/","url":"https:\/\/blog.zeit.de\/nsu-prozess-blog\/2014\/03\/05\/medienlog-nachbarn-normalitaet\/","name":"Drei ganz normale Nachbarn? \u2013 Das Medienlog vom Mittwoch, 5. M\u00e4rz 2014 - Das NSU-Prozess-Blog","isPartOf":{"@id":"https:\/\/blog.zeit.de\/nsu-prozess-blog\/#website"},"datePublished":"2014-03-05T07:44:52+00:00","dateModified":"2014-03-05T10:43:43+00:00","author":{"@id":"https:\/\/blog.zeit.de\/nsu-prozess-blog\/#\/schema\/person\/553ea9bb5d1fc2ae054c589bd59380a5"},"breadcrumb":{"@id":"https:\/\/blog.zeit.de\/nsu-prozess-blog\/2014\/03\/05\/medienlog-nachbarn-normalitaet\/#breadcrumb"},"inLanguage":"de","potentialAction":[{"@type":"ReadAction","target":["https:\/\/blog.zeit.de\/nsu-prozess-blog\/2014\/03\/05\/medienlog-nachbarn-normalitaet\/"]}]},{"@type":"BreadcrumbList","@id":"https:\/\/blog.zeit.de\/nsu-prozess-blog\/2014\/03\/05\/medienlog-nachbarn-normalitaet\/#breadcrumb","itemListElement":[{"@type":"ListItem","position":1,"name":"Startseite","item":"https:\/\/blog.zeit.de\/nsu-prozess-blog\/"},{"@type":"ListItem","position":2,"name":"Drei ganz normale Nachbarn? \u2013 Das Medienlog vom Mittwoch, 5. M\u00e4rz 2014"}]},{"@type":"WebSite","@id":"https:\/\/blog.zeit.de\/nsu-prozess-blog\/#website","url":"https:\/\/blog.zeit.de\/nsu-prozess-blog\/","name":"Das NSU-Prozess-Blog","description":"Alle Berichte zum Terrorverfahren in M\u00fcnchen","potentialAction":[{"@type":"SearchAction","target":{"@type":"EntryPoint","urlTemplate":"https:\/\/blog.zeit.de\/nsu-prozess-blog\/?s={search_term_string}"},"query-input":"required name=search_term_string"}],"inLanguage":"de"},{"@type":"Person","@id":"https:\/\/blog.zeit.de\/nsu-prozess-blog\/#\/schema\/person\/553ea9bb5d1fc2ae054c589bd59380a5","name":"Tom Sundermann","image":{"@type":"ImageObject","inLanguage":"de","@id":"https:\/\/blog.zeit.de\/nsu-prozess-blog\/#\/schema\/person\/image\/","url":"https:\/\/secure.gravatar.com\/avatar\/e108a3dc18766f719b2f797dc5d19093f06a1870c55b553ab6b7563f1f9a5e68?s=96&d=mm&r=g","contentUrl":"https:\/\/secure.gravatar.com\/avatar\/e108a3dc18766f719b2f797dc5d19093f06a1870c55b553ab6b7563f1f9a5e68?s=96&d=mm&r=g","caption":"Tom Sundermann"},"sameAs":["https:\/\/twitter.com\/messeticker"],"url":"https:\/\/blog.zeit.de\/nsu-prozess-blog\/author\/tsundermann\/"}]}},"jetpack_featured_media_url":"","jetpack_sharing_enabled":true,"_links":{"self":[{"href":"https:\/\/blog.zeit.de\/nsu-prozess-blog\/wp-json\/wp\/v2\/posts\/6045","targetHints":{"allow":["GET"]}}],"collection":[{"href":"https:\/\/blog.zeit.de\/nsu-prozess-blog\/wp-json\/wp\/v2\/posts"}],"about":[{"href":"https:\/\/blog.zeit.de\/nsu-prozess-blog\/wp-json\/wp\/v2\/types\/post"}],"author":[{"embeddable":true,"href":"https:\/\/blog.zeit.de\/nsu-prozess-blog\/wp-json\/wp\/v2\/users\/435"}],"replies":[{"embeddable":true,"href":"https:\/\/blog.zeit.de\/nsu-prozess-blog\/wp-json\/wp\/v2\/comments?post=6045"}],"version-history":[{"count":5,"href":"https:\/\/blog.zeit.de\/nsu-prozess-blog\/wp-json\/wp\/v2\/posts\/6045\/revisions"}],"predecessor-version":[{"id":6049,"href":"https:\/\/blog.zeit.de\/nsu-prozess-blog\/wp-json\/wp\/v2\/posts\/6045\/revisions\/6049"}],"wp:attachment":[{"href":"https:\/\/blog.zeit.de\/nsu-prozess-blog\/wp-json\/wp\/v2\/media?parent=6045"}],"wp:term":[{"taxonomy":"category","embeddable":true,"href":"https:\/\/blog.zeit.de\/nsu-prozess-blog\/wp-json\/wp\/v2\/categories?post=6045"},{"taxonomy":"post_tag","embeddable":true,"href":"https:\/\/blog.zeit.de\/nsu-prozess-blog\/wp-json\/wp\/v2\/tags?post=6045"}],"curies":[{"name":"wp","href":"https:\/\/api.w.org\/{rel}","templated":true}]}}