{"id":6059,"date":"2014-03-11T07:00:02","date_gmt":"2014-03-11T06:00:02","guid":{"rendered":"http:\/\/blog.zeit.de\/nsu-prozess-blog\/?p=6059"},"modified":"2014-03-14T18:03:50","modified_gmt":"2014-03-14T17:03:50","slug":"verfassungsschutzer-sagen-uber-ex-kollegen-t-aus","status":"publish","type":"post","link":"https:\/\/blog.zeit.de\/nsu-prozess-blog\/2014\/03\/11\/verfassungsschutzer-sagen-uber-ex-kollegen-t-aus\/","title":{"rendered":"91. Prozesstag \u2013 Verfassungssch\u00fctzer sagen \u00fcber Ex-Kollegen T. aus"},"content":{"rendered":"<p>Am Dienstag sind in M\u00fcnchen zwei Mitarbeiter des hessischen Landesamts f\u00fcr Verfassungsschutz geladen. Der damalige Vorgesetzte und eine weitere Besch\u00e4ftigte \u00e4u\u00dfern sich zu ihrem fr\u00fcheren Kollegen Andreas T., der beim Mord an Halit Yozgat 2006 in Kassel am Tatort war. T. behauptet, er habe von den t\u00f6dlichen Sch\u00fcssen auf Yozgat nichts mitbekommen. Das Gericht will nun herausfinden, was T. damals in der Beh\u00f6rde zu dem Fall sagte.<\/p>\n<p>Weiterhin sagt ein Polizist aus, der w\u00e4hrend der Ermittlungen die Tat rekonstruierte. Ein Arzt stellt zudem ein Gutachten \u00fcber den Zeugen Martin A. vor, der neben der Polizistin Mich\u00e8le Kiesewetter sa\u00df, als diese mutma\u00dflich von Uwe Mundlos und Uwe B\u00f6hnhardt erschossen wurde. Auch A. hatte damals ein lebensgef\u00e4hrlicher Schuss getroffen.<\/p>\n<p><em>Informationen aus der Verhandlung gibt es <a href=\"https:\/\/twitter.com\/zeitonline\/lists\/nsu-prozess\">via Twitter hier<\/a>. Eine Zusammenfassung des Prozesstages ver\u00f6ffentlichen wir am Abend auf diesem Blog. Weitere Berichte fassen wir morgen im <a href=\"https:\/\/blog.zeit.de\/nsu-prozess-blog\/category\/medienschau\/\">NSU-Medienlog<\/a> zusammen.<\/em><\/p>\n","protected":false},"excerpt":{"rendered":"<p>Am Dienstag sind in M\u00fcnchen zwei Mitarbeiter des hessischen Landesamts f\u00fcr Verfassungsschutz geladen. Der damalige Vorgesetzte und eine weitere Besch\u00e4ftigte \u00e4u\u00dfern sich zu ihrem fr\u00fcheren Kollegen Andreas T., der beim Mord an Halit Yozgat 2006 in Kassel am Tatort war. T. behauptet, er habe von den t\u00f6dlichen Sch\u00fcssen auf Yozgat nichts mitbekommen. Das Gericht will [&hellip;]<\/p>\n","protected":false},"author":435,"featured_media":0,"comment_status":"open","ping_status":"open","sticky":false,"template":"","format":"standard","meta":{"_jetpack_memberships_contains_paid_content":false,"footnotes":""},"categories":[27532],"tags":[29442,29435,27588],"class_list":["post-6059","post","type-post","status-publish","format-standard","hentry","category-prozesstage","tag-andreas-t","tag-halit-yozgat","tag-michele-kiesewetter"],"yoast_head":"<!-- This site is optimized with the Yoast SEO plugin v21.0 - https:\/\/yoast.com\/wordpress\/plugins\/seo\/ -->\n<title>91. Prozesstag \u2013 Verfassungssch\u00fctzer sagen \u00fcber Ex-Kollegen T. aus - Das NSU-Prozess-Blog<\/title>\n<meta name=\"robots\" content=\"index, follow, max-snippet:-1, max-image-preview:large, max-video-preview:-1\" \/>\n<link rel=\"canonical\" href=\"https:\/\/blog.zeit.de\/nsu-prozess-blog\/2014\/03\/11\/verfassungsschutzer-sagen-uber-ex-kollegen-t-aus\/\" \/>\n<meta property=\"og:locale\" content=\"de_DE\" \/>\n<meta property=\"og:type\" content=\"article\" \/>\n<meta property=\"og:title\" content=\"91. Prozesstag \u2013 Verfassungssch\u00fctzer sagen \u00fcber Ex-Kollegen T. aus - Das NSU-Prozess-Blog\" \/>\n<meta property=\"og:description\" content=\"Am Dienstag sind in M\u00fcnchen zwei Mitarbeiter des hessischen Landesamts f\u00fcr Verfassungsschutz geladen. Der damalige Vorgesetzte und eine weitere Besch\u00e4ftigte \u00e4u\u00dfern sich zu ihrem fr\u00fcheren Kollegen Andreas T., der beim Mord an Halit Yozgat 2006 in Kassel am Tatort war. T. behauptet, er habe von den t\u00f6dlichen Sch\u00fcssen auf Yozgat nichts mitbekommen. Das Gericht will [&hellip;]\" \/>\n<meta property=\"og:url\" content=\"https:\/\/blog.zeit.de\/nsu-prozess-blog\/2014\/03\/11\/verfassungsschutzer-sagen-uber-ex-kollegen-t-aus\/\" \/>\n<meta property=\"og:site_name\" content=\"Das NSU-Prozess-Blog\" \/>\n<meta property=\"article:published_time\" content=\"2014-03-11T06:00:02+00:00\" \/>\n<meta property=\"article:modified_time\" content=\"2014-03-14T17:03:50+00:00\" \/>\n<meta name=\"author\" content=\"Tom Sundermann\" \/>\n<meta name=\"twitter:label1\" content=\"Geschrieben von\" \/>\n\t<meta name=\"twitter:data1\" content=\"Tom Sundermann\" \/>\n\t<meta name=\"twitter:label2\" content=\"Gesch\u00e4tzte Lesezeit\" \/>\n\t<meta name=\"twitter:data2\" content=\"1\u00a0Minute\" \/>\n<script type=\"application\/ld+json\" class=\"yoast-schema-graph\">{\"@context\":\"https:\/\/schema.org\",\"@graph\":[{\"@type\":\"WebPage\",\"@id\":\"https:\/\/blog.zeit.de\/nsu-prozess-blog\/2014\/03\/11\/verfassungsschutzer-sagen-uber-ex-kollegen-t-aus\/\",\"url\":\"https:\/\/blog.zeit.de\/nsu-prozess-blog\/2014\/03\/11\/verfassungsschutzer-sagen-uber-ex-kollegen-t-aus\/\",\"name\":\"91. Prozesstag \u2013 Verfassungssch\u00fctzer sagen \u00fcber Ex-Kollegen T. aus - Das NSU-Prozess-Blog\",\"isPartOf\":{\"@id\":\"https:\/\/blog.zeit.de\/nsu-prozess-blog\/#website\"},\"datePublished\":\"2014-03-11T06:00:02+00:00\",\"dateModified\":\"2014-03-14T17:03:50+00:00\",\"author\":{\"@id\":\"https:\/\/blog.zeit.de\/nsu-prozess-blog\/#\/schema\/person\/553ea9bb5d1fc2ae054c589bd59380a5\"},\"breadcrumb\":{\"@id\":\"https:\/\/blog.zeit.de\/nsu-prozess-blog\/2014\/03\/11\/verfassungsschutzer-sagen-uber-ex-kollegen-t-aus\/#breadcrumb\"},\"inLanguage\":\"de\",\"potentialAction\":[{\"@type\":\"ReadAction\",\"target\":[\"https:\/\/blog.zeit.de\/nsu-prozess-blog\/2014\/03\/11\/verfassungsschutzer-sagen-uber-ex-kollegen-t-aus\/\"]}]},{\"@type\":\"BreadcrumbList\",\"@id\":\"https:\/\/blog.zeit.de\/nsu-prozess-blog\/2014\/03\/11\/verfassungsschutzer-sagen-uber-ex-kollegen-t-aus\/#breadcrumb\",\"itemListElement\":[{\"@type\":\"ListItem\",\"position\":1,\"name\":\"Startseite\",\"item\":\"https:\/\/blog.zeit.de\/nsu-prozess-blog\/\"},{\"@type\":\"ListItem\",\"position\":2,\"name\":\"91. Prozesstag \u2013 Verfassungssch\u00fctzer sagen \u00fcber Ex-Kollegen T. aus\"}]},{\"@type\":\"WebSite\",\"@id\":\"https:\/\/blog.zeit.de\/nsu-prozess-blog\/#website\",\"url\":\"https:\/\/blog.zeit.de\/nsu-prozess-blog\/\",\"name\":\"Das NSU-Prozess-Blog\",\"description\":\"Alle Berichte zum Terrorverfahren in M\u00fcnchen\",\"potentialAction\":[{\"@type\":\"SearchAction\",\"target\":{\"@type\":\"EntryPoint\",\"urlTemplate\":\"https:\/\/blog.zeit.de\/nsu-prozess-blog\/?s={search_term_string}\"},\"query-input\":\"required name=search_term_string\"}],\"inLanguage\":\"de\"},{\"@type\":\"Person\",\"@id\":\"https:\/\/blog.zeit.de\/nsu-prozess-blog\/#\/schema\/person\/553ea9bb5d1fc2ae054c589bd59380a5\",\"name\":\"Tom Sundermann\",\"image\":{\"@type\":\"ImageObject\",\"inLanguage\":\"de\",\"@id\":\"https:\/\/blog.zeit.de\/nsu-prozess-blog\/#\/schema\/person\/image\/\",\"url\":\"https:\/\/secure.gravatar.com\/avatar\/e108a3dc18766f719b2f797dc5d19093f06a1870c55b553ab6b7563f1f9a5e68?s=96&d=mm&r=g\",\"contentUrl\":\"https:\/\/secure.gravatar.com\/avatar\/e108a3dc18766f719b2f797dc5d19093f06a1870c55b553ab6b7563f1f9a5e68?s=96&d=mm&r=g\",\"caption\":\"Tom Sundermann\"},\"sameAs\":[\"https:\/\/twitter.com\/messeticker\"],\"url\":\"https:\/\/blog.zeit.de\/nsu-prozess-blog\/author\/tsundermann\/\"}]}<\/script>\n<!-- \/ Yoast SEO plugin. -->","yoast_head_json":{"title":"91. Prozesstag \u2013 Verfassungssch\u00fctzer sagen \u00fcber Ex-Kollegen T. aus - Das NSU-Prozess-Blog","robots":{"index":"index","follow":"follow","max-snippet":"max-snippet:-1","max-image-preview":"max-image-preview:large","max-video-preview":"max-video-preview:-1"},"canonical":"https:\/\/blog.zeit.de\/nsu-prozess-blog\/2014\/03\/11\/verfassungsschutzer-sagen-uber-ex-kollegen-t-aus\/","og_locale":"de_DE","og_type":"article","og_title":"91. Prozesstag \u2013 Verfassungssch\u00fctzer sagen \u00fcber Ex-Kollegen T. aus - Das NSU-Prozess-Blog","og_description":"Am Dienstag sind in M\u00fcnchen zwei Mitarbeiter des hessischen Landesamts f\u00fcr Verfassungsschutz geladen. Der damalige Vorgesetzte und eine weitere Besch\u00e4ftigte \u00e4u\u00dfern sich zu ihrem fr\u00fcheren Kollegen Andreas T., der beim Mord an Halit Yozgat 2006 in Kassel am Tatort war. T. behauptet, er habe von den t\u00f6dlichen Sch\u00fcssen auf Yozgat nichts mitbekommen. Das Gericht will [&hellip;]","og_url":"https:\/\/blog.zeit.de\/nsu-prozess-blog\/2014\/03\/11\/verfassungsschutzer-sagen-uber-ex-kollegen-t-aus\/","og_site_name":"Das NSU-Prozess-Blog","article_published_time":"2014-03-11T06:00:02+00:00","article_modified_time":"2014-03-14T17:03:50+00:00","author":"Tom Sundermann","twitter_misc":{"Geschrieben von":"Tom Sundermann","Gesch\u00e4tzte Lesezeit":"1\u00a0Minute"},"schema":{"@context":"https:\/\/schema.org","@graph":[{"@type":"WebPage","@id":"https:\/\/blog.zeit.de\/nsu-prozess-blog\/2014\/03\/11\/verfassungsschutzer-sagen-uber-ex-kollegen-t-aus\/","url":"https:\/\/blog.zeit.de\/nsu-prozess-blog\/2014\/03\/11\/verfassungsschutzer-sagen-uber-ex-kollegen-t-aus\/","name":"91. Prozesstag \u2013 Verfassungssch\u00fctzer sagen \u00fcber Ex-Kollegen T. aus - Das NSU-Prozess-Blog","isPartOf":{"@id":"https:\/\/blog.zeit.de\/nsu-prozess-blog\/#website"},"datePublished":"2014-03-11T06:00:02+00:00","dateModified":"2014-03-14T17:03:50+00:00","author":{"@id":"https:\/\/blog.zeit.de\/nsu-prozess-blog\/#\/schema\/person\/553ea9bb5d1fc2ae054c589bd59380a5"},"breadcrumb":{"@id":"https:\/\/blog.zeit.de\/nsu-prozess-blog\/2014\/03\/11\/verfassungsschutzer-sagen-uber-ex-kollegen-t-aus\/#breadcrumb"},"inLanguage":"de","potentialAction":[{"@type":"ReadAction","target":["https:\/\/blog.zeit.de\/nsu-prozess-blog\/2014\/03\/11\/verfassungsschutzer-sagen-uber-ex-kollegen-t-aus\/"]}]},{"@type":"BreadcrumbList","@id":"https:\/\/blog.zeit.de\/nsu-prozess-blog\/2014\/03\/11\/verfassungsschutzer-sagen-uber-ex-kollegen-t-aus\/#breadcrumb","itemListElement":[{"@type":"ListItem","position":1,"name":"Startseite","item":"https:\/\/blog.zeit.de\/nsu-prozess-blog\/"},{"@type":"ListItem","position":2,"name":"91. Prozesstag \u2013 Verfassungssch\u00fctzer sagen \u00fcber Ex-Kollegen T. aus"}]},{"@type":"WebSite","@id":"https:\/\/blog.zeit.de\/nsu-prozess-blog\/#website","url":"https:\/\/blog.zeit.de\/nsu-prozess-blog\/","name":"Das NSU-Prozess-Blog","description":"Alle Berichte zum Terrorverfahren in M\u00fcnchen","potentialAction":[{"@type":"SearchAction","target":{"@type":"EntryPoint","urlTemplate":"https:\/\/blog.zeit.de\/nsu-prozess-blog\/?s={search_term_string}"},"query-input":"required name=search_term_string"}],"inLanguage":"de"},{"@type":"Person","@id":"https:\/\/blog.zeit.de\/nsu-prozess-blog\/#\/schema\/person\/553ea9bb5d1fc2ae054c589bd59380a5","name":"Tom Sundermann","image":{"@type":"ImageObject","inLanguage":"de","@id":"https:\/\/blog.zeit.de\/nsu-prozess-blog\/#\/schema\/person\/image\/","url":"https:\/\/secure.gravatar.com\/avatar\/e108a3dc18766f719b2f797dc5d19093f06a1870c55b553ab6b7563f1f9a5e68?s=96&d=mm&r=g","contentUrl":"https:\/\/secure.gravatar.com\/avatar\/e108a3dc18766f719b2f797dc5d19093f06a1870c55b553ab6b7563f1f9a5e68?s=96&d=mm&r=g","caption":"Tom Sundermann"},"sameAs":["https:\/\/twitter.com\/messeticker"],"url":"https:\/\/blog.zeit.de\/nsu-prozess-blog\/author\/tsundermann\/"}]}},"jetpack_featured_media_url":"","jetpack_sharing_enabled":true,"_links":{"self":[{"href":"https:\/\/blog.zeit.de\/nsu-prozess-blog\/wp-json\/wp\/v2\/posts\/6059","targetHints":{"allow":["GET"]}}],"collection":[{"href":"https:\/\/blog.zeit.de\/nsu-prozess-blog\/wp-json\/wp\/v2\/posts"}],"about":[{"href":"https:\/\/blog.zeit.de\/nsu-prozess-blog\/wp-json\/wp\/v2\/types\/post"}],"author":[{"embeddable":true,"href":"https:\/\/blog.zeit.de\/nsu-prozess-blog\/wp-json\/wp\/v2\/users\/435"}],"replies":[{"embeddable":true,"href":"https:\/\/blog.zeit.de\/nsu-prozess-blog\/wp-json\/wp\/v2\/comments?post=6059"}],"version-history":[{"count":8,"href":"https:\/\/blog.zeit.de\/nsu-prozess-blog\/wp-json\/wp\/v2\/posts\/6059\/revisions"}],"predecessor-version":[{"id":6165,"href":"https:\/\/blog.zeit.de\/nsu-prozess-blog\/wp-json\/wp\/v2\/posts\/6059\/revisions\/6165"}],"wp:attachment":[{"href":"https:\/\/blog.zeit.de\/nsu-prozess-blog\/wp-json\/wp\/v2\/media?parent=6059"}],"wp:term":[{"taxonomy":"category","embeddable":true,"href":"https:\/\/blog.zeit.de\/nsu-prozess-blog\/wp-json\/wp\/v2\/categories?post=6059"},{"taxonomy":"post_tag","embeddable":true,"href":"https:\/\/blog.zeit.de\/nsu-prozess-blog\/wp-json\/wp\/v2\/tags?post=6059"}],"curies":[{"name":"wp","href":"https:\/\/api.w.org\/{rel}","templated":true}]}}