{"id":6062,"date":"2014-03-12T07:00:44","date_gmt":"2014-03-12T06:00:44","guid":{"rendered":"http:\/\/blog.zeit.de\/nsu-prozess-blog\/?p=6062"},"modified":"2014-03-14T18:03:40","modified_gmt":"2014-03-14T17:03:40","slug":"wieviel-wusste-lutz-irrgang-von-andreas-t","status":"publish","type":"post","link":"https:\/\/blog.zeit.de\/nsu-prozess-blog\/2014\/03\/12\/wieviel-wusste-lutz-irrgang-von-andreas-t\/","title":{"rendered":"92. Prozesstag \u2013 Wie viel wusste Lutz Irrgang von Andreas T.?"},"content":{"rendered":"<p>Lutz Irrgang, fr\u00fcherer Pr\u00e4sident des hessischen Verfassungsschutzes, sagt am Mittwoch in M\u00fcnchen aus. Thema ist das Verhalten eines ehemaligen Mitarbeiters der Beh\u00f6rde: Andreas T., der beim Mord an Halit Yozgat 2006 in dessen Kasseler Internetcaf\u00e9 am Tatort war. T. behauptet, er habe von den t\u00f6dlichen Sch\u00fcssen auf Yozgat nichts mitbekommen. Fraglich ist, wie viel Irrgang sp\u00e4ter von T. erfuhr: In einem abgeh\u00f6rten Telefonat lobte ein Kollege T.s diesen, dass er sich gegen\u00fcber Irrgang nicht &#8222;so restriktiv wie bei der Polizei&#8220; verhalten habe.<\/p>\n<p>Im Anschluss ist T. erneut selbst als Zeuge vor Gericht. Es ist bereits sein vierter Termin in M\u00fcnchen.<\/p>\n<p><em>Informationen aus der Verhandlung gibt es <a href=\"https:\/\/twitter.com\/zeitonline\/lists\/nsu-prozess\">via Twitter hier<\/a>. Eine Zusammenfassung des Prozesstages ver\u00f6ffentlichen wir am Abend auf diesem Blog. Weitere Berichte fassen wir morgen im <a href=\"https:\/\/blog.zeit.de\/nsu-prozess-blog\/category\/medienschau\/\">NSU-Medienlog<\/a> zusammen.<\/em><\/p>\n","protected":false},"excerpt":{"rendered":"<p>Lutz Irrgang, fr\u00fcherer Pr\u00e4sident des hessischen Verfassungsschutzes, sagt am Mittwoch in M\u00fcnchen aus. Thema ist das Verhalten eines ehemaligen Mitarbeiters der Beh\u00f6rde: Andreas T., der beim Mord an Halit Yozgat 2006 in dessen Kasseler Internetcaf\u00e9 am Tatort war. T. behauptet, er habe von den t\u00f6dlichen Sch\u00fcssen auf Yozgat nichts mitbekommen. Fraglich ist, wie viel Irrgang [&hellip;]<\/p>\n","protected":false},"author":435,"featured_media":0,"comment_status":"open","ping_status":"open","sticky":false,"template":"","format":"standard","meta":{"_jetpack_memberships_contains_paid_content":false,"footnotes":""},"categories":[27532],"tags":[29442,29435],"class_list":["post-6062","post","type-post","status-publish","format-standard","hentry","category-prozesstage","tag-andreas-t","tag-halit-yozgat"],"yoast_head":"<!-- This site is optimized with the Yoast SEO plugin v21.0 - https:\/\/yoast.com\/wordpress\/plugins\/seo\/ -->\n<title>92. Prozesstag \u2013 Wie viel wusste Lutz Irrgang von Andreas T.? - Das NSU-Prozess-Blog<\/title>\n<meta name=\"robots\" content=\"index, follow, max-snippet:-1, max-image-preview:large, max-video-preview:-1\" \/>\n<link rel=\"canonical\" href=\"https:\/\/blog.zeit.de\/nsu-prozess-blog\/2014\/03\/12\/wieviel-wusste-lutz-irrgang-von-andreas-t\/\" \/>\n<meta property=\"og:locale\" content=\"de_DE\" \/>\n<meta property=\"og:type\" content=\"article\" \/>\n<meta property=\"og:title\" content=\"92. Prozesstag \u2013 Wie viel wusste Lutz Irrgang von Andreas T.? - Das NSU-Prozess-Blog\" \/>\n<meta property=\"og:description\" content=\"Lutz Irrgang, fr\u00fcherer Pr\u00e4sident des hessischen Verfassungsschutzes, sagt am Mittwoch in M\u00fcnchen aus. Thema ist das Verhalten eines ehemaligen Mitarbeiters der Beh\u00f6rde: Andreas T., der beim Mord an Halit Yozgat 2006 in dessen Kasseler Internetcaf\u00e9 am Tatort war. T. behauptet, er habe von den t\u00f6dlichen Sch\u00fcssen auf Yozgat nichts mitbekommen. Fraglich ist, wie viel Irrgang [&hellip;]\" \/>\n<meta property=\"og:url\" content=\"https:\/\/blog.zeit.de\/nsu-prozess-blog\/2014\/03\/12\/wieviel-wusste-lutz-irrgang-von-andreas-t\/\" \/>\n<meta property=\"og:site_name\" content=\"Das NSU-Prozess-Blog\" \/>\n<meta property=\"article:published_time\" content=\"2014-03-12T06:00:44+00:00\" \/>\n<meta property=\"article:modified_time\" content=\"2014-03-14T17:03:40+00:00\" \/>\n<meta name=\"author\" content=\"Tom Sundermann\" \/>\n<meta name=\"twitter:label1\" content=\"Geschrieben von\" \/>\n\t<meta name=\"twitter:data1\" content=\"Tom Sundermann\" \/>\n\t<meta name=\"twitter:label2\" content=\"Gesch\u00e4tzte Lesezeit\" \/>\n\t<meta name=\"twitter:data2\" content=\"1\u00a0Minute\" \/>\n<script type=\"application\/ld+json\" class=\"yoast-schema-graph\">{\"@context\":\"https:\/\/schema.org\",\"@graph\":[{\"@type\":\"WebPage\",\"@id\":\"https:\/\/blog.zeit.de\/nsu-prozess-blog\/2014\/03\/12\/wieviel-wusste-lutz-irrgang-von-andreas-t\/\",\"url\":\"https:\/\/blog.zeit.de\/nsu-prozess-blog\/2014\/03\/12\/wieviel-wusste-lutz-irrgang-von-andreas-t\/\",\"name\":\"92. Prozesstag \u2013 Wie viel wusste Lutz Irrgang von Andreas T.? - Das NSU-Prozess-Blog\",\"isPartOf\":{\"@id\":\"https:\/\/blog.zeit.de\/nsu-prozess-blog\/#website\"},\"datePublished\":\"2014-03-12T06:00:44+00:00\",\"dateModified\":\"2014-03-14T17:03:40+00:00\",\"author\":{\"@id\":\"https:\/\/blog.zeit.de\/nsu-prozess-blog\/#\/schema\/person\/553ea9bb5d1fc2ae054c589bd59380a5\"},\"breadcrumb\":{\"@id\":\"https:\/\/blog.zeit.de\/nsu-prozess-blog\/2014\/03\/12\/wieviel-wusste-lutz-irrgang-von-andreas-t\/#breadcrumb\"},\"inLanguage\":\"de\",\"potentialAction\":[{\"@type\":\"ReadAction\",\"target\":[\"https:\/\/blog.zeit.de\/nsu-prozess-blog\/2014\/03\/12\/wieviel-wusste-lutz-irrgang-von-andreas-t\/\"]}]},{\"@type\":\"BreadcrumbList\",\"@id\":\"https:\/\/blog.zeit.de\/nsu-prozess-blog\/2014\/03\/12\/wieviel-wusste-lutz-irrgang-von-andreas-t\/#breadcrumb\",\"itemListElement\":[{\"@type\":\"ListItem\",\"position\":1,\"name\":\"Startseite\",\"item\":\"https:\/\/blog.zeit.de\/nsu-prozess-blog\/\"},{\"@type\":\"ListItem\",\"position\":2,\"name\":\"92. Prozesstag \u2013 Wie viel wusste Lutz Irrgang von Andreas T.?\"}]},{\"@type\":\"WebSite\",\"@id\":\"https:\/\/blog.zeit.de\/nsu-prozess-blog\/#website\",\"url\":\"https:\/\/blog.zeit.de\/nsu-prozess-blog\/\",\"name\":\"Das NSU-Prozess-Blog\",\"description\":\"Alle Berichte zum Terrorverfahren in M\u00fcnchen\",\"potentialAction\":[{\"@type\":\"SearchAction\",\"target\":{\"@type\":\"EntryPoint\",\"urlTemplate\":\"https:\/\/blog.zeit.de\/nsu-prozess-blog\/?s={search_term_string}\"},\"query-input\":\"required name=search_term_string\"}],\"inLanguage\":\"de\"},{\"@type\":\"Person\",\"@id\":\"https:\/\/blog.zeit.de\/nsu-prozess-blog\/#\/schema\/person\/553ea9bb5d1fc2ae054c589bd59380a5\",\"name\":\"Tom Sundermann\",\"image\":{\"@type\":\"ImageObject\",\"inLanguage\":\"de\",\"@id\":\"https:\/\/blog.zeit.de\/nsu-prozess-blog\/#\/schema\/person\/image\/\",\"url\":\"https:\/\/secure.gravatar.com\/avatar\/e108a3dc18766f719b2f797dc5d19093f06a1870c55b553ab6b7563f1f9a5e68?s=96&d=mm&r=g\",\"contentUrl\":\"https:\/\/secure.gravatar.com\/avatar\/e108a3dc18766f719b2f797dc5d19093f06a1870c55b553ab6b7563f1f9a5e68?s=96&d=mm&r=g\",\"caption\":\"Tom Sundermann\"},\"sameAs\":[\"https:\/\/twitter.com\/messeticker\"],\"url\":\"https:\/\/blog.zeit.de\/nsu-prozess-blog\/author\/tsundermann\/\"}]}<\/script>\n<!-- \/ Yoast SEO plugin. -->","yoast_head_json":{"title":"92. Prozesstag \u2013 Wie viel wusste Lutz Irrgang von Andreas T.? - Das NSU-Prozess-Blog","robots":{"index":"index","follow":"follow","max-snippet":"max-snippet:-1","max-image-preview":"max-image-preview:large","max-video-preview":"max-video-preview:-1"},"canonical":"https:\/\/blog.zeit.de\/nsu-prozess-blog\/2014\/03\/12\/wieviel-wusste-lutz-irrgang-von-andreas-t\/","og_locale":"de_DE","og_type":"article","og_title":"92. Prozesstag \u2013 Wie viel wusste Lutz Irrgang von Andreas T.? - Das NSU-Prozess-Blog","og_description":"Lutz Irrgang, fr\u00fcherer Pr\u00e4sident des hessischen Verfassungsschutzes, sagt am Mittwoch in M\u00fcnchen aus. Thema ist das Verhalten eines ehemaligen Mitarbeiters der Beh\u00f6rde: Andreas T., der beim Mord an Halit Yozgat 2006 in dessen Kasseler Internetcaf\u00e9 am Tatort war. T. behauptet, er habe von den t\u00f6dlichen Sch\u00fcssen auf Yozgat nichts mitbekommen. Fraglich ist, wie viel Irrgang [&hellip;]","og_url":"https:\/\/blog.zeit.de\/nsu-prozess-blog\/2014\/03\/12\/wieviel-wusste-lutz-irrgang-von-andreas-t\/","og_site_name":"Das NSU-Prozess-Blog","article_published_time":"2014-03-12T06:00:44+00:00","article_modified_time":"2014-03-14T17:03:40+00:00","author":"Tom Sundermann","twitter_misc":{"Geschrieben von":"Tom Sundermann","Gesch\u00e4tzte Lesezeit":"1\u00a0Minute"},"schema":{"@context":"https:\/\/schema.org","@graph":[{"@type":"WebPage","@id":"https:\/\/blog.zeit.de\/nsu-prozess-blog\/2014\/03\/12\/wieviel-wusste-lutz-irrgang-von-andreas-t\/","url":"https:\/\/blog.zeit.de\/nsu-prozess-blog\/2014\/03\/12\/wieviel-wusste-lutz-irrgang-von-andreas-t\/","name":"92. Prozesstag \u2013 Wie viel wusste Lutz Irrgang von Andreas T.? - Das NSU-Prozess-Blog","isPartOf":{"@id":"https:\/\/blog.zeit.de\/nsu-prozess-blog\/#website"},"datePublished":"2014-03-12T06:00:44+00:00","dateModified":"2014-03-14T17:03:40+00:00","author":{"@id":"https:\/\/blog.zeit.de\/nsu-prozess-blog\/#\/schema\/person\/553ea9bb5d1fc2ae054c589bd59380a5"},"breadcrumb":{"@id":"https:\/\/blog.zeit.de\/nsu-prozess-blog\/2014\/03\/12\/wieviel-wusste-lutz-irrgang-von-andreas-t\/#breadcrumb"},"inLanguage":"de","potentialAction":[{"@type":"ReadAction","target":["https:\/\/blog.zeit.de\/nsu-prozess-blog\/2014\/03\/12\/wieviel-wusste-lutz-irrgang-von-andreas-t\/"]}]},{"@type":"BreadcrumbList","@id":"https:\/\/blog.zeit.de\/nsu-prozess-blog\/2014\/03\/12\/wieviel-wusste-lutz-irrgang-von-andreas-t\/#breadcrumb","itemListElement":[{"@type":"ListItem","position":1,"name":"Startseite","item":"https:\/\/blog.zeit.de\/nsu-prozess-blog\/"},{"@type":"ListItem","position":2,"name":"92. Prozesstag \u2013 Wie viel wusste Lutz Irrgang von Andreas T.?"}]},{"@type":"WebSite","@id":"https:\/\/blog.zeit.de\/nsu-prozess-blog\/#website","url":"https:\/\/blog.zeit.de\/nsu-prozess-blog\/","name":"Das NSU-Prozess-Blog","description":"Alle Berichte zum Terrorverfahren in M\u00fcnchen","potentialAction":[{"@type":"SearchAction","target":{"@type":"EntryPoint","urlTemplate":"https:\/\/blog.zeit.de\/nsu-prozess-blog\/?s={search_term_string}"},"query-input":"required name=search_term_string"}],"inLanguage":"de"},{"@type":"Person","@id":"https:\/\/blog.zeit.de\/nsu-prozess-blog\/#\/schema\/person\/553ea9bb5d1fc2ae054c589bd59380a5","name":"Tom Sundermann","image":{"@type":"ImageObject","inLanguage":"de","@id":"https:\/\/blog.zeit.de\/nsu-prozess-blog\/#\/schema\/person\/image\/","url":"https:\/\/secure.gravatar.com\/avatar\/e108a3dc18766f719b2f797dc5d19093f06a1870c55b553ab6b7563f1f9a5e68?s=96&d=mm&r=g","contentUrl":"https:\/\/secure.gravatar.com\/avatar\/e108a3dc18766f719b2f797dc5d19093f06a1870c55b553ab6b7563f1f9a5e68?s=96&d=mm&r=g","caption":"Tom Sundermann"},"sameAs":["https:\/\/twitter.com\/messeticker"],"url":"https:\/\/blog.zeit.de\/nsu-prozess-blog\/author\/tsundermann\/"}]}},"jetpack_featured_media_url":"","jetpack_sharing_enabled":true,"_links":{"self":[{"href":"https:\/\/blog.zeit.de\/nsu-prozess-blog\/wp-json\/wp\/v2\/posts\/6062","targetHints":{"allow":["GET"]}}],"collection":[{"href":"https:\/\/blog.zeit.de\/nsu-prozess-blog\/wp-json\/wp\/v2\/posts"}],"about":[{"href":"https:\/\/blog.zeit.de\/nsu-prozess-blog\/wp-json\/wp\/v2\/types\/post"}],"author":[{"embeddable":true,"href":"https:\/\/blog.zeit.de\/nsu-prozess-blog\/wp-json\/wp\/v2\/users\/435"}],"replies":[{"embeddable":true,"href":"https:\/\/blog.zeit.de\/nsu-prozess-blog\/wp-json\/wp\/v2\/comments?post=6062"}],"version-history":[{"count":10,"href":"https:\/\/blog.zeit.de\/nsu-prozess-blog\/wp-json\/wp\/v2\/posts\/6062\/revisions"}],"predecessor-version":[{"id":6164,"href":"https:\/\/blog.zeit.de\/nsu-prozess-blog\/wp-json\/wp\/v2\/posts\/6062\/revisions\/6164"}],"wp:attachment":[{"href":"https:\/\/blog.zeit.de\/nsu-prozess-blog\/wp-json\/wp\/v2\/media?parent=6062"}],"wp:term":[{"taxonomy":"category","embeddable":true,"href":"https:\/\/blog.zeit.de\/nsu-prozess-blog\/wp-json\/wp\/v2\/categories?post=6062"},{"taxonomy":"post_tag","embeddable":true,"href":"https:\/\/blog.zeit.de\/nsu-prozess-blog\/wp-json\/wp\/v2\/tags?post=6062"}],"curies":[{"name":"wp","href":"https:\/\/api.w.org\/{rel}","templated":true}]}}