{"id":6093,"date":"2014-03-11T18:02:38","date_gmt":"2014-03-11T17:02:38","guid":{"rendered":"http:\/\/blog.zeit.de\/nsu-prozess-blog\/?p=6093"},"modified":"2014-03-12T15:14:10","modified_gmt":"2014-03-12T14:14:10","slug":"andreas-t-sollte-selbst-im-yozgat-fall-ermitteln","status":"publish","type":"post","link":"https:\/\/blog.zeit.de\/nsu-prozess-blog\/2014\/03\/11\/andreas-t-sollte-selbst-im-yozgat-fall-ermitteln\/","title":{"rendered":"Andreas T. sollte selbst im Yozgat-Fall ermitteln"},"content":{"rendered":"<p>Andreas T. ist alles andere als ein Zwerg. Mit seiner auff\u00e4lligen Halbglatze st\u00f6\u00dft er beinahe an den T\u00fcrrahmen in dem Kasseler Internetcaf\u00e9, in dem am 6. April 2006 der Betreiber Halit Yozgat mutma\u00dflich vom NSU erschossen wurde. T. war damals Gast in dem Caf\u00e9 \u2013 gab jedoch an, vom Mordgeschehen nichts bemerkt zu haben. Deshalb baten ihn die Ermittler knapp zwei Monate nach der Tat noch einmal in die R\u00e4umlichkeiten an der Holl\u00e4ndischen Stra\u00dfe. In einer Videorekonstruktion sollte T. nachstellen, wie er damals das Caf\u00e9 verlie\u00df. Der kurze Film verst\u00e4rkt die Zweifel, dass der 1,90 Meter gro\u00dfe Mann den Sterbenden nicht hinter seinem Schreibtisch liegen sah.<\/p>\n<p>T. arbeitete damals beim hessischen Landesamt f\u00fcr Verfassungsschutz, nutzte den Aufenthalt im Caf\u00e9 f\u00fcr Internetflirts. Weil er sich nicht selbstst\u00e4ndig bei der Polizei meldete, geriet er zwischenzeitlich in den Kreis der Tatverd\u00e4chtigen und wurde festgenommen. In bislang drei Vernehmungen ist es dem Oberlandesgericht M\u00fcnchen nicht gelungen, T. der L\u00fcge zu \u00fcberf\u00fchren. Andererseits schaffte es T. auch nicht, in den Verhandlungen an Glaubw\u00fcrdigkeit zu gewinnen. Der Fall des mittlerweile suspendierten Verfassungssch\u00fctzers ist am 91. Prozesstag erneut Thema.<\/p>\n<p>In dem Video steht T. von dem Computer auf, den er am Tattag benutzt hatte. Er braucht rund zehn Sekunden bis zu dem Tresen, an dem er bezahlen will. Doch dort sitzt niemand. Er geht zur T\u00fcr hinaus und schaut nach links und rechts. Er geht wieder nach hinten in den Computerraum, kehrt schlie\u00dflich an den Tresen zur\u00fcck und legt ein Geldst\u00fcck hin. Seine Blickachse reicht offensichtlich \u00fcber den Rand des Tisches hinaus. Konnte er dort den blutenden K\u00f6rper und den umgefallenen Stuhl \u00fcbersehen haben? T. bleibt bis heute bei dieser Version. Nach rund 50 Sekunden verl\u00e4sst er im Video das Caf\u00e9 und steigt in sein Auto.<\/p>\n<p><strong>Den Kollegen mehr erz\u00e4hlt als den Ermittlern?<\/strong><\/p>\n<p>Antworten auf ihre dr\u00e4ngenden Fragen an den Beamten suchen an diesem Tag auch viele Nebenkl\u00e4ger. Angeh\u00f6rige aus drei Opferfamilien sind erschienen, darunter Yozgats Eltern und drei Geschwister. Ismail Yozgat, der Vater, will erneut eine Erkl\u00e4rung zum Mord an seinem Sohn abgeben. Doch Richter Manfred G\u00f6tzl bremst ihn unwirsch, als Yozgat wie bei seinen bisherigen \u00c4u\u00dferungen die &#8222;Familienangeh\u00f6rigen der M\u00e4rtyrer&#8220; begr\u00fc\u00dft.<\/p>\n<p>Es kommt zu einer Diskussion zwischen dem Richter und Yozgats Anwalt Thomas Bliwier. Der Anwalt sagt, er werde &#8222;nicht unseren Mandanten entm\u00fcndigen&#8220;. Yozgat wolle \u00fcber &#8222;die Gef\u00fchle der Familie&#8220; reden. Doch G\u00f6tzl bleibt dabei \u2013 der Vater d\u00fcrfe sich nur zum Beweisthema \u00e4u\u00dfern. Schlie\u00dflich l\u00e4sst Bliwier seinen Mandanten die Erkl\u00e4rung zur\u00fcckstellen.<\/p>\n<p>Im Anschluss untersucht das Gericht, ob T. in seiner Beh\u00f6rde m\u00f6glicherweise mehr erz\u00e4hlt hatte als gegen\u00fcber den Beamten. Daf\u00fcr gibt es Anhaltspunkte: In einem abgeh\u00f6rten Telefonat sieben Wochen nach der Tat lobte ein Mitarbeiter T., dass er sich gegen\u00fcber dem Landesamtsdirektor Lutz Irrgang nicht &#8222;so restriktiv wie bei der Polizei&#8220; verhalten habe. Als Zeugen geladen sind zwei Kollegen mit h\u00f6herem Dienstgrad, von denen sich einer krankgemeldet hat. Irrgang soll am Mittwoch aussagen.<\/p>\n<p>In den Zeugenstand tritt T.s ehemalige Kollegin Jutta E. Sie arbeitet noch heute in der Kasseler Dienststelle. Ihrer Erinnerung nach hatte sie damals einmal mit T. \u00fcber den Fall gesprochen.<\/p>\n<p><strong>\u00dcber den Mord bemerkenswert gut Bescheid gewusst<\/strong><\/p>\n<p>Yozgat war an einem Donnerstag ermordet worden. Am Tag darauf hatte T. frei. Ihr Vorgesetzter habe E. beauftragt, T. am n\u00e4chsten Montag anzuweisen, zu dem Mord Informationen in Erfahrung zu bringen: Er sollte zum Staatsschutzkommissariat der nordhessischen Polizei fahren, um sich nach dem Vorfall und dem Namen des Opfers zu erkundigen. Der Zeuge, der sich bis dahin nicht zu erkennen gegeben hatte, sollte also selbst Ermittlungen in dem Fall aufnehmen. Das war f\u00fcr ihn jedoch offenbar kein Ansto\u00df, von seinem Aufenthalt am Tatort zu erz\u00e4hlen. T. habe lediglich gesagt, er kenne das Caf\u00e9, weil es auf seinem Heimweg liege, sagt die Zeugin.<\/p>\n<p>Wom\u00f6glich war es der Zeitpunkt, an dem T. das erste Mal \u00fcber seine Beziehung zur Tat log. Auf einen Vorhalt hin best\u00e4tigt E., dass bestimmte Internetcaf\u00e9s f\u00fcr Verfassungssch\u00fctzer tabu waren: eines in der N\u00e4he der Dienststelle, zum anderen solche an der Holl\u00e4ndischen Stra\u00dfe \u2013 weil dort viele Ausl\u00e4nder verkehrten, in deren Kreisen das Landesamt Beobachtungen unterhielt.<\/p>\n<p>G\u00f6tzl erkundigt sich, wieso der Vorgesetzte \u00fcberhaupt Erkundigungen zu dem Fall angeordnet hatte. Die Zeugin antwortet, man habe abkl\u00e4ren wollen, ob die Tat &#8222;im islamistischen Bereich war&#8220;, denn das Opfer war ja t\u00fcrkischer Herkunft. Auch T. f\u00fchrte Quellen aus dem islamistischen Milieu. Au\u00dferdem habe er &#8222;die besseren Kontakte&#8220; zur Polizei gehabt.<\/p>\n<p>\u00dcber den Mord wusste er bemerkenswert gut Bescheid, wie E. sich erinnert: Er habe gewusst, dass es sich um eine Serientat handeln k\u00f6nnte, weil die Pistole bei mehreren anderen Morden eingesetzt worden war. In der Woche nach der Kasseler Tat sah E. ihren Kollegen zum letzten Mal, fuhr anschlie\u00dfend in den Urlaub. &#8222;Als ich zur\u00fcckkam, war er schon verhaftet.&#8220;<\/p>\n","protected":false},"excerpt":{"rendered":"<p>Andreas T. ist alles andere als ein Zwerg. Mit seiner auff\u00e4lligen Halbglatze st\u00f6\u00dft er beinahe an den T\u00fcrrahmen in dem Kasseler Internetcaf\u00e9, in dem am 6. April 2006 der Betreiber Halit Yozgat mutma\u00dflich vom NSU erschossen wurde. T. war damals Gast in dem Caf\u00e9 \u2013 gab jedoch an, vom Mordgeschehen nichts bemerkt zu haben. Deshalb [&hellip;]<\/p>\n","protected":false},"author":435,"featured_media":0,"comment_status":"open","ping_status":"open","sticky":false,"template":"","format":"standard","meta":{"_jetpack_memberships_contains_paid_content":false,"footnotes":""},"categories":[27532],"tags":[],"class_list":["post-6093","post","type-post","status-publish","format-standard","hentry","category-prozesstage"],"yoast_head":"<!-- This site is optimized with the Yoast SEO plugin v21.0 - https:\/\/yoast.com\/wordpress\/plugins\/seo\/ -->\n<title>Andreas T. sollte selbst im Yozgat-Fall ermitteln - Das NSU-Prozess-Blog<\/title>\n<meta name=\"robots\" content=\"index, follow, max-snippet:-1, max-image-preview:large, max-video-preview:-1\" \/>\n<link rel=\"canonical\" href=\"https:\/\/blog.zeit.de\/nsu-prozess-blog\/2014\/03\/11\/andreas-t-sollte-selbst-im-yozgat-fall-ermitteln\/\" \/>\n<meta property=\"og:locale\" content=\"de_DE\" \/>\n<meta property=\"og:type\" content=\"article\" \/>\n<meta property=\"og:title\" content=\"Andreas T. sollte selbst im Yozgat-Fall ermitteln - Das NSU-Prozess-Blog\" \/>\n<meta property=\"og:description\" content=\"Andreas T. ist alles andere als ein Zwerg. Mit seiner auff\u00e4lligen Halbglatze st\u00f6\u00dft er beinahe an den T\u00fcrrahmen in dem Kasseler Internetcaf\u00e9, in dem am 6. April 2006 der Betreiber Halit Yozgat mutma\u00dflich vom NSU erschossen wurde. T. war damals Gast in dem Caf\u00e9 \u2013 gab jedoch an, vom Mordgeschehen nichts bemerkt zu haben. Deshalb [&hellip;]\" \/>\n<meta property=\"og:url\" content=\"https:\/\/blog.zeit.de\/nsu-prozess-blog\/2014\/03\/11\/andreas-t-sollte-selbst-im-yozgat-fall-ermitteln\/\" \/>\n<meta property=\"og:site_name\" content=\"Das NSU-Prozess-Blog\" \/>\n<meta property=\"article:published_time\" content=\"2014-03-11T17:02:38+00:00\" \/>\n<meta property=\"article:modified_time\" content=\"2014-03-12T14:14:10+00:00\" \/>\n<meta name=\"author\" content=\"Tom Sundermann\" \/>\n<meta name=\"twitter:label1\" content=\"Geschrieben von\" \/>\n\t<meta name=\"twitter:data1\" content=\"Tom Sundermann\" \/>\n\t<meta name=\"twitter:label2\" content=\"Gesch\u00e4tzte Lesezeit\" \/>\n\t<meta name=\"twitter:data2\" content=\"4\u00a0Minuten\" \/>\n<script type=\"application\/ld+json\" class=\"yoast-schema-graph\">{\"@context\":\"https:\/\/schema.org\",\"@graph\":[{\"@type\":\"WebPage\",\"@id\":\"https:\/\/blog.zeit.de\/nsu-prozess-blog\/2014\/03\/11\/andreas-t-sollte-selbst-im-yozgat-fall-ermitteln\/\",\"url\":\"https:\/\/blog.zeit.de\/nsu-prozess-blog\/2014\/03\/11\/andreas-t-sollte-selbst-im-yozgat-fall-ermitteln\/\",\"name\":\"Andreas T. sollte selbst im Yozgat-Fall ermitteln - Das NSU-Prozess-Blog\",\"isPartOf\":{\"@id\":\"https:\/\/blog.zeit.de\/nsu-prozess-blog\/#website\"},\"datePublished\":\"2014-03-11T17:02:38+00:00\",\"dateModified\":\"2014-03-12T14:14:10+00:00\",\"author\":{\"@id\":\"https:\/\/blog.zeit.de\/nsu-prozess-blog\/#\/schema\/person\/553ea9bb5d1fc2ae054c589bd59380a5\"},\"breadcrumb\":{\"@id\":\"https:\/\/blog.zeit.de\/nsu-prozess-blog\/2014\/03\/11\/andreas-t-sollte-selbst-im-yozgat-fall-ermitteln\/#breadcrumb\"},\"inLanguage\":\"de\",\"potentialAction\":[{\"@type\":\"ReadAction\",\"target\":[\"https:\/\/blog.zeit.de\/nsu-prozess-blog\/2014\/03\/11\/andreas-t-sollte-selbst-im-yozgat-fall-ermitteln\/\"]}]},{\"@type\":\"BreadcrumbList\",\"@id\":\"https:\/\/blog.zeit.de\/nsu-prozess-blog\/2014\/03\/11\/andreas-t-sollte-selbst-im-yozgat-fall-ermitteln\/#breadcrumb\",\"itemListElement\":[{\"@type\":\"ListItem\",\"position\":1,\"name\":\"Startseite\",\"item\":\"https:\/\/blog.zeit.de\/nsu-prozess-blog\/\"},{\"@type\":\"ListItem\",\"position\":2,\"name\":\"Andreas T. sollte selbst im Yozgat-Fall ermitteln\"}]},{\"@type\":\"WebSite\",\"@id\":\"https:\/\/blog.zeit.de\/nsu-prozess-blog\/#website\",\"url\":\"https:\/\/blog.zeit.de\/nsu-prozess-blog\/\",\"name\":\"Das NSU-Prozess-Blog\",\"description\":\"Alle Berichte zum Terrorverfahren in M\u00fcnchen\",\"potentialAction\":[{\"@type\":\"SearchAction\",\"target\":{\"@type\":\"EntryPoint\",\"urlTemplate\":\"https:\/\/blog.zeit.de\/nsu-prozess-blog\/?s={search_term_string}\"},\"query-input\":\"required name=search_term_string\"}],\"inLanguage\":\"de\"},{\"@type\":\"Person\",\"@id\":\"https:\/\/blog.zeit.de\/nsu-prozess-blog\/#\/schema\/person\/553ea9bb5d1fc2ae054c589bd59380a5\",\"name\":\"Tom Sundermann\",\"image\":{\"@type\":\"ImageObject\",\"inLanguage\":\"de\",\"@id\":\"https:\/\/blog.zeit.de\/nsu-prozess-blog\/#\/schema\/person\/image\/\",\"url\":\"https:\/\/secure.gravatar.com\/avatar\/e108a3dc18766f719b2f797dc5d19093f06a1870c55b553ab6b7563f1f9a5e68?s=96&d=mm&r=g\",\"contentUrl\":\"https:\/\/secure.gravatar.com\/avatar\/e108a3dc18766f719b2f797dc5d19093f06a1870c55b553ab6b7563f1f9a5e68?s=96&d=mm&r=g\",\"caption\":\"Tom Sundermann\"},\"sameAs\":[\"https:\/\/twitter.com\/messeticker\"],\"url\":\"https:\/\/blog.zeit.de\/nsu-prozess-blog\/author\/tsundermann\/\"}]}<\/script>\n<!-- \/ Yoast SEO plugin. -->","yoast_head_json":{"title":"Andreas T. sollte selbst im Yozgat-Fall ermitteln - Das NSU-Prozess-Blog","robots":{"index":"index","follow":"follow","max-snippet":"max-snippet:-1","max-image-preview":"max-image-preview:large","max-video-preview":"max-video-preview:-1"},"canonical":"https:\/\/blog.zeit.de\/nsu-prozess-blog\/2014\/03\/11\/andreas-t-sollte-selbst-im-yozgat-fall-ermitteln\/","og_locale":"de_DE","og_type":"article","og_title":"Andreas T. sollte selbst im Yozgat-Fall ermitteln - Das NSU-Prozess-Blog","og_description":"Andreas T. ist alles andere als ein Zwerg. Mit seiner auff\u00e4lligen Halbglatze st\u00f6\u00dft er beinahe an den T\u00fcrrahmen in dem Kasseler Internetcaf\u00e9, in dem am 6. April 2006 der Betreiber Halit Yozgat mutma\u00dflich vom NSU erschossen wurde. T. war damals Gast in dem Caf\u00e9 \u2013 gab jedoch an, vom Mordgeschehen nichts bemerkt zu haben. Deshalb [&hellip;]","og_url":"https:\/\/blog.zeit.de\/nsu-prozess-blog\/2014\/03\/11\/andreas-t-sollte-selbst-im-yozgat-fall-ermitteln\/","og_site_name":"Das NSU-Prozess-Blog","article_published_time":"2014-03-11T17:02:38+00:00","article_modified_time":"2014-03-12T14:14:10+00:00","author":"Tom Sundermann","twitter_misc":{"Geschrieben von":"Tom Sundermann","Gesch\u00e4tzte Lesezeit":"4\u00a0Minuten"},"schema":{"@context":"https:\/\/schema.org","@graph":[{"@type":"WebPage","@id":"https:\/\/blog.zeit.de\/nsu-prozess-blog\/2014\/03\/11\/andreas-t-sollte-selbst-im-yozgat-fall-ermitteln\/","url":"https:\/\/blog.zeit.de\/nsu-prozess-blog\/2014\/03\/11\/andreas-t-sollte-selbst-im-yozgat-fall-ermitteln\/","name":"Andreas T. sollte selbst im Yozgat-Fall ermitteln - Das NSU-Prozess-Blog","isPartOf":{"@id":"https:\/\/blog.zeit.de\/nsu-prozess-blog\/#website"},"datePublished":"2014-03-11T17:02:38+00:00","dateModified":"2014-03-12T14:14:10+00:00","author":{"@id":"https:\/\/blog.zeit.de\/nsu-prozess-blog\/#\/schema\/person\/553ea9bb5d1fc2ae054c589bd59380a5"},"breadcrumb":{"@id":"https:\/\/blog.zeit.de\/nsu-prozess-blog\/2014\/03\/11\/andreas-t-sollte-selbst-im-yozgat-fall-ermitteln\/#breadcrumb"},"inLanguage":"de","potentialAction":[{"@type":"ReadAction","target":["https:\/\/blog.zeit.de\/nsu-prozess-blog\/2014\/03\/11\/andreas-t-sollte-selbst-im-yozgat-fall-ermitteln\/"]}]},{"@type":"BreadcrumbList","@id":"https:\/\/blog.zeit.de\/nsu-prozess-blog\/2014\/03\/11\/andreas-t-sollte-selbst-im-yozgat-fall-ermitteln\/#breadcrumb","itemListElement":[{"@type":"ListItem","position":1,"name":"Startseite","item":"https:\/\/blog.zeit.de\/nsu-prozess-blog\/"},{"@type":"ListItem","position":2,"name":"Andreas T. sollte selbst im Yozgat-Fall ermitteln"}]},{"@type":"WebSite","@id":"https:\/\/blog.zeit.de\/nsu-prozess-blog\/#website","url":"https:\/\/blog.zeit.de\/nsu-prozess-blog\/","name":"Das NSU-Prozess-Blog","description":"Alle Berichte zum Terrorverfahren in M\u00fcnchen","potentialAction":[{"@type":"SearchAction","target":{"@type":"EntryPoint","urlTemplate":"https:\/\/blog.zeit.de\/nsu-prozess-blog\/?s={search_term_string}"},"query-input":"required name=search_term_string"}],"inLanguage":"de"},{"@type":"Person","@id":"https:\/\/blog.zeit.de\/nsu-prozess-blog\/#\/schema\/person\/553ea9bb5d1fc2ae054c589bd59380a5","name":"Tom Sundermann","image":{"@type":"ImageObject","inLanguage":"de","@id":"https:\/\/blog.zeit.de\/nsu-prozess-blog\/#\/schema\/person\/image\/","url":"https:\/\/secure.gravatar.com\/avatar\/e108a3dc18766f719b2f797dc5d19093f06a1870c55b553ab6b7563f1f9a5e68?s=96&d=mm&r=g","contentUrl":"https:\/\/secure.gravatar.com\/avatar\/e108a3dc18766f719b2f797dc5d19093f06a1870c55b553ab6b7563f1f9a5e68?s=96&d=mm&r=g","caption":"Tom Sundermann"},"sameAs":["https:\/\/twitter.com\/messeticker"],"url":"https:\/\/blog.zeit.de\/nsu-prozess-blog\/author\/tsundermann\/"}]}},"jetpack_featured_media_url":"","jetpack_sharing_enabled":true,"_links":{"self":[{"href":"https:\/\/blog.zeit.de\/nsu-prozess-blog\/wp-json\/wp\/v2\/posts\/6093","targetHints":{"allow":["GET"]}}],"collection":[{"href":"https:\/\/blog.zeit.de\/nsu-prozess-blog\/wp-json\/wp\/v2\/posts"}],"about":[{"href":"https:\/\/blog.zeit.de\/nsu-prozess-blog\/wp-json\/wp\/v2\/types\/post"}],"author":[{"embeddable":true,"href":"https:\/\/blog.zeit.de\/nsu-prozess-blog\/wp-json\/wp\/v2\/users\/435"}],"replies":[{"embeddable":true,"href":"https:\/\/blog.zeit.de\/nsu-prozess-blog\/wp-json\/wp\/v2\/comments?post=6093"}],"version-history":[{"count":9,"href":"https:\/\/blog.zeit.de\/nsu-prozess-blog\/wp-json\/wp\/v2\/posts\/6093\/revisions"}],"predecessor-version":[{"id":6119,"href":"https:\/\/blog.zeit.de\/nsu-prozess-blog\/wp-json\/wp\/v2\/posts\/6093\/revisions\/6119"}],"wp:attachment":[{"href":"https:\/\/blog.zeit.de\/nsu-prozess-blog\/wp-json\/wp\/v2\/media?parent=6093"}],"wp:term":[{"taxonomy":"category","embeddable":true,"href":"https:\/\/blog.zeit.de\/nsu-prozess-blog\/wp-json\/wp\/v2\/categories?post=6093"},{"taxonomy":"post_tag","embeddable":true,"href":"https:\/\/blog.zeit.de\/nsu-prozess-blog\/wp-json\/wp\/v2\/tags?post=6093"}],"curies":[{"name":"wp","href":"https:\/\/api.w.org\/{rel}","templated":true}]}}