{"id":6103,"date":"2014-03-12T09:22:27","date_gmt":"2014-03-12T08:22:27","guid":{"rendered":"http:\/\/blog.zeit.de\/nsu-prozess-blog\/?p=6103"},"modified":"2014-03-12T10:30:39","modified_gmt":"2014-03-12T09:30:39","slug":"neue-ratsel-im-fall-andreas-t-das-medienlog-vom-mittwoch-12-marz-2014","status":"publish","type":"post","link":"https:\/\/blog.zeit.de\/nsu-prozess-blog\/2014\/03\/12\/neue-ratsel-im-fall-andreas-t-das-medienlog-vom-mittwoch-12-marz-2014\/","title":{"rendered":"Neue R\u00e4tsel im Fall Andreas T. \u2013 Das Medienlog vom Mittwoch, 12. M\u00e4rz 2014"},"content":{"rendered":"<p>Wie verhielt sich der Verfassungssch\u00fctzer Andreas T. am Tatort des Kasseler NSU-Mordfalls \u2013 und was wussten seine Kollegen davon? Mit diesen Fragen besch\u00e4ftigte sich das Gericht am 91. Prozesstag. T. war im April 2006 Kunde in dem Internetcaf\u00e9 von Halit Yozgat, als dieser erschossen wurde. Er behauptet jedoch, nichts davon mitbekommen zu haben. Weil ihm diese Aussage praktisch niemand glaubt, lie\u00df Richter Manfred G\u00f6tzl eine Tatortrekonstruktion vorspielen und befragte eine ehemalige Mitarbeiterin aus dem Verfassungsschutz. &#8222;Erst die Videoaufnahme zeigt, wie unglaubw\u00fcrdig diese Aussage ist&#8220;, schreibt Per Hinrichs in der <a href=\"http:\/\/www.welt.de\/politik\/deutschland\/article125694253\/Wie-uebersah-Andreas-T-die-Leiche-hinter-dem-Tisch.html\" target=\"_blank\"><em>Welt<\/em><\/a>.<\/p>\n<p><!--more--><\/p>\n<p><em>An jedem Werktag sichten wir f\u00fcr das NSU-Prozess-Blog die Medien und stellen wichtige Berichte, Blogs, Videos und Tweets zusammen. Wir freuen uns \u00fcber Hinweise via Twitter mit dem Hashtag #nsublog \u2013 oder per E-Mail an <a href=\"mailto:nsublog@zeit.de\">nsublog@zeit.de<\/a>.<\/em><\/p>\n<p>In der knapp anderthalbmin\u00fctigen Aufnahme ist T. zu sehen, wie er seinen Weg vom Computer durch das Caf\u00e9 zum Ausgang f\u00fcr die Beamten noch einmal abgeht. Auff\u00e4llig sei dabei: &#8222;T. bem\u00fcht sich im Film, blo\u00df nicht in Richtung des Schreibtisches zu blicken&#8220;, obwohl er den Ladenbesitzer gesucht haben will. Dieser lag nach der Tat erschossen hinter dem Tisch.<\/p>\n<p>&#8222;Der kurze Film verst\u00e4rkt die Zweifel, dass der 1,90 Meter gro\u00dfe Mann den Sterbenden nicht hinter seinem Schreibtisch liegen sah&#8220;, schreibt auch <a href=\"https:\/\/blog.zeit.de\/nsu-prozess-blog\/2014\/03\/11\/andreas-t-sollte-selbst-im-yozgat-fall-ermitteln\/\" target=\"_blank\">ZEIT ONLINE<\/a>. \u00c4hnlich sieht es Karin Truscheit in der <a href=\"http:\/\/www.faz.net\/aktuell\/politik\/nsu-prozess\/nsu-prozess-hessischer-verfassungsschuetzer-bleibt-raetselhaft-12842323.html\" target=\"_blank\"><em>FAZ<\/em><\/a> \u2013 demnach passe &#8222;der steife Gang durch das Caf\u00e9 in der Video-Rekonstruktion zu seinen wenig nachvollziehbaren \u00c4u\u00dferungen&#8220;.<\/p>\n<p>Im Anschluss sagte die Zeugin Jutta E. aus, die damals mit T. im Landesamt f\u00fcr Verfassungsschutz in Kassel zusammenarbeitete. Die Prozessbeteiligten erkundigten sich, was T. in seiner Beh\u00f6rde \u00fcber den Fall erz\u00e4hlt hatte. E. berichtete von einem Auftrag ihres Vorsitzenden, den sie T. erteilte: Der Kollege sollte sich beim Kasseler Polizeipr\u00e4sidium nach dem Fall erkundigen. &#8222;Der Zeuge, der sich bis dahin nicht zu erkennen gegeben hatte, sollte also selbst Ermittlungen in dem Fall aufnehmen. Das war f\u00fcr ihn jedoch offenbar kein Ansto\u00df, von seinem Aufenthalt am Tatort zu erz\u00e4hlen&#8220;, hei\u00dft es auf ZEIT ONLINE.<\/p>\n<p>Nicht nur T.s damalige Entscheidung, sondern auch E.s Auftritt vor Gericht machte die Prozessbeteiligten stutzig: &#8222;Die 58-j\u00e4hrige Oberamtsr\u00e4tin Jutta E. wirkte phasenweise erschreckend naiv&#8220;, kommentiert Bj\u00f6rn Hengst auf <a href=\"http:\/\/www.spiegel.de\/panorama\/justiz\/nsu-prozess-mord-an-halit-yozgat-raetselhafte-rolle-des-andreas-t-a-958119.html\" target=\"_blank\"><em>Spiegel Online<\/em><\/a>. Im Gespr\u00e4ch am Montag nach der Tat habe T. ihr gegen\u00fcber behauptet, das Internetcaf\u00e9 von seinem Heimweg zu kennen, jedoch nie dort gewesen zu sein \u2013 stimmen die Angaben der Beamten, dann hat T. gegen\u00fcber seinen Mitarbeitern gelogen. Zudem habe er in der Unterhaltung gesagt, der Mord geh\u00f6re zu einer Serie \u2013 bereits vier Tage nach der Tat. &#8222;Das Problem an der Information: Sie wurde erst am fr\u00fchen Nachmittag von Polizei und Staatsanwaltschaft auf einer Pressekonferenz verk\u00fcndet. Woher wusste Andreas T. also davon?&#8220;, fragt Hinrichs in der <em>Welt<\/em>.<\/p>\n<p>Aufregung gab es nach der Vorf\u00fchrung des Videos im Saal, als Ismail Yozgat, Vater des Mordopfers, eine Erkl\u00e4rung verlesen wollte. Richter G\u00f6tzl bremste den Nebenkl\u00e4ger, weil ihm dessen Stellungnahme zu allgemein erschien. &#8222;Der Ton ist energisch&#8220;, schreibt Frank Jansen im <a href=\"http:\/\/www.tagesspiegel.de\/politik\/nsu-prozess-in-muenchen-was-machte-der-verfassungsschuetzer-am-tatort\/9600486.html\" target=\"_blank\"><em>Tagesspiegel<\/em><\/a>. Das galt vor allem, als Yozgats Anwalt Thomas Bliwier seinen Mandanten sekundierte. &#8222;G\u00f6tzl steckt in einem Dilemma. Er will dem Vater das Wort nicht verbieten, muss aber auch auf eine korrekte Prozessf\u00fchrung achten&#8220;, beschreibt Kai Mudra in der <a href=\"http:\/\/www.thueringer-allgemeine.de\/web\/zgt\/suche\/detail\/-\/specific\/Tuerkischer-Vater-des-Mordopfers-scheitert-vorerst-mit-Erklaerung-vor-Gericht-59578693\" target=\"_blank\"><em>Th\u00fcringer Allgemeinen<\/em><\/a> die Situation. Beate Zsch\u00e4pes Anwalt Wolfgang Heer stellte sich daraufhin auf die Seite des Vorsitzenden und provozierte einen weiteren \u2013 letztlich erfolglosen \u2013 Protest von Bliwier: &#8222;Die Verteidigung von Zsch\u00e4pe soll sich sch\u00e4men&#8220;, weil sie die Stellungnahme des trauernden Vaters nicht h\u00f6ren wolle, polterte der Jurist.<\/p>\n<p>Der Prozesstag endete mit einem Beweisantrag von Bliwier: Er forderte, zwei Beamte des hessischen Landespolizeipr\u00e4sidiums als Zeugen zu laden. Diese h\u00e4tten sich in abgeh\u00f6rten Gespr\u00e4chen dar\u00fcber unterhalten, dass T. von seinem Arbeitgeber empfohlen wurde, &#8222;sich anwaltlich vertreten zu lassen&#8220;, wie Hengst auf <em>Spiegel Online<\/em> zitiert. Der Leiter von T.s Dienststelle habe ihm zudem Inhalte von Zeugenvernehmungen mitgeteilt und die Beh\u00f6rde dem Beschuldigten geraten, nicht mit den Ermittlern zusammenzuarbeiten, wie dem Protokoll zu entnehmen sei. Im Fall des fr\u00fcheren Verfassungssch\u00fctzers d\u00fcrften also auch k\u00fcnftig noch viele R\u00e4tsel zu l\u00f6sen sein.<\/p>\n<p><em>Das n\u00e4chste Medienlog erscheint am Donnerstag, 13. M\u00e4rz 2014.<\/em><\/p>\n","protected":false},"excerpt":{"rendered":"<p>Wie verhielt sich der Verfassungssch\u00fctzer Andreas T. am Tatort des Kasseler NSU-Mordfalls \u2013 und was wussten seine Kollegen davon? Mit diesen Fragen besch\u00e4ftigte sich das Gericht am 91. Prozesstag. T. war im April 2006 Kunde in dem Internetcaf\u00e9 von Halit Yozgat, als dieser erschossen wurde. Er behauptet jedoch, nichts davon mitbekommen zu haben. Weil ihm [&hellip;]<\/p>\n","protected":false},"author":435,"featured_media":0,"comment_status":"open","ping_status":"open","sticky":false,"template":"","format":"standard","meta":{"_jetpack_memberships_contains_paid_content":false,"footnotes":""},"categories":[27531],"tags":[29442,29435,18863,1836],"class_list":["post-6103","post","type-post","status-publish","format-standard","hentry","category-medienschau","tag-andreas-t","tag-halit-yozgat","tag-kassel","tag-verfassungsschutz"],"yoast_head":"<!-- This site is optimized with the Yoast SEO plugin v21.0 - https:\/\/yoast.com\/wordpress\/plugins\/seo\/ -->\n<title>Neue R\u00e4tsel im Fall Andreas T. \u2013 Das Medienlog vom Mittwoch, 12. M\u00e4rz 2014 - Das NSU-Prozess-Blog<\/title>\n<meta name=\"robots\" content=\"index, follow, max-snippet:-1, max-image-preview:large, max-video-preview:-1\" \/>\n<link rel=\"canonical\" href=\"https:\/\/blog.zeit.de\/nsu-prozess-blog\/2014\/03\/12\/neue-ratsel-im-fall-andreas-t-das-medienlog-vom-mittwoch-12-marz-2014\/\" \/>\n<meta property=\"og:locale\" content=\"de_DE\" \/>\n<meta property=\"og:type\" content=\"article\" \/>\n<meta property=\"og:title\" content=\"Neue R\u00e4tsel im Fall Andreas T. \u2013 Das Medienlog vom Mittwoch, 12. M\u00e4rz 2014 - Das NSU-Prozess-Blog\" \/>\n<meta property=\"og:description\" content=\"Wie verhielt sich der Verfassungssch\u00fctzer Andreas T. am Tatort des Kasseler NSU-Mordfalls \u2013 und was wussten seine Kollegen davon? Mit diesen Fragen besch\u00e4ftigte sich das Gericht am 91. Prozesstag. T. war im April 2006 Kunde in dem Internetcaf\u00e9 von Halit Yozgat, als dieser erschossen wurde. Er behauptet jedoch, nichts davon mitbekommen zu haben. Weil ihm [&hellip;]\" \/>\n<meta property=\"og:url\" content=\"https:\/\/blog.zeit.de\/nsu-prozess-blog\/2014\/03\/12\/neue-ratsel-im-fall-andreas-t-das-medienlog-vom-mittwoch-12-marz-2014\/\" \/>\n<meta property=\"og:site_name\" content=\"Das NSU-Prozess-Blog\" \/>\n<meta property=\"article:published_time\" content=\"2014-03-12T08:22:27+00:00\" \/>\n<meta property=\"article:modified_time\" content=\"2014-03-12T09:30:39+00:00\" \/>\n<meta name=\"author\" content=\"Tom Sundermann\" \/>\n<meta name=\"twitter:label1\" content=\"Geschrieben von\" \/>\n\t<meta name=\"twitter:data1\" content=\"Tom Sundermann\" \/>\n\t<meta name=\"twitter:label2\" content=\"Gesch\u00e4tzte Lesezeit\" \/>\n\t<meta name=\"twitter:data2\" content=\"4\u00a0Minuten\" \/>\n<script type=\"application\/ld+json\" class=\"yoast-schema-graph\">{\"@context\":\"https:\/\/schema.org\",\"@graph\":[{\"@type\":\"WebPage\",\"@id\":\"https:\/\/blog.zeit.de\/nsu-prozess-blog\/2014\/03\/12\/neue-ratsel-im-fall-andreas-t-das-medienlog-vom-mittwoch-12-marz-2014\/\",\"url\":\"https:\/\/blog.zeit.de\/nsu-prozess-blog\/2014\/03\/12\/neue-ratsel-im-fall-andreas-t-das-medienlog-vom-mittwoch-12-marz-2014\/\",\"name\":\"Neue R\u00e4tsel im Fall Andreas T. \u2013 Das Medienlog vom Mittwoch, 12. M\u00e4rz 2014 - Das NSU-Prozess-Blog\",\"isPartOf\":{\"@id\":\"https:\/\/blog.zeit.de\/nsu-prozess-blog\/#website\"},\"datePublished\":\"2014-03-12T08:22:27+00:00\",\"dateModified\":\"2014-03-12T09:30:39+00:00\",\"author\":{\"@id\":\"https:\/\/blog.zeit.de\/nsu-prozess-blog\/#\/schema\/person\/553ea9bb5d1fc2ae054c589bd59380a5\"},\"breadcrumb\":{\"@id\":\"https:\/\/blog.zeit.de\/nsu-prozess-blog\/2014\/03\/12\/neue-ratsel-im-fall-andreas-t-das-medienlog-vom-mittwoch-12-marz-2014\/#breadcrumb\"},\"inLanguage\":\"de\",\"potentialAction\":[{\"@type\":\"ReadAction\",\"target\":[\"https:\/\/blog.zeit.de\/nsu-prozess-blog\/2014\/03\/12\/neue-ratsel-im-fall-andreas-t-das-medienlog-vom-mittwoch-12-marz-2014\/\"]}]},{\"@type\":\"BreadcrumbList\",\"@id\":\"https:\/\/blog.zeit.de\/nsu-prozess-blog\/2014\/03\/12\/neue-ratsel-im-fall-andreas-t-das-medienlog-vom-mittwoch-12-marz-2014\/#breadcrumb\",\"itemListElement\":[{\"@type\":\"ListItem\",\"position\":1,\"name\":\"Startseite\",\"item\":\"https:\/\/blog.zeit.de\/nsu-prozess-blog\/\"},{\"@type\":\"ListItem\",\"position\":2,\"name\":\"Neue R\u00e4tsel im Fall Andreas T. \u2013 Das Medienlog vom Mittwoch, 12. M\u00e4rz 2014\"}]},{\"@type\":\"WebSite\",\"@id\":\"https:\/\/blog.zeit.de\/nsu-prozess-blog\/#website\",\"url\":\"https:\/\/blog.zeit.de\/nsu-prozess-blog\/\",\"name\":\"Das NSU-Prozess-Blog\",\"description\":\"Alle Berichte zum Terrorverfahren in M\u00fcnchen\",\"potentialAction\":[{\"@type\":\"SearchAction\",\"target\":{\"@type\":\"EntryPoint\",\"urlTemplate\":\"https:\/\/blog.zeit.de\/nsu-prozess-blog\/?s={search_term_string}\"},\"query-input\":\"required name=search_term_string\"}],\"inLanguage\":\"de\"},{\"@type\":\"Person\",\"@id\":\"https:\/\/blog.zeit.de\/nsu-prozess-blog\/#\/schema\/person\/553ea9bb5d1fc2ae054c589bd59380a5\",\"name\":\"Tom Sundermann\",\"image\":{\"@type\":\"ImageObject\",\"inLanguage\":\"de\",\"@id\":\"https:\/\/blog.zeit.de\/nsu-prozess-blog\/#\/schema\/person\/image\/\",\"url\":\"https:\/\/secure.gravatar.com\/avatar\/e108a3dc18766f719b2f797dc5d19093f06a1870c55b553ab6b7563f1f9a5e68?s=96&d=mm&r=g\",\"contentUrl\":\"https:\/\/secure.gravatar.com\/avatar\/e108a3dc18766f719b2f797dc5d19093f06a1870c55b553ab6b7563f1f9a5e68?s=96&d=mm&r=g\",\"caption\":\"Tom Sundermann\"},\"sameAs\":[\"https:\/\/twitter.com\/messeticker\"],\"url\":\"https:\/\/blog.zeit.de\/nsu-prozess-blog\/author\/tsundermann\/\"}]}<\/script>\n<!-- \/ Yoast SEO plugin. -->","yoast_head_json":{"title":"Neue R\u00e4tsel im Fall Andreas T. \u2013 Das Medienlog vom Mittwoch, 12. M\u00e4rz 2014 - Das NSU-Prozess-Blog","robots":{"index":"index","follow":"follow","max-snippet":"max-snippet:-1","max-image-preview":"max-image-preview:large","max-video-preview":"max-video-preview:-1"},"canonical":"https:\/\/blog.zeit.de\/nsu-prozess-blog\/2014\/03\/12\/neue-ratsel-im-fall-andreas-t-das-medienlog-vom-mittwoch-12-marz-2014\/","og_locale":"de_DE","og_type":"article","og_title":"Neue R\u00e4tsel im Fall Andreas T. \u2013 Das Medienlog vom Mittwoch, 12. M\u00e4rz 2014 - Das NSU-Prozess-Blog","og_description":"Wie verhielt sich der Verfassungssch\u00fctzer Andreas T. am Tatort des Kasseler NSU-Mordfalls \u2013 und was wussten seine Kollegen davon? Mit diesen Fragen besch\u00e4ftigte sich das Gericht am 91. Prozesstag. T. war im April 2006 Kunde in dem Internetcaf\u00e9 von Halit Yozgat, als dieser erschossen wurde. Er behauptet jedoch, nichts davon mitbekommen zu haben. Weil ihm [&hellip;]","og_url":"https:\/\/blog.zeit.de\/nsu-prozess-blog\/2014\/03\/12\/neue-ratsel-im-fall-andreas-t-das-medienlog-vom-mittwoch-12-marz-2014\/","og_site_name":"Das NSU-Prozess-Blog","article_published_time":"2014-03-12T08:22:27+00:00","article_modified_time":"2014-03-12T09:30:39+00:00","author":"Tom Sundermann","twitter_misc":{"Geschrieben von":"Tom Sundermann","Gesch\u00e4tzte Lesezeit":"4\u00a0Minuten"},"schema":{"@context":"https:\/\/schema.org","@graph":[{"@type":"WebPage","@id":"https:\/\/blog.zeit.de\/nsu-prozess-blog\/2014\/03\/12\/neue-ratsel-im-fall-andreas-t-das-medienlog-vom-mittwoch-12-marz-2014\/","url":"https:\/\/blog.zeit.de\/nsu-prozess-blog\/2014\/03\/12\/neue-ratsel-im-fall-andreas-t-das-medienlog-vom-mittwoch-12-marz-2014\/","name":"Neue R\u00e4tsel im Fall Andreas T. \u2013 Das Medienlog vom Mittwoch, 12. M\u00e4rz 2014 - Das NSU-Prozess-Blog","isPartOf":{"@id":"https:\/\/blog.zeit.de\/nsu-prozess-blog\/#website"},"datePublished":"2014-03-12T08:22:27+00:00","dateModified":"2014-03-12T09:30:39+00:00","author":{"@id":"https:\/\/blog.zeit.de\/nsu-prozess-blog\/#\/schema\/person\/553ea9bb5d1fc2ae054c589bd59380a5"},"breadcrumb":{"@id":"https:\/\/blog.zeit.de\/nsu-prozess-blog\/2014\/03\/12\/neue-ratsel-im-fall-andreas-t-das-medienlog-vom-mittwoch-12-marz-2014\/#breadcrumb"},"inLanguage":"de","potentialAction":[{"@type":"ReadAction","target":["https:\/\/blog.zeit.de\/nsu-prozess-blog\/2014\/03\/12\/neue-ratsel-im-fall-andreas-t-das-medienlog-vom-mittwoch-12-marz-2014\/"]}]},{"@type":"BreadcrumbList","@id":"https:\/\/blog.zeit.de\/nsu-prozess-blog\/2014\/03\/12\/neue-ratsel-im-fall-andreas-t-das-medienlog-vom-mittwoch-12-marz-2014\/#breadcrumb","itemListElement":[{"@type":"ListItem","position":1,"name":"Startseite","item":"https:\/\/blog.zeit.de\/nsu-prozess-blog\/"},{"@type":"ListItem","position":2,"name":"Neue R\u00e4tsel im Fall Andreas T. \u2013 Das Medienlog vom Mittwoch, 12. M\u00e4rz 2014"}]},{"@type":"WebSite","@id":"https:\/\/blog.zeit.de\/nsu-prozess-blog\/#website","url":"https:\/\/blog.zeit.de\/nsu-prozess-blog\/","name":"Das NSU-Prozess-Blog","description":"Alle Berichte zum Terrorverfahren in M\u00fcnchen","potentialAction":[{"@type":"SearchAction","target":{"@type":"EntryPoint","urlTemplate":"https:\/\/blog.zeit.de\/nsu-prozess-blog\/?s={search_term_string}"},"query-input":"required name=search_term_string"}],"inLanguage":"de"},{"@type":"Person","@id":"https:\/\/blog.zeit.de\/nsu-prozess-blog\/#\/schema\/person\/553ea9bb5d1fc2ae054c589bd59380a5","name":"Tom Sundermann","image":{"@type":"ImageObject","inLanguage":"de","@id":"https:\/\/blog.zeit.de\/nsu-prozess-blog\/#\/schema\/person\/image\/","url":"https:\/\/secure.gravatar.com\/avatar\/e108a3dc18766f719b2f797dc5d19093f06a1870c55b553ab6b7563f1f9a5e68?s=96&d=mm&r=g","contentUrl":"https:\/\/secure.gravatar.com\/avatar\/e108a3dc18766f719b2f797dc5d19093f06a1870c55b553ab6b7563f1f9a5e68?s=96&d=mm&r=g","caption":"Tom Sundermann"},"sameAs":["https:\/\/twitter.com\/messeticker"],"url":"https:\/\/blog.zeit.de\/nsu-prozess-blog\/author\/tsundermann\/"}]}},"jetpack_featured_media_url":"","jetpack_sharing_enabled":true,"_links":{"self":[{"href":"https:\/\/blog.zeit.de\/nsu-prozess-blog\/wp-json\/wp\/v2\/posts\/6103","targetHints":{"allow":["GET"]}}],"collection":[{"href":"https:\/\/blog.zeit.de\/nsu-prozess-blog\/wp-json\/wp\/v2\/posts"}],"about":[{"href":"https:\/\/blog.zeit.de\/nsu-prozess-blog\/wp-json\/wp\/v2\/types\/post"}],"author":[{"embeddable":true,"href":"https:\/\/blog.zeit.de\/nsu-prozess-blog\/wp-json\/wp\/v2\/users\/435"}],"replies":[{"embeddable":true,"href":"https:\/\/blog.zeit.de\/nsu-prozess-blog\/wp-json\/wp\/v2\/comments?post=6103"}],"version-history":[{"count":13,"href":"https:\/\/blog.zeit.de\/nsu-prozess-blog\/wp-json\/wp\/v2\/posts\/6103\/revisions"}],"predecessor-version":[{"id":6117,"href":"https:\/\/blog.zeit.de\/nsu-prozess-blog\/wp-json\/wp\/v2\/posts\/6103\/revisions\/6117"}],"wp:attachment":[{"href":"https:\/\/blog.zeit.de\/nsu-prozess-blog\/wp-json\/wp\/v2\/media?parent=6103"}],"wp:term":[{"taxonomy":"category","embeddable":true,"href":"https:\/\/blog.zeit.de\/nsu-prozess-blog\/wp-json\/wp\/v2\/categories?post=6103"},{"taxonomy":"post_tag","embeddable":true,"href":"https:\/\/blog.zeit.de\/nsu-prozess-blog\/wp-json\/wp\/v2\/tags?post=6103"}],"curies":[{"name":"wp","href":"https:\/\/api.w.org\/{rel}","templated":true}]}}