{"id":6124,"date":"2014-03-13T08:29:34","date_gmt":"2014-03-13T07:29:34","guid":{"rendered":"http:\/\/blog.zeit.de\/nsu-prozess-blog\/?p=6124"},"modified":"2014-03-13T08:36:35","modified_gmt":"2014-03-13T07:36:35","slug":"lutz-irrgang-aussage-andreas-t","status":"publish","type":"post","link":"https:\/\/blog.zeit.de\/nsu-prozess-blog\/2014\/03\/13\/lutz-irrgang-aussage-andreas-t\/","title":{"rendered":"Nichts gemerkt, nichts unternommen \u2013 Das Medienlog vom Donnerstag, 13. M\u00e4rz 2014"},"content":{"rendered":"<p>Der fr\u00fchere Chef des hessischen Verfassungsschutzes, Lutz Irrgang, hat im NSU-Prozess ausgesagt. Sein damaliger Untergebener Andreas T. hatte sich in dem Kasseler Internetcaf\u00e9 aufgehalten, in dem der Inhaber Halit Yozgat am 6. April 2006 erschossen wurde, will jedoch nichts bemerkt haben. Deswegen wurde er vor\u00fcbergehend als Beschuldigter gehandelt. Nun untersuchte das Gericht: Wie viel wusste Irrgang von T.s Treiben in dem Caf\u00e9 \u2013 und wollte er \u00fcberhaupt etwas zur Aufkl\u00e4rung beitragen? Irrgangs Aussagen waren allerdings &#8222;mager und teilweise schwer nachzuvollziehen&#8220;, kommentiert Frank Jansen im <a href=\"http:\/\/www.tagesspiegel.de\/politik\/nsu-prozess-am-olg-muenchen-zeuge-andreas-t-erscheint-unglaubwuerdig\/9606776.html\" target=\"_blank\"><em>Tagesspiegel<\/em><\/a>. Der Beh\u00f6rdenleiter habe nach T.s Festnahme wenig unternommen und behauptete, auch wenig mitbekommen zu haben.<\/p>\n<p><!--more--><\/p>\n<p><em>An jedem Werktag sichten wir f\u00fcr das NSU-Prozess-Blog die Medien und stellen wichtige Berichte, Blogs, Videos und Tweets zusammen. Wir freuen uns \u00fcber Hinweise via Twitter mit dem Hashtag #nsublog \u2013 oder per E-Mail an <a href=\"mailto:nsublog@zeit.de\">nsublog@zeit.de<\/a>.<\/em><\/p>\n<p>Als Grund f\u00fcr seinen Stillhalten nannte Ex-Landesverfassungsschutzchef Irrgang einen Anruf des Landespolizeipr\u00e4sidenten, der sich eine Einmischung in die Ermittlungen verbeten habe. So erkl\u00e4rte er auch, wieso er T. suspendiert habe, obwohl er nie dessen Rolle im Mordfall gepr\u00fcft haben will, wie Karin Truscheit in der <a href=\"http:\/\/www.faz.net\/aktuell\/politik\/nsu-prozess\/nsu-prozess-entschieden-haben-andere-12843735.html\" target=\"_blank\"><em>FAZ<\/em><\/a> berichtet. Auff\u00e4llig war, wie oft Irrgang auf die Verantwortung von anderen hinwies: Etwa in der Frage, ob die Ermittler Informanten des Verfassungsschutzes befragen d\u00fcrften. &#8222;Die Aufsichtsbeh\u00f6rde hat das entschieden&#8220;, sagte Irrgang demnach \u2013 also das hessische Innenministerium.<\/p>\n<p>Irrgang habe vor allem gezeigt, dass ihm wenig an einer Zusammenarbeit mit der Polizei gelegen war, schreibt <a href=\"https:\/\/blog.zeit.de\/nsu-prozess-blog\/2014\/03\/12\/die-ruhe-des-verfassungsschutzers\/\" target=\"_blank\"><em>ZEIT ONLINE<\/em><\/a>: Nach T.s Entlassung aus dem Polizeigewahrsam &#8222;war der Aufkl\u00e4rungswille bei Irrgang, sofern er jemals vorhanden war, offenbar erlahmt&#8220;. Mehrmals habe er in der Vernehmung gesagt, von den internen Ermittlungen nur wenig erfahren zu haben. Die Aff\u00e4re um T. habe au\u00dfer der dauerhaften Suspension f\u00fcr T. im Haus keine umfangreichen Konsequenzen gehabt.<\/p>\n<p>&#8222;In seiner Aussage verteidigte Irrgang seine Beh\u00f6rde&#8220;, res\u00fcmiert die Nachrichtenagentur <a href=\"http:\/\/www.br.de\/nachrichten\/nsu-prozess\/nsu-prozess-92-verhandlungstag-100.html\" target=\"_blank\"><em>dpa<\/em><\/a>. Bei den Antworten auf kritische Fragen der Nebenklage sei er ausweichend geblieben. Stattdessen betonte er, wie er den Betrieb im Verfassungsschutzamt aufrecht erhielt: &#8222;Die gr\u00f6\u00dfte Sorge des &#8218;Hauses&#8216; sei es offenbar gewesen, die &#8218;Quellen&#8216; des Amtes und die internen Abl\u00e4ufe in der Au\u00dfenstelle Kassel neu zu organisieren&#8220;, schreibt Kai Mudra in der <a href=\"http:\/\/www.thueringer-allgemeine.de\/web\/zgt\/suche\/detail\/-\/specific\/NSU-Prozess-Ein-unwissender-Verfassungsschutz-Chef-gibt-Einblicke-in-sein-Amt-985731396\" target=\"_blank\"><em>Th\u00fcringer Allgemeinen<\/em><\/a>. Alle Versuche des Richters, sich nach hausinternen Konsequenzen zu erkundigen, &#8222;liefen ins Leere&#8220;.<\/p>\n<p>Irrgang habe &#8222;ungewollt Einblicke in die unglaublichen Zust\u00e4nde bei einem deutschen Geheimdienst&#8220; gegeben, analysiert Per Hinrichs in der <a href=\"http:\/\/www.welt.de\/politik\/deutschland\/article125739858\/Wie-man-von-der-Post-zum-Verfassungsschutz-kommt.html\" target=\"_blank\"><em>Welt<\/em><\/a>. Der Beh\u00f6rdenleiter a. D. habe zeigen wollen, dass der Verfassungsschutz &#8222;ganz normal und hochprofessionell arbeiten w\u00fcrde&#8220;. Das sei ihm nicht gelungen: Das Amt, nicht bereit zur Kooperation, habe ein Beispiel der &#8222;empathiefreien Welt der Geheimdienste&#8220; abgegeben. Stutzig machte auch eine Bemerkung Irrgangs zur Personalgewinnung: Neue Mitarbeiter habe die Beh\u00f6rde aus der Riege von &#8222;\u00fcberz\u00e4hligen Postbeamten&#8220; gewonnen \u2013 zu denen auch T. geh\u00f6rte.<\/p>\n<p>Die Stimmung w\u00e4hrend der Befragung pendelte zwischen angespannt und aggressiv. Mehrmals kam es zu Wortgefechten zwischen Vertretern der Nebenklage und Richter Manfred G\u00f6tzl, wie Tanjev Schultz in der <a href=\"http:\/\/www.sueddeutsche.de\/politik\/nsu-prozess-was-der-verfassungsschutz-haette-sehen-muessen-1.1910948\" target=\"_blank\"><em>S\u00fcddeutschen Zeitung<\/em><\/a> berichtet. Einer der Anw\u00e4lte stellte demnach &#8222;lauter Fragen, die offenbar zeigen sollen, wie borniert und unkooperativ sich das Amt verhielt&#8220;. Davon hielt ihn jedoch Richter G\u00f6tzl ab: Der Jurist d\u00fcrfe nicht &#8222;die Befragung eines Untersuchungsausschusses nachholen&#8220;. Erneut sei der schon mehrfach beobachtete Interessenkonflikt zwischen Nebenklage und Gericht sichtbar geworden. Die Angeh\u00f6rigen und Opfer w\u00fcnschten sich eine umfassende Aufkl\u00e4rung, der Staatsschutzsenat wolle den Fall effizient abarbeiten.<\/p>\n<p>Im Anschluss an Irrgang sagte Andreas T. selbst noch einmal aus. Es war seine vierte Vernehmung und wird nicht die letzte gewesen sein. Dazu wurde ihm ein Video gezeigt, in dem er seinen Weg durch das Internetcaf\u00e9 f\u00fcr die Ermittler noch einmal abgegangen war, wie in der <em>FAZ<\/em> zu lesen ist.<\/p>\n<p><em>Das n\u00e4chste Medienlog erscheint am Freitag, 14. M\u00e4rz 2014.<\/em><\/p>\n","protected":false},"excerpt":{"rendered":"<p>Der fr\u00fchere Chef des hessischen Verfassungsschutzes, Lutz Irrgang, hat im NSU-Prozess ausgesagt. Sein damaliger Untergebener Andreas T. hatte sich in dem Kasseler Internetcaf\u00e9 aufgehalten, in dem der Inhaber Halit Yozgat am 6. April 2006 erschossen wurde, will jedoch nichts bemerkt haben. Deswegen wurde er vor\u00fcbergehend als Beschuldigter gehandelt. Nun untersuchte das Gericht: Wie viel wusste [&hellip;]<\/p>\n","protected":false},"author":435,"featured_media":0,"comment_status":"open","ping_status":"open","sticky":false,"template":"","format":"standard","meta":{"_jetpack_memberships_contains_paid_content":false,"footnotes":""},"categories":[27531],"tags":[29442,29435,1836],"class_list":["post-6124","post","type-post","status-publish","format-standard","hentry","category-medienschau","tag-andreas-t","tag-halit-yozgat","tag-verfassungsschutz"],"yoast_head":"<!-- This site is optimized with the Yoast SEO plugin v21.0 - https:\/\/yoast.com\/wordpress\/plugins\/seo\/ -->\n<title>Nichts gemerkt, nichts unternommen \u2013 Das Medienlog vom Donnerstag, 13. M\u00e4rz 2014 - Das NSU-Prozess-Blog<\/title>\n<meta name=\"robots\" content=\"index, follow, max-snippet:-1, max-image-preview:large, max-video-preview:-1\" \/>\n<link rel=\"canonical\" href=\"https:\/\/blog.zeit.de\/nsu-prozess-blog\/2014\/03\/13\/lutz-irrgang-aussage-andreas-t\/\" \/>\n<meta property=\"og:locale\" content=\"de_DE\" \/>\n<meta property=\"og:type\" content=\"article\" \/>\n<meta property=\"og:title\" content=\"Nichts gemerkt, nichts unternommen \u2013 Das Medienlog vom Donnerstag, 13. M\u00e4rz 2014 - Das NSU-Prozess-Blog\" \/>\n<meta property=\"og:description\" content=\"Der fr\u00fchere Chef des hessischen Verfassungsschutzes, Lutz Irrgang, hat im NSU-Prozess ausgesagt. Sein damaliger Untergebener Andreas T. hatte sich in dem Kasseler Internetcaf\u00e9 aufgehalten, in dem der Inhaber Halit Yozgat am 6. April 2006 erschossen wurde, will jedoch nichts bemerkt haben. Deswegen wurde er vor\u00fcbergehend als Beschuldigter gehandelt. Nun untersuchte das Gericht: Wie viel wusste [&hellip;]\" \/>\n<meta property=\"og:url\" content=\"https:\/\/blog.zeit.de\/nsu-prozess-blog\/2014\/03\/13\/lutz-irrgang-aussage-andreas-t\/\" \/>\n<meta property=\"og:site_name\" content=\"Das NSU-Prozess-Blog\" \/>\n<meta property=\"article:published_time\" content=\"2014-03-13T07:29:34+00:00\" \/>\n<meta property=\"article:modified_time\" content=\"2014-03-13T07:36:35+00:00\" \/>\n<meta name=\"author\" content=\"Tom Sundermann\" \/>\n<meta name=\"twitter:label1\" content=\"Geschrieben von\" \/>\n\t<meta name=\"twitter:data1\" content=\"Tom Sundermann\" \/>\n\t<meta name=\"twitter:label2\" content=\"Gesch\u00e4tzte Lesezeit\" \/>\n\t<meta name=\"twitter:data2\" content=\"3\u00a0Minuten\" \/>\n<script type=\"application\/ld+json\" class=\"yoast-schema-graph\">{\"@context\":\"https:\/\/schema.org\",\"@graph\":[{\"@type\":\"WebPage\",\"@id\":\"https:\/\/blog.zeit.de\/nsu-prozess-blog\/2014\/03\/13\/lutz-irrgang-aussage-andreas-t\/\",\"url\":\"https:\/\/blog.zeit.de\/nsu-prozess-blog\/2014\/03\/13\/lutz-irrgang-aussage-andreas-t\/\",\"name\":\"Nichts gemerkt, nichts unternommen \u2013 Das Medienlog vom Donnerstag, 13. M\u00e4rz 2014 - Das NSU-Prozess-Blog\",\"isPartOf\":{\"@id\":\"https:\/\/blog.zeit.de\/nsu-prozess-blog\/#website\"},\"datePublished\":\"2014-03-13T07:29:34+00:00\",\"dateModified\":\"2014-03-13T07:36:35+00:00\",\"author\":{\"@id\":\"https:\/\/blog.zeit.de\/nsu-prozess-blog\/#\/schema\/person\/553ea9bb5d1fc2ae054c589bd59380a5\"},\"breadcrumb\":{\"@id\":\"https:\/\/blog.zeit.de\/nsu-prozess-blog\/2014\/03\/13\/lutz-irrgang-aussage-andreas-t\/#breadcrumb\"},\"inLanguage\":\"de\",\"potentialAction\":[{\"@type\":\"ReadAction\",\"target\":[\"https:\/\/blog.zeit.de\/nsu-prozess-blog\/2014\/03\/13\/lutz-irrgang-aussage-andreas-t\/\"]}]},{\"@type\":\"BreadcrumbList\",\"@id\":\"https:\/\/blog.zeit.de\/nsu-prozess-blog\/2014\/03\/13\/lutz-irrgang-aussage-andreas-t\/#breadcrumb\",\"itemListElement\":[{\"@type\":\"ListItem\",\"position\":1,\"name\":\"Startseite\",\"item\":\"https:\/\/blog.zeit.de\/nsu-prozess-blog\/\"},{\"@type\":\"ListItem\",\"position\":2,\"name\":\"Nichts gemerkt, nichts unternommen \u2013 Das Medienlog vom Donnerstag, 13. M\u00e4rz 2014\"}]},{\"@type\":\"WebSite\",\"@id\":\"https:\/\/blog.zeit.de\/nsu-prozess-blog\/#website\",\"url\":\"https:\/\/blog.zeit.de\/nsu-prozess-blog\/\",\"name\":\"Das NSU-Prozess-Blog\",\"description\":\"Alle Berichte zum Terrorverfahren in M\u00fcnchen\",\"potentialAction\":[{\"@type\":\"SearchAction\",\"target\":{\"@type\":\"EntryPoint\",\"urlTemplate\":\"https:\/\/blog.zeit.de\/nsu-prozess-blog\/?s={search_term_string}\"},\"query-input\":\"required name=search_term_string\"}],\"inLanguage\":\"de\"},{\"@type\":\"Person\",\"@id\":\"https:\/\/blog.zeit.de\/nsu-prozess-blog\/#\/schema\/person\/553ea9bb5d1fc2ae054c589bd59380a5\",\"name\":\"Tom Sundermann\",\"image\":{\"@type\":\"ImageObject\",\"inLanguage\":\"de\",\"@id\":\"https:\/\/blog.zeit.de\/nsu-prozess-blog\/#\/schema\/person\/image\/\",\"url\":\"https:\/\/secure.gravatar.com\/avatar\/e108a3dc18766f719b2f797dc5d19093f06a1870c55b553ab6b7563f1f9a5e68?s=96&d=mm&r=g\",\"contentUrl\":\"https:\/\/secure.gravatar.com\/avatar\/e108a3dc18766f719b2f797dc5d19093f06a1870c55b553ab6b7563f1f9a5e68?s=96&d=mm&r=g\",\"caption\":\"Tom Sundermann\"},\"sameAs\":[\"https:\/\/twitter.com\/messeticker\"],\"url\":\"https:\/\/blog.zeit.de\/nsu-prozess-blog\/author\/tsundermann\/\"}]}<\/script>\n<!-- \/ Yoast SEO plugin. -->","yoast_head_json":{"title":"Nichts gemerkt, nichts unternommen \u2013 Das Medienlog vom Donnerstag, 13. M\u00e4rz 2014 - Das NSU-Prozess-Blog","robots":{"index":"index","follow":"follow","max-snippet":"max-snippet:-1","max-image-preview":"max-image-preview:large","max-video-preview":"max-video-preview:-1"},"canonical":"https:\/\/blog.zeit.de\/nsu-prozess-blog\/2014\/03\/13\/lutz-irrgang-aussage-andreas-t\/","og_locale":"de_DE","og_type":"article","og_title":"Nichts gemerkt, nichts unternommen \u2013 Das Medienlog vom Donnerstag, 13. M\u00e4rz 2014 - Das NSU-Prozess-Blog","og_description":"Der fr\u00fchere Chef des hessischen Verfassungsschutzes, Lutz Irrgang, hat im NSU-Prozess ausgesagt. Sein damaliger Untergebener Andreas T. hatte sich in dem Kasseler Internetcaf\u00e9 aufgehalten, in dem der Inhaber Halit Yozgat am 6. April 2006 erschossen wurde, will jedoch nichts bemerkt haben. Deswegen wurde er vor\u00fcbergehend als Beschuldigter gehandelt. Nun untersuchte das Gericht: Wie viel wusste [&hellip;]","og_url":"https:\/\/blog.zeit.de\/nsu-prozess-blog\/2014\/03\/13\/lutz-irrgang-aussage-andreas-t\/","og_site_name":"Das NSU-Prozess-Blog","article_published_time":"2014-03-13T07:29:34+00:00","article_modified_time":"2014-03-13T07:36:35+00:00","author":"Tom Sundermann","twitter_misc":{"Geschrieben von":"Tom Sundermann","Gesch\u00e4tzte Lesezeit":"3\u00a0Minuten"},"schema":{"@context":"https:\/\/schema.org","@graph":[{"@type":"WebPage","@id":"https:\/\/blog.zeit.de\/nsu-prozess-blog\/2014\/03\/13\/lutz-irrgang-aussage-andreas-t\/","url":"https:\/\/blog.zeit.de\/nsu-prozess-blog\/2014\/03\/13\/lutz-irrgang-aussage-andreas-t\/","name":"Nichts gemerkt, nichts unternommen \u2013 Das Medienlog vom Donnerstag, 13. M\u00e4rz 2014 - Das NSU-Prozess-Blog","isPartOf":{"@id":"https:\/\/blog.zeit.de\/nsu-prozess-blog\/#website"},"datePublished":"2014-03-13T07:29:34+00:00","dateModified":"2014-03-13T07:36:35+00:00","author":{"@id":"https:\/\/blog.zeit.de\/nsu-prozess-blog\/#\/schema\/person\/553ea9bb5d1fc2ae054c589bd59380a5"},"breadcrumb":{"@id":"https:\/\/blog.zeit.de\/nsu-prozess-blog\/2014\/03\/13\/lutz-irrgang-aussage-andreas-t\/#breadcrumb"},"inLanguage":"de","potentialAction":[{"@type":"ReadAction","target":["https:\/\/blog.zeit.de\/nsu-prozess-blog\/2014\/03\/13\/lutz-irrgang-aussage-andreas-t\/"]}]},{"@type":"BreadcrumbList","@id":"https:\/\/blog.zeit.de\/nsu-prozess-blog\/2014\/03\/13\/lutz-irrgang-aussage-andreas-t\/#breadcrumb","itemListElement":[{"@type":"ListItem","position":1,"name":"Startseite","item":"https:\/\/blog.zeit.de\/nsu-prozess-blog\/"},{"@type":"ListItem","position":2,"name":"Nichts gemerkt, nichts unternommen \u2013 Das Medienlog vom Donnerstag, 13. M\u00e4rz 2014"}]},{"@type":"WebSite","@id":"https:\/\/blog.zeit.de\/nsu-prozess-blog\/#website","url":"https:\/\/blog.zeit.de\/nsu-prozess-blog\/","name":"Das NSU-Prozess-Blog","description":"Alle Berichte zum Terrorverfahren in M\u00fcnchen","potentialAction":[{"@type":"SearchAction","target":{"@type":"EntryPoint","urlTemplate":"https:\/\/blog.zeit.de\/nsu-prozess-blog\/?s={search_term_string}"},"query-input":"required name=search_term_string"}],"inLanguage":"de"},{"@type":"Person","@id":"https:\/\/blog.zeit.de\/nsu-prozess-blog\/#\/schema\/person\/553ea9bb5d1fc2ae054c589bd59380a5","name":"Tom Sundermann","image":{"@type":"ImageObject","inLanguage":"de","@id":"https:\/\/blog.zeit.de\/nsu-prozess-blog\/#\/schema\/person\/image\/","url":"https:\/\/secure.gravatar.com\/avatar\/e108a3dc18766f719b2f797dc5d19093f06a1870c55b553ab6b7563f1f9a5e68?s=96&d=mm&r=g","contentUrl":"https:\/\/secure.gravatar.com\/avatar\/e108a3dc18766f719b2f797dc5d19093f06a1870c55b553ab6b7563f1f9a5e68?s=96&d=mm&r=g","caption":"Tom Sundermann"},"sameAs":["https:\/\/twitter.com\/messeticker"],"url":"https:\/\/blog.zeit.de\/nsu-prozess-blog\/author\/tsundermann\/"}]}},"jetpack_featured_media_url":"","jetpack_sharing_enabled":true,"_links":{"self":[{"href":"https:\/\/blog.zeit.de\/nsu-prozess-blog\/wp-json\/wp\/v2\/posts\/6124","targetHints":{"allow":["GET"]}}],"collection":[{"href":"https:\/\/blog.zeit.de\/nsu-prozess-blog\/wp-json\/wp\/v2\/posts"}],"about":[{"href":"https:\/\/blog.zeit.de\/nsu-prozess-blog\/wp-json\/wp\/v2\/types\/post"}],"author":[{"embeddable":true,"href":"https:\/\/blog.zeit.de\/nsu-prozess-blog\/wp-json\/wp\/v2\/users\/435"}],"replies":[{"embeddable":true,"href":"https:\/\/blog.zeit.de\/nsu-prozess-blog\/wp-json\/wp\/v2\/comments?post=6124"}],"version-history":[{"count":18,"href":"https:\/\/blog.zeit.de\/nsu-prozess-blog\/wp-json\/wp\/v2\/posts\/6124\/revisions"}],"predecessor-version":[{"id":6147,"href":"https:\/\/blog.zeit.de\/nsu-prozess-blog\/wp-json\/wp\/v2\/posts\/6124\/revisions\/6147"}],"wp:attachment":[{"href":"https:\/\/blog.zeit.de\/nsu-prozess-blog\/wp-json\/wp\/v2\/media?parent=6124"}],"wp:term":[{"taxonomy":"category","embeddable":true,"href":"https:\/\/blog.zeit.de\/nsu-prozess-blog\/wp-json\/wp\/v2\/categories?post=6124"},{"taxonomy":"post_tag","embeddable":true,"href":"https:\/\/blog.zeit.de\/nsu-prozess-blog\/wp-json\/wp\/v2\/tags?post=6124"}],"curies":[{"name":"wp","href":"https:\/\/api.w.org\/{rel}","templated":true}]}}