{"id":6149,"date":"2014-03-14T08:09:03","date_gmt":"2014-03-14T07:09:03","guid":{"rendered":"http:\/\/blog.zeit.de\/nsu-prozess-blog\/?p=6149"},"modified":"2014-03-14T09:22:00","modified_gmt":"2014-03-14T08:22:00","slug":"zschape-trug-eine-waffe-bei-sich-das-medienlog-vom-freitag-14-marz-2014","status":"publish","type":"post","link":"https:\/\/blog.zeit.de\/nsu-prozess-blog\/2014\/03\/14\/zschape-trug-eine-waffe-bei-sich-das-medienlog-vom-freitag-14-marz-2014\/","title":{"rendered":"Zsch\u00e4pe trug eine Waffe bei sich \u2013 Das Medienlog vom Freitag, 14. M\u00e4rz 2014"},"content":{"rendered":"<p>Im Prozess wurde eine Zeugin befragt, die die mutma\u00dflichen M\u00f6rder des NSU noch aus ihrer Anfangszeit in der rechtsextremen Szene kannte: Jana J., die fr\u00fchere Freundin des Zeugen <a href=\"https:\/\/blog.zeit.de\/nsu-prozess-blog\/2014\/02\/06\/medienlog-andre-k-befangenheitsantrag\/\">Andr\u00e9 K.<\/a> Neben Erkenntnissen \u00fcber das Trio lieferte sie &#8222;einen finsteren Einblick in die braune Szene&#8220;, wie Frank Jansen im <a href=\"http:\/\/www.tagesspiegel.de\/politik\/nsu-prozess-am-olg-muenchen-hass-auf-juden-und-ex-kanzler\/9611884.html\" target=\"_blank\"><em>Tagesspiegel<\/em><\/a> bemerkt. Dieser Einblick schwankte offenbar zwischen schaurig und kurios: Die Zeugin berichtete, Zsch\u00e4pe habe eine Pistole besessen, die sie &#8222;Wally&#8220; genannt habe.<\/p>\n<p><!--more--><\/p>\n<p><em>An jedem Werktag sichten wir f\u00fcr das NSU-Prozess-Blog die Medien und stellen wichtige Berichte, Blogs, Videos und Tweets zusammen. Wir freuen uns \u00fcber Hinweise via Twitter mit dem Hashtag #nsublog \u2013 oder per E-Mail an <a href=\"mailto:nsublog@zeit.de\">nsublog@zeit.de<\/a>.<\/em><\/p>\n<p>Die 33-J\u00e4hrige gab an, sie sei 1997 bei Zsch\u00e4pe in Jena zu Besuch gewesen und habe dort die Waffe gesehen, berichtet Kai Mudra in der <a href=\"http:\/\/www.thueringer-allgemeine.de\/web\/zgt\/suche\/detail\/-\/specific\/NSU-Prozess-Laut-Zeugin-nannte-Zschaepe-ihre-Waffe-Wally-541929592\" target=\"_blank\"><em>Th\u00fcringer Allgemeinen<\/em><\/a>. Zsch\u00e4pe habe die Pistole auch au\u00dferhalb ihrer Wohnung getragen.<\/p>\n<p>Ein weiterer Aspekt vom &#8222;Blick ins br\u00e4unliche Panoptikum&#8220; (Jansen): eine sogenannte Geburtstagszeitung, die J. gemeinsam mit dem Mitangeklagten Ralf Wohlleben f\u00fcr ihren damaligen Freund bastelte \u2013 eine Persiflage auf die <em>Bild<\/em>-Zeitung, angef\u00fcllt mit Fremdenhass und Mordfantasien. Unter anderem finde sich dort eine Todesliste, auf der auch Helmut Kohl, Gerhard Schr\u00f6der, Joschka Fischer und der damalige Vorsitzende des Zentralrats der Juden, Ignatz Bubis, genannt seien. Ein gro\u00dfer Spa\u00df? J. sagte, sie bedauere den perfiden Geburtstagsgru\u00df mittlerweile. R\u00fcckblickend handle es sich um eine &#8222;pubert\u00e4re Spinnerei&#8220;, die ihr &#8222;peinlich&#8220; sei, wie Per Hinrichs in der <a href=\"http:\/\/www.welt.de\/politik\/deutschland\/article125782620\/Beate-Zschaepe-nannte-ihre-Waffe-Walli.html\" target=\"_blank\"><em>Welt<\/em><\/a> zitiert.<\/p>\n<p>J.s Aussage sei eine Art Sittengem\u00e4lde gewesen: &#8222;Die junge Frau gibt auch Einblick dar\u00fcber, wie dominant die rechte Jugendkultur in den 90er-Jahren war&#8220;, schreibt Hinrichs. Damals verschlug es die Zeugin in den ber\u00fcchtigten Jenaer Stadtteil Lobeda \u2013 und damit in eine Gegend, in der Nazis sich ungest\u00f6rt entfalteten. &#8222;Sie konnte sich mit der Einstellung anfreunden&#8220;, hei\u00dft es im Text.<\/p>\n<p>Zu Beginn des Prozesstags hatte der Vater des 2006 in Kassel ermordeten Halit Yozgat mit einer Erkl\u00e4rung f\u00fcr Aufsehen gesorgt. Nachdem er zwei Tage gewartet hatte, das Dokument zu verlesen, wandte er sich an die Familien der toten NSU-Mitglieder Uwe Mundlos und Uwe B\u00f6hnhardt. Er lud sie nach Kassel ein, falls dort die Holl\u00e4ndische Stra\u00dfe, in der sein Sohn starb, in Halitstra\u00dfe umbenannt w\u00fcrde, wie beim <a href=\"http:\/\/www.hr-online.de\/website\/rubriken\/nachrichten\/indexhessen34938.jsp?rubrik=36086&amp;key=standard_document_51121675\" target=\"_blank\"><em>Hessischen Rundfunk<\/em><\/a> zu lesen ist. Yozgat zog den Protest von Zsch\u00e4pes Anwalt Wolfgang Heer auf sich, als er mit den Worten: &#8222;Die M\u00f6rder sind gefasst&#8220;, \u00fcber die Hauptangeklagte sprach. Der Verteidiger verbat sich, Zsch\u00e4pe als M\u00f6rderin zu bezeichnen \u2013 Richter Manfred G\u00f6tzl lie\u00df Yozgat dennoch weitersprechen.<\/p>\n<p>&#8222;Muss auch der Vater eines Mordopfers die Unschuldsvermutung beachten? Ich meine nein&#8220;, kommentiert Holger Schmidt im <a href=\"http:\/\/www.swr.de\/blog\/terrorismus\/2014\/03\/13\/angehoeriger-von-nsu-opfer-will-familien-boehnhardt-und-mundlos-die-hand-zur-versoehnung-reichen\/#more-7129\" target=\"_blank\"><em>Terrorismus-Blog<\/em><\/a> des <em>SWR<\/em>. Der Protest der Verteidiger sei &#8222;eine ungl\u00fcckliche und unsouver\u00e4ne Aktion&#8220; gewesen, sie habe gezeigt, &#8222;wie d\u00fcnnh\u00e4utig die Verteidigung beim Stichwort &#8218;M\u00f6rderin&#8216; offenbar ist&#8220;.<\/p>\n<p>Yozgats Forderung, die Holl\u00e4ndische Stra\u00dfe in Halitstra\u00dfe umzubenennen, ist eines seiner gr\u00f6\u00dften Ziele. Er habe sein Anliegen &#8222;in aufgew\u00fchlter Stimmung&#8220; vorgetragen, berichtet Tanjev Schultz in der <a href=\"http:\/\/www.sueddeutsche.de\/politik\/prozess-in-muenchen-vater-von-nsu-opfer-will-strassennamen-statt-geld-1.1911357\" target=\"_blank\"><em>S\u00fcddeutschen Zeitung<\/em><\/a>. Demnach wandte sich der trauernde Vater mit der Forderung direkt an G\u00f6tzl \u2013 dieser wies ihn jedoch darauf hin, dass eine Umbenennung nicht Sache des Gerichts ist.<\/p>\n<p>Einen Nebenaspekt des Prozesses greift Lena Kampf <a href=\"http:\/\/blogs.stern.de\/nsu-prozess\/falschaussage-friseurin-oder-bundesregierung\/\" target=\"_blank\">auf <em>stern.de<\/em><\/a> auf: Es geht um die Behauptung einer Zeugin, der Mitangeklagte Holger G. sei von Beamten des Zeugenschutzprogramms zu einem Treffen begleitet worden. Die Frage besch\u00e4ftigte aufgrund der Anfrage einer Abgeordneten auch die Bundesregierung.<\/p>\n<p><em>Das n\u00e4chste Medienlog erscheint am Montag, 17. M\u00e4rz 2014.<\/em><\/p>\n","protected":false},"excerpt":{"rendered":"<p>Im Prozess wurde eine Zeugin befragt, die die mutma\u00dflichen M\u00f6rder des NSU noch aus ihrer Anfangszeit in der rechtsextremen Szene kannte: Jana J., die fr\u00fchere Freundin des Zeugen Andr\u00e9 K. Neben Erkenntnissen \u00fcber das Trio lieferte sie &#8222;einen finsteren Einblick in die braune Szene&#8220;, wie Frank Jansen im Tagesspiegel bemerkt. Dieser Einblick schwankte offenbar zwischen [&hellip;]<\/p>\n","protected":false},"author":435,"featured_media":0,"comment_status":"open","ping_status":"open","sticky":false,"template":"","format":"standard","meta":{"_jetpack_memberships_contains_paid_content":false,"footnotes":""},"categories":[27531],"tags":[29463,17793,29435,27559,17772],"class_list":["post-6149","post","type-post","status-publish","format-standard","hentry","category-medienschau","tag-andre-k","tag-beate-zschape","tag-halit-yozgat","tag-manfred-gotzl","tag-ralf-wohlleben"],"yoast_head":"<!-- This site is optimized with the Yoast SEO plugin v21.0 - https:\/\/yoast.com\/wordpress\/plugins\/seo\/ -->\n<title>Zsch\u00e4pe trug eine Waffe bei sich \u2013 Das Medienlog vom Freitag, 14. M\u00e4rz 2014 - Das NSU-Prozess-Blog<\/title>\n<meta name=\"robots\" content=\"index, follow, max-snippet:-1, max-image-preview:large, max-video-preview:-1\" \/>\n<link rel=\"canonical\" href=\"https:\/\/blog.zeit.de\/nsu-prozess-blog\/2014\/03\/14\/zschape-trug-eine-waffe-bei-sich-das-medienlog-vom-freitag-14-marz-2014\/\" \/>\n<meta property=\"og:locale\" content=\"de_DE\" \/>\n<meta property=\"og:type\" content=\"article\" \/>\n<meta property=\"og:title\" content=\"Zsch\u00e4pe trug eine Waffe bei sich \u2013 Das Medienlog vom Freitag, 14. M\u00e4rz 2014 - Das NSU-Prozess-Blog\" \/>\n<meta property=\"og:description\" content=\"Im Prozess wurde eine Zeugin befragt, die die mutma\u00dflichen M\u00f6rder des NSU noch aus ihrer Anfangszeit in der rechtsextremen Szene kannte: Jana J., die fr\u00fchere Freundin des Zeugen Andr\u00e9 K. Neben Erkenntnissen \u00fcber das Trio lieferte sie &#8222;einen finsteren Einblick in die braune Szene&#8220;, wie Frank Jansen im Tagesspiegel bemerkt. Dieser Einblick schwankte offenbar zwischen [&hellip;]\" \/>\n<meta property=\"og:url\" content=\"https:\/\/blog.zeit.de\/nsu-prozess-blog\/2014\/03\/14\/zschape-trug-eine-waffe-bei-sich-das-medienlog-vom-freitag-14-marz-2014\/\" \/>\n<meta property=\"og:site_name\" content=\"Das NSU-Prozess-Blog\" \/>\n<meta property=\"article:published_time\" content=\"2014-03-14T07:09:03+00:00\" \/>\n<meta property=\"article:modified_time\" content=\"2014-03-14T08:22:00+00:00\" \/>\n<meta name=\"author\" content=\"Tom Sundermann\" \/>\n<meta name=\"twitter:label1\" content=\"Geschrieben von\" \/>\n\t<meta name=\"twitter:data1\" content=\"Tom Sundermann\" \/>\n\t<meta name=\"twitter:label2\" content=\"Gesch\u00e4tzte Lesezeit\" \/>\n\t<meta name=\"twitter:data2\" content=\"3\u00a0Minuten\" \/>\n<script type=\"application\/ld+json\" class=\"yoast-schema-graph\">{\"@context\":\"https:\/\/schema.org\",\"@graph\":[{\"@type\":\"WebPage\",\"@id\":\"https:\/\/blog.zeit.de\/nsu-prozess-blog\/2014\/03\/14\/zschape-trug-eine-waffe-bei-sich-das-medienlog-vom-freitag-14-marz-2014\/\",\"url\":\"https:\/\/blog.zeit.de\/nsu-prozess-blog\/2014\/03\/14\/zschape-trug-eine-waffe-bei-sich-das-medienlog-vom-freitag-14-marz-2014\/\",\"name\":\"Zsch\u00e4pe trug eine Waffe bei sich \u2013 Das Medienlog vom Freitag, 14. M\u00e4rz 2014 - Das NSU-Prozess-Blog\",\"isPartOf\":{\"@id\":\"https:\/\/blog.zeit.de\/nsu-prozess-blog\/#website\"},\"datePublished\":\"2014-03-14T07:09:03+00:00\",\"dateModified\":\"2014-03-14T08:22:00+00:00\",\"author\":{\"@id\":\"https:\/\/blog.zeit.de\/nsu-prozess-blog\/#\/schema\/person\/553ea9bb5d1fc2ae054c589bd59380a5\"},\"breadcrumb\":{\"@id\":\"https:\/\/blog.zeit.de\/nsu-prozess-blog\/2014\/03\/14\/zschape-trug-eine-waffe-bei-sich-das-medienlog-vom-freitag-14-marz-2014\/#breadcrumb\"},\"inLanguage\":\"de\",\"potentialAction\":[{\"@type\":\"ReadAction\",\"target\":[\"https:\/\/blog.zeit.de\/nsu-prozess-blog\/2014\/03\/14\/zschape-trug-eine-waffe-bei-sich-das-medienlog-vom-freitag-14-marz-2014\/\"]}]},{\"@type\":\"BreadcrumbList\",\"@id\":\"https:\/\/blog.zeit.de\/nsu-prozess-blog\/2014\/03\/14\/zschape-trug-eine-waffe-bei-sich-das-medienlog-vom-freitag-14-marz-2014\/#breadcrumb\",\"itemListElement\":[{\"@type\":\"ListItem\",\"position\":1,\"name\":\"Startseite\",\"item\":\"https:\/\/blog.zeit.de\/nsu-prozess-blog\/\"},{\"@type\":\"ListItem\",\"position\":2,\"name\":\"Zsch\u00e4pe trug eine Waffe bei sich \u2013 Das Medienlog vom Freitag, 14. M\u00e4rz 2014\"}]},{\"@type\":\"WebSite\",\"@id\":\"https:\/\/blog.zeit.de\/nsu-prozess-blog\/#website\",\"url\":\"https:\/\/blog.zeit.de\/nsu-prozess-blog\/\",\"name\":\"Das NSU-Prozess-Blog\",\"description\":\"Alle Berichte zum Terrorverfahren in M\u00fcnchen\",\"potentialAction\":[{\"@type\":\"SearchAction\",\"target\":{\"@type\":\"EntryPoint\",\"urlTemplate\":\"https:\/\/blog.zeit.de\/nsu-prozess-blog\/?s={search_term_string}\"},\"query-input\":\"required name=search_term_string\"}],\"inLanguage\":\"de\"},{\"@type\":\"Person\",\"@id\":\"https:\/\/blog.zeit.de\/nsu-prozess-blog\/#\/schema\/person\/553ea9bb5d1fc2ae054c589bd59380a5\",\"name\":\"Tom Sundermann\",\"image\":{\"@type\":\"ImageObject\",\"inLanguage\":\"de\",\"@id\":\"https:\/\/blog.zeit.de\/nsu-prozess-blog\/#\/schema\/person\/image\/\",\"url\":\"https:\/\/secure.gravatar.com\/avatar\/e108a3dc18766f719b2f797dc5d19093f06a1870c55b553ab6b7563f1f9a5e68?s=96&d=mm&r=g\",\"contentUrl\":\"https:\/\/secure.gravatar.com\/avatar\/e108a3dc18766f719b2f797dc5d19093f06a1870c55b553ab6b7563f1f9a5e68?s=96&d=mm&r=g\",\"caption\":\"Tom Sundermann\"},\"sameAs\":[\"https:\/\/twitter.com\/messeticker\"],\"url\":\"https:\/\/blog.zeit.de\/nsu-prozess-blog\/author\/tsundermann\/\"}]}<\/script>\n<!-- \/ Yoast SEO plugin. -->","yoast_head_json":{"title":"Zsch\u00e4pe trug eine Waffe bei sich \u2013 Das Medienlog vom Freitag, 14. M\u00e4rz 2014 - Das NSU-Prozess-Blog","robots":{"index":"index","follow":"follow","max-snippet":"max-snippet:-1","max-image-preview":"max-image-preview:large","max-video-preview":"max-video-preview:-1"},"canonical":"https:\/\/blog.zeit.de\/nsu-prozess-blog\/2014\/03\/14\/zschape-trug-eine-waffe-bei-sich-das-medienlog-vom-freitag-14-marz-2014\/","og_locale":"de_DE","og_type":"article","og_title":"Zsch\u00e4pe trug eine Waffe bei sich \u2013 Das Medienlog vom Freitag, 14. M\u00e4rz 2014 - Das NSU-Prozess-Blog","og_description":"Im Prozess wurde eine Zeugin befragt, die die mutma\u00dflichen M\u00f6rder des NSU noch aus ihrer Anfangszeit in der rechtsextremen Szene kannte: Jana J., die fr\u00fchere Freundin des Zeugen Andr\u00e9 K. Neben Erkenntnissen \u00fcber das Trio lieferte sie &#8222;einen finsteren Einblick in die braune Szene&#8220;, wie Frank Jansen im Tagesspiegel bemerkt. Dieser Einblick schwankte offenbar zwischen [&hellip;]","og_url":"https:\/\/blog.zeit.de\/nsu-prozess-blog\/2014\/03\/14\/zschape-trug-eine-waffe-bei-sich-das-medienlog-vom-freitag-14-marz-2014\/","og_site_name":"Das NSU-Prozess-Blog","article_published_time":"2014-03-14T07:09:03+00:00","article_modified_time":"2014-03-14T08:22:00+00:00","author":"Tom Sundermann","twitter_misc":{"Geschrieben von":"Tom Sundermann","Gesch\u00e4tzte Lesezeit":"3\u00a0Minuten"},"schema":{"@context":"https:\/\/schema.org","@graph":[{"@type":"WebPage","@id":"https:\/\/blog.zeit.de\/nsu-prozess-blog\/2014\/03\/14\/zschape-trug-eine-waffe-bei-sich-das-medienlog-vom-freitag-14-marz-2014\/","url":"https:\/\/blog.zeit.de\/nsu-prozess-blog\/2014\/03\/14\/zschape-trug-eine-waffe-bei-sich-das-medienlog-vom-freitag-14-marz-2014\/","name":"Zsch\u00e4pe trug eine Waffe bei sich \u2013 Das Medienlog vom Freitag, 14. M\u00e4rz 2014 - Das NSU-Prozess-Blog","isPartOf":{"@id":"https:\/\/blog.zeit.de\/nsu-prozess-blog\/#website"},"datePublished":"2014-03-14T07:09:03+00:00","dateModified":"2014-03-14T08:22:00+00:00","author":{"@id":"https:\/\/blog.zeit.de\/nsu-prozess-blog\/#\/schema\/person\/553ea9bb5d1fc2ae054c589bd59380a5"},"breadcrumb":{"@id":"https:\/\/blog.zeit.de\/nsu-prozess-blog\/2014\/03\/14\/zschape-trug-eine-waffe-bei-sich-das-medienlog-vom-freitag-14-marz-2014\/#breadcrumb"},"inLanguage":"de","potentialAction":[{"@type":"ReadAction","target":["https:\/\/blog.zeit.de\/nsu-prozess-blog\/2014\/03\/14\/zschape-trug-eine-waffe-bei-sich-das-medienlog-vom-freitag-14-marz-2014\/"]}]},{"@type":"BreadcrumbList","@id":"https:\/\/blog.zeit.de\/nsu-prozess-blog\/2014\/03\/14\/zschape-trug-eine-waffe-bei-sich-das-medienlog-vom-freitag-14-marz-2014\/#breadcrumb","itemListElement":[{"@type":"ListItem","position":1,"name":"Startseite","item":"https:\/\/blog.zeit.de\/nsu-prozess-blog\/"},{"@type":"ListItem","position":2,"name":"Zsch\u00e4pe trug eine Waffe bei sich \u2013 Das Medienlog vom Freitag, 14. M\u00e4rz 2014"}]},{"@type":"WebSite","@id":"https:\/\/blog.zeit.de\/nsu-prozess-blog\/#website","url":"https:\/\/blog.zeit.de\/nsu-prozess-blog\/","name":"Das NSU-Prozess-Blog","description":"Alle Berichte zum Terrorverfahren in M\u00fcnchen","potentialAction":[{"@type":"SearchAction","target":{"@type":"EntryPoint","urlTemplate":"https:\/\/blog.zeit.de\/nsu-prozess-blog\/?s={search_term_string}"},"query-input":"required name=search_term_string"}],"inLanguage":"de"},{"@type":"Person","@id":"https:\/\/blog.zeit.de\/nsu-prozess-blog\/#\/schema\/person\/553ea9bb5d1fc2ae054c589bd59380a5","name":"Tom Sundermann","image":{"@type":"ImageObject","inLanguage":"de","@id":"https:\/\/blog.zeit.de\/nsu-prozess-blog\/#\/schema\/person\/image\/","url":"https:\/\/secure.gravatar.com\/avatar\/e108a3dc18766f719b2f797dc5d19093f06a1870c55b553ab6b7563f1f9a5e68?s=96&d=mm&r=g","contentUrl":"https:\/\/secure.gravatar.com\/avatar\/e108a3dc18766f719b2f797dc5d19093f06a1870c55b553ab6b7563f1f9a5e68?s=96&d=mm&r=g","caption":"Tom Sundermann"},"sameAs":["https:\/\/twitter.com\/messeticker"],"url":"https:\/\/blog.zeit.de\/nsu-prozess-blog\/author\/tsundermann\/"}]}},"jetpack_featured_media_url":"","jetpack_sharing_enabled":true,"_links":{"self":[{"href":"https:\/\/blog.zeit.de\/nsu-prozess-blog\/wp-json\/wp\/v2\/posts\/6149","targetHints":{"allow":["GET"]}}],"collection":[{"href":"https:\/\/blog.zeit.de\/nsu-prozess-blog\/wp-json\/wp\/v2\/posts"}],"about":[{"href":"https:\/\/blog.zeit.de\/nsu-prozess-blog\/wp-json\/wp\/v2\/types\/post"}],"author":[{"embeddable":true,"href":"https:\/\/blog.zeit.de\/nsu-prozess-blog\/wp-json\/wp\/v2\/users\/435"}],"replies":[{"embeddable":true,"href":"https:\/\/blog.zeit.de\/nsu-prozess-blog\/wp-json\/wp\/v2\/comments?post=6149"}],"version-history":[{"count":12,"href":"https:\/\/blog.zeit.de\/nsu-prozess-blog\/wp-json\/wp\/v2\/posts\/6149\/revisions"}],"predecessor-version":[{"id":6160,"href":"https:\/\/blog.zeit.de\/nsu-prozess-blog\/wp-json\/wp\/v2\/posts\/6149\/revisions\/6160"}],"wp:attachment":[{"href":"https:\/\/blog.zeit.de\/nsu-prozess-blog\/wp-json\/wp\/v2\/media?parent=6149"}],"wp:term":[{"taxonomy":"category","embeddable":true,"href":"https:\/\/blog.zeit.de\/nsu-prozess-blog\/wp-json\/wp\/v2\/categories?post=6149"},{"taxonomy":"post_tag","embeddable":true,"href":"https:\/\/blog.zeit.de\/nsu-prozess-blog\/wp-json\/wp\/v2\/tags?post=6149"}],"curies":[{"name":"wp","href":"https:\/\/api.w.org\/{rel}","templated":true}]}}