{"id":6174,"date":"2014-03-17T09:37:55","date_gmt":"2014-03-17T08:37:55","guid":{"rendered":"http:\/\/blog.zeit.de\/nsu-prozess-blog\/?p=6174"},"modified":"2014-03-17T10:09:45","modified_gmt":"2014-03-17T09:09:45","slug":"nebenklager-mussen-um-akten-kampfen-das-medienlog-vom-montag-17-marz-2014","status":"publish","type":"post","link":"https:\/\/blog.zeit.de\/nsu-prozess-blog\/2014\/03\/17\/nebenklager-mussen-um-akten-kampfen-das-medienlog-vom-montag-17-marz-2014\/","title":{"rendered":"Nebenkl\u00e4ger m\u00fcssen um Akten k\u00e4mpfen \u2013 Das Medienlog vom Montag, 17. M\u00e4rz 2014"},"content":{"rendered":"<p>93 Verhandlungstage sind im NSU-Prozess vergangen \u2013 in dieser Zeit haben Gericht und Ankl\u00e4ger l\u00e4ngst den Willen zur Aufkl\u00e4rung der Mordserie verloren, behaupten Vertreter der Nebenklage. 33 von ihnen hatten Mitte Februar einen <a href=\"https:\/\/blog.zeit.de\/nsu-prozess-blog\/2014\/02\/18\/medienlog-nebenklage-bundesanwaltschaft\/\">Brandbrief ver\u00f6ffentlicht<\/a>, nun erhebt der Anwalt Sebastian Scharmer in der <a href=\"http:\/\/www.taz.de\/NSU-Prozess-in-Muenchen\/!134869\/\" target=\"_blank\"><em>taz<\/em><\/a> erneut Vorw\u00fcrfe gegen die staatlichen Juristen: &#8222;Wir m\u00fcssen uns inzwischen jeden neuen Aktenfetzen, jedes Papier erstreiten&#8220;, zitiert ihn die Zeitung. Die Bundesanwaltschaft arbeite mit Scheuklappen, um das Verfahren rasch abzuschlie\u00dfen.<\/p>\n<p>Gr\u00f6\u00dfter Streitpunkt ist der Fall des ehemaligen Verfassungssch\u00fctzers <a href=\"https:\/\/blog.zeit.de\/nsu-prozess-blog\/2014\/03\/12\/neue-ratsel-im-fall-andreas-t-das-medienlog-vom-mittwoch-12-marz-2014\/\">Andreas T.<\/a> Dessen Ermittlungsakte wurde nicht dem Prozess beigezogen und kann nur in Karlsruhe eingesehen werden, weil sie als nicht verfahrensrelevant gilt. Das sehen die Nebenkl\u00e4ger anders. Scharmer bezeichnet den Umgang mit der Akte als &#8222;Arbeit im Ausnahmezustand&#8220;. Den Wunsch nach mehr Aufkl\u00e4rung k\u00f6nnte nur Richter Manfred G\u00f6tzl erf\u00fcllen. Falls nicht, k\u00f6nne es passieren, dass &#8222;die Sache hier noch eskaliert&#8220;.<\/p>\n<p><em>An jedem Werktag sichten wir f\u00fcr das NSU-Prozess-Blog die Medien und stellen wichtige Berichte, Blogs, Videos und Tweets zusammen. Wir freuen uns \u00fcber Hinweise via Twitter mit dem Hashtag #nsublog \u2013 oder per E-Mail an <a href=\"mailto:nsublog@zeit.de\">nsublog@zeit.de<\/a>.<\/em><\/p>\n<p><em>Das n\u00e4chste Medienlog erscheint am Dienstag, 18. M\u00e4rz 2014.<\/em><\/p>\n","protected":false},"excerpt":{"rendered":"<p>93 Verhandlungstage sind im NSU-Prozess vergangen \u2013 in dieser Zeit haben Gericht und Ankl\u00e4ger l\u00e4ngst den Willen zur Aufkl\u00e4rung der Mordserie verloren, behaupten Vertreter der Nebenklage. 33 von ihnen hatten Mitte Februar einen Brandbrief ver\u00f6ffentlicht, nun erhebt der Anwalt Sebastian Scharmer in der taz erneut Vorw\u00fcrfe gegen die staatlichen Juristen: &#8222;Wir m\u00fcssen uns inzwischen jeden [&hellip;]<\/p>\n","protected":false},"author":435,"featured_media":0,"comment_status":"open","ping_status":"open","sticky":false,"template":"","format":"standard","meta":{"_jetpack_memberships_contains_paid_content":false,"footnotes":""},"categories":[27531],"tags":[29495,27559,27593],"class_list":["post-6174","post","type-post","status-publish","format-standard","hentry","category-medienschau","tag-bundesanwaltschaft","tag-manfred-gotzl","tag-nebenklager"],"yoast_head":"<!-- This site is optimized with the Yoast SEO plugin v21.0 - https:\/\/yoast.com\/wordpress\/plugins\/seo\/ -->\n<title>Nebenkl\u00e4ger m\u00fcssen um Akten k\u00e4mpfen \u2013 Das Medienlog vom Montag, 17. M\u00e4rz 2014 - Das NSU-Prozess-Blog<\/title>\n<meta name=\"robots\" content=\"index, follow, max-snippet:-1, max-image-preview:large, max-video-preview:-1\" \/>\n<link rel=\"canonical\" href=\"https:\/\/blog.zeit.de\/nsu-prozess-blog\/2014\/03\/17\/nebenklager-mussen-um-akten-kampfen-das-medienlog-vom-montag-17-marz-2014\/\" \/>\n<meta property=\"og:locale\" content=\"de_DE\" \/>\n<meta property=\"og:type\" content=\"article\" \/>\n<meta property=\"og:title\" content=\"Nebenkl\u00e4ger m\u00fcssen um Akten k\u00e4mpfen \u2013 Das Medienlog vom Montag, 17. M\u00e4rz 2014 - Das NSU-Prozess-Blog\" \/>\n<meta property=\"og:description\" content=\"93 Verhandlungstage sind im NSU-Prozess vergangen \u2013 in dieser Zeit haben Gericht und Ankl\u00e4ger l\u00e4ngst den Willen zur Aufkl\u00e4rung der Mordserie verloren, behaupten Vertreter der Nebenklage. 33 von ihnen hatten Mitte Februar einen Brandbrief ver\u00f6ffentlicht, nun erhebt der Anwalt Sebastian Scharmer in der taz erneut Vorw\u00fcrfe gegen die staatlichen Juristen: &#8222;Wir m\u00fcssen uns inzwischen jeden [&hellip;]\" \/>\n<meta property=\"og:url\" content=\"https:\/\/blog.zeit.de\/nsu-prozess-blog\/2014\/03\/17\/nebenklager-mussen-um-akten-kampfen-das-medienlog-vom-montag-17-marz-2014\/\" \/>\n<meta property=\"og:site_name\" content=\"Das NSU-Prozess-Blog\" \/>\n<meta property=\"article:published_time\" content=\"2014-03-17T08:37:55+00:00\" \/>\n<meta property=\"article:modified_time\" content=\"2014-03-17T09:09:45+00:00\" \/>\n<meta name=\"author\" content=\"Tom Sundermann\" \/>\n<meta name=\"twitter:label1\" content=\"Geschrieben von\" \/>\n\t<meta name=\"twitter:data1\" content=\"Tom Sundermann\" \/>\n\t<meta name=\"twitter:label2\" content=\"Gesch\u00e4tzte Lesezeit\" \/>\n\t<meta name=\"twitter:data2\" content=\"1\u00a0Minute\" \/>\n<script type=\"application\/ld+json\" class=\"yoast-schema-graph\">{\"@context\":\"https:\/\/schema.org\",\"@graph\":[{\"@type\":\"WebPage\",\"@id\":\"https:\/\/blog.zeit.de\/nsu-prozess-blog\/2014\/03\/17\/nebenklager-mussen-um-akten-kampfen-das-medienlog-vom-montag-17-marz-2014\/\",\"url\":\"https:\/\/blog.zeit.de\/nsu-prozess-blog\/2014\/03\/17\/nebenklager-mussen-um-akten-kampfen-das-medienlog-vom-montag-17-marz-2014\/\",\"name\":\"Nebenkl\u00e4ger m\u00fcssen um Akten k\u00e4mpfen \u2013 Das Medienlog vom Montag, 17. M\u00e4rz 2014 - Das NSU-Prozess-Blog\",\"isPartOf\":{\"@id\":\"https:\/\/blog.zeit.de\/nsu-prozess-blog\/#website\"},\"datePublished\":\"2014-03-17T08:37:55+00:00\",\"dateModified\":\"2014-03-17T09:09:45+00:00\",\"author\":{\"@id\":\"https:\/\/blog.zeit.de\/nsu-prozess-blog\/#\/schema\/person\/553ea9bb5d1fc2ae054c589bd59380a5\"},\"breadcrumb\":{\"@id\":\"https:\/\/blog.zeit.de\/nsu-prozess-blog\/2014\/03\/17\/nebenklager-mussen-um-akten-kampfen-das-medienlog-vom-montag-17-marz-2014\/#breadcrumb\"},\"inLanguage\":\"de\",\"potentialAction\":[{\"@type\":\"ReadAction\",\"target\":[\"https:\/\/blog.zeit.de\/nsu-prozess-blog\/2014\/03\/17\/nebenklager-mussen-um-akten-kampfen-das-medienlog-vom-montag-17-marz-2014\/\"]}]},{\"@type\":\"BreadcrumbList\",\"@id\":\"https:\/\/blog.zeit.de\/nsu-prozess-blog\/2014\/03\/17\/nebenklager-mussen-um-akten-kampfen-das-medienlog-vom-montag-17-marz-2014\/#breadcrumb\",\"itemListElement\":[{\"@type\":\"ListItem\",\"position\":1,\"name\":\"Startseite\",\"item\":\"https:\/\/blog.zeit.de\/nsu-prozess-blog\/\"},{\"@type\":\"ListItem\",\"position\":2,\"name\":\"Nebenkl\u00e4ger m\u00fcssen um Akten k\u00e4mpfen \u2013 Das Medienlog vom Montag, 17. M\u00e4rz 2014\"}]},{\"@type\":\"WebSite\",\"@id\":\"https:\/\/blog.zeit.de\/nsu-prozess-blog\/#website\",\"url\":\"https:\/\/blog.zeit.de\/nsu-prozess-blog\/\",\"name\":\"Das NSU-Prozess-Blog\",\"description\":\"Alle Berichte zum Terrorverfahren in M\u00fcnchen\",\"potentialAction\":[{\"@type\":\"SearchAction\",\"target\":{\"@type\":\"EntryPoint\",\"urlTemplate\":\"https:\/\/blog.zeit.de\/nsu-prozess-blog\/?s={search_term_string}\"},\"query-input\":\"required name=search_term_string\"}],\"inLanguage\":\"de\"},{\"@type\":\"Person\",\"@id\":\"https:\/\/blog.zeit.de\/nsu-prozess-blog\/#\/schema\/person\/553ea9bb5d1fc2ae054c589bd59380a5\",\"name\":\"Tom Sundermann\",\"image\":{\"@type\":\"ImageObject\",\"inLanguage\":\"de\",\"@id\":\"https:\/\/blog.zeit.de\/nsu-prozess-blog\/#\/schema\/person\/image\/\",\"url\":\"https:\/\/secure.gravatar.com\/avatar\/e108a3dc18766f719b2f797dc5d19093f06a1870c55b553ab6b7563f1f9a5e68?s=96&d=mm&r=g\",\"contentUrl\":\"https:\/\/secure.gravatar.com\/avatar\/e108a3dc18766f719b2f797dc5d19093f06a1870c55b553ab6b7563f1f9a5e68?s=96&d=mm&r=g\",\"caption\":\"Tom Sundermann\"},\"sameAs\":[\"https:\/\/twitter.com\/messeticker\"],\"url\":\"https:\/\/blog.zeit.de\/nsu-prozess-blog\/author\/tsundermann\/\"}]}<\/script>\n<!-- \/ Yoast SEO plugin. -->","yoast_head_json":{"title":"Nebenkl\u00e4ger m\u00fcssen um Akten k\u00e4mpfen \u2013 Das Medienlog vom Montag, 17. M\u00e4rz 2014 - Das NSU-Prozess-Blog","robots":{"index":"index","follow":"follow","max-snippet":"max-snippet:-1","max-image-preview":"max-image-preview:large","max-video-preview":"max-video-preview:-1"},"canonical":"https:\/\/blog.zeit.de\/nsu-prozess-blog\/2014\/03\/17\/nebenklager-mussen-um-akten-kampfen-das-medienlog-vom-montag-17-marz-2014\/","og_locale":"de_DE","og_type":"article","og_title":"Nebenkl\u00e4ger m\u00fcssen um Akten k\u00e4mpfen \u2013 Das Medienlog vom Montag, 17. M\u00e4rz 2014 - Das NSU-Prozess-Blog","og_description":"93 Verhandlungstage sind im NSU-Prozess vergangen \u2013 in dieser Zeit haben Gericht und Ankl\u00e4ger l\u00e4ngst den Willen zur Aufkl\u00e4rung der Mordserie verloren, behaupten Vertreter der Nebenklage. 33 von ihnen hatten Mitte Februar einen Brandbrief ver\u00f6ffentlicht, nun erhebt der Anwalt Sebastian Scharmer in der taz erneut Vorw\u00fcrfe gegen die staatlichen Juristen: &#8222;Wir m\u00fcssen uns inzwischen jeden [&hellip;]","og_url":"https:\/\/blog.zeit.de\/nsu-prozess-blog\/2014\/03\/17\/nebenklager-mussen-um-akten-kampfen-das-medienlog-vom-montag-17-marz-2014\/","og_site_name":"Das NSU-Prozess-Blog","article_published_time":"2014-03-17T08:37:55+00:00","article_modified_time":"2014-03-17T09:09:45+00:00","author":"Tom Sundermann","twitter_misc":{"Geschrieben von":"Tom Sundermann","Gesch\u00e4tzte Lesezeit":"1\u00a0Minute"},"schema":{"@context":"https:\/\/schema.org","@graph":[{"@type":"WebPage","@id":"https:\/\/blog.zeit.de\/nsu-prozess-blog\/2014\/03\/17\/nebenklager-mussen-um-akten-kampfen-das-medienlog-vom-montag-17-marz-2014\/","url":"https:\/\/blog.zeit.de\/nsu-prozess-blog\/2014\/03\/17\/nebenklager-mussen-um-akten-kampfen-das-medienlog-vom-montag-17-marz-2014\/","name":"Nebenkl\u00e4ger m\u00fcssen um Akten k\u00e4mpfen \u2013 Das Medienlog vom Montag, 17. M\u00e4rz 2014 - Das NSU-Prozess-Blog","isPartOf":{"@id":"https:\/\/blog.zeit.de\/nsu-prozess-blog\/#website"},"datePublished":"2014-03-17T08:37:55+00:00","dateModified":"2014-03-17T09:09:45+00:00","author":{"@id":"https:\/\/blog.zeit.de\/nsu-prozess-blog\/#\/schema\/person\/553ea9bb5d1fc2ae054c589bd59380a5"},"breadcrumb":{"@id":"https:\/\/blog.zeit.de\/nsu-prozess-blog\/2014\/03\/17\/nebenklager-mussen-um-akten-kampfen-das-medienlog-vom-montag-17-marz-2014\/#breadcrumb"},"inLanguage":"de","potentialAction":[{"@type":"ReadAction","target":["https:\/\/blog.zeit.de\/nsu-prozess-blog\/2014\/03\/17\/nebenklager-mussen-um-akten-kampfen-das-medienlog-vom-montag-17-marz-2014\/"]}]},{"@type":"BreadcrumbList","@id":"https:\/\/blog.zeit.de\/nsu-prozess-blog\/2014\/03\/17\/nebenklager-mussen-um-akten-kampfen-das-medienlog-vom-montag-17-marz-2014\/#breadcrumb","itemListElement":[{"@type":"ListItem","position":1,"name":"Startseite","item":"https:\/\/blog.zeit.de\/nsu-prozess-blog\/"},{"@type":"ListItem","position":2,"name":"Nebenkl\u00e4ger m\u00fcssen um Akten k\u00e4mpfen \u2013 Das Medienlog vom Montag, 17. M\u00e4rz 2014"}]},{"@type":"WebSite","@id":"https:\/\/blog.zeit.de\/nsu-prozess-blog\/#website","url":"https:\/\/blog.zeit.de\/nsu-prozess-blog\/","name":"Das NSU-Prozess-Blog","description":"Alle Berichte zum Terrorverfahren in M\u00fcnchen","potentialAction":[{"@type":"SearchAction","target":{"@type":"EntryPoint","urlTemplate":"https:\/\/blog.zeit.de\/nsu-prozess-blog\/?s={search_term_string}"},"query-input":"required name=search_term_string"}],"inLanguage":"de"},{"@type":"Person","@id":"https:\/\/blog.zeit.de\/nsu-prozess-blog\/#\/schema\/person\/553ea9bb5d1fc2ae054c589bd59380a5","name":"Tom Sundermann","image":{"@type":"ImageObject","inLanguage":"de","@id":"https:\/\/blog.zeit.de\/nsu-prozess-blog\/#\/schema\/person\/image\/","url":"https:\/\/secure.gravatar.com\/avatar\/e108a3dc18766f719b2f797dc5d19093f06a1870c55b553ab6b7563f1f9a5e68?s=96&d=mm&r=g","contentUrl":"https:\/\/secure.gravatar.com\/avatar\/e108a3dc18766f719b2f797dc5d19093f06a1870c55b553ab6b7563f1f9a5e68?s=96&d=mm&r=g","caption":"Tom Sundermann"},"sameAs":["https:\/\/twitter.com\/messeticker"],"url":"https:\/\/blog.zeit.de\/nsu-prozess-blog\/author\/tsundermann\/"}]}},"jetpack_featured_media_url":"","jetpack_sharing_enabled":true,"_links":{"self":[{"href":"https:\/\/blog.zeit.de\/nsu-prozess-blog\/wp-json\/wp\/v2\/posts\/6174","targetHints":{"allow":["GET"]}}],"collection":[{"href":"https:\/\/blog.zeit.de\/nsu-prozess-blog\/wp-json\/wp\/v2\/posts"}],"about":[{"href":"https:\/\/blog.zeit.de\/nsu-prozess-blog\/wp-json\/wp\/v2\/types\/post"}],"author":[{"embeddable":true,"href":"https:\/\/blog.zeit.de\/nsu-prozess-blog\/wp-json\/wp\/v2\/users\/435"}],"replies":[{"embeddable":true,"href":"https:\/\/blog.zeit.de\/nsu-prozess-blog\/wp-json\/wp\/v2\/comments?post=6174"}],"version-history":[{"count":6,"href":"https:\/\/blog.zeit.de\/nsu-prozess-blog\/wp-json\/wp\/v2\/posts\/6174\/revisions"}],"predecessor-version":[{"id":6179,"href":"https:\/\/blog.zeit.de\/nsu-prozess-blog\/wp-json\/wp\/v2\/posts\/6174\/revisions\/6179"}],"wp:attachment":[{"href":"https:\/\/blog.zeit.de\/nsu-prozess-blog\/wp-json\/wp\/v2\/media?parent=6174"}],"wp:term":[{"taxonomy":"category","embeddable":true,"href":"https:\/\/blog.zeit.de\/nsu-prozess-blog\/wp-json\/wp\/v2\/categories?post=6174"},{"taxonomy":"post_tag","embeddable":true,"href":"https:\/\/blog.zeit.de\/nsu-prozess-blog\/wp-json\/wp\/v2\/tags?post=6174"}],"curies":[{"name":"wp","href":"https:\/\/api.w.org\/{rel}","templated":true}]}}