{"id":6224,"date":"2014-03-21T08:23:57","date_gmt":"2014-03-21T07:23:57","guid":{"rendered":"http:\/\/blog.zeit.de\/nsu-prozess-blog\/?p=6224"},"modified":"2014-03-21T09:09:04","modified_gmt":"2014-03-21T08:09:04","slug":"medienlog-andre-k-nebenklage","status":"publish","type":"post","link":"https:\/\/blog.zeit.de\/nsu-prozess-blog\/2014\/03\/21\/medienlog-andre-k-nebenklage\/","title":{"rendered":"Andr\u00e9 K. provoziert im Gericht \u2013 Das Medienlog vom Freitag, 21. M\u00e4rz 2014"},"content":{"rendered":"<p>Zum dritten Mal ist der Jenaer Zeuge Andr\u00e9 K. am Donnerstag vor Gericht erschienen \u2013 und machte dabei unmissverst\u00e4ndlich klar, dass er die \u00dcberzeugungen der rechten Szene weiterhin teilt. Nebenkl\u00e4ger lasen ihm aus dem Manifest des Th\u00fcringer Heimatschutzes vor, in dem neben ihm auch Beate Zsch\u00e4pe, Uwe Mundlos und Uwe B\u00f6hnhardt organisiert waren: &#8222;Die Errichtung einer multikulturellen Gesellschaft ist eines der gr\u00f6\u00dften Verbrechen, was an der Menschheit ver\u00fcbt wurde und wird.&#8220; K. antwortete: &#8222;Was ist daran falsch?&#8220; Die Einstellung des Zeugen &#8222;ist nicht verj\u00e4hrt, die scheint frisch zu sein wie eh und je&#8220;, schreibt Annette Ramelsberger in der <a href=\"http:\/\/www.sueddeutsche.de\/politik\/aussage-im-nsu-prozess-auf-so-einen-quatsch-habe-ich-jetzt-keine-lust-1.1918162\" target=\"_blank\"><em>S\u00fcddeutschen Zeitung<\/em><\/a>.<\/p>\n<p><!--more--><\/p>\n<p><em>An jedem Werktag sichten wir f\u00fcr das NSU-Prozess-Blog die Medien und stellen wichtige Berichte, Blogs, Videos und Tweets zusammen. Wir freuen uns \u00fcber Hinweise via Twitter mit dem Hashtag #nsublog \u2013 oder per E-Mail an <a href=\"mailto:nsublog@zeit.de\">nsublog@zeit.de<\/a>.<\/em><\/p>\n<p>K. wird verd\u00e4chtigt, den NSU nach dessen Untertauchen im Jahr 1998 unterst\u00fctzt und gef\u00e4lschte P\u00e4sse gekauft zu haben. Die Prozessbeobachter sind sich einig, dass sich K.&#8217;s Meinung in all den Jahren nicht ge\u00e4ndert hat. Der Zeuge k\u00f6nne &#8222;sich kaum an die NSU-Terroristen erinnern, aber er hat nicht vergessen, wo er steht: weit rechts&#8220;, analysiert die t\u00fcrkische Zeitung <a href=\"http:\/\/sabah.de\/de\/nsu-prozess-rassist-machte-urlaub-der-tuerkei\/\" target=\"_blank\"><em>Sabah<\/em><\/a>. Er unternehme &#8222;nichts, um sich von damals zu distanzieren&#8220;, berichtet Ramelsberger.<\/p>\n<p>Gefragt wurde K. auch nach einem Interview mit einer rechtsgerichteten Zeitung, in der er die NSU-Taten mit den Worten kommentierte, &#8222;da erschie\u00dfe ich doch keine unschuldigen Gem\u00fcseh\u00e4ndler, da erschie\u00dfe ich doch eher Presseleute, Staatsanw\u00e4lte, Richter und Politiker&#8220;. Auch von diesem Zitat r\u00fcckte K. in der Verhandlung nicht ab, sondern empfahl, &#8222;nach der Logik der RAF dem \u00dcbel an die Wurzel zu gehen&#8220;. &#8222;So etwas sagt dieser Mann im Gerichtssaal und niemand geht dazwischen&#8220;, schreibt die Autorin.<\/p>\n<p>Frank Jansen spricht im <a href=\"http:\/\/www.tagesspiegel.de\/politik\/nsu-prozess-tag-96-harte-parolen-aber-keine-kritik\/9644666.html\" target=\"_blank\"><em>Tagesspiegel<\/em><\/a> angesichts der \u00c4u\u00dferungen von einem &#8222;Tabubruch, der erstaunlicherweise hingenommen wird&#8220;. Der Autor mutma\u00dft, den Beteiligten habe schlicht die Energie gefehlt, K. das Forum f\u00fcr seine Parolen zu entziehen: &#8222;M\u00f6glicherweise waren Richter G\u00f6tzl und die Prozessparteien (&#8230;) zu ersch\u00f6pft, um den Mann in die Schranken zu weisen.&#8220; Der Vortag sei mit einem heftigen Konflikt zwischen Bundesanwaltschaft und Nebenkl\u00e4gern sehr anstrengend gewesen.<\/p>\n<p>Auch am Donnerstag blitzte das angespannte Verh\u00e4ltnis zwischen Anklage und Opfervertretern wieder auf, als Nebenkl\u00e4ger erkl\u00e4rten, dass Zeugen aus der rechten Szene offenbar keine Konsequenzen f\u00fcrchten m\u00fcssten, wie es in der <em>S\u00fcddeutschen<\/em> hei\u00dft. Gegen diesen Vorwurf setzte sich Bundesanwalt Herbert Diemer zur Wehr: &#8222;Die Unterstellung, dass ich nicht an der Aufkl\u00e4rung der Wahrheit interessiert w\u00e4re, weise ich als b\u00f6swillige Unterstellung auf das Sch\u00e4rfste zur\u00fcck.&#8220;<\/p>\n<p>Abzulesen ist daran, dass sich die Differenzen zwischen beiden Parteien k\u00fcnftig noch vergr\u00f6\u00dfern k\u00f6nnten. Die Erkl\u00e4rung hatten 28 Anw\u00e4lte unterschrieben. Darin hei\u00dft es in ungewohnter Sch\u00e4rfe, dass die Bundesanwaltschaft der Aufkl\u00e4rung des NSU-Umfelds &#8222;aktiv entgegentritt&#8220;, wie Claudia Wangerin in der <a href=\"http:\/\/www.jungewelt.de\/2014\/03-21\/014.php\" target=\"_blank\"><em>Jungen Welt<\/em><\/a> zitiert. Die Reibereien z\u00f6gen sich &#8222;wie ein roter Faden durch den Prozess&#8220;.<\/p>\n<p><em>Das n\u00e4chste Medienlog erscheint am Montag, 24. M\u00e4rz 2014.<\/em><\/p>\n","protected":false},"excerpt":{"rendered":"<p>Zum dritten Mal ist der Jenaer Zeuge Andr\u00e9 K. am Donnerstag vor Gericht erschienen \u2013 und machte dabei unmissverst\u00e4ndlich klar, dass er die \u00dcberzeugungen der rechten Szene weiterhin teilt. Nebenkl\u00e4ger lasen ihm aus dem Manifest des Th\u00fcringer Heimatschutzes vor, in dem neben ihm auch Beate Zsch\u00e4pe, Uwe Mundlos und Uwe B\u00f6hnhardt organisiert waren: &#8222;Die Errichtung [&hellip;]<\/p>\n","protected":false},"author":435,"featured_media":0,"comment_status":"open","ping_status":"open","sticky":false,"template":"","format":"standard","meta":{"_jetpack_memberships_contains_paid_content":false,"footnotes":""},"categories":[27531],"tags":[29463,29495,29426],"class_list":["post-6224","post","type-post","status-publish","format-standard","hentry","category-medienschau","tag-andre-k","tag-bundesanwaltschaft","tag-nebenklage"],"yoast_head":"<!-- This site is optimized with the Yoast SEO plugin v21.0 - https:\/\/yoast.com\/wordpress\/plugins\/seo\/ -->\n<title>Andr\u00e9 K. provoziert im Gericht \u2013 Das Medienlog vom Freitag, 21. M\u00e4rz 2014 - Das NSU-Prozess-Blog<\/title>\n<meta name=\"robots\" content=\"index, follow, max-snippet:-1, max-image-preview:large, max-video-preview:-1\" \/>\n<link rel=\"canonical\" href=\"https:\/\/blog.zeit.de\/nsu-prozess-blog\/2014\/03\/21\/medienlog-andre-k-nebenklage\/\" \/>\n<meta property=\"og:locale\" content=\"de_DE\" \/>\n<meta property=\"og:type\" content=\"article\" \/>\n<meta property=\"og:title\" content=\"Andr\u00e9 K. provoziert im Gericht \u2013 Das Medienlog vom Freitag, 21. M\u00e4rz 2014 - Das NSU-Prozess-Blog\" \/>\n<meta property=\"og:description\" content=\"Zum dritten Mal ist der Jenaer Zeuge Andr\u00e9 K. am Donnerstag vor Gericht erschienen \u2013 und machte dabei unmissverst\u00e4ndlich klar, dass er die \u00dcberzeugungen der rechten Szene weiterhin teilt. Nebenkl\u00e4ger lasen ihm aus dem Manifest des Th\u00fcringer Heimatschutzes vor, in dem neben ihm auch Beate Zsch\u00e4pe, Uwe Mundlos und Uwe B\u00f6hnhardt organisiert waren: &#8222;Die Errichtung [&hellip;]\" \/>\n<meta property=\"og:url\" content=\"https:\/\/blog.zeit.de\/nsu-prozess-blog\/2014\/03\/21\/medienlog-andre-k-nebenklage\/\" \/>\n<meta property=\"og:site_name\" content=\"Das NSU-Prozess-Blog\" \/>\n<meta property=\"article:published_time\" content=\"2014-03-21T07:23:57+00:00\" \/>\n<meta property=\"article:modified_time\" content=\"2014-03-21T08:09:04+00:00\" \/>\n<meta name=\"author\" content=\"Tom Sundermann\" \/>\n<meta name=\"twitter:label1\" content=\"Geschrieben von\" \/>\n\t<meta name=\"twitter:data1\" content=\"Tom Sundermann\" \/>\n\t<meta name=\"twitter:label2\" content=\"Gesch\u00e4tzte Lesezeit\" \/>\n\t<meta name=\"twitter:data2\" content=\"3\u00a0Minuten\" \/>\n<script type=\"application\/ld+json\" class=\"yoast-schema-graph\">{\"@context\":\"https:\/\/schema.org\",\"@graph\":[{\"@type\":\"WebPage\",\"@id\":\"https:\/\/blog.zeit.de\/nsu-prozess-blog\/2014\/03\/21\/medienlog-andre-k-nebenklage\/\",\"url\":\"https:\/\/blog.zeit.de\/nsu-prozess-blog\/2014\/03\/21\/medienlog-andre-k-nebenklage\/\",\"name\":\"Andr\u00e9 K. provoziert im Gericht \u2013 Das Medienlog vom Freitag, 21. M\u00e4rz 2014 - Das NSU-Prozess-Blog\",\"isPartOf\":{\"@id\":\"https:\/\/blog.zeit.de\/nsu-prozess-blog\/#website\"},\"datePublished\":\"2014-03-21T07:23:57+00:00\",\"dateModified\":\"2014-03-21T08:09:04+00:00\",\"author\":{\"@id\":\"https:\/\/blog.zeit.de\/nsu-prozess-blog\/#\/schema\/person\/553ea9bb5d1fc2ae054c589bd59380a5\"},\"breadcrumb\":{\"@id\":\"https:\/\/blog.zeit.de\/nsu-prozess-blog\/2014\/03\/21\/medienlog-andre-k-nebenklage\/#breadcrumb\"},\"inLanguage\":\"de\",\"potentialAction\":[{\"@type\":\"ReadAction\",\"target\":[\"https:\/\/blog.zeit.de\/nsu-prozess-blog\/2014\/03\/21\/medienlog-andre-k-nebenklage\/\"]}]},{\"@type\":\"BreadcrumbList\",\"@id\":\"https:\/\/blog.zeit.de\/nsu-prozess-blog\/2014\/03\/21\/medienlog-andre-k-nebenklage\/#breadcrumb\",\"itemListElement\":[{\"@type\":\"ListItem\",\"position\":1,\"name\":\"Startseite\",\"item\":\"https:\/\/blog.zeit.de\/nsu-prozess-blog\/\"},{\"@type\":\"ListItem\",\"position\":2,\"name\":\"Andr\u00e9 K. provoziert im Gericht \u2013 Das Medienlog vom Freitag, 21. M\u00e4rz 2014\"}]},{\"@type\":\"WebSite\",\"@id\":\"https:\/\/blog.zeit.de\/nsu-prozess-blog\/#website\",\"url\":\"https:\/\/blog.zeit.de\/nsu-prozess-blog\/\",\"name\":\"Das NSU-Prozess-Blog\",\"description\":\"Alle Berichte zum Terrorverfahren in M\u00fcnchen\",\"potentialAction\":[{\"@type\":\"SearchAction\",\"target\":{\"@type\":\"EntryPoint\",\"urlTemplate\":\"https:\/\/blog.zeit.de\/nsu-prozess-blog\/?s={search_term_string}\"},\"query-input\":\"required name=search_term_string\"}],\"inLanguage\":\"de\"},{\"@type\":\"Person\",\"@id\":\"https:\/\/blog.zeit.de\/nsu-prozess-blog\/#\/schema\/person\/553ea9bb5d1fc2ae054c589bd59380a5\",\"name\":\"Tom Sundermann\",\"image\":{\"@type\":\"ImageObject\",\"inLanguage\":\"de\",\"@id\":\"https:\/\/blog.zeit.de\/nsu-prozess-blog\/#\/schema\/person\/image\/\",\"url\":\"https:\/\/secure.gravatar.com\/avatar\/e108a3dc18766f719b2f797dc5d19093f06a1870c55b553ab6b7563f1f9a5e68?s=96&d=mm&r=g\",\"contentUrl\":\"https:\/\/secure.gravatar.com\/avatar\/e108a3dc18766f719b2f797dc5d19093f06a1870c55b553ab6b7563f1f9a5e68?s=96&d=mm&r=g\",\"caption\":\"Tom Sundermann\"},\"sameAs\":[\"https:\/\/twitter.com\/messeticker\"],\"url\":\"https:\/\/blog.zeit.de\/nsu-prozess-blog\/author\/tsundermann\/\"}]}<\/script>\n<!-- \/ Yoast SEO plugin. -->","yoast_head_json":{"title":"Andr\u00e9 K. provoziert im Gericht \u2013 Das Medienlog vom Freitag, 21. M\u00e4rz 2014 - Das NSU-Prozess-Blog","robots":{"index":"index","follow":"follow","max-snippet":"max-snippet:-1","max-image-preview":"max-image-preview:large","max-video-preview":"max-video-preview:-1"},"canonical":"https:\/\/blog.zeit.de\/nsu-prozess-blog\/2014\/03\/21\/medienlog-andre-k-nebenklage\/","og_locale":"de_DE","og_type":"article","og_title":"Andr\u00e9 K. provoziert im Gericht \u2013 Das Medienlog vom Freitag, 21. M\u00e4rz 2014 - Das NSU-Prozess-Blog","og_description":"Zum dritten Mal ist der Jenaer Zeuge Andr\u00e9 K. am Donnerstag vor Gericht erschienen \u2013 und machte dabei unmissverst\u00e4ndlich klar, dass er die \u00dcberzeugungen der rechten Szene weiterhin teilt. Nebenkl\u00e4ger lasen ihm aus dem Manifest des Th\u00fcringer Heimatschutzes vor, in dem neben ihm auch Beate Zsch\u00e4pe, Uwe Mundlos und Uwe B\u00f6hnhardt organisiert waren: &#8222;Die Errichtung [&hellip;]","og_url":"https:\/\/blog.zeit.de\/nsu-prozess-blog\/2014\/03\/21\/medienlog-andre-k-nebenklage\/","og_site_name":"Das NSU-Prozess-Blog","article_published_time":"2014-03-21T07:23:57+00:00","article_modified_time":"2014-03-21T08:09:04+00:00","author":"Tom Sundermann","twitter_misc":{"Geschrieben von":"Tom Sundermann","Gesch\u00e4tzte Lesezeit":"3\u00a0Minuten"},"schema":{"@context":"https:\/\/schema.org","@graph":[{"@type":"WebPage","@id":"https:\/\/blog.zeit.de\/nsu-prozess-blog\/2014\/03\/21\/medienlog-andre-k-nebenklage\/","url":"https:\/\/blog.zeit.de\/nsu-prozess-blog\/2014\/03\/21\/medienlog-andre-k-nebenklage\/","name":"Andr\u00e9 K. provoziert im Gericht \u2013 Das Medienlog vom Freitag, 21. M\u00e4rz 2014 - Das NSU-Prozess-Blog","isPartOf":{"@id":"https:\/\/blog.zeit.de\/nsu-prozess-blog\/#website"},"datePublished":"2014-03-21T07:23:57+00:00","dateModified":"2014-03-21T08:09:04+00:00","author":{"@id":"https:\/\/blog.zeit.de\/nsu-prozess-blog\/#\/schema\/person\/553ea9bb5d1fc2ae054c589bd59380a5"},"breadcrumb":{"@id":"https:\/\/blog.zeit.de\/nsu-prozess-blog\/2014\/03\/21\/medienlog-andre-k-nebenklage\/#breadcrumb"},"inLanguage":"de","potentialAction":[{"@type":"ReadAction","target":["https:\/\/blog.zeit.de\/nsu-prozess-blog\/2014\/03\/21\/medienlog-andre-k-nebenklage\/"]}]},{"@type":"BreadcrumbList","@id":"https:\/\/blog.zeit.de\/nsu-prozess-blog\/2014\/03\/21\/medienlog-andre-k-nebenklage\/#breadcrumb","itemListElement":[{"@type":"ListItem","position":1,"name":"Startseite","item":"https:\/\/blog.zeit.de\/nsu-prozess-blog\/"},{"@type":"ListItem","position":2,"name":"Andr\u00e9 K. provoziert im Gericht \u2013 Das Medienlog vom Freitag, 21. M\u00e4rz 2014"}]},{"@type":"WebSite","@id":"https:\/\/blog.zeit.de\/nsu-prozess-blog\/#website","url":"https:\/\/blog.zeit.de\/nsu-prozess-blog\/","name":"Das NSU-Prozess-Blog","description":"Alle Berichte zum Terrorverfahren in M\u00fcnchen","potentialAction":[{"@type":"SearchAction","target":{"@type":"EntryPoint","urlTemplate":"https:\/\/blog.zeit.de\/nsu-prozess-blog\/?s={search_term_string}"},"query-input":"required name=search_term_string"}],"inLanguage":"de"},{"@type":"Person","@id":"https:\/\/blog.zeit.de\/nsu-prozess-blog\/#\/schema\/person\/553ea9bb5d1fc2ae054c589bd59380a5","name":"Tom Sundermann","image":{"@type":"ImageObject","inLanguage":"de","@id":"https:\/\/blog.zeit.de\/nsu-prozess-blog\/#\/schema\/person\/image\/","url":"https:\/\/secure.gravatar.com\/avatar\/e108a3dc18766f719b2f797dc5d19093f06a1870c55b553ab6b7563f1f9a5e68?s=96&d=mm&r=g","contentUrl":"https:\/\/secure.gravatar.com\/avatar\/e108a3dc18766f719b2f797dc5d19093f06a1870c55b553ab6b7563f1f9a5e68?s=96&d=mm&r=g","caption":"Tom Sundermann"},"sameAs":["https:\/\/twitter.com\/messeticker"],"url":"https:\/\/blog.zeit.de\/nsu-prozess-blog\/author\/tsundermann\/"}]}},"jetpack_featured_media_url":"","jetpack_sharing_enabled":true,"_links":{"self":[{"href":"https:\/\/blog.zeit.de\/nsu-prozess-blog\/wp-json\/wp\/v2\/posts\/6224","targetHints":{"allow":["GET"]}}],"collection":[{"href":"https:\/\/blog.zeit.de\/nsu-prozess-blog\/wp-json\/wp\/v2\/posts"}],"about":[{"href":"https:\/\/blog.zeit.de\/nsu-prozess-blog\/wp-json\/wp\/v2\/types\/post"}],"author":[{"embeddable":true,"href":"https:\/\/blog.zeit.de\/nsu-prozess-blog\/wp-json\/wp\/v2\/users\/435"}],"replies":[{"embeddable":true,"href":"https:\/\/blog.zeit.de\/nsu-prozess-blog\/wp-json\/wp\/v2\/comments?post=6224"}],"version-history":[{"count":10,"href":"https:\/\/blog.zeit.de\/nsu-prozess-blog\/wp-json\/wp\/v2\/posts\/6224\/revisions"}],"predecessor-version":[{"id":6233,"href":"https:\/\/blog.zeit.de\/nsu-prozess-blog\/wp-json\/wp\/v2\/posts\/6224\/revisions\/6233"}],"wp:attachment":[{"href":"https:\/\/blog.zeit.de\/nsu-prozess-blog\/wp-json\/wp\/v2\/media?parent=6224"}],"wp:term":[{"taxonomy":"category","embeddable":true,"href":"https:\/\/blog.zeit.de\/nsu-prozess-blog\/wp-json\/wp\/v2\/categories?post=6224"},{"taxonomy":"post_tag","embeddable":true,"href":"https:\/\/blog.zeit.de\/nsu-prozess-blog\/wp-json\/wp\/v2\/tags?post=6224"}],"curies":[{"name":"wp","href":"https:\/\/api.w.org\/{rel}","templated":true}]}}