{"id":6235,"date":"2014-03-25T07:00:32","date_gmt":"2014-03-25T06:00:32","guid":{"rendered":"http:\/\/blog.zeit.de\/nsu-prozess-blog\/?p=6235"},"modified":"2014-03-26T09:25:19","modified_gmt":"2014-03-26T08:25:19","slug":"97-prozesstag-gericht-beschaftigt-sich-mit-schweigendem-zeugen","status":"publish","type":"post","link":"https:\/\/blog.zeit.de\/nsu-prozess-blog\/2014\/03\/25\/97-prozesstag-gericht-beschaftigt-sich-mit-schweigendem-zeugen\/","title":{"rendered":"97. Prozesstag \u2013 Gericht besch\u00e4ftigt sich mit schweigendem Zeugen"},"content":{"rendered":"<p>Max-Florian B. soll das NSU-Trio in seiner Wohnung untergebracht und Uwe Mundlos seinen Personalausweis \u00fcberlassen haben. Vor Gericht verweigerte der mutma\u00dfliche Unterst\u00fctzer im Februar <a href=\"https:\/\/blog.zeit.de\/nsu-prozess-blog\/2014\/02\/20\/ein-schweigender-zeuge-und-ein-vergesslicher-ermittler\/\">die Aussage<\/a>. Deswegen sagen am Dienstag zwei Polizisten aus, die B. w\u00e4hrend der Ermittlungen vernomen hatten. Dabei hatte der Zeuge die Unterst\u00fctzungshandlungen zugegeben.<\/p>\n<p>Im Anschluss werden zwei Postangestellte geh\u00f6rt, die Angaben zum Inhalt des Briefkastens machen, der zur letzten Wohnung des Trios in der Zwickauer Fr\u00fchlingsstra\u00dfe geh\u00f6rte.<\/p>\n<p><em>Informationen aus der Verhandlung gibt es <a href=\"https:\/\/twitter.com\/zeitonline\/lists\/nsu-prozess\">via Twitter hier<\/a>. Die Berichte dar\u00fcber fassen wir morgen im <a href=\"https:\/\/blog.zeit.de\/nsu-prozess-blog\/category\/medienschau\/\">NSU-Medienlog<\/a> zusammen.<\/em><\/p>\n","protected":false},"excerpt":{"rendered":"<p>Max-Florian B. soll das NSU-Trio in seiner Wohnung untergebracht und Uwe Mundlos seinen Personalausweis \u00fcberlassen haben. Vor Gericht verweigerte der mutma\u00dfliche Unterst\u00fctzer im Februar die Aussage. Deswegen sagen am Dienstag zwei Polizisten aus, die B. w\u00e4hrend der Ermittlungen vernomen hatten. Dabei hatte der Zeuge die Unterst\u00fctzungshandlungen zugegeben. Im Anschluss werden zwei Postangestellte geh\u00f6rt, die Angaben [&hellip;]<\/p>\n","protected":false},"author":435,"featured_media":0,"comment_status":"open","ping_status":"open","sticky":false,"template":"","format":"standard","meta":{"_jetpack_memberships_contains_paid_content":false,"footnotes":""},"categories":[27532],"tags":[29504],"class_list":["post-6235","post","type-post","status-publish","format-standard","hentry","category-prozesstage","tag-max-florian-b"],"yoast_head":"<!-- This site is optimized with the Yoast SEO plugin v21.0 - https:\/\/yoast.com\/wordpress\/plugins\/seo\/ -->\n<title>97. Prozesstag \u2013 Gericht besch\u00e4ftigt sich mit schweigendem Zeugen - Das NSU-Prozess-Blog<\/title>\n<meta name=\"robots\" content=\"index, follow, max-snippet:-1, max-image-preview:large, max-video-preview:-1\" \/>\n<link rel=\"canonical\" href=\"https:\/\/blog.zeit.de\/nsu-prozess-blog\/2014\/03\/25\/97-prozesstag-gericht-beschaftigt-sich-mit-schweigendem-zeugen\/\" \/>\n<meta property=\"og:locale\" content=\"de_DE\" \/>\n<meta property=\"og:type\" content=\"article\" \/>\n<meta property=\"og:title\" content=\"97. Prozesstag \u2013 Gericht besch\u00e4ftigt sich mit schweigendem Zeugen - Das NSU-Prozess-Blog\" \/>\n<meta property=\"og:description\" content=\"Max-Florian B. soll das NSU-Trio in seiner Wohnung untergebracht und Uwe Mundlos seinen Personalausweis \u00fcberlassen haben. Vor Gericht verweigerte der mutma\u00dfliche Unterst\u00fctzer im Februar die Aussage. Deswegen sagen am Dienstag zwei Polizisten aus, die B. w\u00e4hrend der Ermittlungen vernomen hatten. Dabei hatte der Zeuge die Unterst\u00fctzungshandlungen zugegeben. Im Anschluss werden zwei Postangestellte geh\u00f6rt, die Angaben [&hellip;]\" \/>\n<meta property=\"og:url\" content=\"https:\/\/blog.zeit.de\/nsu-prozess-blog\/2014\/03\/25\/97-prozesstag-gericht-beschaftigt-sich-mit-schweigendem-zeugen\/\" \/>\n<meta property=\"og:site_name\" content=\"Das NSU-Prozess-Blog\" \/>\n<meta property=\"article:published_time\" content=\"2014-03-25T06:00:32+00:00\" \/>\n<meta property=\"article:modified_time\" content=\"2014-03-26T08:25:19+00:00\" \/>\n<meta name=\"author\" content=\"Tom Sundermann\" \/>\n<meta name=\"twitter:label1\" content=\"Geschrieben von\" \/>\n\t<meta name=\"twitter:data1\" content=\"Tom Sundermann\" \/>\n<script type=\"application\/ld+json\" class=\"yoast-schema-graph\">{\"@context\":\"https:\/\/schema.org\",\"@graph\":[{\"@type\":\"WebPage\",\"@id\":\"https:\/\/blog.zeit.de\/nsu-prozess-blog\/2014\/03\/25\/97-prozesstag-gericht-beschaftigt-sich-mit-schweigendem-zeugen\/\",\"url\":\"https:\/\/blog.zeit.de\/nsu-prozess-blog\/2014\/03\/25\/97-prozesstag-gericht-beschaftigt-sich-mit-schweigendem-zeugen\/\",\"name\":\"97. Prozesstag \u2013 Gericht besch\u00e4ftigt sich mit schweigendem Zeugen - Das NSU-Prozess-Blog\",\"isPartOf\":{\"@id\":\"https:\/\/blog.zeit.de\/nsu-prozess-blog\/#website\"},\"datePublished\":\"2014-03-25T06:00:32+00:00\",\"dateModified\":\"2014-03-26T08:25:19+00:00\",\"author\":{\"@id\":\"https:\/\/blog.zeit.de\/nsu-prozess-blog\/#\/schema\/person\/553ea9bb5d1fc2ae054c589bd59380a5\"},\"breadcrumb\":{\"@id\":\"https:\/\/blog.zeit.de\/nsu-prozess-blog\/2014\/03\/25\/97-prozesstag-gericht-beschaftigt-sich-mit-schweigendem-zeugen\/#breadcrumb\"},\"inLanguage\":\"de\",\"potentialAction\":[{\"@type\":\"ReadAction\",\"target\":[\"https:\/\/blog.zeit.de\/nsu-prozess-blog\/2014\/03\/25\/97-prozesstag-gericht-beschaftigt-sich-mit-schweigendem-zeugen\/\"]}]},{\"@type\":\"BreadcrumbList\",\"@id\":\"https:\/\/blog.zeit.de\/nsu-prozess-blog\/2014\/03\/25\/97-prozesstag-gericht-beschaftigt-sich-mit-schweigendem-zeugen\/#breadcrumb\",\"itemListElement\":[{\"@type\":\"ListItem\",\"position\":1,\"name\":\"Startseite\",\"item\":\"https:\/\/blog.zeit.de\/nsu-prozess-blog\/\"},{\"@type\":\"ListItem\",\"position\":2,\"name\":\"97. Prozesstag \u2013 Gericht besch\u00e4ftigt sich mit schweigendem Zeugen\"}]},{\"@type\":\"WebSite\",\"@id\":\"https:\/\/blog.zeit.de\/nsu-prozess-blog\/#website\",\"url\":\"https:\/\/blog.zeit.de\/nsu-prozess-blog\/\",\"name\":\"Das NSU-Prozess-Blog\",\"description\":\"Alle Berichte zum Terrorverfahren in M\u00fcnchen\",\"potentialAction\":[{\"@type\":\"SearchAction\",\"target\":{\"@type\":\"EntryPoint\",\"urlTemplate\":\"https:\/\/blog.zeit.de\/nsu-prozess-blog\/?s={search_term_string}\"},\"query-input\":\"required name=search_term_string\"}],\"inLanguage\":\"de\"},{\"@type\":\"Person\",\"@id\":\"https:\/\/blog.zeit.de\/nsu-prozess-blog\/#\/schema\/person\/553ea9bb5d1fc2ae054c589bd59380a5\",\"name\":\"Tom Sundermann\",\"image\":{\"@type\":\"ImageObject\",\"inLanguage\":\"de\",\"@id\":\"https:\/\/blog.zeit.de\/nsu-prozess-blog\/#\/schema\/person\/image\/\",\"url\":\"https:\/\/secure.gravatar.com\/avatar\/e108a3dc18766f719b2f797dc5d19093f06a1870c55b553ab6b7563f1f9a5e68?s=96&d=mm&r=g\",\"contentUrl\":\"https:\/\/secure.gravatar.com\/avatar\/e108a3dc18766f719b2f797dc5d19093f06a1870c55b553ab6b7563f1f9a5e68?s=96&d=mm&r=g\",\"caption\":\"Tom Sundermann\"},\"sameAs\":[\"https:\/\/twitter.com\/messeticker\"],\"url\":\"https:\/\/blog.zeit.de\/nsu-prozess-blog\/author\/tsundermann\/\"}]}<\/script>\n<!-- \/ Yoast SEO plugin. -->","yoast_head_json":{"title":"97. Prozesstag \u2013 Gericht besch\u00e4ftigt sich mit schweigendem Zeugen - Das NSU-Prozess-Blog","robots":{"index":"index","follow":"follow","max-snippet":"max-snippet:-1","max-image-preview":"max-image-preview:large","max-video-preview":"max-video-preview:-1"},"canonical":"https:\/\/blog.zeit.de\/nsu-prozess-blog\/2014\/03\/25\/97-prozesstag-gericht-beschaftigt-sich-mit-schweigendem-zeugen\/","og_locale":"de_DE","og_type":"article","og_title":"97. Prozesstag \u2013 Gericht besch\u00e4ftigt sich mit schweigendem Zeugen - Das NSU-Prozess-Blog","og_description":"Max-Florian B. soll das NSU-Trio in seiner Wohnung untergebracht und Uwe Mundlos seinen Personalausweis \u00fcberlassen haben. Vor Gericht verweigerte der mutma\u00dfliche Unterst\u00fctzer im Februar die Aussage. Deswegen sagen am Dienstag zwei Polizisten aus, die B. w\u00e4hrend der Ermittlungen vernomen hatten. Dabei hatte der Zeuge die Unterst\u00fctzungshandlungen zugegeben. Im Anschluss werden zwei Postangestellte geh\u00f6rt, die Angaben [&hellip;]","og_url":"https:\/\/blog.zeit.de\/nsu-prozess-blog\/2014\/03\/25\/97-prozesstag-gericht-beschaftigt-sich-mit-schweigendem-zeugen\/","og_site_name":"Das NSU-Prozess-Blog","article_published_time":"2014-03-25T06:00:32+00:00","article_modified_time":"2014-03-26T08:25:19+00:00","author":"Tom Sundermann","twitter_misc":{"Geschrieben von":"Tom Sundermann"},"schema":{"@context":"https:\/\/schema.org","@graph":[{"@type":"WebPage","@id":"https:\/\/blog.zeit.de\/nsu-prozess-blog\/2014\/03\/25\/97-prozesstag-gericht-beschaftigt-sich-mit-schweigendem-zeugen\/","url":"https:\/\/blog.zeit.de\/nsu-prozess-blog\/2014\/03\/25\/97-prozesstag-gericht-beschaftigt-sich-mit-schweigendem-zeugen\/","name":"97. Prozesstag \u2013 Gericht besch\u00e4ftigt sich mit schweigendem Zeugen - Das NSU-Prozess-Blog","isPartOf":{"@id":"https:\/\/blog.zeit.de\/nsu-prozess-blog\/#website"},"datePublished":"2014-03-25T06:00:32+00:00","dateModified":"2014-03-26T08:25:19+00:00","author":{"@id":"https:\/\/blog.zeit.de\/nsu-prozess-blog\/#\/schema\/person\/553ea9bb5d1fc2ae054c589bd59380a5"},"breadcrumb":{"@id":"https:\/\/blog.zeit.de\/nsu-prozess-blog\/2014\/03\/25\/97-prozesstag-gericht-beschaftigt-sich-mit-schweigendem-zeugen\/#breadcrumb"},"inLanguage":"de","potentialAction":[{"@type":"ReadAction","target":["https:\/\/blog.zeit.de\/nsu-prozess-blog\/2014\/03\/25\/97-prozesstag-gericht-beschaftigt-sich-mit-schweigendem-zeugen\/"]}]},{"@type":"BreadcrumbList","@id":"https:\/\/blog.zeit.de\/nsu-prozess-blog\/2014\/03\/25\/97-prozesstag-gericht-beschaftigt-sich-mit-schweigendem-zeugen\/#breadcrumb","itemListElement":[{"@type":"ListItem","position":1,"name":"Startseite","item":"https:\/\/blog.zeit.de\/nsu-prozess-blog\/"},{"@type":"ListItem","position":2,"name":"97. Prozesstag \u2013 Gericht besch\u00e4ftigt sich mit schweigendem Zeugen"}]},{"@type":"WebSite","@id":"https:\/\/blog.zeit.de\/nsu-prozess-blog\/#website","url":"https:\/\/blog.zeit.de\/nsu-prozess-blog\/","name":"Das NSU-Prozess-Blog","description":"Alle Berichte zum Terrorverfahren in M\u00fcnchen","potentialAction":[{"@type":"SearchAction","target":{"@type":"EntryPoint","urlTemplate":"https:\/\/blog.zeit.de\/nsu-prozess-blog\/?s={search_term_string}"},"query-input":"required name=search_term_string"}],"inLanguage":"de"},{"@type":"Person","@id":"https:\/\/blog.zeit.de\/nsu-prozess-blog\/#\/schema\/person\/553ea9bb5d1fc2ae054c589bd59380a5","name":"Tom Sundermann","image":{"@type":"ImageObject","inLanguage":"de","@id":"https:\/\/blog.zeit.de\/nsu-prozess-blog\/#\/schema\/person\/image\/","url":"https:\/\/secure.gravatar.com\/avatar\/e108a3dc18766f719b2f797dc5d19093f06a1870c55b553ab6b7563f1f9a5e68?s=96&d=mm&r=g","contentUrl":"https:\/\/secure.gravatar.com\/avatar\/e108a3dc18766f719b2f797dc5d19093f06a1870c55b553ab6b7563f1f9a5e68?s=96&d=mm&r=g","caption":"Tom Sundermann"},"sameAs":["https:\/\/twitter.com\/messeticker"],"url":"https:\/\/blog.zeit.de\/nsu-prozess-blog\/author\/tsundermann\/"}]}},"jetpack_featured_media_url":"","jetpack_sharing_enabled":true,"_links":{"self":[{"href":"https:\/\/blog.zeit.de\/nsu-prozess-blog\/wp-json\/wp\/v2\/posts\/6235","targetHints":{"allow":["GET"]}}],"collection":[{"href":"https:\/\/blog.zeit.de\/nsu-prozess-blog\/wp-json\/wp\/v2\/posts"}],"about":[{"href":"https:\/\/blog.zeit.de\/nsu-prozess-blog\/wp-json\/wp\/v2\/types\/post"}],"author":[{"embeddable":true,"href":"https:\/\/blog.zeit.de\/nsu-prozess-blog\/wp-json\/wp\/v2\/users\/435"}],"replies":[{"embeddable":true,"href":"https:\/\/blog.zeit.de\/nsu-prozess-blog\/wp-json\/wp\/v2\/comments?post=6235"}],"version-history":[{"count":4,"href":"https:\/\/blog.zeit.de\/nsu-prozess-blog\/wp-json\/wp\/v2\/posts\/6235\/revisions"}],"predecessor-version":[{"id":6268,"href":"https:\/\/blog.zeit.de\/nsu-prozess-blog\/wp-json\/wp\/v2\/posts\/6235\/revisions\/6268"}],"wp:attachment":[{"href":"https:\/\/blog.zeit.de\/nsu-prozess-blog\/wp-json\/wp\/v2\/media?parent=6235"}],"wp:term":[{"taxonomy":"category","embeddable":true,"href":"https:\/\/blog.zeit.de\/nsu-prozess-blog\/wp-json\/wp\/v2\/categories?post=6235"},{"taxonomy":"post_tag","embeddable":true,"href":"https:\/\/blog.zeit.de\/nsu-prozess-blog\/wp-json\/wp\/v2\/tags?post=6235"}],"curies":[{"name":"wp","href":"https:\/\/api.w.org\/{rel}","templated":true}]}}