{"id":6241,"date":"2014-03-27T07:00:07","date_gmt":"2014-03-27T06:00:07","guid":{"rendered":"http:\/\/blog.zeit.de\/nsu-prozess-blog\/?p=6241"},"modified":"2014-03-26T19:31:59","modified_gmt":"2014-03-26T18:31:59","slug":"99-prozesstag-v-mann-fuhrer-von-tino-brandt-im-zeugenstand","status":"publish","type":"post","link":"https:\/\/blog.zeit.de\/nsu-prozess-blog\/2014\/03\/27\/99-prozesstag-v-mann-fuhrer-von-tino-brandt-im-zeugenstand\/","title":{"rendered":"99. Prozesstag \u2013 V-Mann-F\u00fchrer von Tino Brandt im Zeugenstand"},"content":{"rendered":"<p>Tino Brandt ist einer der spannendsten Zeugen aus dem NSU-Umfeld: Er gr\u00fcndete den Th\u00fcringer Heimatschutz, ein rechtes Sammelbecken, in dem sich auch Beate Zsch\u00e4pe, Uwe Mundlos und Uwe B\u00f6hnhardt engagierten. Hinter dem R\u00fccken der Kameraden plauderte Brandt allerdings mit Mitarbeitern des Verfassungsschutzes und kassierte daf\u00fcr Geld. Brandts urspr\u00fcnglich geplante Vernehmung war Mitte Februar <a href=\"https:\/\/blog.zeit.de\/nsu-prozess-blog\/2014\/02\/12\/tino-brandt\/\">verschoben worden<\/a>, weil im Umfeld des Zeugen eine Krankheit aufgetreten sein soll. Vorerst h\u00f6rt das Gericht am Donnerstag deshalb zwei V-Mann-F\u00fchrer, die Brandt damals betreuten.<\/p>\n<p>Zudem muss erneut Juliane W. aussagen. Die Ex-Freundin von Ralf Wohlleben hatte <a href=\"https:\/\/blog.zeit.de\/nsu-prozess-blog\/2014\/03\/26\/die-naive-informantin\/\">am Vortag<\/a> mit Ged\u00e4chtnisl\u00fccken und unschl\u00fcssigen Angaben Verwirrung gestiftet.<\/p>\n<p><em>Informationen aus der Verhandlung gibt es <a href=\"https:\/\/twitter.com\/zeitonline\/lists\/nsu-prozess\">via Twitter hier<\/a>. Eine Zusammenfassung des Prozesstages ver\u00f6ffentlichen wir am Abend auf diesem Blog. Weitere Berichte fassen wir morgen im <a href=\"https:\/\/blog.zeit.de\/nsu-prozess-blog\/category\/medienschau\/\">NSU-Medienlog<\/a> zusammen.<\/em><\/p>\n","protected":false},"excerpt":{"rendered":"<p>Tino Brandt ist einer der spannendsten Zeugen aus dem NSU-Umfeld: Er gr\u00fcndete den Th\u00fcringer Heimatschutz, ein rechtes Sammelbecken, in dem sich auch Beate Zsch\u00e4pe, Uwe Mundlos und Uwe B\u00f6hnhardt engagierten. Hinter dem R\u00fccken der Kameraden plauderte Brandt allerdings mit Mitarbeitern des Verfassungsschutzes und kassierte daf\u00fcr Geld. Brandts urspr\u00fcnglich geplante Vernehmung war Mitte Februar verschoben worden, [&hellip;]<\/p>\n","protected":false},"author":435,"featured_media":0,"comment_status":"open","ping_status":"open","sticky":false,"template":"","format":"standard","meta":{"_jetpack_memberships_contains_paid_content":false,"footnotes":""},"categories":[27532],"tags":[],"class_list":["post-6241","post","type-post","status-publish","format-standard","hentry","category-prozesstage"],"yoast_head":"<!-- This site is optimized with the Yoast SEO plugin v21.0 - https:\/\/yoast.com\/wordpress\/plugins\/seo\/ -->\n<title>99. Prozesstag \u2013 V-Mann-F\u00fchrer von Tino Brandt im Zeugenstand - Das NSU-Prozess-Blog<\/title>\n<meta name=\"robots\" content=\"index, follow, max-snippet:-1, max-image-preview:large, max-video-preview:-1\" \/>\n<link rel=\"canonical\" href=\"https:\/\/blog.zeit.de\/nsu-prozess-blog\/2014\/03\/27\/99-prozesstag-v-mann-fuhrer-von-tino-brandt-im-zeugenstand\/\" \/>\n<meta property=\"og:locale\" content=\"de_DE\" \/>\n<meta property=\"og:type\" content=\"article\" \/>\n<meta property=\"og:title\" content=\"99. Prozesstag \u2013 V-Mann-F\u00fchrer von Tino Brandt im Zeugenstand - Das NSU-Prozess-Blog\" \/>\n<meta property=\"og:description\" content=\"Tino Brandt ist einer der spannendsten Zeugen aus dem NSU-Umfeld: Er gr\u00fcndete den Th\u00fcringer Heimatschutz, ein rechtes Sammelbecken, in dem sich auch Beate Zsch\u00e4pe, Uwe Mundlos und Uwe B\u00f6hnhardt engagierten. Hinter dem R\u00fccken der Kameraden plauderte Brandt allerdings mit Mitarbeitern des Verfassungsschutzes und kassierte daf\u00fcr Geld. Brandts urspr\u00fcnglich geplante Vernehmung war Mitte Februar verschoben worden, [&hellip;]\" \/>\n<meta property=\"og:url\" content=\"https:\/\/blog.zeit.de\/nsu-prozess-blog\/2014\/03\/27\/99-prozesstag-v-mann-fuhrer-von-tino-brandt-im-zeugenstand\/\" \/>\n<meta property=\"og:site_name\" content=\"Das NSU-Prozess-Blog\" \/>\n<meta property=\"article:published_time\" content=\"2014-03-27T06:00:07+00:00\" \/>\n<meta property=\"article:modified_time\" content=\"2014-03-26T18:31:59+00:00\" \/>\n<meta name=\"author\" content=\"Tom Sundermann\" \/>\n<meta name=\"twitter:label1\" content=\"Geschrieben von\" \/>\n\t<meta name=\"twitter:data1\" content=\"Tom Sundermann\" \/>\n\t<meta name=\"twitter:label2\" content=\"Gesch\u00e4tzte Lesezeit\" \/>\n\t<meta name=\"twitter:data2\" content=\"1\u00a0Minute\" \/>\n<script type=\"application\/ld+json\" class=\"yoast-schema-graph\">{\"@context\":\"https:\/\/schema.org\",\"@graph\":[{\"@type\":\"WebPage\",\"@id\":\"https:\/\/blog.zeit.de\/nsu-prozess-blog\/2014\/03\/27\/99-prozesstag-v-mann-fuhrer-von-tino-brandt-im-zeugenstand\/\",\"url\":\"https:\/\/blog.zeit.de\/nsu-prozess-blog\/2014\/03\/27\/99-prozesstag-v-mann-fuhrer-von-tino-brandt-im-zeugenstand\/\",\"name\":\"99. Prozesstag \u2013 V-Mann-F\u00fchrer von Tino Brandt im Zeugenstand - Das NSU-Prozess-Blog\",\"isPartOf\":{\"@id\":\"https:\/\/blog.zeit.de\/nsu-prozess-blog\/#website\"},\"datePublished\":\"2014-03-27T06:00:07+00:00\",\"dateModified\":\"2014-03-26T18:31:59+00:00\",\"author\":{\"@id\":\"https:\/\/blog.zeit.de\/nsu-prozess-blog\/#\/schema\/person\/553ea9bb5d1fc2ae054c589bd59380a5\"},\"breadcrumb\":{\"@id\":\"https:\/\/blog.zeit.de\/nsu-prozess-blog\/2014\/03\/27\/99-prozesstag-v-mann-fuhrer-von-tino-brandt-im-zeugenstand\/#breadcrumb\"},\"inLanguage\":\"de\",\"potentialAction\":[{\"@type\":\"ReadAction\",\"target\":[\"https:\/\/blog.zeit.de\/nsu-prozess-blog\/2014\/03\/27\/99-prozesstag-v-mann-fuhrer-von-tino-brandt-im-zeugenstand\/\"]}]},{\"@type\":\"BreadcrumbList\",\"@id\":\"https:\/\/blog.zeit.de\/nsu-prozess-blog\/2014\/03\/27\/99-prozesstag-v-mann-fuhrer-von-tino-brandt-im-zeugenstand\/#breadcrumb\",\"itemListElement\":[{\"@type\":\"ListItem\",\"position\":1,\"name\":\"Startseite\",\"item\":\"https:\/\/blog.zeit.de\/nsu-prozess-blog\/\"},{\"@type\":\"ListItem\",\"position\":2,\"name\":\"99. Prozesstag \u2013 V-Mann-F\u00fchrer von Tino Brandt im Zeugenstand\"}]},{\"@type\":\"WebSite\",\"@id\":\"https:\/\/blog.zeit.de\/nsu-prozess-blog\/#website\",\"url\":\"https:\/\/blog.zeit.de\/nsu-prozess-blog\/\",\"name\":\"Das NSU-Prozess-Blog\",\"description\":\"Alle Berichte zum Terrorverfahren in M\u00fcnchen\",\"potentialAction\":[{\"@type\":\"SearchAction\",\"target\":{\"@type\":\"EntryPoint\",\"urlTemplate\":\"https:\/\/blog.zeit.de\/nsu-prozess-blog\/?s={search_term_string}\"},\"query-input\":\"required name=search_term_string\"}],\"inLanguage\":\"de\"},{\"@type\":\"Person\",\"@id\":\"https:\/\/blog.zeit.de\/nsu-prozess-blog\/#\/schema\/person\/553ea9bb5d1fc2ae054c589bd59380a5\",\"name\":\"Tom Sundermann\",\"image\":{\"@type\":\"ImageObject\",\"inLanguage\":\"de\",\"@id\":\"https:\/\/blog.zeit.de\/nsu-prozess-blog\/#\/schema\/person\/image\/\",\"url\":\"https:\/\/secure.gravatar.com\/avatar\/e108a3dc18766f719b2f797dc5d19093f06a1870c55b553ab6b7563f1f9a5e68?s=96&d=mm&r=g\",\"contentUrl\":\"https:\/\/secure.gravatar.com\/avatar\/e108a3dc18766f719b2f797dc5d19093f06a1870c55b553ab6b7563f1f9a5e68?s=96&d=mm&r=g\",\"caption\":\"Tom Sundermann\"},\"sameAs\":[\"https:\/\/twitter.com\/messeticker\"],\"url\":\"https:\/\/blog.zeit.de\/nsu-prozess-blog\/author\/tsundermann\/\"}]}<\/script>\n<!-- \/ Yoast SEO plugin. -->","yoast_head_json":{"title":"99. Prozesstag \u2013 V-Mann-F\u00fchrer von Tino Brandt im Zeugenstand - Das NSU-Prozess-Blog","robots":{"index":"index","follow":"follow","max-snippet":"max-snippet:-1","max-image-preview":"max-image-preview:large","max-video-preview":"max-video-preview:-1"},"canonical":"https:\/\/blog.zeit.de\/nsu-prozess-blog\/2014\/03\/27\/99-prozesstag-v-mann-fuhrer-von-tino-brandt-im-zeugenstand\/","og_locale":"de_DE","og_type":"article","og_title":"99. Prozesstag \u2013 V-Mann-F\u00fchrer von Tino Brandt im Zeugenstand - Das NSU-Prozess-Blog","og_description":"Tino Brandt ist einer der spannendsten Zeugen aus dem NSU-Umfeld: Er gr\u00fcndete den Th\u00fcringer Heimatschutz, ein rechtes Sammelbecken, in dem sich auch Beate Zsch\u00e4pe, Uwe Mundlos und Uwe B\u00f6hnhardt engagierten. Hinter dem R\u00fccken der Kameraden plauderte Brandt allerdings mit Mitarbeitern des Verfassungsschutzes und kassierte daf\u00fcr Geld. Brandts urspr\u00fcnglich geplante Vernehmung war Mitte Februar verschoben worden, [&hellip;]","og_url":"https:\/\/blog.zeit.de\/nsu-prozess-blog\/2014\/03\/27\/99-prozesstag-v-mann-fuhrer-von-tino-brandt-im-zeugenstand\/","og_site_name":"Das NSU-Prozess-Blog","article_published_time":"2014-03-27T06:00:07+00:00","article_modified_time":"2014-03-26T18:31:59+00:00","author":"Tom Sundermann","twitter_misc":{"Geschrieben von":"Tom Sundermann","Gesch\u00e4tzte Lesezeit":"1\u00a0Minute"},"schema":{"@context":"https:\/\/schema.org","@graph":[{"@type":"WebPage","@id":"https:\/\/blog.zeit.de\/nsu-prozess-blog\/2014\/03\/27\/99-prozesstag-v-mann-fuhrer-von-tino-brandt-im-zeugenstand\/","url":"https:\/\/blog.zeit.de\/nsu-prozess-blog\/2014\/03\/27\/99-prozesstag-v-mann-fuhrer-von-tino-brandt-im-zeugenstand\/","name":"99. Prozesstag \u2013 V-Mann-F\u00fchrer von Tino Brandt im Zeugenstand - Das NSU-Prozess-Blog","isPartOf":{"@id":"https:\/\/blog.zeit.de\/nsu-prozess-blog\/#website"},"datePublished":"2014-03-27T06:00:07+00:00","dateModified":"2014-03-26T18:31:59+00:00","author":{"@id":"https:\/\/blog.zeit.de\/nsu-prozess-blog\/#\/schema\/person\/553ea9bb5d1fc2ae054c589bd59380a5"},"breadcrumb":{"@id":"https:\/\/blog.zeit.de\/nsu-prozess-blog\/2014\/03\/27\/99-prozesstag-v-mann-fuhrer-von-tino-brandt-im-zeugenstand\/#breadcrumb"},"inLanguage":"de","potentialAction":[{"@type":"ReadAction","target":["https:\/\/blog.zeit.de\/nsu-prozess-blog\/2014\/03\/27\/99-prozesstag-v-mann-fuhrer-von-tino-brandt-im-zeugenstand\/"]}]},{"@type":"BreadcrumbList","@id":"https:\/\/blog.zeit.de\/nsu-prozess-blog\/2014\/03\/27\/99-prozesstag-v-mann-fuhrer-von-tino-brandt-im-zeugenstand\/#breadcrumb","itemListElement":[{"@type":"ListItem","position":1,"name":"Startseite","item":"https:\/\/blog.zeit.de\/nsu-prozess-blog\/"},{"@type":"ListItem","position":2,"name":"99. Prozesstag \u2013 V-Mann-F\u00fchrer von Tino Brandt im Zeugenstand"}]},{"@type":"WebSite","@id":"https:\/\/blog.zeit.de\/nsu-prozess-blog\/#website","url":"https:\/\/blog.zeit.de\/nsu-prozess-blog\/","name":"Das NSU-Prozess-Blog","description":"Alle Berichte zum Terrorverfahren in M\u00fcnchen","potentialAction":[{"@type":"SearchAction","target":{"@type":"EntryPoint","urlTemplate":"https:\/\/blog.zeit.de\/nsu-prozess-blog\/?s={search_term_string}"},"query-input":"required name=search_term_string"}],"inLanguage":"de"},{"@type":"Person","@id":"https:\/\/blog.zeit.de\/nsu-prozess-blog\/#\/schema\/person\/553ea9bb5d1fc2ae054c589bd59380a5","name":"Tom Sundermann","image":{"@type":"ImageObject","inLanguage":"de","@id":"https:\/\/blog.zeit.de\/nsu-prozess-blog\/#\/schema\/person\/image\/","url":"https:\/\/secure.gravatar.com\/avatar\/e108a3dc18766f719b2f797dc5d19093f06a1870c55b553ab6b7563f1f9a5e68?s=96&d=mm&r=g","contentUrl":"https:\/\/secure.gravatar.com\/avatar\/e108a3dc18766f719b2f797dc5d19093f06a1870c55b553ab6b7563f1f9a5e68?s=96&d=mm&r=g","caption":"Tom Sundermann"},"sameAs":["https:\/\/twitter.com\/messeticker"],"url":"https:\/\/blog.zeit.de\/nsu-prozess-blog\/author\/tsundermann\/"}]}},"jetpack_featured_media_url":"","jetpack_sharing_enabled":true,"_links":{"self":[{"href":"https:\/\/blog.zeit.de\/nsu-prozess-blog\/wp-json\/wp\/v2\/posts\/6241","targetHints":{"allow":["GET"]}}],"collection":[{"href":"https:\/\/blog.zeit.de\/nsu-prozess-blog\/wp-json\/wp\/v2\/posts"}],"about":[{"href":"https:\/\/blog.zeit.de\/nsu-prozess-blog\/wp-json\/wp\/v2\/types\/post"}],"author":[{"embeddable":true,"href":"https:\/\/blog.zeit.de\/nsu-prozess-blog\/wp-json\/wp\/v2\/users\/435"}],"replies":[{"embeddable":true,"href":"https:\/\/blog.zeit.de\/nsu-prozess-blog\/wp-json\/wp\/v2\/comments?post=6241"}],"version-history":[{"count":4,"href":"https:\/\/blog.zeit.de\/nsu-prozess-blog\/wp-json\/wp\/v2\/posts\/6241\/revisions"}],"predecessor-version":[{"id":6286,"href":"https:\/\/blog.zeit.de\/nsu-prozess-blog\/wp-json\/wp\/v2\/posts\/6241\/revisions\/6286"}],"wp:attachment":[{"href":"https:\/\/blog.zeit.de\/nsu-prozess-blog\/wp-json\/wp\/v2\/media?parent=6241"}],"wp:term":[{"taxonomy":"category","embeddable":true,"href":"https:\/\/blog.zeit.de\/nsu-prozess-blog\/wp-json\/wp\/v2\/categories?post=6241"},{"taxonomy":"post_tag","embeddable":true,"href":"https:\/\/blog.zeit.de\/nsu-prozess-blog\/wp-json\/wp\/v2\/tags?post=6241"}],"curies":[{"name":"wp","href":"https:\/\/api.w.org\/{rel}","templated":true}]}}