{"id":6247,"date":"2014-03-25T08:09:23","date_gmt":"2014-03-25T07:09:23","guid":{"rendered":"http:\/\/blog.zeit.de\/nsu-prozess-blog\/?p=6247"},"modified":"2014-03-25T09:25:50","modified_gmt":"2014-03-25T08:25:50","slug":"medienlog-auskunftsverweigerung-zeugen","status":"publish","type":"post","link":"https:\/\/blog.zeit.de\/nsu-prozess-blog\/2014\/03\/25\/medienlog-auskunftsverweigerung-zeugen\/","title":{"rendered":"Schweigende Zeugen helfen den Angeklagten nicht \u2013 Das Medienlog vom Dienstag, 25. M\u00e4rz 2014"},"content":{"rendered":"<p>Bei der Vernehmung von Zeugen aus dem NSU-Umfeld wiederholen sich die Muster regelm\u00e4\u00dfig: Einige wollen sich vor Gericht <a href=\"https:\/\/blog.zeit.de\/nsu-prozess-blog\/2014\/02\/06\/medienlog-andre-k-befangenheitsantrag\/\">an nichts erinnern k\u00f6nnen<\/a>, andere berufen sich auf ihr Recht, <a href=\"https:\/\/blog.zeit.de\/nsu-prozess-blog\/2014\/02\/20\/ein-schweigender-zeuge-und-ein-vergesslicher-ermittler\/\">die Auskunft zu verweigern<\/a>. Erweisen solche Zeugen den Angeklagten mit ihrem Schweigen einen Dienst? Nein, schreibt der Nebenklage-Anwalt Eberhard Reinecke in einem Essay f\u00fcr die <a href=\"http:\/\/www.huffingtonpost.de\/eberhard-reinecke\/aussageverweigerung-und-a_b_5016314.html\" target=\"_blank\"><em>Huffington Post<\/em><\/a>.<\/p>\n<p><!--more--><\/p>\n<p>Die Auswirkungen einer Verweigerung seien &#8222;gering&#8220;, schreibt der Jurist, denn das Gericht lade im Anschluss regelm\u00e4\u00dfig die Polizisten vor, die die Zeugen w\u00e4hrend der Ermittlungen befragt hatten. Dort waren sie meist wesentlich gespr\u00e4chiger.<\/p>\n<p>Dies habe sich bei der Befragung eines Beamten gezeigt, der <a href=\"https:\/\/blog.zeit.de\/nsu-prozess-blog\/2014\/03\/20\/medienlog-carsten-s-schalldaempfer\/\">Andreas Sch.<\/a> aus Jena vernommen hatte. Demnach hatte Sch. bei der Polizei gesagt, der Mitangeklagte Carsten S. habe f\u00fcr das NSU-Trio eine Pistole und zus\u00e4tzlich &#8222;explizit&#8220; einen Schalld\u00e4mpfer verlangt. &#8222;H\u00e4tte der Zeuge selbst ausgesagt, so h\u00e4tte man sich sicherlich mit Amnesie auseinandersetzen m\u00fcssen&#8220;, <a href=\"http:\/\/www.huffingtonpost.de\/eberhard-reinecke\/aussageverweigerung-und-a_b_5016314.html\">schreibt Reinecke<\/a>, auf diese Weise seien jedoch &#8222;klare und eindeutige Angaben&#8220; herausgekommen. Der Verteidigung sei es nicht gelungen, Zweifel an den Aussagen der Ermittler zu s\u00e4en.<\/p>\n<p><em>An jedem Werktag sichten wir f\u00fcr das NSU-Prozess-Blog die Medien und stellen wichtige Berichte, Blogs, Videos und Tweets zusammen. Wir freuen uns \u00fcber Hinweise via Twitter mit dem Hashtag #nsublog \u2013 oder per E-Mail an <a href=\"mailto:nsublog@zeit.de\">nsublog@zeit.de<\/a>.<\/em><\/p>\n<p><em>Das n\u00e4chste Medienlog erscheint am Mittwoch, 26. M\u00e4rz 2014.<\/em><\/p>\n","protected":false},"excerpt":{"rendered":"<p>Bei der Vernehmung von Zeugen aus dem NSU-Umfeld wiederholen sich die Muster regelm\u00e4\u00dfig: Einige wollen sich vor Gericht an nichts erinnern k\u00f6nnen, andere berufen sich auf ihr Recht, die Auskunft zu verweigern. Erweisen solche Zeugen den Angeklagten mit ihrem Schweigen einen Dienst? Nein, schreibt der Nebenklage-Anwalt Eberhard Reinecke in einem Essay f\u00fcr die Huffington Post.<\/p>\n","protected":false},"author":435,"featured_media":0,"comment_status":"open","ping_status":"open","sticky":false,"template":"","format":"standard","meta":{"_jetpack_memberships_contains_paid_content":false,"footnotes":""},"categories":[27531],"tags":[29465,29507,27541],"class_list":["post-6247","post","type-post","status-publish","format-standard","hentry","category-medienschau","tag-andreas-s","tag-aussageverweigerung","tag-carsten-s"],"yoast_head":"<!-- This site is optimized with the Yoast SEO plugin v21.0 - https:\/\/yoast.com\/wordpress\/plugins\/seo\/ -->\n<title>Schweigende Zeugen helfen den Angeklagten nicht \u2013 Das Medienlog vom Dienstag, 25. M\u00e4rz 2014 - Das NSU-Prozess-Blog<\/title>\n<meta name=\"robots\" content=\"index, follow, max-snippet:-1, max-image-preview:large, max-video-preview:-1\" \/>\n<link rel=\"canonical\" href=\"https:\/\/blog.zeit.de\/nsu-prozess-blog\/2014\/03\/25\/medienlog-auskunftsverweigerung-zeugen\/\" \/>\n<meta property=\"og:locale\" content=\"de_DE\" \/>\n<meta property=\"og:type\" content=\"article\" \/>\n<meta property=\"og:title\" content=\"Schweigende Zeugen helfen den Angeklagten nicht \u2013 Das Medienlog vom Dienstag, 25. M\u00e4rz 2014 - Das NSU-Prozess-Blog\" \/>\n<meta property=\"og:description\" content=\"Bei der Vernehmung von Zeugen aus dem NSU-Umfeld wiederholen sich die Muster regelm\u00e4\u00dfig: Einige wollen sich vor Gericht an nichts erinnern k\u00f6nnen, andere berufen sich auf ihr Recht, die Auskunft zu verweigern. Erweisen solche Zeugen den Angeklagten mit ihrem Schweigen einen Dienst? Nein, schreibt der Nebenklage-Anwalt Eberhard Reinecke in einem Essay f\u00fcr die Huffington Post.\" \/>\n<meta property=\"og:url\" content=\"https:\/\/blog.zeit.de\/nsu-prozess-blog\/2014\/03\/25\/medienlog-auskunftsverweigerung-zeugen\/\" \/>\n<meta property=\"og:site_name\" content=\"Das NSU-Prozess-Blog\" \/>\n<meta property=\"article:published_time\" content=\"2014-03-25T07:09:23+00:00\" \/>\n<meta property=\"article:modified_time\" content=\"2014-03-25T08:25:50+00:00\" \/>\n<meta name=\"author\" content=\"Tom Sundermann\" \/>\n<meta name=\"twitter:label1\" content=\"Geschrieben von\" \/>\n\t<meta name=\"twitter:data1\" content=\"Tom Sundermann\" \/>\n\t<meta name=\"twitter:label2\" content=\"Gesch\u00e4tzte Lesezeit\" \/>\n\t<meta name=\"twitter:data2\" content=\"1\u00a0Minute\" \/>\n<script type=\"application\/ld+json\" class=\"yoast-schema-graph\">{\"@context\":\"https:\/\/schema.org\",\"@graph\":[{\"@type\":\"WebPage\",\"@id\":\"https:\/\/blog.zeit.de\/nsu-prozess-blog\/2014\/03\/25\/medienlog-auskunftsverweigerung-zeugen\/\",\"url\":\"https:\/\/blog.zeit.de\/nsu-prozess-blog\/2014\/03\/25\/medienlog-auskunftsverweigerung-zeugen\/\",\"name\":\"Schweigende Zeugen helfen den Angeklagten nicht \u2013 Das Medienlog vom Dienstag, 25. M\u00e4rz 2014 - Das NSU-Prozess-Blog\",\"isPartOf\":{\"@id\":\"https:\/\/blog.zeit.de\/nsu-prozess-blog\/#website\"},\"datePublished\":\"2014-03-25T07:09:23+00:00\",\"dateModified\":\"2014-03-25T08:25:50+00:00\",\"author\":{\"@id\":\"https:\/\/blog.zeit.de\/nsu-prozess-blog\/#\/schema\/person\/553ea9bb5d1fc2ae054c589bd59380a5\"},\"breadcrumb\":{\"@id\":\"https:\/\/blog.zeit.de\/nsu-prozess-blog\/2014\/03\/25\/medienlog-auskunftsverweigerung-zeugen\/#breadcrumb\"},\"inLanguage\":\"de\",\"potentialAction\":[{\"@type\":\"ReadAction\",\"target\":[\"https:\/\/blog.zeit.de\/nsu-prozess-blog\/2014\/03\/25\/medienlog-auskunftsverweigerung-zeugen\/\"]}]},{\"@type\":\"BreadcrumbList\",\"@id\":\"https:\/\/blog.zeit.de\/nsu-prozess-blog\/2014\/03\/25\/medienlog-auskunftsverweigerung-zeugen\/#breadcrumb\",\"itemListElement\":[{\"@type\":\"ListItem\",\"position\":1,\"name\":\"Startseite\",\"item\":\"https:\/\/blog.zeit.de\/nsu-prozess-blog\/\"},{\"@type\":\"ListItem\",\"position\":2,\"name\":\"Schweigende Zeugen helfen den Angeklagten nicht \u2013 Das Medienlog vom Dienstag, 25. M\u00e4rz 2014\"}]},{\"@type\":\"WebSite\",\"@id\":\"https:\/\/blog.zeit.de\/nsu-prozess-blog\/#website\",\"url\":\"https:\/\/blog.zeit.de\/nsu-prozess-blog\/\",\"name\":\"Das NSU-Prozess-Blog\",\"description\":\"Alle Berichte zum Terrorverfahren in M\u00fcnchen\",\"potentialAction\":[{\"@type\":\"SearchAction\",\"target\":{\"@type\":\"EntryPoint\",\"urlTemplate\":\"https:\/\/blog.zeit.de\/nsu-prozess-blog\/?s={search_term_string}\"},\"query-input\":\"required name=search_term_string\"}],\"inLanguage\":\"de\"},{\"@type\":\"Person\",\"@id\":\"https:\/\/blog.zeit.de\/nsu-prozess-blog\/#\/schema\/person\/553ea9bb5d1fc2ae054c589bd59380a5\",\"name\":\"Tom Sundermann\",\"image\":{\"@type\":\"ImageObject\",\"inLanguage\":\"de\",\"@id\":\"https:\/\/blog.zeit.de\/nsu-prozess-blog\/#\/schema\/person\/image\/\",\"url\":\"https:\/\/secure.gravatar.com\/avatar\/e108a3dc18766f719b2f797dc5d19093f06a1870c55b553ab6b7563f1f9a5e68?s=96&d=mm&r=g\",\"contentUrl\":\"https:\/\/secure.gravatar.com\/avatar\/e108a3dc18766f719b2f797dc5d19093f06a1870c55b553ab6b7563f1f9a5e68?s=96&d=mm&r=g\",\"caption\":\"Tom Sundermann\"},\"sameAs\":[\"https:\/\/twitter.com\/messeticker\"],\"url\":\"https:\/\/blog.zeit.de\/nsu-prozess-blog\/author\/tsundermann\/\"}]}<\/script>\n<!-- \/ Yoast SEO plugin. -->","yoast_head_json":{"title":"Schweigende Zeugen helfen den Angeklagten nicht \u2013 Das Medienlog vom Dienstag, 25. M\u00e4rz 2014 - Das NSU-Prozess-Blog","robots":{"index":"index","follow":"follow","max-snippet":"max-snippet:-1","max-image-preview":"max-image-preview:large","max-video-preview":"max-video-preview:-1"},"canonical":"https:\/\/blog.zeit.de\/nsu-prozess-blog\/2014\/03\/25\/medienlog-auskunftsverweigerung-zeugen\/","og_locale":"de_DE","og_type":"article","og_title":"Schweigende Zeugen helfen den Angeklagten nicht \u2013 Das Medienlog vom Dienstag, 25. M\u00e4rz 2014 - Das NSU-Prozess-Blog","og_description":"Bei der Vernehmung von Zeugen aus dem NSU-Umfeld wiederholen sich die Muster regelm\u00e4\u00dfig: Einige wollen sich vor Gericht an nichts erinnern k\u00f6nnen, andere berufen sich auf ihr Recht, die Auskunft zu verweigern. Erweisen solche Zeugen den Angeklagten mit ihrem Schweigen einen Dienst? Nein, schreibt der Nebenklage-Anwalt Eberhard Reinecke in einem Essay f\u00fcr die Huffington Post.","og_url":"https:\/\/blog.zeit.de\/nsu-prozess-blog\/2014\/03\/25\/medienlog-auskunftsverweigerung-zeugen\/","og_site_name":"Das NSU-Prozess-Blog","article_published_time":"2014-03-25T07:09:23+00:00","article_modified_time":"2014-03-25T08:25:50+00:00","author":"Tom Sundermann","twitter_misc":{"Geschrieben von":"Tom Sundermann","Gesch\u00e4tzte Lesezeit":"1\u00a0Minute"},"schema":{"@context":"https:\/\/schema.org","@graph":[{"@type":"WebPage","@id":"https:\/\/blog.zeit.de\/nsu-prozess-blog\/2014\/03\/25\/medienlog-auskunftsverweigerung-zeugen\/","url":"https:\/\/blog.zeit.de\/nsu-prozess-blog\/2014\/03\/25\/medienlog-auskunftsverweigerung-zeugen\/","name":"Schweigende Zeugen helfen den Angeklagten nicht \u2013 Das Medienlog vom Dienstag, 25. M\u00e4rz 2014 - Das NSU-Prozess-Blog","isPartOf":{"@id":"https:\/\/blog.zeit.de\/nsu-prozess-blog\/#website"},"datePublished":"2014-03-25T07:09:23+00:00","dateModified":"2014-03-25T08:25:50+00:00","author":{"@id":"https:\/\/blog.zeit.de\/nsu-prozess-blog\/#\/schema\/person\/553ea9bb5d1fc2ae054c589bd59380a5"},"breadcrumb":{"@id":"https:\/\/blog.zeit.de\/nsu-prozess-blog\/2014\/03\/25\/medienlog-auskunftsverweigerung-zeugen\/#breadcrumb"},"inLanguage":"de","potentialAction":[{"@type":"ReadAction","target":["https:\/\/blog.zeit.de\/nsu-prozess-blog\/2014\/03\/25\/medienlog-auskunftsverweigerung-zeugen\/"]}]},{"@type":"BreadcrumbList","@id":"https:\/\/blog.zeit.de\/nsu-prozess-blog\/2014\/03\/25\/medienlog-auskunftsverweigerung-zeugen\/#breadcrumb","itemListElement":[{"@type":"ListItem","position":1,"name":"Startseite","item":"https:\/\/blog.zeit.de\/nsu-prozess-blog\/"},{"@type":"ListItem","position":2,"name":"Schweigende Zeugen helfen den Angeklagten nicht \u2013 Das Medienlog vom Dienstag, 25. M\u00e4rz 2014"}]},{"@type":"WebSite","@id":"https:\/\/blog.zeit.de\/nsu-prozess-blog\/#website","url":"https:\/\/blog.zeit.de\/nsu-prozess-blog\/","name":"Das NSU-Prozess-Blog","description":"Alle Berichte zum Terrorverfahren in M\u00fcnchen","potentialAction":[{"@type":"SearchAction","target":{"@type":"EntryPoint","urlTemplate":"https:\/\/blog.zeit.de\/nsu-prozess-blog\/?s={search_term_string}"},"query-input":"required name=search_term_string"}],"inLanguage":"de"},{"@type":"Person","@id":"https:\/\/blog.zeit.de\/nsu-prozess-blog\/#\/schema\/person\/553ea9bb5d1fc2ae054c589bd59380a5","name":"Tom Sundermann","image":{"@type":"ImageObject","inLanguage":"de","@id":"https:\/\/blog.zeit.de\/nsu-prozess-blog\/#\/schema\/person\/image\/","url":"https:\/\/secure.gravatar.com\/avatar\/e108a3dc18766f719b2f797dc5d19093f06a1870c55b553ab6b7563f1f9a5e68?s=96&d=mm&r=g","contentUrl":"https:\/\/secure.gravatar.com\/avatar\/e108a3dc18766f719b2f797dc5d19093f06a1870c55b553ab6b7563f1f9a5e68?s=96&d=mm&r=g","caption":"Tom Sundermann"},"sameAs":["https:\/\/twitter.com\/messeticker"],"url":"https:\/\/blog.zeit.de\/nsu-prozess-blog\/author\/tsundermann\/"}]}},"jetpack_featured_media_url":"","jetpack_sharing_enabled":true,"_links":{"self":[{"href":"https:\/\/blog.zeit.de\/nsu-prozess-blog\/wp-json\/wp\/v2\/posts\/6247","targetHints":{"allow":["GET"]}}],"collection":[{"href":"https:\/\/blog.zeit.de\/nsu-prozess-blog\/wp-json\/wp\/v2\/posts"}],"about":[{"href":"https:\/\/blog.zeit.de\/nsu-prozess-blog\/wp-json\/wp\/v2\/types\/post"}],"author":[{"embeddable":true,"href":"https:\/\/blog.zeit.de\/nsu-prozess-blog\/wp-json\/wp\/v2\/users\/435"}],"replies":[{"embeddable":true,"href":"https:\/\/blog.zeit.de\/nsu-prozess-blog\/wp-json\/wp\/v2\/comments?post=6247"}],"version-history":[{"count":7,"href":"https:\/\/blog.zeit.de\/nsu-prozess-blog\/wp-json\/wp\/v2\/posts\/6247\/revisions"}],"predecessor-version":[{"id":6254,"href":"https:\/\/blog.zeit.de\/nsu-prozess-blog\/wp-json\/wp\/v2\/posts\/6247\/revisions\/6254"}],"wp:attachment":[{"href":"https:\/\/blog.zeit.de\/nsu-prozess-blog\/wp-json\/wp\/v2\/media?parent=6247"}],"wp:term":[{"taxonomy":"category","embeddable":true,"href":"https:\/\/blog.zeit.de\/nsu-prozess-blog\/wp-json\/wp\/v2\/categories?post=6247"},{"taxonomy":"post_tag","embeddable":true,"href":"https:\/\/blog.zeit.de\/nsu-prozess-blog\/wp-json\/wp\/v2\/tags?post=6247"}],"curies":[{"name":"wp","href":"https:\/\/api.w.org\/{rel}","templated":true}]}}