{"id":6256,"date":"2014-03-26T08:51:56","date_gmt":"2014-03-26T07:51:56","guid":{"rendered":"http:\/\/blog.zeit.de\/nsu-prozess-blog\/?p=6256"},"modified":"2014-07-23T14:08:16","modified_gmt":"2014-07-23T12:08:16","slug":"medienlog-zschaepe-gleichberechtigung","status":"publish","type":"post","link":"https:\/\/blog.zeit.de\/nsu-prozess-blog\/2014\/03\/26\/medienlog-zschaepe-gleichberechtigung\/","title":{"rendered":"Zsch\u00e4pe war nicht das &#8222;M\u00e4uschen&#8220; \u2013 Das Medienlog vom Mittwoch, 26. M\u00e4rz 2014"},"content":{"rendered":"<p>Zwei Beamte hatten am Dienstag ihre Erinnerungen aus Vernehmungen des Zeugen <a href=\"https:\/\/blog.zeit.de\/nsu-prozess-blog\/2014\/02\/20\/ein-schweigender-zeuge-und-ein-vergesslicher-ermittler\/\">Max-Florian B.<\/a> vorgetragen. B. soll das NSU-Trio nach dessen Untertauchen im Jahr 1998 in seiner Chemnitzer Wohnung untergebracht und Uwe Mundlos seinen Personalausweis \u00fcberlassen haben. Auch gab es in sp\u00e4teren Jahren offenbar Telefonate und Besuche. Deswegen l\u00e4uft gegen den Zeugen ein Ermittlungsverfahren \u2013 weswegen sich B. bei seiner Vernehmung vor Gericht auf sein Schweigerecht berufen hatte. In den Polizeiverh\u00f6ren sei B. allerdings &#8222;kooperativ und aussagewillig&#8220; gewesen, wie einer der BKA-Beamten sagte, schreibt Kai Mudra in der <a href=\"http:\/\/www.thueringer-allgemeine.de\/web\/zgt\/leben\/detail\/-\/specific\/NSU-Prozess-Stundenlange-Gespraeche-ueber-einen-abwesenden-Zeugen-611994545\" target=\"_blank\"><em>Th\u00fcringer Allgemeinen<\/em><\/a>.<\/p>\n<p><!--more--><\/p>\n<p><em>An jedem Werktag sichten wir f\u00fcr das NSU-Prozess-Blog die Medien und stellen wichtige Berichte, Blogs, Videos und Tweets zusammen. Wir freuen uns \u00fcber Hinweise via Twitter mit dem Hashtag #nsublog \u2013 oder per E-Mail an <a href=\"mailto:nsublog@zeit.de\">nsublog@zeit.de<\/a>.<\/em><\/p>\n<p>Weil die Ergebnisse am 97. Prozesstag nun aus zweiter Hand stammen, war das Medieninteresse gering. Eine der wichtigsten Aussagen von B.: Beate Zsch\u00e4pe habe innerhalb des Trios &#8222;eine gleichberechtigte Stellung innegehabt&#8220;, wie die Nachrichtenagentur <a href=\"http:\/\/www.sueddeutsche.de\/politik\/nsu-prozess-sie-war-auf-keinen-fall-das-maeuschen-1.1921599\" target=\"_blank\">dpa<\/a> berichtet. Demnach sagte der Zeuge: &#8222;Sie war auf keinen Fall das &#8218;M\u00e4uschen&#8216;, das den beiden nur das Essen kocht.&#8220;<\/p>\n<p>Die Hauptangeklagte habe zudem von fr\u00fcheren Taten der Gruppe gewusst und sie unterst\u00fctzt, etwa von einem Puppentorso mit Judenstern, der an einer Autobahnbr\u00fccke aufgeh\u00e4ngt wurde. Mudra berichtet, wie B. die Beziehung der drei untereinander beschrieb. Demnach war Uwe B\u00f6hnhardt autorit\u00e4rer und habe Mundlos &#8222;schon einmal bevormundet&#8220;. Mit Zsch\u00e4pe habe er sich dies jedoch nicht getraut.<\/p>\n<blockquote class=\"twitter-tweet\" lang=\"de\"><p>Wenig Interessantes heute im <a href=\"https:\/\/twitter.com\/search?q=%23NSU&amp;src=hash\">#NSU<\/a>-Prozess. Allerdings bekommt Beate Z. die Gef\u00e4ngniskost offensichtlich gut.<\/p>\n<p>\u2014 MDR INFO Live (@MDRINFOlive) <a href=\"https:\/\/twitter.com\/MDRINFOlive\/statuses\/448494270404898816\">25. M\u00e4rz 2014<\/a><\/p><\/blockquote>\n<p>&nbsp;<\/p>\n<p>In der <a href=\"http:\/\/www.jungewelt.de\/2014\/03-26\/049.php\" target=\"_blank\"><em>Jungen Welt<\/em><\/a> beleuchtet Claudia Wangerin ein Beweisst\u00fcck, das nach dem Willen der Nebenkl\u00e4ger im Prozess verlesen werden soll: ein rechtes Kampfblatt namens <em>Sonnenbanner<\/em>, das Polizisten in der Garage von Beate Zsch\u00e4pe sichergestellt hatten. Darin findet sich eine Blaupause f\u00fcr die Taten des NSU: &#8222;Bildet Zellen durch Zusammenschlu\u00df einiger Personen, die sich gegenseitig gut kennen&#8220;, hei\u00dft es etwa in der Anleitung.<\/p>\n<p>Die Bundesanwaltschaft trat dem Antrag entgegen, weil sie ihn nicht f\u00fcr relevant h\u00e4lt. Das sieht die Autorin anders \u2013 denn in dem Dokument gehe es ja gerade um den gemeinsamen Entschluss zum Mord, wie die Anklage ihn Zsch\u00e4pe vorwirft. F\u00fcr die Sicherheitsbeh\u00f6rden w\u00e4re die \u00f6ffentliche Er\u00f6rterung allerdings &#8222;in mehrfacher Hinsicht peinlich&#8220;, unter anderem, weil der Verfasser der Schrift damals V-Mann des Bundesverfassungsschutzes war.<\/p>\n<p><em>Das n\u00e4chste Medienlog erscheint am Donnerstag, 27. M\u00e4rz 2014.<\/em><\/p>\n","protected":false},"excerpt":{"rendered":"<p>Zwei Beamte hatten am Dienstag ihre Erinnerungen aus Vernehmungen des Zeugen Max-Florian B. vorgetragen. B. soll das NSU-Trio nach dessen Untertauchen im Jahr 1998 in seiner Chemnitzer Wohnung untergebracht und Uwe Mundlos seinen Personalausweis \u00fcberlassen haben. Auch gab es in sp\u00e4teren Jahren offenbar Telefonate und Besuche. Deswegen l\u00e4uft gegen den Zeugen ein Ermittlungsverfahren \u2013 weswegen [&hellip;]<\/p>\n","protected":false},"author":435,"featured_media":0,"comment_status":"open","ping_status":"open","sticky":false,"template":"","format":"standard","meta":{"_jetpack_memberships_contains_paid_content":false,"footnotes":""},"categories":[27531],"tags":[17793,29504,22860,22859,1836],"class_list":["post-6256","post","type-post","status-publish","format-standard","hentry","category-medienschau","tag-beate-zschape","tag-max-florian-b","tag-uwe-bohnhardt","tag-uwe-mundlos","tag-verfassungsschutz"],"yoast_head":"<!-- This site is optimized with the Yoast SEO plugin v21.0 - https:\/\/yoast.com\/wordpress\/plugins\/seo\/ -->\n<title>Zsch\u00e4pe war nicht das &quot;M\u00e4uschen&quot; \u2013 Das Medienlog vom Mittwoch, 26. M\u00e4rz 2014 - Das NSU-Prozess-Blog<\/title>\n<meta name=\"robots\" content=\"index, follow, max-snippet:-1, max-image-preview:large, max-video-preview:-1\" \/>\n<link rel=\"canonical\" href=\"https:\/\/blog.zeit.de\/nsu-prozess-blog\/2014\/03\/26\/medienlog-zschaepe-gleichberechtigung\/\" \/>\n<meta property=\"og:locale\" content=\"de_DE\" \/>\n<meta property=\"og:type\" content=\"article\" \/>\n<meta property=\"og:title\" content=\"Zsch\u00e4pe war nicht das &quot;M\u00e4uschen&quot; \u2013 Das Medienlog vom Mittwoch, 26. M\u00e4rz 2014 - Das NSU-Prozess-Blog\" \/>\n<meta property=\"og:description\" content=\"Zwei Beamte hatten am Dienstag ihre Erinnerungen aus Vernehmungen des Zeugen Max-Florian B. vorgetragen. B. soll das NSU-Trio nach dessen Untertauchen im Jahr 1998 in seiner Chemnitzer Wohnung untergebracht und Uwe Mundlos seinen Personalausweis \u00fcberlassen haben. Auch gab es in sp\u00e4teren Jahren offenbar Telefonate und Besuche. Deswegen l\u00e4uft gegen den Zeugen ein Ermittlungsverfahren \u2013 weswegen [&hellip;]\" \/>\n<meta property=\"og:url\" content=\"https:\/\/blog.zeit.de\/nsu-prozess-blog\/2014\/03\/26\/medienlog-zschaepe-gleichberechtigung\/\" \/>\n<meta property=\"og:site_name\" content=\"Das NSU-Prozess-Blog\" \/>\n<meta property=\"article:published_time\" content=\"2014-03-26T07:51:56+00:00\" \/>\n<meta property=\"article:modified_time\" content=\"2014-07-23T12:08:16+00:00\" \/>\n<meta name=\"author\" content=\"Tom Sundermann\" \/>\n<meta name=\"twitter:label1\" content=\"Geschrieben von\" \/>\n\t<meta name=\"twitter:data1\" content=\"Tom Sundermann\" \/>\n\t<meta name=\"twitter:label2\" content=\"Gesch\u00e4tzte Lesezeit\" \/>\n\t<meta name=\"twitter:data2\" content=\"2\u00a0Minuten\" \/>\n<script type=\"application\/ld+json\" class=\"yoast-schema-graph\">{\"@context\":\"https:\/\/schema.org\",\"@graph\":[{\"@type\":\"WebPage\",\"@id\":\"https:\/\/blog.zeit.de\/nsu-prozess-blog\/2014\/03\/26\/medienlog-zschaepe-gleichberechtigung\/\",\"url\":\"https:\/\/blog.zeit.de\/nsu-prozess-blog\/2014\/03\/26\/medienlog-zschaepe-gleichberechtigung\/\",\"name\":\"Zsch\u00e4pe war nicht das \\\"M\u00e4uschen\\\" \u2013 Das Medienlog vom Mittwoch, 26. M\u00e4rz 2014 - Das NSU-Prozess-Blog\",\"isPartOf\":{\"@id\":\"https:\/\/blog.zeit.de\/nsu-prozess-blog\/#website\"},\"datePublished\":\"2014-03-26T07:51:56+00:00\",\"dateModified\":\"2014-07-23T12:08:16+00:00\",\"author\":{\"@id\":\"https:\/\/blog.zeit.de\/nsu-prozess-blog\/#\/schema\/person\/553ea9bb5d1fc2ae054c589bd59380a5\"},\"breadcrumb\":{\"@id\":\"https:\/\/blog.zeit.de\/nsu-prozess-blog\/2014\/03\/26\/medienlog-zschaepe-gleichberechtigung\/#breadcrumb\"},\"inLanguage\":\"de\",\"potentialAction\":[{\"@type\":\"ReadAction\",\"target\":[\"https:\/\/blog.zeit.de\/nsu-prozess-blog\/2014\/03\/26\/medienlog-zschaepe-gleichberechtigung\/\"]}]},{\"@type\":\"BreadcrumbList\",\"@id\":\"https:\/\/blog.zeit.de\/nsu-prozess-blog\/2014\/03\/26\/medienlog-zschaepe-gleichberechtigung\/#breadcrumb\",\"itemListElement\":[{\"@type\":\"ListItem\",\"position\":1,\"name\":\"Startseite\",\"item\":\"https:\/\/blog.zeit.de\/nsu-prozess-blog\/\"},{\"@type\":\"ListItem\",\"position\":2,\"name\":\"Zsch\u00e4pe war nicht das &#8222;M\u00e4uschen&#8220; \u2013 Das Medienlog vom Mittwoch, 26. M\u00e4rz 2014\"}]},{\"@type\":\"WebSite\",\"@id\":\"https:\/\/blog.zeit.de\/nsu-prozess-blog\/#website\",\"url\":\"https:\/\/blog.zeit.de\/nsu-prozess-blog\/\",\"name\":\"Das NSU-Prozess-Blog\",\"description\":\"Alle Berichte zum Terrorverfahren in M\u00fcnchen\",\"potentialAction\":[{\"@type\":\"SearchAction\",\"target\":{\"@type\":\"EntryPoint\",\"urlTemplate\":\"https:\/\/blog.zeit.de\/nsu-prozess-blog\/?s={search_term_string}\"},\"query-input\":\"required name=search_term_string\"}],\"inLanguage\":\"de\"},{\"@type\":\"Person\",\"@id\":\"https:\/\/blog.zeit.de\/nsu-prozess-blog\/#\/schema\/person\/553ea9bb5d1fc2ae054c589bd59380a5\",\"name\":\"Tom Sundermann\",\"image\":{\"@type\":\"ImageObject\",\"inLanguage\":\"de\",\"@id\":\"https:\/\/blog.zeit.de\/nsu-prozess-blog\/#\/schema\/person\/image\/\",\"url\":\"https:\/\/secure.gravatar.com\/avatar\/e108a3dc18766f719b2f797dc5d19093f06a1870c55b553ab6b7563f1f9a5e68?s=96&d=mm&r=g\",\"contentUrl\":\"https:\/\/secure.gravatar.com\/avatar\/e108a3dc18766f719b2f797dc5d19093f06a1870c55b553ab6b7563f1f9a5e68?s=96&d=mm&r=g\",\"caption\":\"Tom Sundermann\"},\"sameAs\":[\"https:\/\/twitter.com\/messeticker\"],\"url\":\"https:\/\/blog.zeit.de\/nsu-prozess-blog\/author\/tsundermann\/\"}]}<\/script>\n<!-- \/ Yoast SEO plugin. -->","yoast_head_json":{"title":"Zsch\u00e4pe war nicht das \"M\u00e4uschen\" \u2013 Das Medienlog vom Mittwoch, 26. M\u00e4rz 2014 - Das NSU-Prozess-Blog","robots":{"index":"index","follow":"follow","max-snippet":"max-snippet:-1","max-image-preview":"max-image-preview:large","max-video-preview":"max-video-preview:-1"},"canonical":"https:\/\/blog.zeit.de\/nsu-prozess-blog\/2014\/03\/26\/medienlog-zschaepe-gleichberechtigung\/","og_locale":"de_DE","og_type":"article","og_title":"Zsch\u00e4pe war nicht das \"M\u00e4uschen\" \u2013 Das Medienlog vom Mittwoch, 26. M\u00e4rz 2014 - Das NSU-Prozess-Blog","og_description":"Zwei Beamte hatten am Dienstag ihre Erinnerungen aus Vernehmungen des Zeugen Max-Florian B. vorgetragen. B. soll das NSU-Trio nach dessen Untertauchen im Jahr 1998 in seiner Chemnitzer Wohnung untergebracht und Uwe Mundlos seinen Personalausweis \u00fcberlassen haben. Auch gab es in sp\u00e4teren Jahren offenbar Telefonate und Besuche. Deswegen l\u00e4uft gegen den Zeugen ein Ermittlungsverfahren \u2013 weswegen [&hellip;]","og_url":"https:\/\/blog.zeit.de\/nsu-prozess-blog\/2014\/03\/26\/medienlog-zschaepe-gleichberechtigung\/","og_site_name":"Das NSU-Prozess-Blog","article_published_time":"2014-03-26T07:51:56+00:00","article_modified_time":"2014-07-23T12:08:16+00:00","author":"Tom Sundermann","twitter_misc":{"Geschrieben von":"Tom Sundermann","Gesch\u00e4tzte Lesezeit":"2\u00a0Minuten"},"schema":{"@context":"https:\/\/schema.org","@graph":[{"@type":"WebPage","@id":"https:\/\/blog.zeit.de\/nsu-prozess-blog\/2014\/03\/26\/medienlog-zschaepe-gleichberechtigung\/","url":"https:\/\/blog.zeit.de\/nsu-prozess-blog\/2014\/03\/26\/medienlog-zschaepe-gleichberechtigung\/","name":"Zsch\u00e4pe war nicht das \"M\u00e4uschen\" \u2013 Das Medienlog vom Mittwoch, 26. M\u00e4rz 2014 - Das NSU-Prozess-Blog","isPartOf":{"@id":"https:\/\/blog.zeit.de\/nsu-prozess-blog\/#website"},"datePublished":"2014-03-26T07:51:56+00:00","dateModified":"2014-07-23T12:08:16+00:00","author":{"@id":"https:\/\/blog.zeit.de\/nsu-prozess-blog\/#\/schema\/person\/553ea9bb5d1fc2ae054c589bd59380a5"},"breadcrumb":{"@id":"https:\/\/blog.zeit.de\/nsu-prozess-blog\/2014\/03\/26\/medienlog-zschaepe-gleichberechtigung\/#breadcrumb"},"inLanguage":"de","potentialAction":[{"@type":"ReadAction","target":["https:\/\/blog.zeit.de\/nsu-prozess-blog\/2014\/03\/26\/medienlog-zschaepe-gleichberechtigung\/"]}]},{"@type":"BreadcrumbList","@id":"https:\/\/blog.zeit.de\/nsu-prozess-blog\/2014\/03\/26\/medienlog-zschaepe-gleichberechtigung\/#breadcrumb","itemListElement":[{"@type":"ListItem","position":1,"name":"Startseite","item":"https:\/\/blog.zeit.de\/nsu-prozess-blog\/"},{"@type":"ListItem","position":2,"name":"Zsch\u00e4pe war nicht das &#8222;M\u00e4uschen&#8220; \u2013 Das Medienlog vom Mittwoch, 26. M\u00e4rz 2014"}]},{"@type":"WebSite","@id":"https:\/\/blog.zeit.de\/nsu-prozess-blog\/#website","url":"https:\/\/blog.zeit.de\/nsu-prozess-blog\/","name":"Das NSU-Prozess-Blog","description":"Alle Berichte zum Terrorverfahren in M\u00fcnchen","potentialAction":[{"@type":"SearchAction","target":{"@type":"EntryPoint","urlTemplate":"https:\/\/blog.zeit.de\/nsu-prozess-blog\/?s={search_term_string}"},"query-input":"required name=search_term_string"}],"inLanguage":"de"},{"@type":"Person","@id":"https:\/\/blog.zeit.de\/nsu-prozess-blog\/#\/schema\/person\/553ea9bb5d1fc2ae054c589bd59380a5","name":"Tom Sundermann","image":{"@type":"ImageObject","inLanguage":"de","@id":"https:\/\/blog.zeit.de\/nsu-prozess-blog\/#\/schema\/person\/image\/","url":"https:\/\/secure.gravatar.com\/avatar\/e108a3dc18766f719b2f797dc5d19093f06a1870c55b553ab6b7563f1f9a5e68?s=96&d=mm&r=g","contentUrl":"https:\/\/secure.gravatar.com\/avatar\/e108a3dc18766f719b2f797dc5d19093f06a1870c55b553ab6b7563f1f9a5e68?s=96&d=mm&r=g","caption":"Tom Sundermann"},"sameAs":["https:\/\/twitter.com\/messeticker"],"url":"https:\/\/blog.zeit.de\/nsu-prozess-blog\/author\/tsundermann\/"}]}},"jetpack_featured_media_url":"","jetpack_sharing_enabled":true,"_links":{"self":[{"href":"https:\/\/blog.zeit.de\/nsu-prozess-blog\/wp-json\/wp\/v2\/posts\/6256","targetHints":{"allow":["GET"]}}],"collection":[{"href":"https:\/\/blog.zeit.de\/nsu-prozess-blog\/wp-json\/wp\/v2\/posts"}],"about":[{"href":"https:\/\/blog.zeit.de\/nsu-prozess-blog\/wp-json\/wp\/v2\/types\/post"}],"author":[{"embeddable":true,"href":"https:\/\/blog.zeit.de\/nsu-prozess-blog\/wp-json\/wp\/v2\/users\/435"}],"replies":[{"embeddable":true,"href":"https:\/\/blog.zeit.de\/nsu-prozess-blog\/wp-json\/wp\/v2\/comments?post=6256"}],"version-history":[{"count":14,"href":"https:\/\/blog.zeit.de\/nsu-prozess-blog\/wp-json\/wp\/v2\/posts\/6256\/revisions"}],"predecessor-version":[{"id":7348,"href":"https:\/\/blog.zeit.de\/nsu-prozess-blog\/wp-json\/wp\/v2\/posts\/6256\/revisions\/7348"}],"wp:attachment":[{"href":"https:\/\/blog.zeit.de\/nsu-prozess-blog\/wp-json\/wp\/v2\/media?parent=6256"}],"wp:term":[{"taxonomy":"category","embeddable":true,"href":"https:\/\/blog.zeit.de\/nsu-prozess-blog\/wp-json\/wp\/v2\/categories?post=6256"},{"taxonomy":"post_tag","embeddable":true,"href":"https:\/\/blog.zeit.de\/nsu-prozess-blog\/wp-json\/wp\/v2\/tags?post=6256"}],"curies":[{"name":"wp","href":"https:\/\/api.w.org\/{rel}","templated":true}]}}