{"id":6276,"date":"2014-03-27T09:45:27","date_gmt":"2014-03-27T08:45:27","guid":{"rendered":"http:\/\/blog.zeit.de\/nsu-prozess-blog\/?p=6276"},"modified":"2014-03-27T09:45:27","modified_gmt":"2014-03-27T08:45:27","slug":"die-zeugin-die-nicht-nur-handlangerin-war-das-medienlog-vom-donnerstag-27-maerz-2014","status":"publish","type":"post","link":"https:\/\/blog.zeit.de\/nsu-prozess-blog\/2014\/03\/27\/die-zeugin-die-nicht-nur-handlangerin-war-das-medienlog-vom-donnerstag-27-maerz-2014\/","title":{"rendered":"Die Zeugin, die nicht nur Handlangerin war \u2013 Das Medienlog vom Donnerstag, 27. M\u00e4rz 2014"},"content":{"rendered":"<p>Wenige Erinnerungen und unschl\u00fcssige Angaben \u2013 damit ver\u00e4rgerte die Zeugin Juliane W. am Mittwoch Richter Manfred G\u00f6tzl. W. war die Freundin des Mitangeklagten Ralf Wohlleben, als das NSU-Trio im Januar 1998 untertauchte. Die Zeugin, die sich mehrfach als naiv darstellte, lie\u00df sich damals allerdings auf eine Kooperation mit dem Verfassungsschutz ein. &#8222;Vielleicht ist die Zeugin naiv, vielleicht sind auch manche Erinnerungsl\u00fccken echt, vielleicht hat auch ein Extremist oder ein Anwalt vor ihrer Aussage auf sie eingewirkt&#8220;, mutma\u00dft Frank Jansen im <a href=\"http:\/\/www.tagesspiegel.de\/politik\/nsu-prozess-ex-freundin-des-mit-angeklagten-ralf-wohlleben-veraergert-richter-goetzl\/9671032.html\" target=\"_blank\"><em>Tagesspiegel<\/em><\/a>. In jedem Fall sei ihr Aussageverhalten &#8222;hochgradig dreist&#8220; gewesen und habe G\u00f6tzl genervt.<\/p>\n<p><!--more--><\/p>\n<p><em>An jedem Werktag sichten wir f\u00fcr das NSU-Prozess-Blog die Medien und stellen wichtige Berichte, Blogs, Videos und Tweets zusammen. Wir freuen uns \u00fcber Hinweise via Twitter mit dem Hashtag #nsublog \u2013 oder per E-Mail an <a href=\"mailto:nsublog@zeit.de\">nsublog@zeit.de<\/a>.<\/em><\/p>\n<p>Jansen spricht von einer &#8222;wirren Aussage&#8220;. Deren wichtigster Inhalt: Dass W. dem Trio am Tag seines Untertauchens Hilfe geleistet habe, indem sie Kleidung aus Beate Zsch\u00e4pes Wohnung holte. Zudem soll sie die Mutter von Uwe Mundlos besucht und sie um die Einrichtung eines Kontos und eine Kreditkarte f\u00fcr den Sohn gebeten haben. Daraus lasse sich schlie\u00dfen, dass W. &#8222;mehr als nur eine arglose Handlangerin gewesen sein k\u00f6nnte&#8220;. W. konnte sich daran, wie an so vieles, jedoch nicht erinnern.<\/p>\n<p>&#8222;Die vielen Dinge, die W. heute nicht mehr \u00fcberzeugend erkl\u00e4ren kann, ziehen sich wie ein roter Faden durch den 98. Prozesstag&#8220;, lautet die Einsch\u00e4tzung von <a href=\"https:\/\/blog.zeit.de\/nsu-prozess-blog\/2014\/03\/26\/die-naive-informantin\/\" target=\"_blank\"><em>ZEIT ONLINE<\/em><\/a>. W. habe Gl\u00fcck gehabt, dass sie Richter G\u00f6tzl mit &#8222;ihrem l\u00fcckenhaften Ged\u00e4chtnis und ihren hinkenden Erkl\u00e4rungen&#8220; nicht zum Wutausbruch getrieben habe.<\/p>\n<p>Hinzu kam noch, dass sich einige Aussagen erheblich von den Angaben unterschieden, die W. 2012 bei der Polizei gemacht hatte. &#8222;Zeugenaussagen sind vor Gericht immer mit \u00e4u\u00dferster Vorsicht zu behandeln&#8220;, merkt Per Hinrichs in der <a href=\"http:\/\/www.welt.de\/politik\/deutschland\/article126239309\/Erst-greift-Zeugin-den-Richter-an-dann-weint-sie.html\" target=\"_blank\"><em>Welt<\/em><\/a> an. Und dennoch: Das Verhalten der Zeugin grenze &#8222;an Missachtung des Gerichts&#8220;. W. habe sich mehrmals beschwert, dass die Presse ihr Pers\u00f6nlichkeitsrecht verletzt habe, habe zu ihrer Rolle in der rechten Szene jedoch kaum etwas gesagt. Die rechtsextreme Organisation Th\u00fcringer Heimatschutz, in der auch das NSU-Trio verkehrte, beschrieb sie als &#8222;rechts angehaucht&#8220;.<\/p>\n<p>Wegen ihrer N\u00e4he zu den Rechtsextremen kam W. in Kontakt mit zwei Beamten des Verfassungsschutzes, die sich nach dem Aufenthaltsort der drei Untergetauchten erkundigten. W. sagte, sie wisse nichts dar\u00fcber. Ihrem Freund erz\u00e4hlte sie gem\u00e4\u00df der Weisung der Ermittler nichts davon \u2013 und steckte sich zweimal 100 Mark ein. &#8222;Das Geld habe sie, da sie damals wenig gehabt habe, gut gebrauchen k\u00f6nnen&#8220;, berichtet Tanjev Schultz in der <a href=\"http:\/\/www.sueddeutsche.de\/politik\/zeugenbefragung-im-nsu-prozess-jule-spielt-pogromly-1.1922630\" target=\"_blank\"><em>S\u00fcddeutschen Zeitung<\/em><\/a>. Der Autor erw\u00e4hnt ein weiteres Detail aus den Aussagen: Demnach sagte W., sie habe einmal das hetzerische Brettspiel <a href=\"https:\/\/blog.zeit.de\/nsu-prozess-blog\/2014\/02\/18\/monopoly-mit-auschwitz-feld-2\/\">Pogromly<\/a> gespielt, gemeinsam mit ihrem Freund, dem Trio und dem Zeugen <a href=\"https:\/\/blog.zeit.de\/nsu-prozess-blog\/2014\/03\/21\/medienlog-andre-k-nebenklage\/\">Andr\u00e9 K.<\/a> Drei bis vier Exemplare h\u00e4tten im Keller der gemeinsamen Wohnung gelagert.<\/p>\n<p>G\u00f6tzls eindringliche Nachfragen zu W.s Widerspr\u00fcchen und Erinnerungsl\u00fccken stie\u00dfen bei der Verteidigung auf Kritik. Zsch\u00e4pes Anwalt Wolfgang Heer griff den Richter f\u00fcr seine Fragepraxis an: &#8222;Seien sie mir nicht b\u00f6se, Herr Vorsitzender. Fragen Sie einen BKA-Beamten, der sich nicht erinnern kann, auch so scharf nach?&#8220;, sagte der Jurist, wie Kai Mudra in der <a href=\"http:\/\/www.thueringer-allgemeine.de\/startseite\/detail\/-\/specific\/NSU-Prozess-Ex-Freundin-von-Ralf-Wohlleben-provoziert-fast-Eklat-530184215\"><em>Th\u00fcringer Allgemeinen<\/em><\/a> notiert. Wohllebens Anwalt Olaf Klemke kommentierte, die &#8222;Jagdsaison&#8220; auf Zeugen sei er\u00f6ffnet \u2013 &#8222;diese Bemerkung bleibt folgenlos&#8220;, schreibt Mudra.<\/p>\n<p><em>Das n\u00e4chste Medienlog erscheint am Freitag, 28. M\u00e4rz 2014.<\/em><\/p>\n","protected":false},"excerpt":{"rendered":"<p>Wenige Erinnerungen und unschl\u00fcssige Angaben \u2013 damit ver\u00e4rgerte die Zeugin Juliane W. am Mittwoch Richter Manfred G\u00f6tzl. W. war die Freundin des Mitangeklagten Ralf Wohlleben, als das NSU-Trio im Januar 1998 untertauchte. Die Zeugin, die sich mehrfach als naiv darstellte, lie\u00df sich damals allerdings auf eine Kooperation mit dem Verfassungsschutz ein. &#8222;Vielleicht ist die Zeugin [&hellip;]<\/p>\n","protected":false},"author":435,"featured_media":0,"comment_status":"open","ping_status":"open","sticky":false,"template":"","format":"standard","meta":{"_jetpack_memberships_contains_paid_content":false,"footnotes":""},"categories":[27531],"tags":[17793,27559,17772,1449],"class_list":["post-6276","post","type-post","status-publish","format-standard","hentry","category-medienschau","tag-beate-zschape","tag-manfred-gotzl","tag-ralf-wohlleben","tag-unterstutzer"],"yoast_head":"<!-- This site is optimized with the Yoast SEO plugin v21.0 - https:\/\/yoast.com\/wordpress\/plugins\/seo\/ -->\n<title>Die Zeugin, die nicht nur Handlangerin war \u2013 Das Medienlog vom Donnerstag, 27. M\u00e4rz 2014 - Das NSU-Prozess-Blog<\/title>\n<meta name=\"robots\" content=\"index, follow, max-snippet:-1, max-image-preview:large, max-video-preview:-1\" \/>\n<link rel=\"canonical\" href=\"https:\/\/blog.zeit.de\/nsu-prozess-blog\/2014\/03\/27\/die-zeugin-die-nicht-nur-handlangerin-war-das-medienlog-vom-donnerstag-27-maerz-2014\/\" \/>\n<meta property=\"og:locale\" content=\"de_DE\" \/>\n<meta property=\"og:type\" content=\"article\" \/>\n<meta property=\"og:title\" content=\"Die Zeugin, die nicht nur Handlangerin war \u2013 Das Medienlog vom Donnerstag, 27. M\u00e4rz 2014 - Das NSU-Prozess-Blog\" \/>\n<meta property=\"og:description\" content=\"Wenige Erinnerungen und unschl\u00fcssige Angaben \u2013 damit ver\u00e4rgerte die Zeugin Juliane W. am Mittwoch Richter Manfred G\u00f6tzl. W. war die Freundin des Mitangeklagten Ralf Wohlleben, als das NSU-Trio im Januar 1998 untertauchte. Die Zeugin, die sich mehrfach als naiv darstellte, lie\u00df sich damals allerdings auf eine Kooperation mit dem Verfassungsschutz ein. &#8222;Vielleicht ist die Zeugin [&hellip;]\" \/>\n<meta property=\"og:url\" content=\"https:\/\/blog.zeit.de\/nsu-prozess-blog\/2014\/03\/27\/die-zeugin-die-nicht-nur-handlangerin-war-das-medienlog-vom-donnerstag-27-maerz-2014\/\" \/>\n<meta property=\"og:site_name\" content=\"Das NSU-Prozess-Blog\" \/>\n<meta property=\"article:published_time\" content=\"2014-03-27T08:45:27+00:00\" \/>\n<meta name=\"author\" content=\"Tom Sundermann\" \/>\n<meta name=\"twitter:label1\" content=\"Geschrieben von\" \/>\n\t<meta name=\"twitter:data1\" content=\"Tom Sundermann\" \/>\n\t<meta name=\"twitter:label2\" content=\"Gesch\u00e4tzte Lesezeit\" \/>\n\t<meta name=\"twitter:data2\" content=\"3\u00a0Minuten\" \/>\n<script type=\"application\/ld+json\" class=\"yoast-schema-graph\">{\"@context\":\"https:\/\/schema.org\",\"@graph\":[{\"@type\":\"WebPage\",\"@id\":\"https:\/\/blog.zeit.de\/nsu-prozess-blog\/2014\/03\/27\/die-zeugin-die-nicht-nur-handlangerin-war-das-medienlog-vom-donnerstag-27-maerz-2014\/\",\"url\":\"https:\/\/blog.zeit.de\/nsu-prozess-blog\/2014\/03\/27\/die-zeugin-die-nicht-nur-handlangerin-war-das-medienlog-vom-donnerstag-27-maerz-2014\/\",\"name\":\"Die Zeugin, die nicht nur Handlangerin war \u2013 Das Medienlog vom Donnerstag, 27. M\u00e4rz 2014 - Das NSU-Prozess-Blog\",\"isPartOf\":{\"@id\":\"https:\/\/blog.zeit.de\/nsu-prozess-blog\/#website\"},\"datePublished\":\"2014-03-27T08:45:27+00:00\",\"dateModified\":\"2014-03-27T08:45:27+00:00\",\"author\":{\"@id\":\"https:\/\/blog.zeit.de\/nsu-prozess-blog\/#\/schema\/person\/553ea9bb5d1fc2ae054c589bd59380a5\"},\"breadcrumb\":{\"@id\":\"https:\/\/blog.zeit.de\/nsu-prozess-blog\/2014\/03\/27\/die-zeugin-die-nicht-nur-handlangerin-war-das-medienlog-vom-donnerstag-27-maerz-2014\/#breadcrumb\"},\"inLanguage\":\"de\",\"potentialAction\":[{\"@type\":\"ReadAction\",\"target\":[\"https:\/\/blog.zeit.de\/nsu-prozess-blog\/2014\/03\/27\/die-zeugin-die-nicht-nur-handlangerin-war-das-medienlog-vom-donnerstag-27-maerz-2014\/\"]}]},{\"@type\":\"BreadcrumbList\",\"@id\":\"https:\/\/blog.zeit.de\/nsu-prozess-blog\/2014\/03\/27\/die-zeugin-die-nicht-nur-handlangerin-war-das-medienlog-vom-donnerstag-27-maerz-2014\/#breadcrumb\",\"itemListElement\":[{\"@type\":\"ListItem\",\"position\":1,\"name\":\"Startseite\",\"item\":\"https:\/\/blog.zeit.de\/nsu-prozess-blog\/\"},{\"@type\":\"ListItem\",\"position\":2,\"name\":\"Die Zeugin, die nicht nur Handlangerin war \u2013 Das Medienlog vom Donnerstag, 27. M\u00e4rz 2014\"}]},{\"@type\":\"WebSite\",\"@id\":\"https:\/\/blog.zeit.de\/nsu-prozess-blog\/#website\",\"url\":\"https:\/\/blog.zeit.de\/nsu-prozess-blog\/\",\"name\":\"Das NSU-Prozess-Blog\",\"description\":\"Alle Berichte zum Terrorverfahren in M\u00fcnchen\",\"potentialAction\":[{\"@type\":\"SearchAction\",\"target\":{\"@type\":\"EntryPoint\",\"urlTemplate\":\"https:\/\/blog.zeit.de\/nsu-prozess-blog\/?s={search_term_string}\"},\"query-input\":\"required name=search_term_string\"}],\"inLanguage\":\"de\"},{\"@type\":\"Person\",\"@id\":\"https:\/\/blog.zeit.de\/nsu-prozess-blog\/#\/schema\/person\/553ea9bb5d1fc2ae054c589bd59380a5\",\"name\":\"Tom Sundermann\",\"image\":{\"@type\":\"ImageObject\",\"inLanguage\":\"de\",\"@id\":\"https:\/\/blog.zeit.de\/nsu-prozess-blog\/#\/schema\/person\/image\/\",\"url\":\"https:\/\/secure.gravatar.com\/avatar\/e108a3dc18766f719b2f797dc5d19093f06a1870c55b553ab6b7563f1f9a5e68?s=96&d=mm&r=g\",\"contentUrl\":\"https:\/\/secure.gravatar.com\/avatar\/e108a3dc18766f719b2f797dc5d19093f06a1870c55b553ab6b7563f1f9a5e68?s=96&d=mm&r=g\",\"caption\":\"Tom Sundermann\"},\"sameAs\":[\"https:\/\/twitter.com\/messeticker\"],\"url\":\"https:\/\/blog.zeit.de\/nsu-prozess-blog\/author\/tsundermann\/\"}]}<\/script>\n<!-- \/ Yoast SEO plugin. -->","yoast_head_json":{"title":"Die Zeugin, die nicht nur Handlangerin war \u2013 Das Medienlog vom Donnerstag, 27. M\u00e4rz 2014 - Das NSU-Prozess-Blog","robots":{"index":"index","follow":"follow","max-snippet":"max-snippet:-1","max-image-preview":"max-image-preview:large","max-video-preview":"max-video-preview:-1"},"canonical":"https:\/\/blog.zeit.de\/nsu-prozess-blog\/2014\/03\/27\/die-zeugin-die-nicht-nur-handlangerin-war-das-medienlog-vom-donnerstag-27-maerz-2014\/","og_locale":"de_DE","og_type":"article","og_title":"Die Zeugin, die nicht nur Handlangerin war \u2013 Das Medienlog vom Donnerstag, 27. M\u00e4rz 2014 - Das NSU-Prozess-Blog","og_description":"Wenige Erinnerungen und unschl\u00fcssige Angaben \u2013 damit ver\u00e4rgerte die Zeugin Juliane W. am Mittwoch Richter Manfred G\u00f6tzl. W. war die Freundin des Mitangeklagten Ralf Wohlleben, als das NSU-Trio im Januar 1998 untertauchte. Die Zeugin, die sich mehrfach als naiv darstellte, lie\u00df sich damals allerdings auf eine Kooperation mit dem Verfassungsschutz ein. &#8222;Vielleicht ist die Zeugin [&hellip;]","og_url":"https:\/\/blog.zeit.de\/nsu-prozess-blog\/2014\/03\/27\/die-zeugin-die-nicht-nur-handlangerin-war-das-medienlog-vom-donnerstag-27-maerz-2014\/","og_site_name":"Das NSU-Prozess-Blog","article_published_time":"2014-03-27T08:45:27+00:00","author":"Tom Sundermann","twitter_misc":{"Geschrieben von":"Tom Sundermann","Gesch\u00e4tzte Lesezeit":"3\u00a0Minuten"},"schema":{"@context":"https:\/\/schema.org","@graph":[{"@type":"WebPage","@id":"https:\/\/blog.zeit.de\/nsu-prozess-blog\/2014\/03\/27\/die-zeugin-die-nicht-nur-handlangerin-war-das-medienlog-vom-donnerstag-27-maerz-2014\/","url":"https:\/\/blog.zeit.de\/nsu-prozess-blog\/2014\/03\/27\/die-zeugin-die-nicht-nur-handlangerin-war-das-medienlog-vom-donnerstag-27-maerz-2014\/","name":"Die Zeugin, die nicht nur Handlangerin war \u2013 Das Medienlog vom Donnerstag, 27. M\u00e4rz 2014 - Das NSU-Prozess-Blog","isPartOf":{"@id":"https:\/\/blog.zeit.de\/nsu-prozess-blog\/#website"},"datePublished":"2014-03-27T08:45:27+00:00","dateModified":"2014-03-27T08:45:27+00:00","author":{"@id":"https:\/\/blog.zeit.de\/nsu-prozess-blog\/#\/schema\/person\/553ea9bb5d1fc2ae054c589bd59380a5"},"breadcrumb":{"@id":"https:\/\/blog.zeit.de\/nsu-prozess-blog\/2014\/03\/27\/die-zeugin-die-nicht-nur-handlangerin-war-das-medienlog-vom-donnerstag-27-maerz-2014\/#breadcrumb"},"inLanguage":"de","potentialAction":[{"@type":"ReadAction","target":["https:\/\/blog.zeit.de\/nsu-prozess-blog\/2014\/03\/27\/die-zeugin-die-nicht-nur-handlangerin-war-das-medienlog-vom-donnerstag-27-maerz-2014\/"]}]},{"@type":"BreadcrumbList","@id":"https:\/\/blog.zeit.de\/nsu-prozess-blog\/2014\/03\/27\/die-zeugin-die-nicht-nur-handlangerin-war-das-medienlog-vom-donnerstag-27-maerz-2014\/#breadcrumb","itemListElement":[{"@type":"ListItem","position":1,"name":"Startseite","item":"https:\/\/blog.zeit.de\/nsu-prozess-blog\/"},{"@type":"ListItem","position":2,"name":"Die Zeugin, die nicht nur Handlangerin war \u2013 Das Medienlog vom Donnerstag, 27. M\u00e4rz 2014"}]},{"@type":"WebSite","@id":"https:\/\/blog.zeit.de\/nsu-prozess-blog\/#website","url":"https:\/\/blog.zeit.de\/nsu-prozess-blog\/","name":"Das NSU-Prozess-Blog","description":"Alle Berichte zum Terrorverfahren in M\u00fcnchen","potentialAction":[{"@type":"SearchAction","target":{"@type":"EntryPoint","urlTemplate":"https:\/\/blog.zeit.de\/nsu-prozess-blog\/?s={search_term_string}"},"query-input":"required name=search_term_string"}],"inLanguage":"de"},{"@type":"Person","@id":"https:\/\/blog.zeit.de\/nsu-prozess-blog\/#\/schema\/person\/553ea9bb5d1fc2ae054c589bd59380a5","name":"Tom Sundermann","image":{"@type":"ImageObject","inLanguage":"de","@id":"https:\/\/blog.zeit.de\/nsu-prozess-blog\/#\/schema\/person\/image\/","url":"https:\/\/secure.gravatar.com\/avatar\/e108a3dc18766f719b2f797dc5d19093f06a1870c55b553ab6b7563f1f9a5e68?s=96&d=mm&r=g","contentUrl":"https:\/\/secure.gravatar.com\/avatar\/e108a3dc18766f719b2f797dc5d19093f06a1870c55b553ab6b7563f1f9a5e68?s=96&d=mm&r=g","caption":"Tom Sundermann"},"sameAs":["https:\/\/twitter.com\/messeticker"],"url":"https:\/\/blog.zeit.de\/nsu-prozess-blog\/author\/tsundermann\/"}]}},"jetpack_featured_media_url":"","jetpack_sharing_enabled":true,"_links":{"self":[{"href":"https:\/\/blog.zeit.de\/nsu-prozess-blog\/wp-json\/wp\/v2\/posts\/6276","targetHints":{"allow":["GET"]}}],"collection":[{"href":"https:\/\/blog.zeit.de\/nsu-prozess-blog\/wp-json\/wp\/v2\/posts"}],"about":[{"href":"https:\/\/blog.zeit.de\/nsu-prozess-blog\/wp-json\/wp\/v2\/types\/post"}],"author":[{"embeddable":true,"href":"https:\/\/blog.zeit.de\/nsu-prozess-blog\/wp-json\/wp\/v2\/users\/435"}],"replies":[{"embeddable":true,"href":"https:\/\/blog.zeit.de\/nsu-prozess-blog\/wp-json\/wp\/v2\/comments?post=6276"}],"version-history":[{"count":11,"href":"https:\/\/blog.zeit.de\/nsu-prozess-blog\/wp-json\/wp\/v2\/posts\/6276\/revisions"}],"predecessor-version":[{"id":6295,"href":"https:\/\/blog.zeit.de\/nsu-prozess-blog\/wp-json\/wp\/v2\/posts\/6276\/revisions\/6295"}],"wp:attachment":[{"href":"https:\/\/blog.zeit.de\/nsu-prozess-blog\/wp-json\/wp\/v2\/media?parent=6276"}],"wp:term":[{"taxonomy":"category","embeddable":true,"href":"https:\/\/blog.zeit.de\/nsu-prozess-blog\/wp-json\/wp\/v2\/categories?post=6276"},{"taxonomy":"post_tag","embeddable":true,"href":"https:\/\/blog.zeit.de\/nsu-prozess-blog\/wp-json\/wp\/v2\/tags?post=6276"}],"curies":[{"name":"wp","href":"https:\/\/api.w.org\/{rel}","templated":true}]}}