{"id":6297,"date":"2014-03-27T18:46:13","date_gmt":"2014-03-27T17:46:13","guid":{"rendered":"http:\/\/blog.zeit.de\/nsu-prozess-blog\/?p=6297"},"modified":"2014-03-27T19:36:31","modified_gmt":"2014-03-27T18:36:31","slug":"der-nazi-der-auspackte","status":"publish","type":"post","link":"https:\/\/blog.zeit.de\/nsu-prozess-blog\/2014\/03\/27\/der-nazi-der-auspackte\/","title":{"rendered":"Der Nazi, der auspackte"},"content":{"rendered":"<p><strong>In der rechten Szene trommelte er die Kameraden zusammen, nebenbei plauderte er mit Geheimdienstlern: \u00dcber den fr\u00fcheren V-Mann Tino Brandt <\/strong><strong>hat ein Verfassungssch\u00fctzer im NSU-Prozess ausgesagt.<\/strong><\/p>\n<p>Wenn Norbert Wie\u00dfner heute von seinem fr\u00fcheren V-Mann Tino Brandt spricht, kommt er regelrecht ins Schw\u00e4rmen. Kooperativ und ehrlich sei Brandt gewesen, er habe &#8222;umfangreich und wahrheitsgem\u00e4\u00df&#8220; Bericht erstattet. Brandt war eine Quelle aus der rechten Szene, wie man sie sich als Verfassungssch\u00fctzer nur w\u00fcnschen konnte: Er gr\u00fcndete den ber\u00fcchtigten Th\u00fcringer Heimatschutz, ein Sammelbecken f\u00fcr Rechte aus dem ganzen Bundesland \u2013 auch f\u00fcr Beate Zsch\u00e4pe, Uwe Mundlos und Uwe B\u00f6hnhardt. Er verf\u00fcgte \u00fcber beste Kontakte in die Szene und wusste, was die Kameraden planten.<\/p>\n<p>Brandt geriet im Jahr 1994 auf den Schirm von Wie\u00dfner, der beim Th\u00fcringer Landesamt f\u00fcr Verfassungsschutz (LfV) f\u00fcr die Anwerbung von Spitzeln zust\u00e4ndig war. Er warb Brandt als V-Mann mit dem Tarnnamen Otto an und schmiedete ein Vertrauensverh\u00e4ltnis, das sieben Jahre lang dauerte \u2013 bis der Informant 2001 enttarnt wurde. Vor Gericht hat Wie\u00dfner nun von der gemeinsamen Arbeit mit Brandt berichtet.<\/p>\n<p>Der 67-j\u00e4hrige Zeuge ist mittlerweile in Pension, doch sein ehemaliger V-Mann ist ihm immer noch bestens in Erinnerung. Brandt \u00fcberragte andere Szenekenner bei Weitem: &#8222;Tino Brandt war die wichtigste Quelle des Amts.&#8220; Ohne seine Hilfe w\u00e4re es kaum m\u00f6glich gewesen, Ausk\u00fcnfte \u00fcber die rechte Szene weiterzugeben.<\/p>\n<p>Nach der Anwerbung wurde Wie\u00dfners Kollege Reiner Bode zum V-Mann-F\u00fchrer. In dieser Zeit schrieb dieser die Berichte \u00fcber die heimlichen Treffen, bei denen Brandt \u00fcber die Szene auspackte. Als die Beh\u00f6rde 1998 umstrukturiert wurde, war die Betreuung des Informanten wieder Wie\u00dfners Job. Pers\u00f6nlichen Kontakt gab es einmal w\u00f6chentlich &#8222;und telefonisch rund um die Uhr&#8220;, erinnert er sich. Treffen waren immer vormittags am Donnerstag, kurz bevor ein Sicherheitsausschuss im Innenministerium die Eins\u00e4tze f\u00fcrs Wochenende plante.<\/p>\n<p><strong>\u00dcber den NSU sagt keiner was<\/strong><\/p>\n<p>In den Gespr\u00e4chen ging es um den Th\u00fcringer Heimatschutz, aber auch um die NPD, in deren Kreisen sich Brandt ebenfalls bewegte. Anfang 1998 kam ein weiteres Thema dazu: Die Suche nach Zsch\u00e4pe, Mundlos und B\u00f6hnhardt, die nach einer Razzia untergetaucht waren. Brandt bekam den Auftrag, sich bei dem heute Angeklagten Ralf Wohlleben und dem dubiosen Zeugen Andr\u00e9 K. umzuh\u00f6ren. Doch in diesem Fall versagte die sonst so brillante Quelle: &#8222;Es hie\u00df immer wieder: Keiner wei\u00df was, keiner sagt was&#8220;, beschreibt Wie\u00dfner die Situation. Schlie\u00dflich mussten die Verfassungssch\u00fctzer einsehen, dass sie Brandt bei den Kameraden in Verdacht gebracht h\u00e4tten, wenn sie ihn immer wieder mit Nachfragen beauftragt h\u00e4tten.<\/p>\n<p>\u00dcber die Motivation ihres Kontakts machten sich die Verfassungssch\u00fctzer indes keine Illusionen: &#8222;Das entscheidende F\u00fchrungsmittel war Geld&#8220;, sagt Wie\u00dfner. F\u00fcr Bares &#8222;h\u00e4tte er vermutlich 24 Stunden Dienst gemacht&#8220;. Zwischen 1998 und 2001 erhielt Brandt laut Wie\u00dfner 1.200 bis 1.500 Mark im Monat. Damit d\u00fcrfte Brandt einer der bestbezahlten V-M\u00e4nner auf der Gehaltsliste des LfV gewesen sein. Er selber sagt, er habe insgesamt 200.000 Mark erhalten.<\/p>\n<p><strong>Gehorsamsverweigerung f\u00fcr den besten Informanten<\/strong><\/p>\n<p>V-Mann-F\u00fchrer Wie\u00dfner war von seinem Informanten so \u00fcberzeugt, dass er sogar den Gehorsam verweigerte, um Brandt zu sch\u00fctzen. Denn im Sommer 2000 entschied Amtsleiter Helmut Roewer, Brandt &#8222;abzuschalten&#8220;.<\/p>\n<p>Der Spitzel hatte sich bei den Beamten unbeliebt gemacht, weil er einen Posten als stellvertretender Landesvorsitzender der NPD angenommen hatte. F\u00fchrungskr\u00e4fte in rechten Parteien wollte das Amt nicht in seiner Informantenkartei. Wie\u00dfner sagt, er habe das ergiebige Verh\u00e4ltnis nicht &#8222;Knall auf Fall&#8220; beenden wollen. Weil er sich weigerte, musste der fr\u00fchere V-Mann-F\u00fchrer Bode die Nachricht an Brandt \u00fcberbringen.<\/p>\n<p>Die Trennung war jedoch nicht von Dauer: Schon ein Vierteljahr sp\u00e4ter griff das Th\u00fcringer Innenministerium ein und lie\u00df Brandt zur\u00fcckbeordern. Der Informant war einfach zu wertvoll. Brandt bekam eine neue Akte und wurde unter dem Decknamen Oskar gef\u00fchrt. Erst, nachdem Roewer als Verfassungsschutzpr\u00e4sident abgel\u00f6st worden war, kam das endg\u00fcltige Aus f\u00fcr die Zusammenarbeit. Im Januar 2001 schaltete Wie\u00dfner Brandt ab, vereinbarte jedoch sogenannte Nachsorgetreffen, um gelegentlich noch auf dessen Wissen zugreifen zu k\u00f6nnen.<\/p>\n<p>Das letzte der sechs Treffen war aus Sicht der Verfassungssch\u00fctzer eines zu viel: Am 1. Mai 2001 plante die NPD in Frankfurt am Main einen Aufmarsch, an dem auch eine Busladung Rechter aus Th\u00fcringen teilnehmen sollte. Brandts Informationen waren gefragt. Doch das passte einigen Mitarbeitern des LfV nicht. &#8222;Dieser Treff ist vom Amt verraten worden&#8220;, sagt Wie\u00dfner. Der Leiter des Referats f\u00fcr Rechtsextremismus habe einige Mitarbeiter zur Observation des Treffens abgestellt \u2013 &#8222;das war total un\u00fcblich&#8220;, sagt Wie\u00dfner vor Gericht h\u00f6rbar erregt.<\/p>\n<p>Das Gespr\u00e4ch wurde an die \u00f6rtliche Zeitung durchgestochen, deren Redakteure Brandt und Wie\u00dfner beim vermeintlich vertraulichen Austausch beobachteten. Kurz darauf war Brandt \u00f6ffentlich enttarnt. Wie\u00dfner lie\u00df sich nach der Indiskretion zum Landeskriminalamt versetzen. Beim Verfassungsschutz war er gemeinsam mit seiner Quelle untergegangen.<\/p>\n","protected":false},"excerpt":{"rendered":"<p>In der rechten Szene trommelte er die Kameraden zusammen, nebenbei plauderte er mit Geheimdienstlern: \u00dcber den fr\u00fcheren V-Mann Tino Brandt hat ein Verfassungssch\u00fctzer im NSU-Prozess ausgesagt. Wenn Norbert Wie\u00dfner heute von seinem fr\u00fcheren V-Mann Tino Brandt spricht, kommt er regelrecht ins Schw\u00e4rmen. Kooperativ und ehrlich sei Brandt gewesen, er habe &#8222;umfangreich und wahrheitsgem\u00e4\u00df&#8220; Bericht erstattet. [&hellip;]<\/p>\n","protected":false},"author":435,"featured_media":0,"comment_status":"open","ping_status":"open","sticky":false,"template":"","format":"standard","meta":{"_jetpack_memberships_contains_paid_content":false,"footnotes":""},"categories":[27532],"tags":[],"class_list":["post-6297","post","type-post","status-publish","format-standard","hentry","category-prozesstage"],"yoast_head":"<!-- This site is optimized with the Yoast SEO plugin v21.0 - https:\/\/yoast.com\/wordpress\/plugins\/seo\/ -->\n<title>Der Nazi, der auspackte - Das NSU-Prozess-Blog<\/title>\n<meta name=\"robots\" content=\"index, follow, max-snippet:-1, max-image-preview:large, max-video-preview:-1\" \/>\n<link rel=\"canonical\" href=\"https:\/\/blog.zeit.de\/nsu-prozess-blog\/2014\/03\/27\/der-nazi-der-auspackte\/\" \/>\n<meta property=\"og:locale\" content=\"de_DE\" \/>\n<meta property=\"og:type\" content=\"article\" \/>\n<meta property=\"og:title\" content=\"Der Nazi, der auspackte - Das NSU-Prozess-Blog\" \/>\n<meta property=\"og:description\" content=\"In der rechten Szene trommelte er die Kameraden zusammen, nebenbei plauderte er mit Geheimdienstlern: \u00dcber den fr\u00fcheren V-Mann Tino Brandt hat ein Verfassungssch\u00fctzer im NSU-Prozess ausgesagt. Wenn Norbert Wie\u00dfner heute von seinem fr\u00fcheren V-Mann Tino Brandt spricht, kommt er regelrecht ins Schw\u00e4rmen. Kooperativ und ehrlich sei Brandt gewesen, er habe &#8222;umfangreich und wahrheitsgem\u00e4\u00df&#8220; Bericht erstattet. [&hellip;]\" \/>\n<meta property=\"og:url\" content=\"https:\/\/blog.zeit.de\/nsu-prozess-blog\/2014\/03\/27\/der-nazi-der-auspackte\/\" \/>\n<meta property=\"og:site_name\" content=\"Das NSU-Prozess-Blog\" \/>\n<meta property=\"article:published_time\" content=\"2014-03-27T17:46:13+00:00\" \/>\n<meta property=\"article:modified_time\" content=\"2014-03-27T18:36:31+00:00\" \/>\n<meta name=\"author\" content=\"Tom Sundermann\" \/>\n<meta name=\"twitter:label1\" content=\"Geschrieben von\" \/>\n\t<meta name=\"twitter:data1\" content=\"Tom Sundermann\" \/>\n\t<meta name=\"twitter:label2\" content=\"Gesch\u00e4tzte Lesezeit\" \/>\n\t<meta name=\"twitter:data2\" content=\"4\u00a0Minuten\" \/>\n<script type=\"application\/ld+json\" class=\"yoast-schema-graph\">{\"@context\":\"https:\/\/schema.org\",\"@graph\":[{\"@type\":\"WebPage\",\"@id\":\"https:\/\/blog.zeit.de\/nsu-prozess-blog\/2014\/03\/27\/der-nazi-der-auspackte\/\",\"url\":\"https:\/\/blog.zeit.de\/nsu-prozess-blog\/2014\/03\/27\/der-nazi-der-auspackte\/\",\"name\":\"Der Nazi, der auspackte - Das NSU-Prozess-Blog\",\"isPartOf\":{\"@id\":\"https:\/\/blog.zeit.de\/nsu-prozess-blog\/#website\"},\"datePublished\":\"2014-03-27T17:46:13+00:00\",\"dateModified\":\"2014-03-27T18:36:31+00:00\",\"author\":{\"@id\":\"https:\/\/blog.zeit.de\/nsu-prozess-blog\/#\/schema\/person\/553ea9bb5d1fc2ae054c589bd59380a5\"},\"breadcrumb\":{\"@id\":\"https:\/\/blog.zeit.de\/nsu-prozess-blog\/2014\/03\/27\/der-nazi-der-auspackte\/#breadcrumb\"},\"inLanguage\":\"de\",\"potentialAction\":[{\"@type\":\"ReadAction\",\"target\":[\"https:\/\/blog.zeit.de\/nsu-prozess-blog\/2014\/03\/27\/der-nazi-der-auspackte\/\"]}]},{\"@type\":\"BreadcrumbList\",\"@id\":\"https:\/\/blog.zeit.de\/nsu-prozess-blog\/2014\/03\/27\/der-nazi-der-auspackte\/#breadcrumb\",\"itemListElement\":[{\"@type\":\"ListItem\",\"position\":1,\"name\":\"Startseite\",\"item\":\"https:\/\/blog.zeit.de\/nsu-prozess-blog\/\"},{\"@type\":\"ListItem\",\"position\":2,\"name\":\"Der Nazi, der auspackte\"}]},{\"@type\":\"WebSite\",\"@id\":\"https:\/\/blog.zeit.de\/nsu-prozess-blog\/#website\",\"url\":\"https:\/\/blog.zeit.de\/nsu-prozess-blog\/\",\"name\":\"Das NSU-Prozess-Blog\",\"description\":\"Alle Berichte zum Terrorverfahren in M\u00fcnchen\",\"potentialAction\":[{\"@type\":\"SearchAction\",\"target\":{\"@type\":\"EntryPoint\",\"urlTemplate\":\"https:\/\/blog.zeit.de\/nsu-prozess-blog\/?s={search_term_string}\"},\"query-input\":\"required name=search_term_string\"}],\"inLanguage\":\"de\"},{\"@type\":\"Person\",\"@id\":\"https:\/\/blog.zeit.de\/nsu-prozess-blog\/#\/schema\/person\/553ea9bb5d1fc2ae054c589bd59380a5\",\"name\":\"Tom Sundermann\",\"image\":{\"@type\":\"ImageObject\",\"inLanguage\":\"de\",\"@id\":\"https:\/\/blog.zeit.de\/nsu-prozess-blog\/#\/schema\/person\/image\/\",\"url\":\"https:\/\/secure.gravatar.com\/avatar\/e108a3dc18766f719b2f797dc5d19093f06a1870c55b553ab6b7563f1f9a5e68?s=96&d=mm&r=g\",\"contentUrl\":\"https:\/\/secure.gravatar.com\/avatar\/e108a3dc18766f719b2f797dc5d19093f06a1870c55b553ab6b7563f1f9a5e68?s=96&d=mm&r=g\",\"caption\":\"Tom Sundermann\"},\"sameAs\":[\"https:\/\/twitter.com\/messeticker\"],\"url\":\"https:\/\/blog.zeit.de\/nsu-prozess-blog\/author\/tsundermann\/\"}]}<\/script>\n<!-- \/ Yoast SEO plugin. -->","yoast_head_json":{"title":"Der Nazi, der auspackte - Das NSU-Prozess-Blog","robots":{"index":"index","follow":"follow","max-snippet":"max-snippet:-1","max-image-preview":"max-image-preview:large","max-video-preview":"max-video-preview:-1"},"canonical":"https:\/\/blog.zeit.de\/nsu-prozess-blog\/2014\/03\/27\/der-nazi-der-auspackte\/","og_locale":"de_DE","og_type":"article","og_title":"Der Nazi, der auspackte - Das NSU-Prozess-Blog","og_description":"In der rechten Szene trommelte er die Kameraden zusammen, nebenbei plauderte er mit Geheimdienstlern: \u00dcber den fr\u00fcheren V-Mann Tino Brandt hat ein Verfassungssch\u00fctzer im NSU-Prozess ausgesagt. Wenn Norbert Wie\u00dfner heute von seinem fr\u00fcheren V-Mann Tino Brandt spricht, kommt er regelrecht ins Schw\u00e4rmen. Kooperativ und ehrlich sei Brandt gewesen, er habe &#8222;umfangreich und wahrheitsgem\u00e4\u00df&#8220; Bericht erstattet. [&hellip;]","og_url":"https:\/\/blog.zeit.de\/nsu-prozess-blog\/2014\/03\/27\/der-nazi-der-auspackte\/","og_site_name":"Das NSU-Prozess-Blog","article_published_time":"2014-03-27T17:46:13+00:00","article_modified_time":"2014-03-27T18:36:31+00:00","author":"Tom Sundermann","twitter_misc":{"Geschrieben von":"Tom Sundermann","Gesch\u00e4tzte Lesezeit":"4\u00a0Minuten"},"schema":{"@context":"https:\/\/schema.org","@graph":[{"@type":"WebPage","@id":"https:\/\/blog.zeit.de\/nsu-prozess-blog\/2014\/03\/27\/der-nazi-der-auspackte\/","url":"https:\/\/blog.zeit.de\/nsu-prozess-blog\/2014\/03\/27\/der-nazi-der-auspackte\/","name":"Der Nazi, der auspackte - Das NSU-Prozess-Blog","isPartOf":{"@id":"https:\/\/blog.zeit.de\/nsu-prozess-blog\/#website"},"datePublished":"2014-03-27T17:46:13+00:00","dateModified":"2014-03-27T18:36:31+00:00","author":{"@id":"https:\/\/blog.zeit.de\/nsu-prozess-blog\/#\/schema\/person\/553ea9bb5d1fc2ae054c589bd59380a5"},"breadcrumb":{"@id":"https:\/\/blog.zeit.de\/nsu-prozess-blog\/2014\/03\/27\/der-nazi-der-auspackte\/#breadcrumb"},"inLanguage":"de","potentialAction":[{"@type":"ReadAction","target":["https:\/\/blog.zeit.de\/nsu-prozess-blog\/2014\/03\/27\/der-nazi-der-auspackte\/"]}]},{"@type":"BreadcrumbList","@id":"https:\/\/blog.zeit.de\/nsu-prozess-blog\/2014\/03\/27\/der-nazi-der-auspackte\/#breadcrumb","itemListElement":[{"@type":"ListItem","position":1,"name":"Startseite","item":"https:\/\/blog.zeit.de\/nsu-prozess-blog\/"},{"@type":"ListItem","position":2,"name":"Der Nazi, der auspackte"}]},{"@type":"WebSite","@id":"https:\/\/blog.zeit.de\/nsu-prozess-blog\/#website","url":"https:\/\/blog.zeit.de\/nsu-prozess-blog\/","name":"Das NSU-Prozess-Blog","description":"Alle Berichte zum Terrorverfahren in M\u00fcnchen","potentialAction":[{"@type":"SearchAction","target":{"@type":"EntryPoint","urlTemplate":"https:\/\/blog.zeit.de\/nsu-prozess-blog\/?s={search_term_string}"},"query-input":"required name=search_term_string"}],"inLanguage":"de"},{"@type":"Person","@id":"https:\/\/blog.zeit.de\/nsu-prozess-blog\/#\/schema\/person\/553ea9bb5d1fc2ae054c589bd59380a5","name":"Tom Sundermann","image":{"@type":"ImageObject","inLanguage":"de","@id":"https:\/\/blog.zeit.de\/nsu-prozess-blog\/#\/schema\/person\/image\/","url":"https:\/\/secure.gravatar.com\/avatar\/e108a3dc18766f719b2f797dc5d19093f06a1870c55b553ab6b7563f1f9a5e68?s=96&d=mm&r=g","contentUrl":"https:\/\/secure.gravatar.com\/avatar\/e108a3dc18766f719b2f797dc5d19093f06a1870c55b553ab6b7563f1f9a5e68?s=96&d=mm&r=g","caption":"Tom Sundermann"},"sameAs":["https:\/\/twitter.com\/messeticker"],"url":"https:\/\/blog.zeit.de\/nsu-prozess-blog\/author\/tsundermann\/"}]}},"jetpack_featured_media_url":"","jetpack_sharing_enabled":true,"_links":{"self":[{"href":"https:\/\/blog.zeit.de\/nsu-prozess-blog\/wp-json\/wp\/v2\/posts\/6297","targetHints":{"allow":["GET"]}}],"collection":[{"href":"https:\/\/blog.zeit.de\/nsu-prozess-blog\/wp-json\/wp\/v2\/posts"}],"about":[{"href":"https:\/\/blog.zeit.de\/nsu-prozess-blog\/wp-json\/wp\/v2\/types\/post"}],"author":[{"embeddable":true,"href":"https:\/\/blog.zeit.de\/nsu-prozess-blog\/wp-json\/wp\/v2\/users\/435"}],"replies":[{"embeddable":true,"href":"https:\/\/blog.zeit.de\/nsu-prozess-blog\/wp-json\/wp\/v2\/comments?post=6297"}],"version-history":[{"count":10,"href":"https:\/\/blog.zeit.de\/nsu-prozess-blog\/wp-json\/wp\/v2\/posts\/6297\/revisions"}],"predecessor-version":[{"id":6307,"href":"https:\/\/blog.zeit.de\/nsu-prozess-blog\/wp-json\/wp\/v2\/posts\/6297\/revisions\/6307"}],"wp:attachment":[{"href":"https:\/\/blog.zeit.de\/nsu-prozess-blog\/wp-json\/wp\/v2\/media?parent=6297"}],"wp:term":[{"taxonomy":"category","embeddable":true,"href":"https:\/\/blog.zeit.de\/nsu-prozess-blog\/wp-json\/wp\/v2\/categories?post=6297"},{"taxonomy":"post_tag","embeddable":true,"href":"https:\/\/blog.zeit.de\/nsu-prozess-blog\/wp-json\/wp\/v2\/tags?post=6297"}],"curies":[{"name":"wp","href":"https:\/\/api.w.org\/{rel}","templated":true}]}}