{"id":6309,"date":"2014-03-28T08:42:58","date_gmt":"2014-03-28T07:42:58","guid":{"rendered":"http:\/\/blog.zeit.de\/nsu-prozess-blog\/?p=6309"},"modified":"2014-03-28T14:00:49","modified_gmt":"2014-03-28T13:00:49","slug":"zwei-spitzel-an-einem-tag-das-medienlog-vom-freitag-28-maerz-2014","status":"publish","type":"post","link":"https:\/\/blog.zeit.de\/nsu-prozess-blog\/2014\/03\/28\/zwei-spitzel-an-einem-tag-das-medienlog-vom-freitag-28-maerz-2014\/","title":{"rendered":"Zwei Spitzel an einem Tag? \u2013 Das Medienlog vom Freitag, 28. M\u00e4rz 2014"},"content":{"rendered":"<p>Am Donnerstag haben im NSU-Prozess die Ex-Freundin von Ralf-Wohlleben, Juliane W., und zwei Mitarbeiter des Th\u00fcringer Verfassungsschutzes ausgesagt. Das Thema war in allen Vernehmungen dasselbe, wenn auch aus unterschiedlichen Perspektiven: die V-Mann-T\u00e4tigkeiten des Geheimdienstes in Th\u00fcringen. Die Prozessbeteiligten erkundigten sich sowohl nach nachrichtendienstlichen Befragungen bei W. als auch nach der Arbeit des V-Manns Tino Brandt. Dessen ehemaliger V-Mann-F\u00fchrer Norbert Wie\u00dfner &#8222;lobte den 1994 von ihm angeworbenen Spitzel in h\u00f6chsten T\u00f6nen&#8220;, berichtet Frank Jansen im <a href=\"http:\/\/www.tagesspiegel.de\/politik\/nsu-prozess-99-tag-das-kuriositaetenkabinett-des-tino-brandt\/9679994.html\" target=\"_blank\"><em>Tagesspiegel<\/em><\/a>.<\/p>\n<p><!--more--><\/p>\n<p><em>An jedem Werktag sichten wir f\u00fcr das NSU-Prozess-Blog die Medien und stellen wichtige Berichte, Blogs, Videos und Tweets zusammen. Wir freuen uns \u00fcber Hinweise via Twitter mit dem Hashtag #nsublog \u2013 oder per E-Mail an <a href=\"mailto:nsublog@zeit.de\">nsublog@zeit.de<\/a>.<\/em><\/p>\n<p>Wie\u00dfner beschrieb den fr\u00fcheren Informanten als ehrlich und zuverl\u00e4ssig \u2013 und machte gleichzeitig deutlich, dass es Brandt bei der Zusammenarbeit in erster Linie um sein Honorar ging. Das Geld floss bis 2001, als Brandt enttarnt wurde. Dass es soweit kam, &#8222;war offenbar auch ein Resultat interner Konflikte im Th\u00fcringer Verfassungsschutz&#8220;, res\u00fcmiert Jansen. Wie\u00dfner wirft seiner Beh\u00f6rde vor, den V-Mann &#8222;verraten&#8220; zu haben. Brauchbare Hinweise auf den Aufenthaltsort des untergetauchten NSU-Trios lieferte Brandt indes nicht, obwohl er nach dessen Flucht im Januar 1998 noch mit den Dreien in Kontakt stand. Fraglich ist, ob er den Geheimdienstlern alles gesagt hatte, was er wusste: &#8222;Bis heute ist offen, ob der Neonazi ein doppeltes Spiel getrieben haben k\u00f6nnte.&#8220;<\/p>\n<p>Brandt war eine Quelle, &#8222;wie man sie sich als Verfassungssch\u00fctzer nur w\u00fcnschen konnte&#8220;, schreibt <a href=\"https:\/\/blog.zeit.de\/nsu-prozess-blog\/2014\/03\/27\/der-nazi-der-auspackte\/\" target=\"_blank\">ZEIT ONLINE<\/a>. Deshalb habe sich Wie\u00dfner auch noch f\u00fcr den V-Mann eingesetzt, als dieser das erste Mal von der Beh\u00f6rdenleitung &#8222;abgeschaltet&#8220; wurde, wie es im Geheimdienstjargon hei\u00dft. Das Ende der Zusammenarbeit bedeutete auch das Aus f\u00fcr Wie\u00dfners Karriere beim Verfassungsschutz \u2013 der Beamte sei &#8222;gemeinsam mit seiner Quelle untergegangen&#8220;.<\/p>\n<p>Wie\u00dfner habe &#8222;freim\u00fctig&#8220; \u00fcber den V-Mann berichtet, den er als &#8222;einzig wichtige Quelle&#8220; bezeichnete, wie Per Hinrichs in der <a href=\"http:\/\/www.welt.de\/politik\/deutschland\/article126285049\/Die-Nazi-Zutraeger-und-der-Verfassungsschutz.html\" target=\"_blank\"><em>Welt<\/em><\/a> berichtet. Dass Brandt so entscheidend f\u00fcr Erkenntnisse aus der rechten Szene gewesen war, habe Erstaunen hervorgerufen: &#8222;Ein einziger NPD-Funktion\u00e4r leistet die gesamte Aufkl\u00e4rung im Bereich Rechtsextremismus eines Bundeslandes?&#8220;<\/p>\n<p>Der Zeuge hatte seinerzeit auch eine andere Quelle befragt: <a href=\"https:\/\/blog.zeit.de\/nsu-prozess-blog\/2014\/03\/26\/die-naive-informantin\/\">Juliane W., die Ex-Freundin des Mitangeklagten Ralf Wohlleben.<\/a> Am Mittwoch hatte sie bereits einen Tag lang Fragen beantwortet, am Donnerstagvormittag stand sie erneut im Zeugenstand. Die Verfassungssch\u00fctzer versuchten \u00fcber W. und damit ihren Freund Hinweise zum Unterschlupf des NSU zu bekommen, jedoch ohne Erfolg. Pikant an der Befragung: Die Zeugin war damals gerade 17 Jahre alt. 16 Jahre sp\u00e4ter ist ihr angeblich vieles aus der Zeit entfallen. &#8222;So m\u00fchsam die Befragung ist, sie erhellt immerhin die Arbeit des Verfassungsschutzes&#8220;, berichtet Tanjev Schultz in der <a href=\"http:\/\/www.sueddeutsche.de\/politik\/nsu-prozess-keiner-weiss-was-keiner-sagt-was-1.1923568\" target=\"_blank\"><em>S\u00fcddeutschen Zeitung<\/em><\/a>.<\/p>\n<p>W. selbst hatte angegeben, nur zweimal von den Beamten angesprochen worden zu sein. Wie\u00dfner sagte nun, es habe sich um drei bis sechs Treffen gehandelt. Ging W.s Rolle in dem Fall also doch eher in Richtung Spitzel? W. sagte auch, sie habe wie von den Ermittlern gew\u00fcnscht ihrem Freund nichts von den Gespr\u00e4chen erz\u00e4hlt. &#8222;Sollte sie es doch getan haben, w\u00e4re er gewarnt gewesen&#8220;, bemerkt Schultz. Verfassungssch\u00fctzer Wiesener h\u00e4tten &#8222;die unklaren Loyalit\u00e4ten der 17-J\u00e4hrigen bewusst gewesen sein m\u00fcssen&#8220;, merkt Claudia Wangerin in der <a href=\"http:\/\/www.jungewelt.de\/2014\/03-28\/035.php\" target=\"_blank\"><em>Jungen Welt<\/em><\/a> an.<\/p>\n<p>Andreas Speit beleuchtet im Blog <a href=\"http:\/\/www.bnr.de\/artikel\/hintergrund\/kritische-befragung-wird-verhindert\" target=\"_blank\"><em>Blick nach Rechts<\/em><\/a> die angespannte Stimmung zwischen Nebenklagevertretern und der Bundesanwaltschaft. Wegen W.s &#8222;Verweigerungshaltung&#8220; habe die Anw\u00e4ltin G\u00fcl Pinar einen Antrag auf Verh\u00e4ngung eines Ordnungsgelds gegen die Zeugin angek\u00fcndigt. Im Anschluss schien die Stimmung im Saal &#8222;giftiger zu werden&#8220;. \u00dcberhaupt seien im Prozess &#8222;die Fronten erh\u00e4rtet&#8220;, Nebenkl\u00e4ger h\u00e4tten sich in der vergangenen Woche von den Anklagevertretern in ihrem Fragerecht beschnitten gef\u00fchlt. Die Bundesanwaltschaft wies das auf Anfrage des Mediums zur\u00fcck.<\/p>\n<p><em>Das n\u00e4chste Medienlog erscheint am Montag, 31. M\u00e4rz 2014.<\/em><\/p>\n","protected":false},"excerpt":{"rendered":"<p>Am Donnerstag haben im NSU-Prozess die Ex-Freundin von Ralf-Wohlleben, Juliane W., und zwei Mitarbeiter des Th\u00fcringer Verfassungsschutzes ausgesagt. Das Thema war in allen Vernehmungen dasselbe, wenn auch aus unterschiedlichen Perspektiven: die V-Mann-T\u00e4tigkeiten des Geheimdienstes in Th\u00fcringen. Die Prozessbeteiligten erkundigten sich sowohl nach nachrichtendienstlichen Befragungen bei W. als auch nach der Arbeit des V-Manns Tino Brandt. [&hellip;]<\/p>\n","protected":false},"author":435,"featured_media":0,"comment_status":"open","ping_status":"open","sticky":false,"template":"","format":"standard","meta":{"_jetpack_memberships_contains_paid_content":false,"footnotes":""},"categories":[27531],"tags":[12740,12741,1836],"class_list":["post-6309","post","type-post","status-publish","format-standard","hentry","category-medienschau","tag-thuringer-heimatschutz","tag-tino-brandt","tag-verfassungsschutz"],"yoast_head":"<!-- This site is optimized with the Yoast SEO plugin v21.0 - https:\/\/yoast.com\/wordpress\/plugins\/seo\/ -->\n<title>Zwei Spitzel an einem Tag? \u2013 Das Medienlog vom Freitag, 28. M\u00e4rz 2014 - Das NSU-Prozess-Blog<\/title>\n<meta name=\"robots\" content=\"index, follow, max-snippet:-1, max-image-preview:large, max-video-preview:-1\" \/>\n<link rel=\"canonical\" href=\"https:\/\/blog.zeit.de\/nsu-prozess-blog\/2014\/03\/28\/zwei-spitzel-an-einem-tag-das-medienlog-vom-freitag-28-maerz-2014\/\" \/>\n<meta property=\"og:locale\" content=\"de_DE\" \/>\n<meta property=\"og:type\" content=\"article\" \/>\n<meta property=\"og:title\" content=\"Zwei Spitzel an einem Tag? \u2013 Das Medienlog vom Freitag, 28. M\u00e4rz 2014 - Das NSU-Prozess-Blog\" \/>\n<meta property=\"og:description\" content=\"Am Donnerstag haben im NSU-Prozess die Ex-Freundin von Ralf-Wohlleben, Juliane W., und zwei Mitarbeiter des Th\u00fcringer Verfassungsschutzes ausgesagt. Das Thema war in allen Vernehmungen dasselbe, wenn auch aus unterschiedlichen Perspektiven: die V-Mann-T\u00e4tigkeiten des Geheimdienstes in Th\u00fcringen. Die Prozessbeteiligten erkundigten sich sowohl nach nachrichtendienstlichen Befragungen bei W. als auch nach der Arbeit des V-Manns Tino Brandt. [&hellip;]\" \/>\n<meta property=\"og:url\" content=\"https:\/\/blog.zeit.de\/nsu-prozess-blog\/2014\/03\/28\/zwei-spitzel-an-einem-tag-das-medienlog-vom-freitag-28-maerz-2014\/\" \/>\n<meta property=\"og:site_name\" content=\"Das NSU-Prozess-Blog\" \/>\n<meta property=\"article:published_time\" content=\"2014-03-28T07:42:58+00:00\" \/>\n<meta property=\"article:modified_time\" content=\"2014-03-28T13:00:49+00:00\" \/>\n<meta name=\"author\" content=\"Tom Sundermann\" \/>\n<meta name=\"twitter:label1\" content=\"Geschrieben von\" \/>\n\t<meta name=\"twitter:data1\" content=\"Tom Sundermann\" \/>\n\t<meta name=\"twitter:label2\" content=\"Gesch\u00e4tzte Lesezeit\" \/>\n\t<meta name=\"twitter:data2\" content=\"3\u00a0Minuten\" \/>\n<script type=\"application\/ld+json\" class=\"yoast-schema-graph\">{\"@context\":\"https:\/\/schema.org\",\"@graph\":[{\"@type\":\"WebPage\",\"@id\":\"https:\/\/blog.zeit.de\/nsu-prozess-blog\/2014\/03\/28\/zwei-spitzel-an-einem-tag-das-medienlog-vom-freitag-28-maerz-2014\/\",\"url\":\"https:\/\/blog.zeit.de\/nsu-prozess-blog\/2014\/03\/28\/zwei-spitzel-an-einem-tag-das-medienlog-vom-freitag-28-maerz-2014\/\",\"name\":\"Zwei Spitzel an einem Tag? \u2013 Das Medienlog vom Freitag, 28. M\u00e4rz 2014 - Das NSU-Prozess-Blog\",\"isPartOf\":{\"@id\":\"https:\/\/blog.zeit.de\/nsu-prozess-blog\/#website\"},\"datePublished\":\"2014-03-28T07:42:58+00:00\",\"dateModified\":\"2014-03-28T13:00:49+00:00\",\"author\":{\"@id\":\"https:\/\/blog.zeit.de\/nsu-prozess-blog\/#\/schema\/person\/553ea9bb5d1fc2ae054c589bd59380a5\"},\"breadcrumb\":{\"@id\":\"https:\/\/blog.zeit.de\/nsu-prozess-blog\/2014\/03\/28\/zwei-spitzel-an-einem-tag-das-medienlog-vom-freitag-28-maerz-2014\/#breadcrumb\"},\"inLanguage\":\"de\",\"potentialAction\":[{\"@type\":\"ReadAction\",\"target\":[\"https:\/\/blog.zeit.de\/nsu-prozess-blog\/2014\/03\/28\/zwei-spitzel-an-einem-tag-das-medienlog-vom-freitag-28-maerz-2014\/\"]}]},{\"@type\":\"BreadcrumbList\",\"@id\":\"https:\/\/blog.zeit.de\/nsu-prozess-blog\/2014\/03\/28\/zwei-spitzel-an-einem-tag-das-medienlog-vom-freitag-28-maerz-2014\/#breadcrumb\",\"itemListElement\":[{\"@type\":\"ListItem\",\"position\":1,\"name\":\"Startseite\",\"item\":\"https:\/\/blog.zeit.de\/nsu-prozess-blog\/\"},{\"@type\":\"ListItem\",\"position\":2,\"name\":\"Zwei Spitzel an einem Tag? \u2013 Das Medienlog vom Freitag, 28. M\u00e4rz 2014\"}]},{\"@type\":\"WebSite\",\"@id\":\"https:\/\/blog.zeit.de\/nsu-prozess-blog\/#website\",\"url\":\"https:\/\/blog.zeit.de\/nsu-prozess-blog\/\",\"name\":\"Das NSU-Prozess-Blog\",\"description\":\"Alle Berichte zum Terrorverfahren in M\u00fcnchen\",\"potentialAction\":[{\"@type\":\"SearchAction\",\"target\":{\"@type\":\"EntryPoint\",\"urlTemplate\":\"https:\/\/blog.zeit.de\/nsu-prozess-blog\/?s={search_term_string}\"},\"query-input\":\"required name=search_term_string\"}],\"inLanguage\":\"de\"},{\"@type\":\"Person\",\"@id\":\"https:\/\/blog.zeit.de\/nsu-prozess-blog\/#\/schema\/person\/553ea9bb5d1fc2ae054c589bd59380a5\",\"name\":\"Tom Sundermann\",\"image\":{\"@type\":\"ImageObject\",\"inLanguage\":\"de\",\"@id\":\"https:\/\/blog.zeit.de\/nsu-prozess-blog\/#\/schema\/person\/image\/\",\"url\":\"https:\/\/secure.gravatar.com\/avatar\/e108a3dc18766f719b2f797dc5d19093f06a1870c55b553ab6b7563f1f9a5e68?s=96&d=mm&r=g\",\"contentUrl\":\"https:\/\/secure.gravatar.com\/avatar\/e108a3dc18766f719b2f797dc5d19093f06a1870c55b553ab6b7563f1f9a5e68?s=96&d=mm&r=g\",\"caption\":\"Tom Sundermann\"},\"sameAs\":[\"https:\/\/twitter.com\/messeticker\"],\"url\":\"https:\/\/blog.zeit.de\/nsu-prozess-blog\/author\/tsundermann\/\"}]}<\/script>\n<!-- \/ Yoast SEO plugin. -->","yoast_head_json":{"title":"Zwei Spitzel an einem Tag? \u2013 Das Medienlog vom Freitag, 28. M\u00e4rz 2014 - Das NSU-Prozess-Blog","robots":{"index":"index","follow":"follow","max-snippet":"max-snippet:-1","max-image-preview":"max-image-preview:large","max-video-preview":"max-video-preview:-1"},"canonical":"https:\/\/blog.zeit.de\/nsu-prozess-blog\/2014\/03\/28\/zwei-spitzel-an-einem-tag-das-medienlog-vom-freitag-28-maerz-2014\/","og_locale":"de_DE","og_type":"article","og_title":"Zwei Spitzel an einem Tag? \u2013 Das Medienlog vom Freitag, 28. M\u00e4rz 2014 - Das NSU-Prozess-Blog","og_description":"Am Donnerstag haben im NSU-Prozess die Ex-Freundin von Ralf-Wohlleben, Juliane W., und zwei Mitarbeiter des Th\u00fcringer Verfassungsschutzes ausgesagt. Das Thema war in allen Vernehmungen dasselbe, wenn auch aus unterschiedlichen Perspektiven: die V-Mann-T\u00e4tigkeiten des Geheimdienstes in Th\u00fcringen. Die Prozessbeteiligten erkundigten sich sowohl nach nachrichtendienstlichen Befragungen bei W. als auch nach der Arbeit des V-Manns Tino Brandt. [&hellip;]","og_url":"https:\/\/blog.zeit.de\/nsu-prozess-blog\/2014\/03\/28\/zwei-spitzel-an-einem-tag-das-medienlog-vom-freitag-28-maerz-2014\/","og_site_name":"Das NSU-Prozess-Blog","article_published_time":"2014-03-28T07:42:58+00:00","article_modified_time":"2014-03-28T13:00:49+00:00","author":"Tom Sundermann","twitter_misc":{"Geschrieben von":"Tom Sundermann","Gesch\u00e4tzte Lesezeit":"3\u00a0Minuten"},"schema":{"@context":"https:\/\/schema.org","@graph":[{"@type":"WebPage","@id":"https:\/\/blog.zeit.de\/nsu-prozess-blog\/2014\/03\/28\/zwei-spitzel-an-einem-tag-das-medienlog-vom-freitag-28-maerz-2014\/","url":"https:\/\/blog.zeit.de\/nsu-prozess-blog\/2014\/03\/28\/zwei-spitzel-an-einem-tag-das-medienlog-vom-freitag-28-maerz-2014\/","name":"Zwei Spitzel an einem Tag? \u2013 Das Medienlog vom Freitag, 28. M\u00e4rz 2014 - Das NSU-Prozess-Blog","isPartOf":{"@id":"https:\/\/blog.zeit.de\/nsu-prozess-blog\/#website"},"datePublished":"2014-03-28T07:42:58+00:00","dateModified":"2014-03-28T13:00:49+00:00","author":{"@id":"https:\/\/blog.zeit.de\/nsu-prozess-blog\/#\/schema\/person\/553ea9bb5d1fc2ae054c589bd59380a5"},"breadcrumb":{"@id":"https:\/\/blog.zeit.de\/nsu-prozess-blog\/2014\/03\/28\/zwei-spitzel-an-einem-tag-das-medienlog-vom-freitag-28-maerz-2014\/#breadcrumb"},"inLanguage":"de","potentialAction":[{"@type":"ReadAction","target":["https:\/\/blog.zeit.de\/nsu-prozess-blog\/2014\/03\/28\/zwei-spitzel-an-einem-tag-das-medienlog-vom-freitag-28-maerz-2014\/"]}]},{"@type":"BreadcrumbList","@id":"https:\/\/blog.zeit.de\/nsu-prozess-blog\/2014\/03\/28\/zwei-spitzel-an-einem-tag-das-medienlog-vom-freitag-28-maerz-2014\/#breadcrumb","itemListElement":[{"@type":"ListItem","position":1,"name":"Startseite","item":"https:\/\/blog.zeit.de\/nsu-prozess-blog\/"},{"@type":"ListItem","position":2,"name":"Zwei Spitzel an einem Tag? \u2013 Das Medienlog vom Freitag, 28. M\u00e4rz 2014"}]},{"@type":"WebSite","@id":"https:\/\/blog.zeit.de\/nsu-prozess-blog\/#website","url":"https:\/\/blog.zeit.de\/nsu-prozess-blog\/","name":"Das NSU-Prozess-Blog","description":"Alle Berichte zum Terrorverfahren in M\u00fcnchen","potentialAction":[{"@type":"SearchAction","target":{"@type":"EntryPoint","urlTemplate":"https:\/\/blog.zeit.de\/nsu-prozess-blog\/?s={search_term_string}"},"query-input":"required name=search_term_string"}],"inLanguage":"de"},{"@type":"Person","@id":"https:\/\/blog.zeit.de\/nsu-prozess-blog\/#\/schema\/person\/553ea9bb5d1fc2ae054c589bd59380a5","name":"Tom Sundermann","image":{"@type":"ImageObject","inLanguage":"de","@id":"https:\/\/blog.zeit.de\/nsu-prozess-blog\/#\/schema\/person\/image\/","url":"https:\/\/secure.gravatar.com\/avatar\/e108a3dc18766f719b2f797dc5d19093f06a1870c55b553ab6b7563f1f9a5e68?s=96&d=mm&r=g","contentUrl":"https:\/\/secure.gravatar.com\/avatar\/e108a3dc18766f719b2f797dc5d19093f06a1870c55b553ab6b7563f1f9a5e68?s=96&d=mm&r=g","caption":"Tom Sundermann"},"sameAs":["https:\/\/twitter.com\/messeticker"],"url":"https:\/\/blog.zeit.de\/nsu-prozess-blog\/author\/tsundermann\/"}]}},"jetpack_featured_media_url":"","jetpack_sharing_enabled":true,"_links":{"self":[{"href":"https:\/\/blog.zeit.de\/nsu-prozess-blog\/wp-json\/wp\/v2\/posts\/6309","targetHints":{"allow":["GET"]}}],"collection":[{"href":"https:\/\/blog.zeit.de\/nsu-prozess-blog\/wp-json\/wp\/v2\/posts"}],"about":[{"href":"https:\/\/blog.zeit.de\/nsu-prozess-blog\/wp-json\/wp\/v2\/types\/post"}],"author":[{"embeddable":true,"href":"https:\/\/blog.zeit.de\/nsu-prozess-blog\/wp-json\/wp\/v2\/users\/435"}],"replies":[{"embeddable":true,"href":"https:\/\/blog.zeit.de\/nsu-prozess-blog\/wp-json\/wp\/v2\/comments?post=6309"}],"version-history":[{"count":7,"href":"https:\/\/blog.zeit.de\/nsu-prozess-blog\/wp-json\/wp\/v2\/posts\/6309\/revisions"}],"predecessor-version":[{"id":6322,"href":"https:\/\/blog.zeit.de\/nsu-prozess-blog\/wp-json\/wp\/v2\/posts\/6309\/revisions\/6322"}],"wp:attachment":[{"href":"https:\/\/blog.zeit.de\/nsu-prozess-blog\/wp-json\/wp\/v2\/media?parent=6309"}],"wp:term":[{"taxonomy":"category","embeddable":true,"href":"https:\/\/blog.zeit.de\/nsu-prozess-blog\/wp-json\/wp\/v2\/categories?post=6309"},{"taxonomy":"post_tag","embeddable":true,"href":"https:\/\/blog.zeit.de\/nsu-prozess-blog\/wp-json\/wp\/v2\/tags?post=6309"}],"curies":[{"name":"wp","href":"https:\/\/api.w.org\/{rel}","templated":true}]}}