{"id":6311,"date":"2014-04-01T07:00:57","date_gmt":"2014-04-01T05:00:57","guid":{"rendered":"http:\/\/blog.zeit.de\/nsu-prozess-blog\/?p=6311"},"modified":"2014-03-27T20:59:56","modified_gmt":"2014-03-27T19:59:56","slug":"100-prozesstag-v-mann-fuehrer-und-nsu-helfer-geladen","status":"publish","type":"post","link":"https:\/\/blog.zeit.de\/nsu-prozess-blog\/2014\/04\/01\/100-prozesstag-v-mann-fuehrer-und-nsu-helfer-geladen\/","title":{"rendered":"100. Prozesstag \u2013 V-Mann-F\u00fchrer und NSU-Helfer geladen"},"content":{"rendered":"<p>Zwei Zeugen vernimmt das Gericht am Dienstag, dem 100. Tag im NSU-Prozess. Die erste Aussage macht der Verfassungssch\u00fctzer Reiner Bode. Er war zeitweise V-Mann-F\u00fchrer des Th\u00fcringer Neonazis <a href=\"https:\/\/blog.zeit.de\/nsu-prozess-blog\/2014\/03\/27\/der-nazi-der-auspackte\/\">Tino Brandt<\/a>, der bis zu seiner Enttarnung 2001 sieben Jahre lang an das Landesamt f\u00fcr Verfassungsschutz berichtet hatte. Brandt ist der Gr\u00fcnder des Th\u00fcringer Heimatschutzes, zu dessen Treffen auch Beate Zsch\u00e4pe, Uwe Mundlos und Uwe B\u00f6hnhardt kamen.<\/p>\n<p>Im Anschluss tritt der Chemnitzer Thomas R. in den Zeugenstand. Er geh\u00f6rt zu den Kameraden aus dem NSU-Umfeld, die dem Trio nach dessen Abtauchen im Jahr 1998 <a href=\"https:\/\/blog.zeit.de\/nsu-prozess-blog\/2014\/02\/21\/medienlog-max-florian-b-aussage\/\">einen Unterschlupf boten<\/a>. In R.s Wohnung kamen die drei laut Anklage direkt nach ihrer Flucht unter und blieben zwei Wochen.<\/p>\n<p><em>Informationen aus der Verhandlung gibt es <a href=\"https:\/\/twitter.com\/zeitonline\/lists\/nsu-prozess\">via Twitter hier<\/a>. Die Berichte dar\u00fcber fassen wir morgen im <a href=\"https:\/\/blog.zeit.de\/nsu-prozess-blog\/category\/medienschau\/\">NSU-Medienlog<\/a> zusammen.<\/em><\/p>\n","protected":false},"excerpt":{"rendered":"<p>Zwei Zeugen vernimmt das Gericht am Dienstag, dem 100. Tag im NSU-Prozess. Die erste Aussage macht der Verfassungssch\u00fctzer Reiner Bode. Er war zeitweise V-Mann-F\u00fchrer des Th\u00fcringer Neonazis Tino Brandt, der bis zu seiner Enttarnung 2001 sieben Jahre lang an das Landesamt f\u00fcr Verfassungsschutz berichtet hatte. Brandt ist der Gr\u00fcnder des Th\u00fcringer Heimatschutzes, zu dessen Treffen [&hellip;]<\/p>\n","protected":false},"author":435,"featured_media":0,"comment_status":"open","ping_status":"open","sticky":false,"template":"","format":"standard","meta":{"_jetpack_memberships_contains_paid_content":false,"footnotes":""},"categories":[27532],"tags":[],"class_list":["post-6311","post","type-post","status-publish","format-standard","hentry","category-prozesstage"],"yoast_head":"<!-- This site is optimized with the Yoast SEO plugin v21.0 - https:\/\/yoast.com\/wordpress\/plugins\/seo\/ -->\n<title>100. Prozesstag \u2013 V-Mann-F\u00fchrer und NSU-Helfer geladen - Das NSU-Prozess-Blog<\/title>\n<meta name=\"robots\" content=\"index, follow, max-snippet:-1, max-image-preview:large, max-video-preview:-1\" \/>\n<link rel=\"canonical\" href=\"https:\/\/blog.zeit.de\/nsu-prozess-blog\/2014\/04\/01\/100-prozesstag-v-mann-fuehrer-und-nsu-helfer-geladen\/\" \/>\n<meta property=\"og:locale\" content=\"de_DE\" \/>\n<meta property=\"og:type\" content=\"article\" \/>\n<meta property=\"og:title\" content=\"100. Prozesstag \u2013 V-Mann-F\u00fchrer und NSU-Helfer geladen - Das NSU-Prozess-Blog\" \/>\n<meta property=\"og:description\" content=\"Zwei Zeugen vernimmt das Gericht am Dienstag, dem 100. Tag im NSU-Prozess. Die erste Aussage macht der Verfassungssch\u00fctzer Reiner Bode. Er war zeitweise V-Mann-F\u00fchrer des Th\u00fcringer Neonazis Tino Brandt, der bis zu seiner Enttarnung 2001 sieben Jahre lang an das Landesamt f\u00fcr Verfassungsschutz berichtet hatte. Brandt ist der Gr\u00fcnder des Th\u00fcringer Heimatschutzes, zu dessen Treffen [&hellip;]\" \/>\n<meta property=\"og:url\" content=\"https:\/\/blog.zeit.de\/nsu-prozess-blog\/2014\/04\/01\/100-prozesstag-v-mann-fuehrer-und-nsu-helfer-geladen\/\" \/>\n<meta property=\"og:site_name\" content=\"Das NSU-Prozess-Blog\" \/>\n<meta property=\"article:published_time\" content=\"2014-04-01T05:00:57+00:00\" \/>\n<meta property=\"article:modified_time\" content=\"2014-03-27T19:59:56+00:00\" \/>\n<meta name=\"author\" content=\"Tom Sundermann\" \/>\n<meta name=\"twitter:label1\" content=\"Geschrieben von\" \/>\n\t<meta name=\"twitter:data1\" content=\"Tom Sundermann\" \/>\n\t<meta name=\"twitter:label2\" content=\"Gesch\u00e4tzte Lesezeit\" \/>\n\t<meta name=\"twitter:data2\" content=\"1\u00a0Minute\" \/>\n<script type=\"application\/ld+json\" class=\"yoast-schema-graph\">{\"@context\":\"https:\/\/schema.org\",\"@graph\":[{\"@type\":\"WebPage\",\"@id\":\"https:\/\/blog.zeit.de\/nsu-prozess-blog\/2014\/04\/01\/100-prozesstag-v-mann-fuehrer-und-nsu-helfer-geladen\/\",\"url\":\"https:\/\/blog.zeit.de\/nsu-prozess-blog\/2014\/04\/01\/100-prozesstag-v-mann-fuehrer-und-nsu-helfer-geladen\/\",\"name\":\"100. Prozesstag \u2013 V-Mann-F\u00fchrer und NSU-Helfer geladen - Das NSU-Prozess-Blog\",\"isPartOf\":{\"@id\":\"https:\/\/blog.zeit.de\/nsu-prozess-blog\/#website\"},\"datePublished\":\"2014-04-01T05:00:57+00:00\",\"dateModified\":\"2014-03-27T19:59:56+00:00\",\"author\":{\"@id\":\"https:\/\/blog.zeit.de\/nsu-prozess-blog\/#\/schema\/person\/553ea9bb5d1fc2ae054c589bd59380a5\"},\"breadcrumb\":{\"@id\":\"https:\/\/blog.zeit.de\/nsu-prozess-blog\/2014\/04\/01\/100-prozesstag-v-mann-fuehrer-und-nsu-helfer-geladen\/#breadcrumb\"},\"inLanguage\":\"de\",\"potentialAction\":[{\"@type\":\"ReadAction\",\"target\":[\"https:\/\/blog.zeit.de\/nsu-prozess-blog\/2014\/04\/01\/100-prozesstag-v-mann-fuehrer-und-nsu-helfer-geladen\/\"]}]},{\"@type\":\"BreadcrumbList\",\"@id\":\"https:\/\/blog.zeit.de\/nsu-prozess-blog\/2014\/04\/01\/100-prozesstag-v-mann-fuehrer-und-nsu-helfer-geladen\/#breadcrumb\",\"itemListElement\":[{\"@type\":\"ListItem\",\"position\":1,\"name\":\"Startseite\",\"item\":\"https:\/\/blog.zeit.de\/nsu-prozess-blog\/\"},{\"@type\":\"ListItem\",\"position\":2,\"name\":\"100. Prozesstag \u2013 V-Mann-F\u00fchrer und NSU-Helfer geladen\"}]},{\"@type\":\"WebSite\",\"@id\":\"https:\/\/blog.zeit.de\/nsu-prozess-blog\/#website\",\"url\":\"https:\/\/blog.zeit.de\/nsu-prozess-blog\/\",\"name\":\"Das NSU-Prozess-Blog\",\"description\":\"Alle Berichte zum Terrorverfahren in M\u00fcnchen\",\"potentialAction\":[{\"@type\":\"SearchAction\",\"target\":{\"@type\":\"EntryPoint\",\"urlTemplate\":\"https:\/\/blog.zeit.de\/nsu-prozess-blog\/?s={search_term_string}\"},\"query-input\":\"required name=search_term_string\"}],\"inLanguage\":\"de\"},{\"@type\":\"Person\",\"@id\":\"https:\/\/blog.zeit.de\/nsu-prozess-blog\/#\/schema\/person\/553ea9bb5d1fc2ae054c589bd59380a5\",\"name\":\"Tom Sundermann\",\"image\":{\"@type\":\"ImageObject\",\"inLanguage\":\"de\",\"@id\":\"https:\/\/blog.zeit.de\/nsu-prozess-blog\/#\/schema\/person\/image\/\",\"url\":\"https:\/\/secure.gravatar.com\/avatar\/e108a3dc18766f719b2f797dc5d19093f06a1870c55b553ab6b7563f1f9a5e68?s=96&d=mm&r=g\",\"contentUrl\":\"https:\/\/secure.gravatar.com\/avatar\/e108a3dc18766f719b2f797dc5d19093f06a1870c55b553ab6b7563f1f9a5e68?s=96&d=mm&r=g\",\"caption\":\"Tom Sundermann\"},\"sameAs\":[\"https:\/\/twitter.com\/messeticker\"],\"url\":\"https:\/\/blog.zeit.de\/nsu-prozess-blog\/author\/tsundermann\/\"}]}<\/script>\n<!-- \/ Yoast SEO plugin. -->","yoast_head_json":{"title":"100. Prozesstag \u2013 V-Mann-F\u00fchrer und NSU-Helfer geladen - Das NSU-Prozess-Blog","robots":{"index":"index","follow":"follow","max-snippet":"max-snippet:-1","max-image-preview":"max-image-preview:large","max-video-preview":"max-video-preview:-1"},"canonical":"https:\/\/blog.zeit.de\/nsu-prozess-blog\/2014\/04\/01\/100-prozesstag-v-mann-fuehrer-und-nsu-helfer-geladen\/","og_locale":"de_DE","og_type":"article","og_title":"100. Prozesstag \u2013 V-Mann-F\u00fchrer und NSU-Helfer geladen - Das NSU-Prozess-Blog","og_description":"Zwei Zeugen vernimmt das Gericht am Dienstag, dem 100. Tag im NSU-Prozess. Die erste Aussage macht der Verfassungssch\u00fctzer Reiner Bode. Er war zeitweise V-Mann-F\u00fchrer des Th\u00fcringer Neonazis Tino Brandt, der bis zu seiner Enttarnung 2001 sieben Jahre lang an das Landesamt f\u00fcr Verfassungsschutz berichtet hatte. Brandt ist der Gr\u00fcnder des Th\u00fcringer Heimatschutzes, zu dessen Treffen [&hellip;]","og_url":"https:\/\/blog.zeit.de\/nsu-prozess-blog\/2014\/04\/01\/100-prozesstag-v-mann-fuehrer-und-nsu-helfer-geladen\/","og_site_name":"Das NSU-Prozess-Blog","article_published_time":"2014-04-01T05:00:57+00:00","article_modified_time":"2014-03-27T19:59:56+00:00","author":"Tom Sundermann","twitter_misc":{"Geschrieben von":"Tom Sundermann","Gesch\u00e4tzte Lesezeit":"1\u00a0Minute"},"schema":{"@context":"https:\/\/schema.org","@graph":[{"@type":"WebPage","@id":"https:\/\/blog.zeit.de\/nsu-prozess-blog\/2014\/04\/01\/100-prozesstag-v-mann-fuehrer-und-nsu-helfer-geladen\/","url":"https:\/\/blog.zeit.de\/nsu-prozess-blog\/2014\/04\/01\/100-prozesstag-v-mann-fuehrer-und-nsu-helfer-geladen\/","name":"100. Prozesstag \u2013 V-Mann-F\u00fchrer und NSU-Helfer geladen - Das NSU-Prozess-Blog","isPartOf":{"@id":"https:\/\/blog.zeit.de\/nsu-prozess-blog\/#website"},"datePublished":"2014-04-01T05:00:57+00:00","dateModified":"2014-03-27T19:59:56+00:00","author":{"@id":"https:\/\/blog.zeit.de\/nsu-prozess-blog\/#\/schema\/person\/553ea9bb5d1fc2ae054c589bd59380a5"},"breadcrumb":{"@id":"https:\/\/blog.zeit.de\/nsu-prozess-blog\/2014\/04\/01\/100-prozesstag-v-mann-fuehrer-und-nsu-helfer-geladen\/#breadcrumb"},"inLanguage":"de","potentialAction":[{"@type":"ReadAction","target":["https:\/\/blog.zeit.de\/nsu-prozess-blog\/2014\/04\/01\/100-prozesstag-v-mann-fuehrer-und-nsu-helfer-geladen\/"]}]},{"@type":"BreadcrumbList","@id":"https:\/\/blog.zeit.de\/nsu-prozess-blog\/2014\/04\/01\/100-prozesstag-v-mann-fuehrer-und-nsu-helfer-geladen\/#breadcrumb","itemListElement":[{"@type":"ListItem","position":1,"name":"Startseite","item":"https:\/\/blog.zeit.de\/nsu-prozess-blog\/"},{"@type":"ListItem","position":2,"name":"100. Prozesstag \u2013 V-Mann-F\u00fchrer und NSU-Helfer geladen"}]},{"@type":"WebSite","@id":"https:\/\/blog.zeit.de\/nsu-prozess-blog\/#website","url":"https:\/\/blog.zeit.de\/nsu-prozess-blog\/","name":"Das NSU-Prozess-Blog","description":"Alle Berichte zum Terrorverfahren in M\u00fcnchen","potentialAction":[{"@type":"SearchAction","target":{"@type":"EntryPoint","urlTemplate":"https:\/\/blog.zeit.de\/nsu-prozess-blog\/?s={search_term_string}"},"query-input":"required name=search_term_string"}],"inLanguage":"de"},{"@type":"Person","@id":"https:\/\/blog.zeit.de\/nsu-prozess-blog\/#\/schema\/person\/553ea9bb5d1fc2ae054c589bd59380a5","name":"Tom Sundermann","image":{"@type":"ImageObject","inLanguage":"de","@id":"https:\/\/blog.zeit.de\/nsu-prozess-blog\/#\/schema\/person\/image\/","url":"https:\/\/secure.gravatar.com\/avatar\/e108a3dc18766f719b2f797dc5d19093f06a1870c55b553ab6b7563f1f9a5e68?s=96&d=mm&r=g","contentUrl":"https:\/\/secure.gravatar.com\/avatar\/e108a3dc18766f719b2f797dc5d19093f06a1870c55b553ab6b7563f1f9a5e68?s=96&d=mm&r=g","caption":"Tom Sundermann"},"sameAs":["https:\/\/twitter.com\/messeticker"],"url":"https:\/\/blog.zeit.de\/nsu-prozess-blog\/author\/tsundermann\/"}]}},"jetpack_featured_media_url":"","jetpack_sharing_enabled":true,"_links":{"self":[{"href":"https:\/\/blog.zeit.de\/nsu-prozess-blog\/wp-json\/wp\/v2\/posts\/6311","targetHints":{"allow":["GET"]}}],"collection":[{"href":"https:\/\/blog.zeit.de\/nsu-prozess-blog\/wp-json\/wp\/v2\/posts"}],"about":[{"href":"https:\/\/blog.zeit.de\/nsu-prozess-blog\/wp-json\/wp\/v2\/types\/post"}],"author":[{"embeddable":true,"href":"https:\/\/blog.zeit.de\/nsu-prozess-blog\/wp-json\/wp\/v2\/users\/435"}],"replies":[{"embeddable":true,"href":"https:\/\/blog.zeit.de\/nsu-prozess-blog\/wp-json\/wp\/v2\/comments?post=6311"}],"version-history":[{"count":1,"href":"https:\/\/blog.zeit.de\/nsu-prozess-blog\/wp-json\/wp\/v2\/posts\/6311\/revisions"}],"predecessor-version":[{"id":6312,"href":"https:\/\/blog.zeit.de\/nsu-prozess-blog\/wp-json\/wp\/v2\/posts\/6311\/revisions\/6312"}],"wp:attachment":[{"href":"https:\/\/blog.zeit.de\/nsu-prozess-blog\/wp-json\/wp\/v2\/media?parent=6311"}],"wp:term":[{"taxonomy":"category","embeddable":true,"href":"https:\/\/blog.zeit.de\/nsu-prozess-blog\/wp-json\/wp\/v2\/categories?post=6311"},{"taxonomy":"post_tag","embeddable":true,"href":"https:\/\/blog.zeit.de\/nsu-prozess-blog\/wp-json\/wp\/v2\/tags?post=6311"}],"curies":[{"name":"wp","href":"https:\/\/api.w.org\/{rel}","templated":true}]}}