{"id":6340,"date":"2014-04-01T08:35:03","date_gmt":"2014-04-01T06:35:03","guid":{"rendered":"http:\/\/blog.zeit.de\/nsu-prozess-blog\/?p=6340"},"modified":"2014-04-02T10:37:36","modified_gmt":"2014-04-02T08:37:36","slug":"medienlog-100-tage-prozess-fazit","status":"publish","type":"post","link":"https:\/\/blog.zeit.de\/nsu-prozess-blog\/2014\/04\/01\/medienlog-100-tage-prozess-fazit\/","title":{"rendered":"100 schmerzhafte Tage \u2013 Das Medienlog vom Dienstag, 1. April 2014"},"content":{"rendered":"<p>Heute geht der Prozess in den 100. Verhandlungstag. Diese Wegmarke nutzen insbesondere Regionalzeitungen, um das bisherige Verhandlungsgeschehen einzuordnen. Die Bilanz f\u00e4llt durchwachsen aus: Knatsch zwischen Anklage und Opfervertretern, schweigende Zeugen und leidende Hinterbliebene pr\u00e4gen nach Ansicht der meisten Kommentatoren das Verfahren. F\u00fcr die Nebenkl\u00e4ger sei es &#8222;fast unertr\u00e4glich, Zsch\u00e4pe l\u00e4chelnd, aber stumm zu erleben&#8220;, schreibt Mirko Weber in der <a href=\"http:\/\/www.stuttgarter-zeitung.de\/inhalt.100-tage-im-nsu-prozess-nur-ein-moment-des-zweifels.f126aa8e-e698-47c4-9765-b9763bbc16b2.html\" target=\"_blank\"><em>Stuttgarter Zeitung<\/em><\/a>. Zudem werde der Prozess die Motivation der T\u00e4ter nicht aufkl\u00e4ren k\u00f6nnen \u2013 das k\u00f6nnte lediglich Beate Zsch\u00e4pe.<\/p>\n<p><!--more--><\/p>\n<p><em>An jedem Werktag sichten wir f\u00fcr das NSU-Prozess-Blog die Medien und stellen wichtige Berichte, Blogs, Videos und Tweets zusammen. Wir freuen uns \u00fcber Hinweise via Twitter mit dem Hashtag #nsublog \u2013 oder per E-Mail an <a href=\"mailto:nsublog@zeit.de\">nsublog@zeit.de<\/a>.<\/em><\/p>\n<p>Trotz der oft drastischen Inhalte der Sitzungen habe sich w\u00e4hrend der langen Zeit eine gewisse Routine bei Prozessbeteiligten und Zuschauern eingeschlichen. Rasch sei in der Verhandlung klar geworden, dass der urspr\u00fcnglich vom Gericht verfasste Sitzungsplan Makulatur war: &#8222;Wenn jemand 2.000 Puzzleteile zusammensetzen muss, w\u00fcrde er am hohen Mittag kaum darauf wetten, gegen acht Uhr abends fertig zu sein&#8220;, schreibt Weber. Opfer und Hinterbliebene h\u00e4tten w\u00e4hrenddessen lernen m\u00fcssen, mit dem Schweigen der Hauptangeklagten umzugehen \u2013 &#8222;es liegt (\u2026) etwas wie Verachtung in diesem Schweigen&#8220;.<\/p>\n<p>Die Anw\u00e4lte der Nebenklage h\u00e4tten im Prozess kaum etwas erreicht, bilanziert ein Gerichtsreporter der Nachrichtenagentur <a href=\"http:\/\/www.nordbayern.de\/region\/nsu-prozess-nebenklage-hat-kaum-etwas-erreicht-1.3552425\" target=\"_blank\"><em>dpa<\/em><\/a>. Am Beispiel des Zeugen Andr\u00e9 K. schildert der Bericht die Hilflosigkeit von Gericht und Anw\u00e4lten gegen\u00fcber dem mutma\u00dflichen NSU-Unterst\u00fctzer, der offensichtlich noch in der Szene verhaftet ist. &#8222;Man wei\u00df, ein Zeuge hat bewusst gelogen, und es gelingt nicht, das aufzuzeigen&#8220;, \u00e4u\u00dfert sich darin die Nebenklagevertreterin Doris Dierbach.<\/p>\n<p>In der Chemnitzer <a href=\"http:\/\/www.freiepresse.de\/NACHRICHTEN\/DEUTSCHLAND\/Wir-sind-hier-nicht-das-Juengste-Gericht-artikel8763640.php\" target=\"_blank\"><em>Freien Presse<\/em><\/a> bilanziert Jens Eumann: Das anf\u00e4ngliche Aufplustern von Zsch\u00e4pes Verteidigern sei vorbei, seitdem gehe es sachlicher zu \u2013 doch l\u00e4ngst nicht frei von Konflikten: &#8222;Zwischen verschiedenen Interessen zeigen sich immer wieder Kl\u00fcfte.&#8220; Das gelte insbesondere f\u00fcr die Nebenklage einerseits sowie Richter und Bundesanwaltschaft andererseits. Die Opferanw\u00e4lte w\u00fcrden der Anklage vorwerfen, &#8222;kaum nach links und rechts zu gucken&#8220;. Auch der Vorsitzende Richter Manfred G\u00f6tzl arbeite demnach lediglich die Vorw\u00fcrfe aus der Anklageschrift ab. &#8222;Kein Wunder also, dass wenn von Morden Betroffene und ihre Anw\u00e4lte der Zur\u00fcckweisung ihrer Fragen an dubiose Zeugen aus der Helferszene mit gro\u00dfem Argwohn begegnen&#8220;, kommentiert Eumann.<\/p>\n<p><strong>Lob f\u00fcr Richter G\u00f6tzl<\/strong><\/p>\n<p>In der <a href=\"http:\/\/www.swp.de\/ulm\/nachrichten\/politik\/100-Tage-NSU-Prozess-in-Muenchen;art4306,2528871\" target=\"_blank\"><em>S\u00fcdwest Presse<\/em><\/a> geht Patrick Guyton auf das Umfeld der mutma\u00dflichen Terroristen ein: Die Vernehmungen h\u00e4tten gezeigt, dass &#8222;der sp\u00e4tere NSU in einer stattlichen Neonazi-Szene verankert war&#8220;. Guyton zitiert zudem den Nebenklageanwalt Alexander Hoffmann, der den wichtigsten Tatvorwurf gegen Zsch\u00e4pe best\u00e4tigt sieht. Demnach zeigten die bisherigen Zeugenaussagen, dass die Angeklagte &#8222;ein gleichwertiges Mitglied der Gruppe war&#8220; \u2013 kommt das Gericht zu derselben \u00dcberzeugung, w\u00fcrde Zsch\u00e4pe wegen der Mitt\u00e4terschaft beim Mord verurteilt.<\/p>\n<p>Rahmi Turan, Korrespondent der t\u00fcrkischen Zeitung <em>Sabah<\/em> best\u00e4rkt in der M\u00fcnchner <a href=\"http:\/\/www.abendzeitung-muenchen.de\/inhalt.ein-tuerkischer-journalist-zum-100-verhandlungstag-im-nsu-prozess-ein-urteil-so-wichtig-wie-eine-letzte-umarmumg.c22f4145-59ac-4e95-95ad-4b4147b6c3b9.html\" target=\"_blank\"><em>Abendzeitung<\/em><\/a> Richter Manfred G\u00f6tzl. Dieser habe &#8222;alle Eigenschaften, die sich die t\u00fcrkische Community in Deutschland w\u00fcnscht&#8220;, denn er sei &#8222;ein Patriarch mit trockenem Humor und voller Emotionen&#8220;. Turan wirft G\u00f6tzl allerdings vor, er gehe nicht hart genug gegen Zeugen aus der rechten Szene vor, die ihr Wissen hinter angeblichen Erinnerungsl\u00fccken versteckten.<\/p>\n<p><strong>Zeitplan nicht zu halten<\/strong><\/p>\n<p><a href=\"http:\/\/www.tagesschau.de\/inland\/nsu-prozess290.html\" target=\"_blank\"><em>ARD<\/em><\/a>-Terrorismusexperte Holger Schmidt hebt G\u00f6tzls Akribie hervor: Er sei &#8222;akribisch an der Sache orientiert, kennt bei Antr\u00e4gen die Akten h\u00e4ufig und die Strafprozessordnung immer besser als die meisten anderen Verfahrensbeteiligten&#8220;, schreibt Schmidt. Er wolle alle Fragen stellen, bevor die anderen Prozessbeteiligten Gelegenheit haben \u2013 dies sei einer der Gr\u00fcnde, weswegen der urspr\u00fcngliche Zeitplan des Prozesses nicht zu halten war.<\/p>\n<p>Kai Mudra lobt in der <a href=\"http:\/\/www.thueringer-allgemeine.de\/startseite\/detail\/-\/specific\/100-Tage-Verhandlung-ueber-moerderische-Grausamkeiten-eine-Halbzeitbilanz-vom-1102924487\" target=\"_blank\"><em>Th\u00fcringer Allgemeinen<\/em><\/a> den Staatsschutzsenat f\u00fcr seine Effizienz: &#8222;Das Gericht ist bem\u00fcht, kaum Leerlauf zuzulassen.&#8220; Mittlerweile sind die zehn Mordf\u00e4lle in die Beweisaufnahme eingef\u00fchrt \u2013 f\u00fcr die Angeh\u00f6rigen ein schmerzhafter, aber notwendiger Vorgang. &#8222;Doch f\u00fcr den Prozess sind diese Schreckensszenarien notwendig&#8220;, schreibt der Autor.<\/p>\n<p><em>Das n\u00e4chste Medienlog erscheint am Mittwoch, 2. April 2014.<\/em><\/p>\n","protected":false},"excerpt":{"rendered":"<p>Heute geht der Prozess in den 100. Verhandlungstag. Diese Wegmarke nutzen insbesondere Regionalzeitungen, um das bisherige Verhandlungsgeschehen einzuordnen. Die Bilanz f\u00e4llt durchwachsen aus: Knatsch zwischen Anklage und Opfervertretern, schweigende Zeugen und leidende Hinterbliebene pr\u00e4gen nach Ansicht der meisten Kommentatoren das Verfahren. F\u00fcr die Nebenkl\u00e4ger sei es &#8222;fast unertr\u00e4glich, Zsch\u00e4pe l\u00e4chelnd, aber stumm zu erleben&#8220;, schreibt [&hellip;]<\/p>\n","protected":false},"author":435,"featured_media":0,"comment_status":"open","ping_status":"open","sticky":false,"template":"","format":"standard","meta":{"_jetpack_memberships_contains_paid_content":false,"footnotes":""},"categories":[27531],"tags":[17793,27559,27593],"class_list":["post-6340","post","type-post","status-publish","format-standard","hentry","category-medienschau","tag-beate-zschape","tag-manfred-gotzl","tag-nebenklager"],"yoast_head":"<!-- This site is optimized with the Yoast SEO plugin v21.0 - https:\/\/yoast.com\/wordpress\/plugins\/seo\/ -->\n<title>100 schmerzhafte Tage \u2013 Das Medienlog vom Dienstag, 1. April 2014 - Das NSU-Prozess-Blog<\/title>\n<meta name=\"robots\" content=\"index, follow, max-snippet:-1, max-image-preview:large, max-video-preview:-1\" \/>\n<link rel=\"canonical\" href=\"https:\/\/blog.zeit.de\/nsu-prozess-blog\/2014\/04\/01\/medienlog-100-tage-prozess-fazit\/\" \/>\n<meta property=\"og:locale\" content=\"de_DE\" \/>\n<meta property=\"og:type\" content=\"article\" \/>\n<meta property=\"og:title\" content=\"100 schmerzhafte Tage \u2013 Das Medienlog vom Dienstag, 1. April 2014 - Das NSU-Prozess-Blog\" \/>\n<meta property=\"og:description\" content=\"Heute geht der Prozess in den 100. Verhandlungstag. Diese Wegmarke nutzen insbesondere Regionalzeitungen, um das bisherige Verhandlungsgeschehen einzuordnen. Die Bilanz f\u00e4llt durchwachsen aus: Knatsch zwischen Anklage und Opfervertretern, schweigende Zeugen und leidende Hinterbliebene pr\u00e4gen nach Ansicht der meisten Kommentatoren das Verfahren. F\u00fcr die Nebenkl\u00e4ger sei es &#8222;fast unertr\u00e4glich, Zsch\u00e4pe l\u00e4chelnd, aber stumm zu erleben&#8220;, schreibt [&hellip;]\" \/>\n<meta property=\"og:url\" content=\"https:\/\/blog.zeit.de\/nsu-prozess-blog\/2014\/04\/01\/medienlog-100-tage-prozess-fazit\/\" \/>\n<meta property=\"og:site_name\" content=\"Das NSU-Prozess-Blog\" \/>\n<meta property=\"article:published_time\" content=\"2014-04-01T06:35:03+00:00\" \/>\n<meta property=\"article:modified_time\" content=\"2014-04-02T08:37:36+00:00\" \/>\n<meta name=\"author\" content=\"Tom Sundermann\" \/>\n<meta name=\"twitter:label1\" content=\"Geschrieben von\" \/>\n\t<meta name=\"twitter:data1\" content=\"Tom Sundermann\" \/>\n\t<meta name=\"twitter:label2\" content=\"Gesch\u00e4tzte Lesezeit\" \/>\n\t<meta name=\"twitter:data2\" content=\"3\u00a0Minuten\" \/>\n<script type=\"application\/ld+json\" class=\"yoast-schema-graph\">{\"@context\":\"https:\/\/schema.org\",\"@graph\":[{\"@type\":\"WebPage\",\"@id\":\"https:\/\/blog.zeit.de\/nsu-prozess-blog\/2014\/04\/01\/medienlog-100-tage-prozess-fazit\/\",\"url\":\"https:\/\/blog.zeit.de\/nsu-prozess-blog\/2014\/04\/01\/medienlog-100-tage-prozess-fazit\/\",\"name\":\"100 schmerzhafte Tage \u2013 Das Medienlog vom Dienstag, 1. April 2014 - Das NSU-Prozess-Blog\",\"isPartOf\":{\"@id\":\"https:\/\/blog.zeit.de\/nsu-prozess-blog\/#website\"},\"datePublished\":\"2014-04-01T06:35:03+00:00\",\"dateModified\":\"2014-04-02T08:37:36+00:00\",\"author\":{\"@id\":\"https:\/\/blog.zeit.de\/nsu-prozess-blog\/#\/schema\/person\/553ea9bb5d1fc2ae054c589bd59380a5\"},\"breadcrumb\":{\"@id\":\"https:\/\/blog.zeit.de\/nsu-prozess-blog\/2014\/04\/01\/medienlog-100-tage-prozess-fazit\/#breadcrumb\"},\"inLanguage\":\"de\",\"potentialAction\":[{\"@type\":\"ReadAction\",\"target\":[\"https:\/\/blog.zeit.de\/nsu-prozess-blog\/2014\/04\/01\/medienlog-100-tage-prozess-fazit\/\"]}]},{\"@type\":\"BreadcrumbList\",\"@id\":\"https:\/\/blog.zeit.de\/nsu-prozess-blog\/2014\/04\/01\/medienlog-100-tage-prozess-fazit\/#breadcrumb\",\"itemListElement\":[{\"@type\":\"ListItem\",\"position\":1,\"name\":\"Startseite\",\"item\":\"https:\/\/blog.zeit.de\/nsu-prozess-blog\/\"},{\"@type\":\"ListItem\",\"position\":2,\"name\":\"100 schmerzhafte Tage \u2013 Das Medienlog vom Dienstag, 1. April 2014\"}]},{\"@type\":\"WebSite\",\"@id\":\"https:\/\/blog.zeit.de\/nsu-prozess-blog\/#website\",\"url\":\"https:\/\/blog.zeit.de\/nsu-prozess-blog\/\",\"name\":\"Das NSU-Prozess-Blog\",\"description\":\"Alle Berichte zum Terrorverfahren in M\u00fcnchen\",\"potentialAction\":[{\"@type\":\"SearchAction\",\"target\":{\"@type\":\"EntryPoint\",\"urlTemplate\":\"https:\/\/blog.zeit.de\/nsu-prozess-blog\/?s={search_term_string}\"},\"query-input\":\"required name=search_term_string\"}],\"inLanguage\":\"de\"},{\"@type\":\"Person\",\"@id\":\"https:\/\/blog.zeit.de\/nsu-prozess-blog\/#\/schema\/person\/553ea9bb5d1fc2ae054c589bd59380a5\",\"name\":\"Tom Sundermann\",\"image\":{\"@type\":\"ImageObject\",\"inLanguage\":\"de\",\"@id\":\"https:\/\/blog.zeit.de\/nsu-prozess-blog\/#\/schema\/person\/image\/\",\"url\":\"https:\/\/secure.gravatar.com\/avatar\/e108a3dc18766f719b2f797dc5d19093f06a1870c55b553ab6b7563f1f9a5e68?s=96&d=mm&r=g\",\"contentUrl\":\"https:\/\/secure.gravatar.com\/avatar\/e108a3dc18766f719b2f797dc5d19093f06a1870c55b553ab6b7563f1f9a5e68?s=96&d=mm&r=g\",\"caption\":\"Tom Sundermann\"},\"sameAs\":[\"https:\/\/twitter.com\/messeticker\"],\"url\":\"https:\/\/blog.zeit.de\/nsu-prozess-blog\/author\/tsundermann\/\"}]}<\/script>\n<!-- \/ Yoast SEO plugin. -->","yoast_head_json":{"title":"100 schmerzhafte Tage \u2013 Das Medienlog vom Dienstag, 1. April 2014 - Das NSU-Prozess-Blog","robots":{"index":"index","follow":"follow","max-snippet":"max-snippet:-1","max-image-preview":"max-image-preview:large","max-video-preview":"max-video-preview:-1"},"canonical":"https:\/\/blog.zeit.de\/nsu-prozess-blog\/2014\/04\/01\/medienlog-100-tage-prozess-fazit\/","og_locale":"de_DE","og_type":"article","og_title":"100 schmerzhafte Tage \u2013 Das Medienlog vom Dienstag, 1. April 2014 - Das NSU-Prozess-Blog","og_description":"Heute geht der Prozess in den 100. Verhandlungstag. Diese Wegmarke nutzen insbesondere Regionalzeitungen, um das bisherige Verhandlungsgeschehen einzuordnen. Die Bilanz f\u00e4llt durchwachsen aus: Knatsch zwischen Anklage und Opfervertretern, schweigende Zeugen und leidende Hinterbliebene pr\u00e4gen nach Ansicht der meisten Kommentatoren das Verfahren. F\u00fcr die Nebenkl\u00e4ger sei es &#8222;fast unertr\u00e4glich, Zsch\u00e4pe l\u00e4chelnd, aber stumm zu erleben&#8220;, schreibt [&hellip;]","og_url":"https:\/\/blog.zeit.de\/nsu-prozess-blog\/2014\/04\/01\/medienlog-100-tage-prozess-fazit\/","og_site_name":"Das NSU-Prozess-Blog","article_published_time":"2014-04-01T06:35:03+00:00","article_modified_time":"2014-04-02T08:37:36+00:00","author":"Tom Sundermann","twitter_misc":{"Geschrieben von":"Tom Sundermann","Gesch\u00e4tzte Lesezeit":"3\u00a0Minuten"},"schema":{"@context":"https:\/\/schema.org","@graph":[{"@type":"WebPage","@id":"https:\/\/blog.zeit.de\/nsu-prozess-blog\/2014\/04\/01\/medienlog-100-tage-prozess-fazit\/","url":"https:\/\/blog.zeit.de\/nsu-prozess-blog\/2014\/04\/01\/medienlog-100-tage-prozess-fazit\/","name":"100 schmerzhafte Tage \u2013 Das Medienlog vom Dienstag, 1. April 2014 - Das NSU-Prozess-Blog","isPartOf":{"@id":"https:\/\/blog.zeit.de\/nsu-prozess-blog\/#website"},"datePublished":"2014-04-01T06:35:03+00:00","dateModified":"2014-04-02T08:37:36+00:00","author":{"@id":"https:\/\/blog.zeit.de\/nsu-prozess-blog\/#\/schema\/person\/553ea9bb5d1fc2ae054c589bd59380a5"},"breadcrumb":{"@id":"https:\/\/blog.zeit.de\/nsu-prozess-blog\/2014\/04\/01\/medienlog-100-tage-prozess-fazit\/#breadcrumb"},"inLanguage":"de","potentialAction":[{"@type":"ReadAction","target":["https:\/\/blog.zeit.de\/nsu-prozess-blog\/2014\/04\/01\/medienlog-100-tage-prozess-fazit\/"]}]},{"@type":"BreadcrumbList","@id":"https:\/\/blog.zeit.de\/nsu-prozess-blog\/2014\/04\/01\/medienlog-100-tage-prozess-fazit\/#breadcrumb","itemListElement":[{"@type":"ListItem","position":1,"name":"Startseite","item":"https:\/\/blog.zeit.de\/nsu-prozess-blog\/"},{"@type":"ListItem","position":2,"name":"100 schmerzhafte Tage \u2013 Das Medienlog vom Dienstag, 1. April 2014"}]},{"@type":"WebSite","@id":"https:\/\/blog.zeit.de\/nsu-prozess-blog\/#website","url":"https:\/\/blog.zeit.de\/nsu-prozess-blog\/","name":"Das NSU-Prozess-Blog","description":"Alle Berichte zum Terrorverfahren in M\u00fcnchen","potentialAction":[{"@type":"SearchAction","target":{"@type":"EntryPoint","urlTemplate":"https:\/\/blog.zeit.de\/nsu-prozess-blog\/?s={search_term_string}"},"query-input":"required name=search_term_string"}],"inLanguage":"de"},{"@type":"Person","@id":"https:\/\/blog.zeit.de\/nsu-prozess-blog\/#\/schema\/person\/553ea9bb5d1fc2ae054c589bd59380a5","name":"Tom Sundermann","image":{"@type":"ImageObject","inLanguage":"de","@id":"https:\/\/blog.zeit.de\/nsu-prozess-blog\/#\/schema\/person\/image\/","url":"https:\/\/secure.gravatar.com\/avatar\/e108a3dc18766f719b2f797dc5d19093f06a1870c55b553ab6b7563f1f9a5e68?s=96&d=mm&r=g","contentUrl":"https:\/\/secure.gravatar.com\/avatar\/e108a3dc18766f719b2f797dc5d19093f06a1870c55b553ab6b7563f1f9a5e68?s=96&d=mm&r=g","caption":"Tom Sundermann"},"sameAs":["https:\/\/twitter.com\/messeticker"],"url":"https:\/\/blog.zeit.de\/nsu-prozess-blog\/author\/tsundermann\/"}]}},"jetpack_featured_media_url":"","jetpack_sharing_enabled":true,"_links":{"self":[{"href":"https:\/\/blog.zeit.de\/nsu-prozess-blog\/wp-json\/wp\/v2\/posts\/6340","targetHints":{"allow":["GET"]}}],"collection":[{"href":"https:\/\/blog.zeit.de\/nsu-prozess-blog\/wp-json\/wp\/v2\/posts"}],"about":[{"href":"https:\/\/blog.zeit.de\/nsu-prozess-blog\/wp-json\/wp\/v2\/types\/post"}],"author":[{"embeddable":true,"href":"https:\/\/blog.zeit.de\/nsu-prozess-blog\/wp-json\/wp\/v2\/users\/435"}],"replies":[{"embeddable":true,"href":"https:\/\/blog.zeit.de\/nsu-prozess-blog\/wp-json\/wp\/v2\/comments?post=6340"}],"version-history":[{"count":14,"href":"https:\/\/blog.zeit.de\/nsu-prozess-blog\/wp-json\/wp\/v2\/posts\/6340\/revisions"}],"predecessor-version":[{"id":6356,"href":"https:\/\/blog.zeit.de\/nsu-prozess-blog\/wp-json\/wp\/v2\/posts\/6340\/revisions\/6356"}],"wp:attachment":[{"href":"https:\/\/blog.zeit.de\/nsu-prozess-blog\/wp-json\/wp\/v2\/media?parent=6340"}],"wp:term":[{"taxonomy":"category","embeddable":true,"href":"https:\/\/blog.zeit.de\/nsu-prozess-blog\/wp-json\/wp\/v2\/categories?post=6340"},{"taxonomy":"post_tag","embeddable":true,"href":"https:\/\/blog.zeit.de\/nsu-prozess-blog\/wp-json\/wp\/v2\/tags?post=6340"}],"curies":[{"name":"wp","href":"https:\/\/api.w.org\/{rel}","templated":true}]}}