{"id":6353,"date":"2014-04-02T08:31:06","date_gmt":"2014-04-02T06:31:06","guid":{"rendered":"http:\/\/blog.zeit.de\/nsu-prozess-blog\/?p=6353"},"modified":"2014-04-02T12:00:55","modified_gmt":"2014-04-02T10:00:55","slug":"in-der-psyche-von-tino-brandt-das-medienlog-vom-mittwoch-2-april-2014","status":"publish","type":"post","link":"https:\/\/blog.zeit.de\/nsu-prozess-blog\/2014\/04\/02\/in-der-psyche-von-tino-brandt-das-medienlog-vom-mittwoch-2-april-2014\/","title":{"rendered":"In der Psyche von Tino Brandt \u2013 Das Medienlog vom Mittwoch, 2. April 2014"},"content":{"rendered":"<p>&#8222;Verr\u00e4terkomplex&#8220; ist in der 100. Sitzung des NSU-Prozesses das Wort des Tages: Ein fr\u00fcherer Th\u00fcringer Verfassungssch\u00fctzer gab Einblicke in die Zusammenarbeit mit dem V-Mann <a href=\"https:\/\/blog.zeit.de\/nsu-prozess-blog\/2014\/03\/27\/der-nazi-der-auspackte\/\">Tino Brandt<\/a>, unter dessen Anleitung sich das NSU-Trio radikalisiert haben soll. Brandt habe sowohl der rechten Szene als auch dem Staat gedient \u2013 ein Widerspruch, den die Geheimdienstler bei ihrem V-Mann mit Geld gelindert h\u00e4tten, sagte der Zeuge. &#8222;Selten bekommt man so h\u00fcbsche Einblicke in die Arbeit von V-Mann und Verfassungsschutz&#8220;, kommentiert Annette Ramelsberger in der <a href=\"http:\/\/www.sueddeutsche.de\/politik\/nsu-prozess-v-mann-mit-verraeterkomplex-1.1927121\" target=\"_blank\"><em>S\u00fcddeutschen Zeitung<\/em><\/a> die Vernehmung. Sie habe Erkenntnisse \u00fcber die &#8222;Psyche des Neonazis&#8220; gebracht.<\/p>\n<p><!--more--><\/p>\n<p><em>An jedem Werktag sichten wir f\u00fcr das NSU-Prozess-Blog die Medien und stellen wichtige Berichte, Blogs, Videos und Tweets zusammen. Wir freuen uns \u00fcber Hinweise via Twitter mit dem Hashtag #nsublog \u2013 oder per E-Mail an <a href=\"mailto:nsublog@zeit.de\">nsublog@zeit.de<\/a>.<\/em><\/p>\n<p>Geld, heben die Prozessbeobachter hervor, war in der Zusammenarbeit mit Brandt die universelle Stellschraube. Habe Brandt versuchen wollen, die Verfassungssch\u00fctzer auszutricksen, h\u00e4tten sie ihm &#8222;den Geldhahn zugedreht&#8220;. &#8222;Das Spiel haben wir ganz gut beherrscht&#8220;, sagte der Th\u00fcringer Beamte vor Gericht. Ob das wirklich so war, bezweifelt Frank Jansen im <a href=\"http:\/\/www.tagesspiegel.de\/politik\/nsu-prozess-100-sitzungstag-zahlungen-an-v-mann-brandt-nicht-unproblematisch\/9700934.html\" target=\"_blank\"><em>Tagesspiegel<\/em><\/a>. So habe Brandt dem Szenezeugen <a href=\"https:\/\/blog.zeit.de\/nsu-prozess-blog\/2014\/03\/21\/medienlog-andre-k-nebenklage\/\">Andr\u00e9 K.<\/a> ein Auto mit Peilsender untergeschoben, um Hinweise auf den Aufenthaltsort des untergetauchten Trios zu bekommen. Bei den dreien kam der Wagen jedoch nicht an. &#8222;Bei der Aussage des Beamten blieb offen, ob Tino Brandt ein doppeltes Spiel getrieben und Andr\u00e9 K. gewarnt haben k\u00f6nnte&#8220;, schreibt Jansen.<\/p>\n<p>Sieben Jahre lang unterhielt der Verfassungsschutz die Beziehung zu Brandt. Es war eine vertrauensvolle Zusammenarbeit, wie der Zeuge berichtete: &#8222;Der 57-J\u00e4hrige zeigt sich \u00fcberzeugt, dass der Spitzel nach Jahren auch einen ganz guten Einblick dar\u00fcber hatte, was der Verfassungsschutz wusste und was nicht&#8220;, berichtet Kai Mudra in der <a href=\"http:\/\/www.thueringer-allgemeine.de\/startseite\/detail\/-\/specific\/Zeuge-Wir-haben-Tino-Brandt-seinen-Verraeterkomplex-mit-Geld-versuesst-17819528\" target=\"_blank\"><em>Th\u00fcringer Allgemeinen<\/em><\/a>. Fraglich ist allerdings, wie fruchtbar die mit insgesamt 200.000 Mark entlohnte Spitzelt\u00e4tigkeit f\u00fcr den Geheimdienst war: Brandt konnte oder wollte keinen Hinweis auf das Versteck der NSU-Mitglieder geben. Zudem gab es laut der Aussage des Zeugen &#8222;im unmittelbaren Umfeld der drei in Jena keine weitere gute Quelle&#8220;.<\/p>\n<p>Im Anschluss vernahm das Gericht den Zeugen Thomas R. Er soll das Trio nach dessen Abtauchen im Jahr 1998 bei sich zu Hause aufgenommen haben. Dabei griff Richter Manfred G\u00f6tzl erstmals zu harten Mitteln gegen einen Zeugen, wie Mudra in einem <a href=\"http:\/\/www.thueringer-allgemeine.de\/web\/zgt\/leben\/detail\/-\/specific\/NSU-Prozess-Richter-droht-unwilligen-Zeugen-mit-Ordnungshaft-608277964\" target=\"_blank\">weiteren Artikel<\/a> berichtet. Er drohte ihm mit Ordnungsgeld oder Ordnungshaft, falls der Chemnitzer nicht seine Verbindungen zum rechtsradikalen Netzwerk Blood &amp; Honour offenlegt. Nach einer Bedenkzeit gab R. an, gegen ihn werde wegen der Organisation ermittelt \u2013 eine Nachfrage bei der Staatsanwaltschaft ergab schlie\u00dflich, dass das Verfahren l\u00e4ngst eingestellt wurde. Ordnungsmittel verh\u00e4ngte der Richter schlie\u00dflich nicht, lud den Zeugen jedoch erneut.<\/p>\n<p>Mehrere Medien begleiten den 100. Prozesstag mit R\u00fcckblicken. Auf dem Onlineauftritt des <a href=\"http:\/\/www.mdr.de\/nachrichten\/zwickauer_trio_nsu-prozess100_zc-e9a9d57e_zs-6c4417e7.html\" target=\"_blank\"><em>Mitteldeutschen Rundfunks<\/em><\/a> analysiert Axel Hemmerling die Strategie der Prozessbeteiligten: &#8222;Jetzt wird vor allem gelauert: auf Fehler von G\u00f6tzl, der versucht, das Mammutverfahren unter Kontrolle zu halten.&#8220; Ab und an komme es zu Provokationen und Streitgespr\u00e4chen, mit denen das Gericht jedoch souver\u00e4n umgehe. &#8222;Es macht den Prozess aber nicht einfacher, schon gar nicht \u00fcberschaubarer.&#8220;<\/p>\n<p><a href=\"https:\/\/blog.zeit.de\/nsu-prozess-blog\/2014\/04\/01\/100-tage-nsu-prozess-streit-statt-aufklaerung\/\" target=\"_blank\">ZEIT ONLINE<\/a> greift in einer Analyse den Konflikt zwischen Bundesanwaltschaft und Nebenklagevertretern auf. Dieser habe dazu gef\u00fchrt, dass sich die Beteiligten bei einer Vernehmung offen vor einem Zeugen stritten \u2013 das Vorkommnis &#8222;war die Apokalypse f\u00fcr die W\u00fcrde des Gerichts&#8220;. Beide Seiten h\u00e4tten sich in der langen Zeit nicht aufeinander eingestellt, sondern voneinander entfernt. Zwischen ihnen verlaufe &#8222;ein tiefer Graben&#8220;. Nichts deute darauf hin, dass in absehbarer Zeit Frieden einkehrt.<\/p>\n<p>Ist der Prozess bislang ein Erfolg oder eine Entt\u00e4uschung? Beide Meinungen lie\u00dfen sich begr\u00fcnden, kommentiert Patrick Gensing auf <a href=\"http:\/\/www.tagesschau.de\/kommentar\/nsuprozess196.html\" target=\"_blank\"><em>tagesschau.de<\/em><\/a>. Es komme darauf an, welche Erwartung man an das Verfahren stellt \u2013 denn das befinde sich im &#8222;Spannungsfeld zwischen l\u00e4ngst nicht abgeschlossener politischer Aufarbeitung und den n\u00fcchternen Paragrafen des Strafrechts&#8220;. Die Ermittlungsfehler k\u00f6nne er nicht aufkl\u00e4ren, auch wenn viele Beobachter und Beteiligte sich dies w\u00fcnschten. Daher werde er bei den Angeh\u00f6rigen der Opfer auch k\u00fcnftig Entt\u00e4uschungen produzieren.<\/p>\n<p>Auch Per Hinrichs gibt in der <a href=\"http:\/\/www.welt.de\/print\/die_welt\/politik\/article126420344\/Die-lange-Suche-nach-der-Wahrheit.html\" target=\"_blank\"><em>Welt<\/em><\/a> zu bedenken, dass eine vollst\u00e4ndige Aufkl\u00e4rung nicht zu erwarten sei: &#8222;St\u00e4ndig kommen kleine Mosaiksteinchen zum Vorschein, von denen keiner wei\u00df, ob sie in das Gesamtbild hineinpassen und wenn ja, an welche Stelle.&#8220; Teils \u00e4hnelten die Verhandlungen einem Untersuchungsausschuss \u2013 was die Staatsanw\u00e4lte regelm\u00e4\u00dfig bem\u00e4ngelten. Auch daher sei das Verh\u00e4ltnis zwischen Anklage und Nebenklage schwierig: &#8222;Terrorprozesse sind politische Prozesse, und die Fronten laufen hier quer durch den Gerichtssaal.&#8220;<\/p>\n<p>Die Nachrichtenagentur <a href=\"http:\/\/www.wnoz.de\/index.php?WNOZID=b1d8443532d6b444f9ed26a040eef595&amp;kat=11&amp;artikel=110563593&amp;red=1&amp;ausgabe=65583\" target=\"_blank\">dpa<\/a> sammelte in einem Beitrag Stimmen zum Prozess. Darin kommt auch die Ombudsfrau der NSU-Opfer, Barbara John, zu Wort. Sie ist der Meinung, dass sich die Nebenkl\u00e4ger beim &#8222;Prozessgeschehen am Rande stehend&#8220; sehen w\u00fcrden, weil sie zwar zur Teilnahme aufgefordert seien, aber sich h\u00e4ufig nicht einbringen k\u00f6nnten. Einen weiteren Blick aus Sicht der Teilnehmer liefert die <a href=\"http:\/\/www.morgenpost.de\/berlin-aktuell\/article126426785\/Opferanwaeltin-Beate-Zschaepe-ist-keine-naive-Nazi-Braut.html\" target=\"_blank\"><em>Berliner Morgenpost<\/em><\/a> mit Eindr\u00fccken der Anw\u00e4ltin G\u00fcl Pinar.<\/p>\n<p>Wie war das noch mit dem NSU? Das <a href=\"http:\/\/www.handelsblatt.com\/politik\/deutschland\/wenn-sie-es-genau-wissen-wollen-die-wichtigsten-fragen-zum-nsu-prozess\/9697222.html\" target=\"_blank\"><em>Handelsblatt<\/em><\/a> liefert eine \u00dcbersicht zu den wichtigsten Fragen rund um den Prozess.<\/p>\n<p><em>Das n\u00e4chste Medienlog erscheint am Donnerstag, 3. April 2014.<\/em><\/p>\n","protected":false},"excerpt":{"rendered":"<p>&#8222;Verr\u00e4terkomplex&#8220; ist in der 100. Sitzung des NSU-Prozesses das Wort des Tages: Ein fr\u00fcherer Th\u00fcringer Verfassungssch\u00fctzer gab Einblicke in die Zusammenarbeit mit dem V-Mann Tino Brandt, unter dessen Anleitung sich das NSU-Trio radikalisiert haben soll. Brandt habe sowohl der rechten Szene als auch dem Staat gedient \u2013 ein Widerspruch, den die Geheimdienstler bei ihrem V-Mann [&hellip;]<\/p>\n","protected":false},"author":435,"featured_media":0,"comment_status":"open","ping_status":"open","sticky":false,"template":"","format":"standard","meta":{"_jetpack_memberships_contains_paid_content":false,"footnotes":""},"categories":[27531],"tags":[27559,27593],"class_list":["post-6353","post","type-post","status-publish","format-standard","hentry","category-medienschau","tag-manfred-gotzl","tag-nebenklager"],"yoast_head":"<!-- This site is optimized with the Yoast SEO plugin v21.0 - https:\/\/yoast.com\/wordpress\/plugins\/seo\/ -->\n<title>In der Psyche von Tino Brandt \u2013 Das Medienlog vom Mittwoch, 2. April 2014 - Das NSU-Prozess-Blog<\/title>\n<meta name=\"robots\" content=\"index, follow, max-snippet:-1, max-image-preview:large, max-video-preview:-1\" \/>\n<link rel=\"canonical\" href=\"https:\/\/blog.zeit.de\/nsu-prozess-blog\/2014\/04\/02\/in-der-psyche-von-tino-brandt-das-medienlog-vom-mittwoch-2-april-2014\/\" \/>\n<meta property=\"og:locale\" content=\"de_DE\" \/>\n<meta property=\"og:type\" content=\"article\" \/>\n<meta property=\"og:title\" content=\"In der Psyche von Tino Brandt \u2013 Das Medienlog vom Mittwoch, 2. April 2014 - Das NSU-Prozess-Blog\" \/>\n<meta property=\"og:description\" content=\"&#8222;Verr\u00e4terkomplex&#8220; ist in der 100. Sitzung des NSU-Prozesses das Wort des Tages: Ein fr\u00fcherer Th\u00fcringer Verfassungssch\u00fctzer gab Einblicke in die Zusammenarbeit mit dem V-Mann Tino Brandt, unter dessen Anleitung sich das NSU-Trio radikalisiert haben soll. Brandt habe sowohl der rechten Szene als auch dem Staat gedient \u2013 ein Widerspruch, den die Geheimdienstler bei ihrem V-Mann [&hellip;]\" \/>\n<meta property=\"og:url\" content=\"https:\/\/blog.zeit.de\/nsu-prozess-blog\/2014\/04\/02\/in-der-psyche-von-tino-brandt-das-medienlog-vom-mittwoch-2-april-2014\/\" \/>\n<meta property=\"og:site_name\" content=\"Das NSU-Prozess-Blog\" \/>\n<meta property=\"article:published_time\" content=\"2014-04-02T06:31:06+00:00\" \/>\n<meta property=\"article:modified_time\" content=\"2014-04-02T10:00:55+00:00\" \/>\n<meta name=\"author\" content=\"Tom Sundermann\" \/>\n<meta name=\"twitter:label1\" content=\"Geschrieben von\" \/>\n\t<meta name=\"twitter:data1\" content=\"Tom Sundermann\" \/>\n\t<meta name=\"twitter:label2\" content=\"Gesch\u00e4tzte Lesezeit\" \/>\n\t<meta name=\"twitter:data2\" content=\"4\u00a0Minuten\" \/>\n<script type=\"application\/ld+json\" class=\"yoast-schema-graph\">{\"@context\":\"https:\/\/schema.org\",\"@graph\":[{\"@type\":\"WebPage\",\"@id\":\"https:\/\/blog.zeit.de\/nsu-prozess-blog\/2014\/04\/02\/in-der-psyche-von-tino-brandt-das-medienlog-vom-mittwoch-2-april-2014\/\",\"url\":\"https:\/\/blog.zeit.de\/nsu-prozess-blog\/2014\/04\/02\/in-der-psyche-von-tino-brandt-das-medienlog-vom-mittwoch-2-april-2014\/\",\"name\":\"In der Psyche von Tino Brandt \u2013 Das Medienlog vom Mittwoch, 2. April 2014 - Das NSU-Prozess-Blog\",\"isPartOf\":{\"@id\":\"https:\/\/blog.zeit.de\/nsu-prozess-blog\/#website\"},\"datePublished\":\"2014-04-02T06:31:06+00:00\",\"dateModified\":\"2014-04-02T10:00:55+00:00\",\"author\":{\"@id\":\"https:\/\/blog.zeit.de\/nsu-prozess-blog\/#\/schema\/person\/553ea9bb5d1fc2ae054c589bd59380a5\"},\"breadcrumb\":{\"@id\":\"https:\/\/blog.zeit.de\/nsu-prozess-blog\/2014\/04\/02\/in-der-psyche-von-tino-brandt-das-medienlog-vom-mittwoch-2-april-2014\/#breadcrumb\"},\"inLanguage\":\"de\",\"potentialAction\":[{\"@type\":\"ReadAction\",\"target\":[\"https:\/\/blog.zeit.de\/nsu-prozess-blog\/2014\/04\/02\/in-der-psyche-von-tino-brandt-das-medienlog-vom-mittwoch-2-april-2014\/\"]}]},{\"@type\":\"BreadcrumbList\",\"@id\":\"https:\/\/blog.zeit.de\/nsu-prozess-blog\/2014\/04\/02\/in-der-psyche-von-tino-brandt-das-medienlog-vom-mittwoch-2-april-2014\/#breadcrumb\",\"itemListElement\":[{\"@type\":\"ListItem\",\"position\":1,\"name\":\"Startseite\",\"item\":\"https:\/\/blog.zeit.de\/nsu-prozess-blog\/\"},{\"@type\":\"ListItem\",\"position\":2,\"name\":\"In der Psyche von Tino Brandt \u2013 Das Medienlog vom Mittwoch, 2. April 2014\"}]},{\"@type\":\"WebSite\",\"@id\":\"https:\/\/blog.zeit.de\/nsu-prozess-blog\/#website\",\"url\":\"https:\/\/blog.zeit.de\/nsu-prozess-blog\/\",\"name\":\"Das NSU-Prozess-Blog\",\"description\":\"Alle Berichte zum Terrorverfahren in M\u00fcnchen\",\"potentialAction\":[{\"@type\":\"SearchAction\",\"target\":{\"@type\":\"EntryPoint\",\"urlTemplate\":\"https:\/\/blog.zeit.de\/nsu-prozess-blog\/?s={search_term_string}\"},\"query-input\":\"required name=search_term_string\"}],\"inLanguage\":\"de\"},{\"@type\":\"Person\",\"@id\":\"https:\/\/blog.zeit.de\/nsu-prozess-blog\/#\/schema\/person\/553ea9bb5d1fc2ae054c589bd59380a5\",\"name\":\"Tom Sundermann\",\"image\":{\"@type\":\"ImageObject\",\"inLanguage\":\"de\",\"@id\":\"https:\/\/blog.zeit.de\/nsu-prozess-blog\/#\/schema\/person\/image\/\",\"url\":\"https:\/\/secure.gravatar.com\/avatar\/e108a3dc18766f719b2f797dc5d19093f06a1870c55b553ab6b7563f1f9a5e68?s=96&d=mm&r=g\",\"contentUrl\":\"https:\/\/secure.gravatar.com\/avatar\/e108a3dc18766f719b2f797dc5d19093f06a1870c55b553ab6b7563f1f9a5e68?s=96&d=mm&r=g\",\"caption\":\"Tom Sundermann\"},\"sameAs\":[\"https:\/\/twitter.com\/messeticker\"],\"url\":\"https:\/\/blog.zeit.de\/nsu-prozess-blog\/author\/tsundermann\/\"}]}<\/script>\n<!-- \/ Yoast SEO plugin. -->","yoast_head_json":{"title":"In der Psyche von Tino Brandt \u2013 Das Medienlog vom Mittwoch, 2. April 2014 - Das NSU-Prozess-Blog","robots":{"index":"index","follow":"follow","max-snippet":"max-snippet:-1","max-image-preview":"max-image-preview:large","max-video-preview":"max-video-preview:-1"},"canonical":"https:\/\/blog.zeit.de\/nsu-prozess-blog\/2014\/04\/02\/in-der-psyche-von-tino-brandt-das-medienlog-vom-mittwoch-2-april-2014\/","og_locale":"de_DE","og_type":"article","og_title":"In der Psyche von Tino Brandt \u2013 Das Medienlog vom Mittwoch, 2. April 2014 - Das NSU-Prozess-Blog","og_description":"&#8222;Verr\u00e4terkomplex&#8220; ist in der 100. Sitzung des NSU-Prozesses das Wort des Tages: Ein fr\u00fcherer Th\u00fcringer Verfassungssch\u00fctzer gab Einblicke in die Zusammenarbeit mit dem V-Mann Tino Brandt, unter dessen Anleitung sich das NSU-Trio radikalisiert haben soll. Brandt habe sowohl der rechten Szene als auch dem Staat gedient \u2013 ein Widerspruch, den die Geheimdienstler bei ihrem V-Mann [&hellip;]","og_url":"https:\/\/blog.zeit.de\/nsu-prozess-blog\/2014\/04\/02\/in-der-psyche-von-tino-brandt-das-medienlog-vom-mittwoch-2-april-2014\/","og_site_name":"Das NSU-Prozess-Blog","article_published_time":"2014-04-02T06:31:06+00:00","article_modified_time":"2014-04-02T10:00:55+00:00","author":"Tom Sundermann","twitter_misc":{"Geschrieben von":"Tom Sundermann","Gesch\u00e4tzte Lesezeit":"4\u00a0Minuten"},"schema":{"@context":"https:\/\/schema.org","@graph":[{"@type":"WebPage","@id":"https:\/\/blog.zeit.de\/nsu-prozess-blog\/2014\/04\/02\/in-der-psyche-von-tino-brandt-das-medienlog-vom-mittwoch-2-april-2014\/","url":"https:\/\/blog.zeit.de\/nsu-prozess-blog\/2014\/04\/02\/in-der-psyche-von-tino-brandt-das-medienlog-vom-mittwoch-2-april-2014\/","name":"In der Psyche von Tino Brandt \u2013 Das Medienlog vom Mittwoch, 2. April 2014 - Das NSU-Prozess-Blog","isPartOf":{"@id":"https:\/\/blog.zeit.de\/nsu-prozess-blog\/#website"},"datePublished":"2014-04-02T06:31:06+00:00","dateModified":"2014-04-02T10:00:55+00:00","author":{"@id":"https:\/\/blog.zeit.de\/nsu-prozess-blog\/#\/schema\/person\/553ea9bb5d1fc2ae054c589bd59380a5"},"breadcrumb":{"@id":"https:\/\/blog.zeit.de\/nsu-prozess-blog\/2014\/04\/02\/in-der-psyche-von-tino-brandt-das-medienlog-vom-mittwoch-2-april-2014\/#breadcrumb"},"inLanguage":"de","potentialAction":[{"@type":"ReadAction","target":["https:\/\/blog.zeit.de\/nsu-prozess-blog\/2014\/04\/02\/in-der-psyche-von-tino-brandt-das-medienlog-vom-mittwoch-2-april-2014\/"]}]},{"@type":"BreadcrumbList","@id":"https:\/\/blog.zeit.de\/nsu-prozess-blog\/2014\/04\/02\/in-der-psyche-von-tino-brandt-das-medienlog-vom-mittwoch-2-april-2014\/#breadcrumb","itemListElement":[{"@type":"ListItem","position":1,"name":"Startseite","item":"https:\/\/blog.zeit.de\/nsu-prozess-blog\/"},{"@type":"ListItem","position":2,"name":"In der Psyche von Tino Brandt \u2013 Das Medienlog vom Mittwoch, 2. April 2014"}]},{"@type":"WebSite","@id":"https:\/\/blog.zeit.de\/nsu-prozess-blog\/#website","url":"https:\/\/blog.zeit.de\/nsu-prozess-blog\/","name":"Das NSU-Prozess-Blog","description":"Alle Berichte zum Terrorverfahren in M\u00fcnchen","potentialAction":[{"@type":"SearchAction","target":{"@type":"EntryPoint","urlTemplate":"https:\/\/blog.zeit.de\/nsu-prozess-blog\/?s={search_term_string}"},"query-input":"required name=search_term_string"}],"inLanguage":"de"},{"@type":"Person","@id":"https:\/\/blog.zeit.de\/nsu-prozess-blog\/#\/schema\/person\/553ea9bb5d1fc2ae054c589bd59380a5","name":"Tom Sundermann","image":{"@type":"ImageObject","inLanguage":"de","@id":"https:\/\/blog.zeit.de\/nsu-prozess-blog\/#\/schema\/person\/image\/","url":"https:\/\/secure.gravatar.com\/avatar\/e108a3dc18766f719b2f797dc5d19093f06a1870c55b553ab6b7563f1f9a5e68?s=96&d=mm&r=g","contentUrl":"https:\/\/secure.gravatar.com\/avatar\/e108a3dc18766f719b2f797dc5d19093f06a1870c55b553ab6b7563f1f9a5e68?s=96&d=mm&r=g","caption":"Tom Sundermann"},"sameAs":["https:\/\/twitter.com\/messeticker"],"url":"https:\/\/blog.zeit.de\/nsu-prozess-blog\/author\/tsundermann\/"}]}},"jetpack_featured_media_url":"","jetpack_sharing_enabled":true,"_links":{"self":[{"href":"https:\/\/blog.zeit.de\/nsu-prozess-blog\/wp-json\/wp\/v2\/posts\/6353","targetHints":{"allow":["GET"]}}],"collection":[{"href":"https:\/\/blog.zeit.de\/nsu-prozess-blog\/wp-json\/wp\/v2\/posts"}],"about":[{"href":"https:\/\/blog.zeit.de\/nsu-prozess-blog\/wp-json\/wp\/v2\/types\/post"}],"author":[{"embeddable":true,"href":"https:\/\/blog.zeit.de\/nsu-prozess-blog\/wp-json\/wp\/v2\/users\/435"}],"replies":[{"embeddable":true,"href":"https:\/\/blog.zeit.de\/nsu-prozess-blog\/wp-json\/wp\/v2\/comments?post=6353"}],"version-history":[{"count":15,"href":"https:\/\/blog.zeit.de\/nsu-prozess-blog\/wp-json\/wp\/v2\/posts\/6353\/revisions"}],"predecessor-version":[{"id":6373,"href":"https:\/\/blog.zeit.de\/nsu-prozess-blog\/wp-json\/wp\/v2\/posts\/6353\/revisions\/6373"}],"wp:attachment":[{"href":"https:\/\/blog.zeit.de\/nsu-prozess-blog\/wp-json\/wp\/v2\/media?parent=6353"}],"wp:term":[{"taxonomy":"category","embeddable":true,"href":"https:\/\/blog.zeit.de\/nsu-prozess-blog\/wp-json\/wp\/v2\/categories?post=6353"},{"taxonomy":"post_tag","embeddable":true,"href":"https:\/\/blog.zeit.de\/nsu-prozess-blog\/wp-json\/wp\/v2\/tags?post=6353"}],"curies":[{"name":"wp","href":"https:\/\/api.w.org\/{rel}","templated":true}]}}