{"id":6395,"date":"2014-04-08T07:00:59","date_gmt":"2014-04-08T05:00:59","guid":{"rendered":"http:\/\/blog.zeit.de\/nsu-prozess-blog\/?p=6395"},"modified":"2014-04-03T17:31:15","modified_gmt":"2014-04-03T15:31:15","slug":"103-prozesstag-ex-freundin-von-andre-e-geladen","status":"publish","type":"post","link":"https:\/\/blog.zeit.de\/nsu-prozess-blog\/2014\/04\/08\/103-prozesstag-ex-freundin-von-andre-e-geladen\/","title":{"rendered":"103. Prozesstag \u2013 Ex-Freundin von Andr\u00e9 E. geladen"},"content":{"rendered":"<p>Der 103. Prozesstag ist allein f\u00fcr eine Zeugin reserviert: Anja S. soll \u00fcber den als Unterst\u00fctzer angeklagten Andr\u00e9 E. aussagen. Die Vernehmung d\u00fcrfte Erkenntnisse \u00fcber E.s Verbindung zum NSU liefern. S. war von 1997 bis 1999 dessen Freundin, gemeinsam besuchten sie Beate Zsch\u00e4pe kurz nach dem Untertauchen des Trios im Jahr 1998 in Chemnitz. Die heute in Gro\u00dfbritannien lebende S. war bereits im Vorjahr geladen worden, jedoch nicht erschienen.<\/p>\n<p><em>Informationen aus der Verhandlung gibt es <a href=\"https:\/\/twitter.com\/zeitonline\/lists\/nsu-prozess\">via Twitter hier<\/a>. Die Berichte dar\u00fcber fassen wir morgen im <a href=\"https:\/\/blog.zeit.de\/nsu-prozess-blog\/category\/medienschau\/\">NSU-Medienlog<\/a> zusammen.<\/em><\/p>\n","protected":false},"excerpt":{"rendered":"<p>Der 103. Prozesstag ist allein f\u00fcr eine Zeugin reserviert: Anja S. soll \u00fcber den als Unterst\u00fctzer angeklagten Andr\u00e9 E. aussagen. Die Vernehmung d\u00fcrfte Erkenntnisse \u00fcber E.s Verbindung zum NSU liefern. S. war von 1997 bis 1999 dessen Freundin, gemeinsam besuchten sie Beate Zsch\u00e4pe kurz nach dem Untertauchen des Trios im Jahr 1998 in Chemnitz. Die [&hellip;]<\/p>\n","protected":false},"author":435,"featured_media":0,"comment_status":"open","ping_status":"open","sticky":false,"template":"","format":"standard","meta":{"_jetpack_memberships_contains_paid_content":false,"footnotes":""},"categories":[27532],"tags":[],"class_list":["post-6395","post","type-post","status-publish","format-standard","hentry","category-prozesstage"],"yoast_head":"<!-- This site is optimized with the Yoast SEO plugin v21.0 - https:\/\/yoast.com\/wordpress\/plugins\/seo\/ -->\n<title>103. Prozesstag \u2013 Ex-Freundin von Andr\u00e9 E. geladen - Das NSU-Prozess-Blog<\/title>\n<meta name=\"robots\" content=\"index, follow, max-snippet:-1, max-image-preview:large, max-video-preview:-1\" \/>\n<link rel=\"canonical\" href=\"https:\/\/blog.zeit.de\/nsu-prozess-blog\/2014\/04\/08\/103-prozesstag-ex-freundin-von-andre-e-geladen\/\" \/>\n<meta property=\"og:locale\" content=\"de_DE\" \/>\n<meta property=\"og:type\" content=\"article\" \/>\n<meta property=\"og:title\" content=\"103. Prozesstag \u2013 Ex-Freundin von Andr\u00e9 E. geladen - Das NSU-Prozess-Blog\" \/>\n<meta property=\"og:description\" content=\"Der 103. Prozesstag ist allein f\u00fcr eine Zeugin reserviert: Anja S. soll \u00fcber den als Unterst\u00fctzer angeklagten Andr\u00e9 E. aussagen. Die Vernehmung d\u00fcrfte Erkenntnisse \u00fcber E.s Verbindung zum NSU liefern. S. war von 1997 bis 1999 dessen Freundin, gemeinsam besuchten sie Beate Zsch\u00e4pe kurz nach dem Untertauchen des Trios im Jahr 1998 in Chemnitz. Die [&hellip;]\" \/>\n<meta property=\"og:url\" content=\"https:\/\/blog.zeit.de\/nsu-prozess-blog\/2014\/04\/08\/103-prozesstag-ex-freundin-von-andre-e-geladen\/\" \/>\n<meta property=\"og:site_name\" content=\"Das NSU-Prozess-Blog\" \/>\n<meta property=\"article:published_time\" content=\"2014-04-08T05:00:59+00:00\" \/>\n<meta property=\"article:modified_time\" content=\"2014-04-03T15:31:15+00:00\" \/>\n<meta name=\"author\" content=\"Tom Sundermann\" \/>\n<meta name=\"twitter:label1\" content=\"Geschrieben von\" \/>\n\t<meta name=\"twitter:data1\" content=\"Tom Sundermann\" \/>\n<script type=\"application\/ld+json\" class=\"yoast-schema-graph\">{\"@context\":\"https:\/\/schema.org\",\"@graph\":[{\"@type\":\"WebPage\",\"@id\":\"https:\/\/blog.zeit.de\/nsu-prozess-blog\/2014\/04\/08\/103-prozesstag-ex-freundin-von-andre-e-geladen\/\",\"url\":\"https:\/\/blog.zeit.de\/nsu-prozess-blog\/2014\/04\/08\/103-prozesstag-ex-freundin-von-andre-e-geladen\/\",\"name\":\"103. Prozesstag \u2013 Ex-Freundin von Andr\u00e9 E. geladen - Das NSU-Prozess-Blog\",\"isPartOf\":{\"@id\":\"https:\/\/blog.zeit.de\/nsu-prozess-blog\/#website\"},\"datePublished\":\"2014-04-08T05:00:59+00:00\",\"dateModified\":\"2014-04-03T15:31:15+00:00\",\"author\":{\"@id\":\"https:\/\/blog.zeit.de\/nsu-prozess-blog\/#\/schema\/person\/553ea9bb5d1fc2ae054c589bd59380a5\"},\"breadcrumb\":{\"@id\":\"https:\/\/blog.zeit.de\/nsu-prozess-blog\/2014\/04\/08\/103-prozesstag-ex-freundin-von-andre-e-geladen\/#breadcrumb\"},\"inLanguage\":\"de\",\"potentialAction\":[{\"@type\":\"ReadAction\",\"target\":[\"https:\/\/blog.zeit.de\/nsu-prozess-blog\/2014\/04\/08\/103-prozesstag-ex-freundin-von-andre-e-geladen\/\"]}]},{\"@type\":\"BreadcrumbList\",\"@id\":\"https:\/\/blog.zeit.de\/nsu-prozess-blog\/2014\/04\/08\/103-prozesstag-ex-freundin-von-andre-e-geladen\/#breadcrumb\",\"itemListElement\":[{\"@type\":\"ListItem\",\"position\":1,\"name\":\"Startseite\",\"item\":\"https:\/\/blog.zeit.de\/nsu-prozess-blog\/\"},{\"@type\":\"ListItem\",\"position\":2,\"name\":\"103. Prozesstag \u2013 Ex-Freundin von Andr\u00e9 E. geladen\"}]},{\"@type\":\"WebSite\",\"@id\":\"https:\/\/blog.zeit.de\/nsu-prozess-blog\/#website\",\"url\":\"https:\/\/blog.zeit.de\/nsu-prozess-blog\/\",\"name\":\"Das NSU-Prozess-Blog\",\"description\":\"Alle Berichte zum Terrorverfahren in M\u00fcnchen\",\"potentialAction\":[{\"@type\":\"SearchAction\",\"target\":{\"@type\":\"EntryPoint\",\"urlTemplate\":\"https:\/\/blog.zeit.de\/nsu-prozess-blog\/?s={search_term_string}\"},\"query-input\":\"required name=search_term_string\"}],\"inLanguage\":\"de\"},{\"@type\":\"Person\",\"@id\":\"https:\/\/blog.zeit.de\/nsu-prozess-blog\/#\/schema\/person\/553ea9bb5d1fc2ae054c589bd59380a5\",\"name\":\"Tom Sundermann\",\"image\":{\"@type\":\"ImageObject\",\"inLanguage\":\"de\",\"@id\":\"https:\/\/blog.zeit.de\/nsu-prozess-blog\/#\/schema\/person\/image\/\",\"url\":\"https:\/\/secure.gravatar.com\/avatar\/e108a3dc18766f719b2f797dc5d19093f06a1870c55b553ab6b7563f1f9a5e68?s=96&d=mm&r=g\",\"contentUrl\":\"https:\/\/secure.gravatar.com\/avatar\/e108a3dc18766f719b2f797dc5d19093f06a1870c55b553ab6b7563f1f9a5e68?s=96&d=mm&r=g\",\"caption\":\"Tom Sundermann\"},\"sameAs\":[\"https:\/\/twitter.com\/messeticker\"],\"url\":\"https:\/\/blog.zeit.de\/nsu-prozess-blog\/author\/tsundermann\/\"}]}<\/script>\n<!-- \/ Yoast SEO plugin. -->","yoast_head_json":{"title":"103. Prozesstag \u2013 Ex-Freundin von Andr\u00e9 E. geladen - Das NSU-Prozess-Blog","robots":{"index":"index","follow":"follow","max-snippet":"max-snippet:-1","max-image-preview":"max-image-preview:large","max-video-preview":"max-video-preview:-1"},"canonical":"https:\/\/blog.zeit.de\/nsu-prozess-blog\/2014\/04\/08\/103-prozesstag-ex-freundin-von-andre-e-geladen\/","og_locale":"de_DE","og_type":"article","og_title":"103. Prozesstag \u2013 Ex-Freundin von Andr\u00e9 E. geladen - Das NSU-Prozess-Blog","og_description":"Der 103. Prozesstag ist allein f\u00fcr eine Zeugin reserviert: Anja S. soll \u00fcber den als Unterst\u00fctzer angeklagten Andr\u00e9 E. aussagen. Die Vernehmung d\u00fcrfte Erkenntnisse \u00fcber E.s Verbindung zum NSU liefern. S. war von 1997 bis 1999 dessen Freundin, gemeinsam besuchten sie Beate Zsch\u00e4pe kurz nach dem Untertauchen des Trios im Jahr 1998 in Chemnitz. Die [&hellip;]","og_url":"https:\/\/blog.zeit.de\/nsu-prozess-blog\/2014\/04\/08\/103-prozesstag-ex-freundin-von-andre-e-geladen\/","og_site_name":"Das NSU-Prozess-Blog","article_published_time":"2014-04-08T05:00:59+00:00","article_modified_time":"2014-04-03T15:31:15+00:00","author":"Tom Sundermann","twitter_misc":{"Geschrieben von":"Tom Sundermann"},"schema":{"@context":"https:\/\/schema.org","@graph":[{"@type":"WebPage","@id":"https:\/\/blog.zeit.de\/nsu-prozess-blog\/2014\/04\/08\/103-prozesstag-ex-freundin-von-andre-e-geladen\/","url":"https:\/\/blog.zeit.de\/nsu-prozess-blog\/2014\/04\/08\/103-prozesstag-ex-freundin-von-andre-e-geladen\/","name":"103. Prozesstag \u2013 Ex-Freundin von Andr\u00e9 E. geladen - Das NSU-Prozess-Blog","isPartOf":{"@id":"https:\/\/blog.zeit.de\/nsu-prozess-blog\/#website"},"datePublished":"2014-04-08T05:00:59+00:00","dateModified":"2014-04-03T15:31:15+00:00","author":{"@id":"https:\/\/blog.zeit.de\/nsu-prozess-blog\/#\/schema\/person\/553ea9bb5d1fc2ae054c589bd59380a5"},"breadcrumb":{"@id":"https:\/\/blog.zeit.de\/nsu-prozess-blog\/2014\/04\/08\/103-prozesstag-ex-freundin-von-andre-e-geladen\/#breadcrumb"},"inLanguage":"de","potentialAction":[{"@type":"ReadAction","target":["https:\/\/blog.zeit.de\/nsu-prozess-blog\/2014\/04\/08\/103-prozesstag-ex-freundin-von-andre-e-geladen\/"]}]},{"@type":"BreadcrumbList","@id":"https:\/\/blog.zeit.de\/nsu-prozess-blog\/2014\/04\/08\/103-prozesstag-ex-freundin-von-andre-e-geladen\/#breadcrumb","itemListElement":[{"@type":"ListItem","position":1,"name":"Startseite","item":"https:\/\/blog.zeit.de\/nsu-prozess-blog\/"},{"@type":"ListItem","position":2,"name":"103. Prozesstag \u2013 Ex-Freundin von Andr\u00e9 E. geladen"}]},{"@type":"WebSite","@id":"https:\/\/blog.zeit.de\/nsu-prozess-blog\/#website","url":"https:\/\/blog.zeit.de\/nsu-prozess-blog\/","name":"Das NSU-Prozess-Blog","description":"Alle Berichte zum Terrorverfahren in M\u00fcnchen","potentialAction":[{"@type":"SearchAction","target":{"@type":"EntryPoint","urlTemplate":"https:\/\/blog.zeit.de\/nsu-prozess-blog\/?s={search_term_string}"},"query-input":"required name=search_term_string"}],"inLanguage":"de"},{"@type":"Person","@id":"https:\/\/blog.zeit.de\/nsu-prozess-blog\/#\/schema\/person\/553ea9bb5d1fc2ae054c589bd59380a5","name":"Tom Sundermann","image":{"@type":"ImageObject","inLanguage":"de","@id":"https:\/\/blog.zeit.de\/nsu-prozess-blog\/#\/schema\/person\/image\/","url":"https:\/\/secure.gravatar.com\/avatar\/e108a3dc18766f719b2f797dc5d19093f06a1870c55b553ab6b7563f1f9a5e68?s=96&d=mm&r=g","contentUrl":"https:\/\/secure.gravatar.com\/avatar\/e108a3dc18766f719b2f797dc5d19093f06a1870c55b553ab6b7563f1f9a5e68?s=96&d=mm&r=g","caption":"Tom Sundermann"},"sameAs":["https:\/\/twitter.com\/messeticker"],"url":"https:\/\/blog.zeit.de\/nsu-prozess-blog\/author\/tsundermann\/"}]}},"jetpack_featured_media_url":"","jetpack_sharing_enabled":true,"_links":{"self":[{"href":"https:\/\/blog.zeit.de\/nsu-prozess-blog\/wp-json\/wp\/v2\/posts\/6395","targetHints":{"allow":["GET"]}}],"collection":[{"href":"https:\/\/blog.zeit.de\/nsu-prozess-blog\/wp-json\/wp\/v2\/posts"}],"about":[{"href":"https:\/\/blog.zeit.de\/nsu-prozess-blog\/wp-json\/wp\/v2\/types\/post"}],"author":[{"embeddable":true,"href":"https:\/\/blog.zeit.de\/nsu-prozess-blog\/wp-json\/wp\/v2\/users\/435"}],"replies":[{"embeddable":true,"href":"https:\/\/blog.zeit.de\/nsu-prozess-blog\/wp-json\/wp\/v2\/comments?post=6395"}],"version-history":[{"count":1,"href":"https:\/\/blog.zeit.de\/nsu-prozess-blog\/wp-json\/wp\/v2\/posts\/6395\/revisions"}],"predecessor-version":[{"id":6396,"href":"https:\/\/blog.zeit.de\/nsu-prozess-blog\/wp-json\/wp\/v2\/posts\/6395\/revisions\/6396"}],"wp:attachment":[{"href":"https:\/\/blog.zeit.de\/nsu-prozess-blog\/wp-json\/wp\/v2\/media?parent=6395"}],"wp:term":[{"taxonomy":"category","embeddable":true,"href":"https:\/\/blog.zeit.de\/nsu-prozess-blog\/wp-json\/wp\/v2\/categories?post=6395"},{"taxonomy":"post_tag","embeddable":true,"href":"https:\/\/blog.zeit.de\/nsu-prozess-blog\/wp-json\/wp\/v2\/tags?post=6395"}],"curies":[{"name":"wp","href":"https:\/\/api.w.org\/{rel}","templated":true}]}}