{"id":6399,"date":"2014-04-09T07:00:44","date_gmt":"2014-04-09T05:00:44","guid":{"rendered":"http:\/\/blog.zeit.de\/nsu-prozess-blog\/?p=6399"},"modified":"2014-04-09T23:48:02","modified_gmt":"2014-04-09T21:48:02","slug":"104-prozesstag-gericht-prueft-weiter-mord-an-halit-yozgat","status":"publish","type":"post","link":"https:\/\/blog.zeit.de\/nsu-prozess-blog\/2014\/04\/09\/104-prozesstag-gericht-prueft-weiter-mord-an-halit-yozgat\/","title":{"rendered":"104. Prozesstag \u2013 Gericht pr\u00fcft weiter Mord an Halit Yozgat"},"content":{"rendered":"<p>Am 6. April 2006 wurde <a href=\"http:\/\/www.zeit.de\/gesellschaft\/zeitgeschehen\/2013-10\/ismail-yozgat-nsu-prozess-antworten-kassel-verfassungschutz\" target=\"_blank\">Halit Yozgat<\/a> in seinem Internetcaf\u00e9 in Kassel erschossen, mutma\u00dflich von Uwe Mundlos und Uwe B\u00f6hnhardt. Vieles an dem Fall ist bis heute ungekl\u00e4rt \u2013 dazu z\u00e4hlt auch das Verhalten des zur Tatzeit anwesenden Verfassungssch\u00fctzers <a href=\"https:\/\/blog.zeit.de\/nsu-prozess-blog\/2014\/03\/11\/andreas-t-sollte-selbst-im-yozgat-fall-ermitteln\/\">Andreas T.<\/a> Deshalb h\u00f6rt das Gericht am Mittwoch einen Vorgesetzten von T., den Verfassungssch\u00fctzer Frank-Ulrich F. Dieser soll T. gelobt haben, dass er sich in einem Gespr\u00e4ch mit dem damaligen Beh\u00f6rdenleiter <a href=\"https:\/\/blog.zeit.de\/nsu-prozess-blog\/2014\/03\/12\/die-ruhe-des-verfassungsschutzers\/\">Lutz Irrgang<\/a> &#8222;nicht so restriktiv wie bei der Polizei&#8220; verhalten habe. In der Vergangenheit hatte neben Irrgang bereits eine <a href=\"https:\/\/blog.zeit.de\/nsu-prozess-blog\/2014\/03\/11\/andreas-t-sollte-selbst-im-yozgat-fall-ermitteln\/\">Mitarbeiterin T.s<\/a> ausgesagt.<\/p>\n<p>Weiterhin geladen ist ein Polizist, der nach den t\u00f6dlichen Sch\u00fcssen einen Zeugen aus dem Caf\u00e9 befragte.<\/p>\n<p><em>Informationen aus der Verhandlung gibt es <a href=\"https:\/\/twitter.com\/zeitonline\/lists\/nsu-prozess\">via Twitter hier<\/a>. Die Berichte dar\u00fcber fassen wir morgen im <a href=\"https:\/\/blog.zeit.de\/nsu-prozess-blog\/category\/medienschau\/\">NSU-Medienlog<\/a> zusammen.<\/em><\/p>\n","protected":false},"excerpt":{"rendered":"<p>Am 6. April 2006 wurde Halit Yozgat in seinem Internetcaf\u00e9 in Kassel erschossen, mutma\u00dflich von Uwe Mundlos und Uwe B\u00f6hnhardt. Vieles an dem Fall ist bis heute ungekl\u00e4rt \u2013 dazu z\u00e4hlt auch das Verhalten des zur Tatzeit anwesenden Verfassungssch\u00fctzers Andreas T. Deshalb h\u00f6rt das Gericht am Mittwoch einen Vorgesetzten von T., den Verfassungssch\u00fctzer Frank-Ulrich F. [&hellip;]<\/p>\n","protected":false},"author":435,"featured_media":0,"comment_status":"open","ping_status":"open","sticky":false,"template":"","format":"standard","meta":{"_jetpack_memberships_contains_paid_content":false,"footnotes":""},"categories":[27532],"tags":[],"class_list":["post-6399","post","type-post","status-publish","format-standard","hentry","category-prozesstage"],"yoast_head":"<!-- This site is optimized with the Yoast SEO plugin v21.0 - https:\/\/yoast.com\/wordpress\/plugins\/seo\/ -->\n<title>104. Prozesstag \u2013 Gericht pr\u00fcft weiter Mord an Halit Yozgat - Das NSU-Prozess-Blog<\/title>\n<meta name=\"robots\" content=\"index, follow, max-snippet:-1, max-image-preview:large, max-video-preview:-1\" \/>\n<link rel=\"canonical\" href=\"https:\/\/blog.zeit.de\/nsu-prozess-blog\/2014\/04\/09\/104-prozesstag-gericht-prueft-weiter-mord-an-halit-yozgat\/\" \/>\n<meta property=\"og:locale\" content=\"de_DE\" \/>\n<meta property=\"og:type\" content=\"article\" \/>\n<meta property=\"og:title\" content=\"104. Prozesstag \u2013 Gericht pr\u00fcft weiter Mord an Halit Yozgat - Das NSU-Prozess-Blog\" \/>\n<meta property=\"og:description\" content=\"Am 6. April 2006 wurde Halit Yozgat in seinem Internetcaf\u00e9 in Kassel erschossen, mutma\u00dflich von Uwe Mundlos und Uwe B\u00f6hnhardt. Vieles an dem Fall ist bis heute ungekl\u00e4rt \u2013 dazu z\u00e4hlt auch das Verhalten des zur Tatzeit anwesenden Verfassungssch\u00fctzers Andreas T. Deshalb h\u00f6rt das Gericht am Mittwoch einen Vorgesetzten von T., den Verfassungssch\u00fctzer Frank-Ulrich F. [&hellip;]\" \/>\n<meta property=\"og:url\" content=\"https:\/\/blog.zeit.de\/nsu-prozess-blog\/2014\/04\/09\/104-prozesstag-gericht-prueft-weiter-mord-an-halit-yozgat\/\" \/>\n<meta property=\"og:site_name\" content=\"Das NSU-Prozess-Blog\" \/>\n<meta property=\"article:published_time\" content=\"2014-04-09T05:00:44+00:00\" \/>\n<meta property=\"article:modified_time\" content=\"2014-04-09T21:48:02+00:00\" \/>\n<meta name=\"author\" content=\"Tom Sundermann\" \/>\n<meta name=\"twitter:label1\" content=\"Geschrieben von\" \/>\n\t<meta name=\"twitter:data1\" content=\"Tom Sundermann\" \/>\n\t<meta name=\"twitter:label2\" content=\"Gesch\u00e4tzte Lesezeit\" \/>\n\t<meta name=\"twitter:data2\" content=\"1\u00a0Minute\" \/>\n<script type=\"application\/ld+json\" class=\"yoast-schema-graph\">{\"@context\":\"https:\/\/schema.org\",\"@graph\":[{\"@type\":\"WebPage\",\"@id\":\"https:\/\/blog.zeit.de\/nsu-prozess-blog\/2014\/04\/09\/104-prozesstag-gericht-prueft-weiter-mord-an-halit-yozgat\/\",\"url\":\"https:\/\/blog.zeit.de\/nsu-prozess-blog\/2014\/04\/09\/104-prozesstag-gericht-prueft-weiter-mord-an-halit-yozgat\/\",\"name\":\"104. Prozesstag \u2013 Gericht pr\u00fcft weiter Mord an Halit Yozgat - Das NSU-Prozess-Blog\",\"isPartOf\":{\"@id\":\"https:\/\/blog.zeit.de\/nsu-prozess-blog\/#website\"},\"datePublished\":\"2014-04-09T05:00:44+00:00\",\"dateModified\":\"2014-04-09T21:48:02+00:00\",\"author\":{\"@id\":\"https:\/\/blog.zeit.de\/nsu-prozess-blog\/#\/schema\/person\/553ea9bb5d1fc2ae054c589bd59380a5\"},\"breadcrumb\":{\"@id\":\"https:\/\/blog.zeit.de\/nsu-prozess-blog\/2014\/04\/09\/104-prozesstag-gericht-prueft-weiter-mord-an-halit-yozgat\/#breadcrumb\"},\"inLanguage\":\"de\",\"potentialAction\":[{\"@type\":\"ReadAction\",\"target\":[\"https:\/\/blog.zeit.de\/nsu-prozess-blog\/2014\/04\/09\/104-prozesstag-gericht-prueft-weiter-mord-an-halit-yozgat\/\"]}]},{\"@type\":\"BreadcrumbList\",\"@id\":\"https:\/\/blog.zeit.de\/nsu-prozess-blog\/2014\/04\/09\/104-prozesstag-gericht-prueft-weiter-mord-an-halit-yozgat\/#breadcrumb\",\"itemListElement\":[{\"@type\":\"ListItem\",\"position\":1,\"name\":\"Startseite\",\"item\":\"https:\/\/blog.zeit.de\/nsu-prozess-blog\/\"},{\"@type\":\"ListItem\",\"position\":2,\"name\":\"104. Prozesstag \u2013 Gericht pr\u00fcft weiter Mord an Halit Yozgat\"}]},{\"@type\":\"WebSite\",\"@id\":\"https:\/\/blog.zeit.de\/nsu-prozess-blog\/#website\",\"url\":\"https:\/\/blog.zeit.de\/nsu-prozess-blog\/\",\"name\":\"Das NSU-Prozess-Blog\",\"description\":\"Alle Berichte zum Terrorverfahren in M\u00fcnchen\",\"potentialAction\":[{\"@type\":\"SearchAction\",\"target\":{\"@type\":\"EntryPoint\",\"urlTemplate\":\"https:\/\/blog.zeit.de\/nsu-prozess-blog\/?s={search_term_string}\"},\"query-input\":\"required name=search_term_string\"}],\"inLanguage\":\"de\"},{\"@type\":\"Person\",\"@id\":\"https:\/\/blog.zeit.de\/nsu-prozess-blog\/#\/schema\/person\/553ea9bb5d1fc2ae054c589bd59380a5\",\"name\":\"Tom Sundermann\",\"image\":{\"@type\":\"ImageObject\",\"inLanguage\":\"de\",\"@id\":\"https:\/\/blog.zeit.de\/nsu-prozess-blog\/#\/schema\/person\/image\/\",\"url\":\"https:\/\/secure.gravatar.com\/avatar\/e108a3dc18766f719b2f797dc5d19093f06a1870c55b553ab6b7563f1f9a5e68?s=96&d=mm&r=g\",\"contentUrl\":\"https:\/\/secure.gravatar.com\/avatar\/e108a3dc18766f719b2f797dc5d19093f06a1870c55b553ab6b7563f1f9a5e68?s=96&d=mm&r=g\",\"caption\":\"Tom Sundermann\"},\"sameAs\":[\"https:\/\/twitter.com\/messeticker\"],\"url\":\"https:\/\/blog.zeit.de\/nsu-prozess-blog\/author\/tsundermann\/\"}]}<\/script>\n<!-- \/ Yoast SEO plugin. -->","yoast_head_json":{"title":"104. Prozesstag \u2013 Gericht pr\u00fcft weiter Mord an Halit Yozgat - Das NSU-Prozess-Blog","robots":{"index":"index","follow":"follow","max-snippet":"max-snippet:-1","max-image-preview":"max-image-preview:large","max-video-preview":"max-video-preview:-1"},"canonical":"https:\/\/blog.zeit.de\/nsu-prozess-blog\/2014\/04\/09\/104-prozesstag-gericht-prueft-weiter-mord-an-halit-yozgat\/","og_locale":"de_DE","og_type":"article","og_title":"104. Prozesstag \u2013 Gericht pr\u00fcft weiter Mord an Halit Yozgat - Das NSU-Prozess-Blog","og_description":"Am 6. April 2006 wurde Halit Yozgat in seinem Internetcaf\u00e9 in Kassel erschossen, mutma\u00dflich von Uwe Mundlos und Uwe B\u00f6hnhardt. Vieles an dem Fall ist bis heute ungekl\u00e4rt \u2013 dazu z\u00e4hlt auch das Verhalten des zur Tatzeit anwesenden Verfassungssch\u00fctzers Andreas T. Deshalb h\u00f6rt das Gericht am Mittwoch einen Vorgesetzten von T., den Verfassungssch\u00fctzer Frank-Ulrich F. [&hellip;]","og_url":"https:\/\/blog.zeit.de\/nsu-prozess-blog\/2014\/04\/09\/104-prozesstag-gericht-prueft-weiter-mord-an-halit-yozgat\/","og_site_name":"Das NSU-Prozess-Blog","article_published_time":"2014-04-09T05:00:44+00:00","article_modified_time":"2014-04-09T21:48:02+00:00","author":"Tom Sundermann","twitter_misc":{"Geschrieben von":"Tom Sundermann","Gesch\u00e4tzte Lesezeit":"1\u00a0Minute"},"schema":{"@context":"https:\/\/schema.org","@graph":[{"@type":"WebPage","@id":"https:\/\/blog.zeit.de\/nsu-prozess-blog\/2014\/04\/09\/104-prozesstag-gericht-prueft-weiter-mord-an-halit-yozgat\/","url":"https:\/\/blog.zeit.de\/nsu-prozess-blog\/2014\/04\/09\/104-prozesstag-gericht-prueft-weiter-mord-an-halit-yozgat\/","name":"104. Prozesstag \u2013 Gericht pr\u00fcft weiter Mord an Halit Yozgat - Das NSU-Prozess-Blog","isPartOf":{"@id":"https:\/\/blog.zeit.de\/nsu-prozess-blog\/#website"},"datePublished":"2014-04-09T05:00:44+00:00","dateModified":"2014-04-09T21:48:02+00:00","author":{"@id":"https:\/\/blog.zeit.de\/nsu-prozess-blog\/#\/schema\/person\/553ea9bb5d1fc2ae054c589bd59380a5"},"breadcrumb":{"@id":"https:\/\/blog.zeit.de\/nsu-prozess-blog\/2014\/04\/09\/104-prozesstag-gericht-prueft-weiter-mord-an-halit-yozgat\/#breadcrumb"},"inLanguage":"de","potentialAction":[{"@type":"ReadAction","target":["https:\/\/blog.zeit.de\/nsu-prozess-blog\/2014\/04\/09\/104-prozesstag-gericht-prueft-weiter-mord-an-halit-yozgat\/"]}]},{"@type":"BreadcrumbList","@id":"https:\/\/blog.zeit.de\/nsu-prozess-blog\/2014\/04\/09\/104-prozesstag-gericht-prueft-weiter-mord-an-halit-yozgat\/#breadcrumb","itemListElement":[{"@type":"ListItem","position":1,"name":"Startseite","item":"https:\/\/blog.zeit.de\/nsu-prozess-blog\/"},{"@type":"ListItem","position":2,"name":"104. Prozesstag \u2013 Gericht pr\u00fcft weiter Mord an Halit Yozgat"}]},{"@type":"WebSite","@id":"https:\/\/blog.zeit.de\/nsu-prozess-blog\/#website","url":"https:\/\/blog.zeit.de\/nsu-prozess-blog\/","name":"Das NSU-Prozess-Blog","description":"Alle Berichte zum Terrorverfahren in M\u00fcnchen","potentialAction":[{"@type":"SearchAction","target":{"@type":"EntryPoint","urlTemplate":"https:\/\/blog.zeit.de\/nsu-prozess-blog\/?s={search_term_string}"},"query-input":"required name=search_term_string"}],"inLanguage":"de"},{"@type":"Person","@id":"https:\/\/blog.zeit.de\/nsu-prozess-blog\/#\/schema\/person\/553ea9bb5d1fc2ae054c589bd59380a5","name":"Tom Sundermann","image":{"@type":"ImageObject","inLanguage":"de","@id":"https:\/\/blog.zeit.de\/nsu-prozess-blog\/#\/schema\/person\/image\/","url":"https:\/\/secure.gravatar.com\/avatar\/e108a3dc18766f719b2f797dc5d19093f06a1870c55b553ab6b7563f1f9a5e68?s=96&d=mm&r=g","contentUrl":"https:\/\/secure.gravatar.com\/avatar\/e108a3dc18766f719b2f797dc5d19093f06a1870c55b553ab6b7563f1f9a5e68?s=96&d=mm&r=g","caption":"Tom Sundermann"},"sameAs":["https:\/\/twitter.com\/messeticker"],"url":"https:\/\/blog.zeit.de\/nsu-prozess-blog\/author\/tsundermann\/"}]}},"jetpack_featured_media_url":"","jetpack_sharing_enabled":true,"_links":{"self":[{"href":"https:\/\/blog.zeit.de\/nsu-prozess-blog\/wp-json\/wp\/v2\/posts\/6399","targetHints":{"allow":["GET"]}}],"collection":[{"href":"https:\/\/blog.zeit.de\/nsu-prozess-blog\/wp-json\/wp\/v2\/posts"}],"about":[{"href":"https:\/\/blog.zeit.de\/nsu-prozess-blog\/wp-json\/wp\/v2\/types\/post"}],"author":[{"embeddable":true,"href":"https:\/\/blog.zeit.de\/nsu-prozess-blog\/wp-json\/wp\/v2\/users\/435"}],"replies":[{"embeddable":true,"href":"https:\/\/blog.zeit.de\/nsu-prozess-blog\/wp-json\/wp\/v2\/comments?post=6399"}],"version-history":[{"count":4,"href":"https:\/\/blog.zeit.de\/nsu-prozess-blog\/wp-json\/wp\/v2\/posts\/6399\/revisions"}],"predecessor-version":[{"id":6446,"href":"https:\/\/blog.zeit.de\/nsu-prozess-blog\/wp-json\/wp\/v2\/posts\/6399\/revisions\/6446"}],"wp:attachment":[{"href":"https:\/\/blog.zeit.de\/nsu-prozess-blog\/wp-json\/wp\/v2\/media?parent=6399"}],"wp:term":[{"taxonomy":"category","embeddable":true,"href":"https:\/\/blog.zeit.de\/nsu-prozess-blog\/wp-json\/wp\/v2\/categories?post=6399"},{"taxonomy":"post_tag","embeddable":true,"href":"https:\/\/blog.zeit.de\/nsu-prozess-blog\/wp-json\/wp\/v2\/tags?post=6399"}],"curies":[{"name":"wp","href":"https:\/\/api.w.org\/{rel}","templated":true}]}}