{"id":6419,"date":"2014-04-07T08:48:23","date_gmt":"2014-04-07T06:48:23","guid":{"rendered":"http:\/\/blog.zeit.de\/nsu-prozess-blog\/?p=6419"},"modified":"2014-04-07T08:48:43","modified_gmt":"2014-04-07T06:48:43","slug":"medienlog-zschaepe-aussage","status":"publish","type":"post","link":"https:\/\/blog.zeit.de\/nsu-prozess-blog\/2014\/04\/07\/medienlog-zschaepe-aussage\/","title":{"rendered":"Anwalt: Zsch\u00e4pe wird aussagen \u2013 Das Medienlog von Montag, 7. April 2014"},"content":{"rendered":"<p>Im Prozess schweigt die Hauptangeklagte Beate Zsch\u00e4pe beharrlich \u2013 doch nicht bis zum Urteil, glaubt der Hamburger Nebenklageanwalt Thomas Bliwier: &#8222;Sie sagt etwas, da bin ich sicher&#8220;, sagte er der <a href=\"http:\/\/www.welt.de\/print\/wams\/hamburg\/article126613276\/Die-Neben-Aufklaerer.html\" target=\"_blank\"><em>Welt am Sonntag<\/em><\/a>. Das Verfahren sei bislang nicht zu ihren Gunsten verlaufen, nur durch eine Aussage k\u00f6nne sie die H\u00f6chststrafe von lebenslanger Haft mit besonderer Schwere der Schuld abwenden. In Bayern sei so eine Entlassung nach fr\u00fchestens 25 Jahren m\u00f6glich, hei\u00dft es in dem Beitrag. Zsch\u00e4pe hatte zu einem Polizisten gesagt, dass sie sich &#8222;nicht gestellt habe, um nicht auszusagen&#8220;.<\/p>\n<p>Bliwiers Mandant ist Ismail Yozgat, der Vater des 2006 in Kassel ermordeten Halit Yozgat. Ismail Yozgat habe einmal gesagt, die Hauptangeklagte &#8222;k\u00f6nnte von ihm aus auch frei sein, wenn sie denn alles sagen w\u00fcrde, was sie wei\u00df&#8220;, sagte der Anwalt.<\/p>\n<p><em>An jedem Werktag sichten wir f\u00fcr das NSU-Prozess-Blog die Medien und stellen wichtige Berichte, Blogs, Videos und Tweets zusammen. Wir freuen uns \u00fcber Hinweise via Twitter mit dem Hashtag #nsublog \u2013 oder per E-Mail an <a href=\"mailto:nsublog@zeit.de\">nsublog@zeit.de<\/a>.<\/em><\/p>\n<p><em>Das n\u00e4chste Medienlog erscheint am Dienstag, 8. April 2014.<\/em><\/p>\n","protected":false},"excerpt":{"rendered":"<p>Im Prozess schweigt die Hauptangeklagte Beate Zsch\u00e4pe beharrlich \u2013 doch nicht bis zum Urteil, glaubt der Hamburger Nebenklageanwalt Thomas Bliwier: &#8222;Sie sagt etwas, da bin ich sicher&#8220;, sagte er der Welt am Sonntag. Das Verfahren sei bislang nicht zu ihren Gunsten verlaufen, nur durch eine Aussage k\u00f6nne sie die H\u00f6chststrafe von lebenslanger Haft mit besonderer [&hellip;]<\/p>\n","protected":false},"author":435,"featured_media":0,"comment_status":"open","ping_status":"open","sticky":false,"template":"","format":"standard","meta":{"_jetpack_memberships_contains_paid_content":false,"footnotes":""},"categories":[27531],"tags":[17793,29435,29426],"class_list":["post-6419","post","type-post","status-publish","format-standard","hentry","category-medienschau","tag-beate-zschape","tag-halit-yozgat","tag-nebenklage"],"yoast_head":"<!-- This site is optimized with the Yoast SEO plugin v21.0 - https:\/\/yoast.com\/wordpress\/plugins\/seo\/ -->\n<title>Anwalt: Zsch\u00e4pe wird aussagen \u2013 Das Medienlog von Montag, 7. April 2014 - Das NSU-Prozess-Blog<\/title>\n<meta name=\"robots\" content=\"index, follow, max-snippet:-1, max-image-preview:large, max-video-preview:-1\" \/>\n<link rel=\"canonical\" href=\"https:\/\/blog.zeit.de\/nsu-prozess-blog\/2014\/04\/07\/medienlog-zschaepe-aussage\/\" \/>\n<meta property=\"og:locale\" content=\"de_DE\" \/>\n<meta property=\"og:type\" content=\"article\" \/>\n<meta property=\"og:title\" content=\"Anwalt: Zsch\u00e4pe wird aussagen \u2013 Das Medienlog von Montag, 7. April 2014 - Das NSU-Prozess-Blog\" \/>\n<meta property=\"og:description\" content=\"Im Prozess schweigt die Hauptangeklagte Beate Zsch\u00e4pe beharrlich \u2013 doch nicht bis zum Urteil, glaubt der Hamburger Nebenklageanwalt Thomas Bliwier: &#8222;Sie sagt etwas, da bin ich sicher&#8220;, sagte er der Welt am Sonntag. Das Verfahren sei bislang nicht zu ihren Gunsten verlaufen, nur durch eine Aussage k\u00f6nne sie die H\u00f6chststrafe von lebenslanger Haft mit besonderer [&hellip;]\" \/>\n<meta property=\"og:url\" content=\"https:\/\/blog.zeit.de\/nsu-prozess-blog\/2014\/04\/07\/medienlog-zschaepe-aussage\/\" \/>\n<meta property=\"og:site_name\" content=\"Das NSU-Prozess-Blog\" \/>\n<meta property=\"article:published_time\" content=\"2014-04-07T06:48:23+00:00\" \/>\n<meta property=\"article:modified_time\" content=\"2014-04-07T06:48:43+00:00\" \/>\n<meta name=\"author\" content=\"Tom Sundermann\" \/>\n<meta name=\"twitter:label1\" content=\"Geschrieben von\" \/>\n\t<meta name=\"twitter:data1\" content=\"Tom Sundermann\" \/>\n\t<meta name=\"twitter:label2\" content=\"Gesch\u00e4tzte Lesezeit\" \/>\n\t<meta name=\"twitter:data2\" content=\"1\u00a0Minute\" \/>\n<script type=\"application\/ld+json\" class=\"yoast-schema-graph\">{\"@context\":\"https:\/\/schema.org\",\"@graph\":[{\"@type\":\"WebPage\",\"@id\":\"https:\/\/blog.zeit.de\/nsu-prozess-blog\/2014\/04\/07\/medienlog-zschaepe-aussage\/\",\"url\":\"https:\/\/blog.zeit.de\/nsu-prozess-blog\/2014\/04\/07\/medienlog-zschaepe-aussage\/\",\"name\":\"Anwalt: Zsch\u00e4pe wird aussagen \u2013 Das Medienlog von Montag, 7. April 2014 - Das NSU-Prozess-Blog\",\"isPartOf\":{\"@id\":\"https:\/\/blog.zeit.de\/nsu-prozess-blog\/#website\"},\"datePublished\":\"2014-04-07T06:48:23+00:00\",\"dateModified\":\"2014-04-07T06:48:43+00:00\",\"author\":{\"@id\":\"https:\/\/blog.zeit.de\/nsu-prozess-blog\/#\/schema\/person\/553ea9bb5d1fc2ae054c589bd59380a5\"},\"breadcrumb\":{\"@id\":\"https:\/\/blog.zeit.de\/nsu-prozess-blog\/2014\/04\/07\/medienlog-zschaepe-aussage\/#breadcrumb\"},\"inLanguage\":\"de\",\"potentialAction\":[{\"@type\":\"ReadAction\",\"target\":[\"https:\/\/blog.zeit.de\/nsu-prozess-blog\/2014\/04\/07\/medienlog-zschaepe-aussage\/\"]}]},{\"@type\":\"BreadcrumbList\",\"@id\":\"https:\/\/blog.zeit.de\/nsu-prozess-blog\/2014\/04\/07\/medienlog-zschaepe-aussage\/#breadcrumb\",\"itemListElement\":[{\"@type\":\"ListItem\",\"position\":1,\"name\":\"Startseite\",\"item\":\"https:\/\/blog.zeit.de\/nsu-prozess-blog\/\"},{\"@type\":\"ListItem\",\"position\":2,\"name\":\"Anwalt: Zsch\u00e4pe wird aussagen \u2013 Das Medienlog von Montag, 7. April 2014\"}]},{\"@type\":\"WebSite\",\"@id\":\"https:\/\/blog.zeit.de\/nsu-prozess-blog\/#website\",\"url\":\"https:\/\/blog.zeit.de\/nsu-prozess-blog\/\",\"name\":\"Das NSU-Prozess-Blog\",\"description\":\"Alle Berichte zum Terrorverfahren in M\u00fcnchen\",\"potentialAction\":[{\"@type\":\"SearchAction\",\"target\":{\"@type\":\"EntryPoint\",\"urlTemplate\":\"https:\/\/blog.zeit.de\/nsu-prozess-blog\/?s={search_term_string}\"},\"query-input\":\"required name=search_term_string\"}],\"inLanguage\":\"de\"},{\"@type\":\"Person\",\"@id\":\"https:\/\/blog.zeit.de\/nsu-prozess-blog\/#\/schema\/person\/553ea9bb5d1fc2ae054c589bd59380a5\",\"name\":\"Tom Sundermann\",\"image\":{\"@type\":\"ImageObject\",\"inLanguage\":\"de\",\"@id\":\"https:\/\/blog.zeit.de\/nsu-prozess-blog\/#\/schema\/person\/image\/\",\"url\":\"https:\/\/secure.gravatar.com\/avatar\/e108a3dc18766f719b2f797dc5d19093f06a1870c55b553ab6b7563f1f9a5e68?s=96&d=mm&r=g\",\"contentUrl\":\"https:\/\/secure.gravatar.com\/avatar\/e108a3dc18766f719b2f797dc5d19093f06a1870c55b553ab6b7563f1f9a5e68?s=96&d=mm&r=g\",\"caption\":\"Tom Sundermann\"},\"sameAs\":[\"https:\/\/twitter.com\/messeticker\"],\"url\":\"https:\/\/blog.zeit.de\/nsu-prozess-blog\/author\/tsundermann\/\"}]}<\/script>\n<!-- \/ Yoast SEO plugin. -->","yoast_head_json":{"title":"Anwalt: Zsch\u00e4pe wird aussagen \u2013 Das Medienlog von Montag, 7. April 2014 - Das NSU-Prozess-Blog","robots":{"index":"index","follow":"follow","max-snippet":"max-snippet:-1","max-image-preview":"max-image-preview:large","max-video-preview":"max-video-preview:-1"},"canonical":"https:\/\/blog.zeit.de\/nsu-prozess-blog\/2014\/04\/07\/medienlog-zschaepe-aussage\/","og_locale":"de_DE","og_type":"article","og_title":"Anwalt: Zsch\u00e4pe wird aussagen \u2013 Das Medienlog von Montag, 7. April 2014 - Das NSU-Prozess-Blog","og_description":"Im Prozess schweigt die Hauptangeklagte Beate Zsch\u00e4pe beharrlich \u2013 doch nicht bis zum Urteil, glaubt der Hamburger Nebenklageanwalt Thomas Bliwier: &#8222;Sie sagt etwas, da bin ich sicher&#8220;, sagte er der Welt am Sonntag. Das Verfahren sei bislang nicht zu ihren Gunsten verlaufen, nur durch eine Aussage k\u00f6nne sie die H\u00f6chststrafe von lebenslanger Haft mit besonderer [&hellip;]","og_url":"https:\/\/blog.zeit.de\/nsu-prozess-blog\/2014\/04\/07\/medienlog-zschaepe-aussage\/","og_site_name":"Das NSU-Prozess-Blog","article_published_time":"2014-04-07T06:48:23+00:00","article_modified_time":"2014-04-07T06:48:43+00:00","author":"Tom Sundermann","twitter_misc":{"Geschrieben von":"Tom Sundermann","Gesch\u00e4tzte Lesezeit":"1\u00a0Minute"},"schema":{"@context":"https:\/\/schema.org","@graph":[{"@type":"WebPage","@id":"https:\/\/blog.zeit.de\/nsu-prozess-blog\/2014\/04\/07\/medienlog-zschaepe-aussage\/","url":"https:\/\/blog.zeit.de\/nsu-prozess-blog\/2014\/04\/07\/medienlog-zschaepe-aussage\/","name":"Anwalt: Zsch\u00e4pe wird aussagen \u2013 Das Medienlog von Montag, 7. April 2014 - Das NSU-Prozess-Blog","isPartOf":{"@id":"https:\/\/blog.zeit.de\/nsu-prozess-blog\/#website"},"datePublished":"2014-04-07T06:48:23+00:00","dateModified":"2014-04-07T06:48:43+00:00","author":{"@id":"https:\/\/blog.zeit.de\/nsu-prozess-blog\/#\/schema\/person\/553ea9bb5d1fc2ae054c589bd59380a5"},"breadcrumb":{"@id":"https:\/\/blog.zeit.de\/nsu-prozess-blog\/2014\/04\/07\/medienlog-zschaepe-aussage\/#breadcrumb"},"inLanguage":"de","potentialAction":[{"@type":"ReadAction","target":["https:\/\/blog.zeit.de\/nsu-prozess-blog\/2014\/04\/07\/medienlog-zschaepe-aussage\/"]}]},{"@type":"BreadcrumbList","@id":"https:\/\/blog.zeit.de\/nsu-prozess-blog\/2014\/04\/07\/medienlog-zschaepe-aussage\/#breadcrumb","itemListElement":[{"@type":"ListItem","position":1,"name":"Startseite","item":"https:\/\/blog.zeit.de\/nsu-prozess-blog\/"},{"@type":"ListItem","position":2,"name":"Anwalt: Zsch\u00e4pe wird aussagen \u2013 Das Medienlog von Montag, 7. April 2014"}]},{"@type":"WebSite","@id":"https:\/\/blog.zeit.de\/nsu-prozess-blog\/#website","url":"https:\/\/blog.zeit.de\/nsu-prozess-blog\/","name":"Das NSU-Prozess-Blog","description":"Alle Berichte zum Terrorverfahren in M\u00fcnchen","potentialAction":[{"@type":"SearchAction","target":{"@type":"EntryPoint","urlTemplate":"https:\/\/blog.zeit.de\/nsu-prozess-blog\/?s={search_term_string}"},"query-input":"required name=search_term_string"}],"inLanguage":"de"},{"@type":"Person","@id":"https:\/\/blog.zeit.de\/nsu-prozess-blog\/#\/schema\/person\/553ea9bb5d1fc2ae054c589bd59380a5","name":"Tom Sundermann","image":{"@type":"ImageObject","inLanguage":"de","@id":"https:\/\/blog.zeit.de\/nsu-prozess-blog\/#\/schema\/person\/image\/","url":"https:\/\/secure.gravatar.com\/avatar\/e108a3dc18766f719b2f797dc5d19093f06a1870c55b553ab6b7563f1f9a5e68?s=96&d=mm&r=g","contentUrl":"https:\/\/secure.gravatar.com\/avatar\/e108a3dc18766f719b2f797dc5d19093f06a1870c55b553ab6b7563f1f9a5e68?s=96&d=mm&r=g","caption":"Tom Sundermann"},"sameAs":["https:\/\/twitter.com\/messeticker"],"url":"https:\/\/blog.zeit.de\/nsu-prozess-blog\/author\/tsundermann\/"}]}},"jetpack_featured_media_url":"","jetpack_sharing_enabled":true,"_links":{"self":[{"href":"https:\/\/blog.zeit.de\/nsu-prozess-blog\/wp-json\/wp\/v2\/posts\/6419","targetHints":{"allow":["GET"]}}],"collection":[{"href":"https:\/\/blog.zeit.de\/nsu-prozess-blog\/wp-json\/wp\/v2\/posts"}],"about":[{"href":"https:\/\/blog.zeit.de\/nsu-prozess-blog\/wp-json\/wp\/v2\/types\/post"}],"author":[{"embeddable":true,"href":"https:\/\/blog.zeit.de\/nsu-prozess-blog\/wp-json\/wp\/v2\/users\/435"}],"replies":[{"embeddable":true,"href":"https:\/\/blog.zeit.de\/nsu-prozess-blog\/wp-json\/wp\/v2\/comments?post=6419"}],"version-history":[{"count":5,"href":"https:\/\/blog.zeit.de\/nsu-prozess-blog\/wp-json\/wp\/v2\/posts\/6419\/revisions"}],"predecessor-version":[{"id":6424,"href":"https:\/\/blog.zeit.de\/nsu-prozess-blog\/wp-json\/wp\/v2\/posts\/6419\/revisions\/6424"}],"wp:attachment":[{"href":"https:\/\/blog.zeit.de\/nsu-prozess-blog\/wp-json\/wp\/v2\/media?parent=6419"}],"wp:term":[{"taxonomy":"category","embeddable":true,"href":"https:\/\/blog.zeit.de\/nsu-prozess-blog\/wp-json\/wp\/v2\/categories?post=6419"},{"taxonomy":"post_tag","embeddable":true,"href":"https:\/\/blog.zeit.de\/nsu-prozess-blog\/wp-json\/wp\/v2\/tags?post=6419"}],"curies":[{"name":"wp","href":"https:\/\/api.w.org\/{rel}","templated":true}]}}