{"id":6438,"date":"2014-04-10T08:40:48","date_gmt":"2014-04-10T06:40:48","guid":{"rendered":"http:\/\/blog.zeit.de\/nsu-prozess-blog\/?p=6438"},"modified":"2014-04-10T09:39:49","modified_gmt":"2014-04-10T07:39:49","slug":"medienlog-verfassungsschutz-andreas-t","status":"publish","type":"post","link":"https:\/\/blog.zeit.de\/nsu-prozess-blog\/2014\/04\/10\/medienlog-verfassungsschutz-andreas-t\/","title":{"rendered":"Auf Verfassungssch\u00fctzer ist kein Verlass \u2013 Das Medienlog vom Donnerstag, 10. April 2014"},"content":{"rendered":"<p>Erinnerungsl\u00fccken und Widerspr\u00fcche \u2013 damit irritierte nicht nur der fr\u00fchere Kasseler Verfassungssch\u00fctzer Andreas T. das Gericht. Auch sein damaliger Vorgesetzter Frank-Ulrich F. verst\u00f6rte am Dienstag mit seiner Zeugenaussage im NSU-Prozess. T. war am Tatort, als Halit Yozgat 2006 mutma\u00dflich vom NSU in seinem Kasseler Internetcaf\u00e9 erschossen wurde, will jedoch nichts mitbekommen haben. Als Ermittler T. daraufhin ins Visier nahmen, telefonierte er mehrmals mit F. \u2013 woran sich dieser jedoch nicht mehr erinnern wollte: Es gebe &#8222;eine ganze Reihe von Telefonaten, die F. offenbar komplett aus seinem Ged\u00e4chtnis gestrichen hat&#8220;, schreibt Gisela Friedrichsen auf <a href=\"http:\/\/www.spiegel.de\/panorama\/justiz\/nsu-prozess-zeuge-zu-mord-an-halit-yozgat-in-kassel-befragt-a-963441.html\" target=\"_blank\"><em>Spiegel Online<\/em><\/a>.<\/p>\n<p><!--more--><\/p>\n<p><em>An jedem Werktag sichten wir f\u00fcr das NSU-Prozess-Blog die Medien und stellen wichtige Berichte, Blogs, Videos und Tweets zusammen. Wir freuen uns \u00fcber Hinweise via Twitter mit dem Hashtag #nsublog \u2013 oder per E-Mail an <a href=\"mailto:nsublog@zeit.de\">nsublog@zeit.de<\/a>.<\/em><\/p>\n<p>Nachdem die Ermittlungen angelaufen waren, musste sich T. bei der Beh\u00f6rdenleitung erkl\u00e4ren. In einem Telefonat sagte F. sp\u00e4ter zu T.: &#8222;Ich hoffe, du hast alles richtig dargestellt!&#8220; Nachgewiesen ist das durch \u00dcberwachungsprotokolle der Ermittler. F. sagte im Prozess, er habe diese Gespr\u00e4che &#8222;verdr\u00e4ngt&#8220;. Das st\u00f6\u00dft bei den Prozessbeobachtern auf Unverst\u00e4ndnis. Laut Per Hinrichs von der <a href=\"http:\/\/www.welt.de\/politik\/deutschland\/article126768779\/Ich-vermute-dass-ich-mich-erinnern-kann.html\" target=\"_blank\"><em>Welt<\/em><\/a> &#8222;scheint es eine frappierende \u00c4hnlichkeit zwischen manchem Neonazi und dem einen oder anderen Geheimdienstler zu geben: Sie sagen ganz offenkundig nicht immer die Wahrheit&#8220;. Das gelte f\u00fcr F. wie f\u00fcr seinen Untergebenen T. Der Vorgesetzte lobte T. damals auch, dass er sich bei der Amtsleitung nicht &#8222;so restriktiv wie bei der Polizei&#8220; verhalten habe. &#8222;Daraus l\u00e4sst sich durchaus folgern, dass Andreas T. bei der Polizei Dinge verschwiegen hatte, die er seinen Amtskollegen offenbarte.&#8220;<\/p>\n<p>Sollte T. dem Zeugen Geheimnisse anvertraut haben, so wollte dieser sie anscheinend nicht vor Gericht wiederholen. &#8222;Offenbar will der Zeuge den Eindruck zerstreuen, dass sich der Geheimdienst in Ermittlungen einmischte&#8220;, schreibt Tanjev Schultz in der <a href=\"http:\/\/www.sueddeutsche.de\/politik\/nsu-prozess-das-koennten-meine-worte-sein-1.1933360\" target=\"_blank\"><em>S\u00fcddeutschen Zeitung<\/em><\/a>. Die Polizei hatte sich seinerzeit jegliche Beteiligung des Verfassungsschutzes verbeten, wie der Direktor des Landesamts, Lutz Irrgang, <a href=\"https:\/\/blog.zeit.de\/nsu-prozess-blog\/2014\/03\/12\/die-ruhe-des-verfassungsschutzers\/\">ausgesagt hatte<\/a>. In der Kl\u00e4rung der Kernfrage, ob T. den toten Yozgat im Caf\u00e9 liegen sah oder nicht, sei das Gericht &#8222;nicht wirklich weiter&#8220; gekommen, schreibt Schultz. Ergebnis der Vernehmung sei, &#8222;dass auf die Angaben von Geheimdienstleuten nicht unbedingt Verlass ist&#8220;.<\/p>\n<p>Durch die Ermittlungen wurden Interna aus dem Verfassungsschutzamt \u00f6ffentlich \u2013 &#8222;was die lichtscheuen Agenten ohnehin nicht m\u00f6gen und schon gar nicht unter solchen Umst\u00e4nden&#8220;, bemerkt Thies Marsen vom <a href=\"http:\/\/www.br.de\/nachrichten\/nsu-prozess\/140409-tagebuch-gerichtsreporter-100.html\" target=\"_blank\"><em>Bayerischen Rundfunk<\/em><\/a>. Zeuge F. habe &#8222;keine besonders gl\u00fcckliche Figur&#8220; gemacht, sein irritierendes Einlassungsverhalten gipfelte schlie\u00dflich in dem Satz &#8222;Ich vermute, dass ich mich erinnern kann&#8220;.<\/p>\n<p>Zuvor geladen war ein Kasseler Polizist, der den Zeugen Hamadi S. vernommen hatte. S. war zur Tatzeit in einer Telefonkabine des Caf\u00e9s, mittlerweile h\u00e4lt er sich wieder in seiner Heimat Irak auf und kann nicht geladen werden. Der Zeuge gab damals an, er habe Knallger\u00e4usche geh\u00f6rt und eine Ersch\u00fctterung des Bodens gesp\u00fcrt. Der Ermittler dachte erst, der zur\u00fcckhaltende S. verheimliche etwas, dann glaubte er ihm doch. Dies sei &#8222;ein Beispiel daf\u00fcr, dass die Polizei, die immer wieder deutsch-t\u00fcrkische Familien und Ausl\u00e4nder bei den Ermittlungen zu der Mordserie kriminalisiert hatte, einem Asylbewerber Vertrauen schenkte und Beschuldigungen rasch fallen lie\u00df&#8220;, schreibt Schultz in der <em>S\u00fcddeutschen<\/em>.<\/p>\n<p>Der Zeuge gab an, er habe schemenhaft einen Menschen vorbeigehen sehen. Dabei konnte es sich um einen der T\u00e4ter handeln \u2013 oder um Andreas T. Ein Foto des Verfassungssch\u00fctzers legte der Ermittler S. jedoch nicht vor, er hielt es f\u00fcr sinnlos. Damit zog er in der Sitzung den Zorn von Nebenklage-Anwalt Thomas Bliwier auf sich: &#8222;F\u00fcr die Borniertheit der Ermittlungen an dieser Stelle fehlen mir die Worte.&#8220; Wom\u00f6glich hatte der Polizist eine Chance auf Erkenntnisgewinn verspielt: &#8222;Andreas T. k\u00f6nnte von seiner Statur her zu der schemenhaften Person passen&#8220;, schreibt Kai Mudra in der <a href=\"http:\/\/www.thueringer-allgemeine.de\/web\/zgt\/suche\/detail\/-\/specific\/NSU-Opferanwalt-wirft-hessischen-Ermittlern-Borniertheit-vor-95682363\" target=\"_blank\"><em>Th\u00fcringer Allgemeinen<\/em><\/a>.<\/p>\n<p><em>Das n\u00e4chste Medienlog erscheint am Freitag, 11. April 2014.<\/em><\/p>\n","protected":false},"excerpt":{"rendered":"<p>Erinnerungsl\u00fccken und Widerspr\u00fcche \u2013 damit irritierte nicht nur der fr\u00fchere Kasseler Verfassungssch\u00fctzer Andreas T. das Gericht. Auch sein damaliger Vorgesetzter Frank-Ulrich F. verst\u00f6rte am Dienstag mit seiner Zeugenaussage im NSU-Prozess. T. war am Tatort, als Halit Yozgat 2006 mutma\u00dflich vom NSU in seinem Kasseler Internetcaf\u00e9 erschossen wurde, will jedoch nichts mitbekommen haben. Als Ermittler T. [&hellip;]<\/p>\n","protected":false},"author":435,"featured_media":0,"comment_status":"open","ping_status":"open","sticky":false,"template":"","format":"standard","meta":{"_jetpack_memberships_contains_paid_content":false,"footnotes":""},"categories":[27531],"tags":[29442,29435,1836],"class_list":["post-6438","post","type-post","status-publish","format-standard","hentry","category-medienschau","tag-andreas-t","tag-halit-yozgat","tag-verfassungsschutz"],"yoast_head":"<!-- This site is optimized with the Yoast SEO plugin v21.0 - https:\/\/yoast.com\/wordpress\/plugins\/seo\/ -->\n<title>Auf Verfassungssch\u00fctzer ist kein Verlass \u2013 Das Medienlog vom Donnerstag, 10. April 2014 - Das NSU-Prozess-Blog<\/title>\n<meta name=\"robots\" content=\"index, follow, max-snippet:-1, max-image-preview:large, max-video-preview:-1\" \/>\n<link rel=\"canonical\" href=\"https:\/\/blog.zeit.de\/nsu-prozess-blog\/2014\/04\/10\/medienlog-verfassungsschutz-andreas-t\/\" \/>\n<meta property=\"og:locale\" content=\"de_DE\" \/>\n<meta property=\"og:type\" content=\"article\" \/>\n<meta property=\"og:title\" content=\"Auf Verfassungssch\u00fctzer ist kein Verlass \u2013 Das Medienlog vom Donnerstag, 10. April 2014 - Das NSU-Prozess-Blog\" \/>\n<meta property=\"og:description\" content=\"Erinnerungsl\u00fccken und Widerspr\u00fcche \u2013 damit irritierte nicht nur der fr\u00fchere Kasseler Verfassungssch\u00fctzer Andreas T. das Gericht. Auch sein damaliger Vorgesetzter Frank-Ulrich F. verst\u00f6rte am Dienstag mit seiner Zeugenaussage im NSU-Prozess. T. war am Tatort, als Halit Yozgat 2006 mutma\u00dflich vom NSU in seinem Kasseler Internetcaf\u00e9 erschossen wurde, will jedoch nichts mitbekommen haben. Als Ermittler T. [&hellip;]\" \/>\n<meta property=\"og:url\" content=\"https:\/\/blog.zeit.de\/nsu-prozess-blog\/2014\/04\/10\/medienlog-verfassungsschutz-andreas-t\/\" \/>\n<meta property=\"og:site_name\" content=\"Das NSU-Prozess-Blog\" \/>\n<meta property=\"article:published_time\" content=\"2014-04-10T06:40:48+00:00\" \/>\n<meta property=\"article:modified_time\" content=\"2014-04-10T07:39:49+00:00\" \/>\n<meta name=\"author\" content=\"Tom Sundermann\" \/>\n<meta name=\"twitter:label1\" content=\"Geschrieben von\" \/>\n\t<meta name=\"twitter:data1\" content=\"Tom Sundermann\" \/>\n\t<meta name=\"twitter:label2\" content=\"Gesch\u00e4tzte Lesezeit\" \/>\n\t<meta name=\"twitter:data2\" content=\"3\u00a0Minuten\" \/>\n<script type=\"application\/ld+json\" class=\"yoast-schema-graph\">{\"@context\":\"https:\/\/schema.org\",\"@graph\":[{\"@type\":\"WebPage\",\"@id\":\"https:\/\/blog.zeit.de\/nsu-prozess-blog\/2014\/04\/10\/medienlog-verfassungsschutz-andreas-t\/\",\"url\":\"https:\/\/blog.zeit.de\/nsu-prozess-blog\/2014\/04\/10\/medienlog-verfassungsschutz-andreas-t\/\",\"name\":\"Auf Verfassungssch\u00fctzer ist kein Verlass \u2013 Das Medienlog vom Donnerstag, 10. April 2014 - Das NSU-Prozess-Blog\",\"isPartOf\":{\"@id\":\"https:\/\/blog.zeit.de\/nsu-prozess-blog\/#website\"},\"datePublished\":\"2014-04-10T06:40:48+00:00\",\"dateModified\":\"2014-04-10T07:39:49+00:00\",\"author\":{\"@id\":\"https:\/\/blog.zeit.de\/nsu-prozess-blog\/#\/schema\/person\/553ea9bb5d1fc2ae054c589bd59380a5\"},\"breadcrumb\":{\"@id\":\"https:\/\/blog.zeit.de\/nsu-prozess-blog\/2014\/04\/10\/medienlog-verfassungsschutz-andreas-t\/#breadcrumb\"},\"inLanguage\":\"de\",\"potentialAction\":[{\"@type\":\"ReadAction\",\"target\":[\"https:\/\/blog.zeit.de\/nsu-prozess-blog\/2014\/04\/10\/medienlog-verfassungsschutz-andreas-t\/\"]}]},{\"@type\":\"BreadcrumbList\",\"@id\":\"https:\/\/blog.zeit.de\/nsu-prozess-blog\/2014\/04\/10\/medienlog-verfassungsschutz-andreas-t\/#breadcrumb\",\"itemListElement\":[{\"@type\":\"ListItem\",\"position\":1,\"name\":\"Startseite\",\"item\":\"https:\/\/blog.zeit.de\/nsu-prozess-blog\/\"},{\"@type\":\"ListItem\",\"position\":2,\"name\":\"Auf Verfassungssch\u00fctzer ist kein Verlass \u2013 Das Medienlog vom Donnerstag, 10. April 2014\"}]},{\"@type\":\"WebSite\",\"@id\":\"https:\/\/blog.zeit.de\/nsu-prozess-blog\/#website\",\"url\":\"https:\/\/blog.zeit.de\/nsu-prozess-blog\/\",\"name\":\"Das NSU-Prozess-Blog\",\"description\":\"Alle Berichte zum Terrorverfahren in M\u00fcnchen\",\"potentialAction\":[{\"@type\":\"SearchAction\",\"target\":{\"@type\":\"EntryPoint\",\"urlTemplate\":\"https:\/\/blog.zeit.de\/nsu-prozess-blog\/?s={search_term_string}\"},\"query-input\":\"required name=search_term_string\"}],\"inLanguage\":\"de\"},{\"@type\":\"Person\",\"@id\":\"https:\/\/blog.zeit.de\/nsu-prozess-blog\/#\/schema\/person\/553ea9bb5d1fc2ae054c589bd59380a5\",\"name\":\"Tom Sundermann\",\"image\":{\"@type\":\"ImageObject\",\"inLanguage\":\"de\",\"@id\":\"https:\/\/blog.zeit.de\/nsu-prozess-blog\/#\/schema\/person\/image\/\",\"url\":\"https:\/\/secure.gravatar.com\/avatar\/e108a3dc18766f719b2f797dc5d19093f06a1870c55b553ab6b7563f1f9a5e68?s=96&d=mm&r=g\",\"contentUrl\":\"https:\/\/secure.gravatar.com\/avatar\/e108a3dc18766f719b2f797dc5d19093f06a1870c55b553ab6b7563f1f9a5e68?s=96&d=mm&r=g\",\"caption\":\"Tom Sundermann\"},\"sameAs\":[\"https:\/\/twitter.com\/messeticker\"],\"url\":\"https:\/\/blog.zeit.de\/nsu-prozess-blog\/author\/tsundermann\/\"}]}<\/script>\n<!-- \/ Yoast SEO plugin. -->","yoast_head_json":{"title":"Auf Verfassungssch\u00fctzer ist kein Verlass \u2013 Das Medienlog vom Donnerstag, 10. April 2014 - Das NSU-Prozess-Blog","robots":{"index":"index","follow":"follow","max-snippet":"max-snippet:-1","max-image-preview":"max-image-preview:large","max-video-preview":"max-video-preview:-1"},"canonical":"https:\/\/blog.zeit.de\/nsu-prozess-blog\/2014\/04\/10\/medienlog-verfassungsschutz-andreas-t\/","og_locale":"de_DE","og_type":"article","og_title":"Auf Verfassungssch\u00fctzer ist kein Verlass \u2013 Das Medienlog vom Donnerstag, 10. April 2014 - Das NSU-Prozess-Blog","og_description":"Erinnerungsl\u00fccken und Widerspr\u00fcche \u2013 damit irritierte nicht nur der fr\u00fchere Kasseler Verfassungssch\u00fctzer Andreas T. das Gericht. Auch sein damaliger Vorgesetzter Frank-Ulrich F. verst\u00f6rte am Dienstag mit seiner Zeugenaussage im NSU-Prozess. T. war am Tatort, als Halit Yozgat 2006 mutma\u00dflich vom NSU in seinem Kasseler Internetcaf\u00e9 erschossen wurde, will jedoch nichts mitbekommen haben. Als Ermittler T. [&hellip;]","og_url":"https:\/\/blog.zeit.de\/nsu-prozess-blog\/2014\/04\/10\/medienlog-verfassungsschutz-andreas-t\/","og_site_name":"Das NSU-Prozess-Blog","article_published_time":"2014-04-10T06:40:48+00:00","article_modified_time":"2014-04-10T07:39:49+00:00","author":"Tom Sundermann","twitter_misc":{"Geschrieben von":"Tom Sundermann","Gesch\u00e4tzte Lesezeit":"3\u00a0Minuten"},"schema":{"@context":"https:\/\/schema.org","@graph":[{"@type":"WebPage","@id":"https:\/\/blog.zeit.de\/nsu-prozess-blog\/2014\/04\/10\/medienlog-verfassungsschutz-andreas-t\/","url":"https:\/\/blog.zeit.de\/nsu-prozess-blog\/2014\/04\/10\/medienlog-verfassungsschutz-andreas-t\/","name":"Auf Verfassungssch\u00fctzer ist kein Verlass \u2013 Das Medienlog vom Donnerstag, 10. April 2014 - Das NSU-Prozess-Blog","isPartOf":{"@id":"https:\/\/blog.zeit.de\/nsu-prozess-blog\/#website"},"datePublished":"2014-04-10T06:40:48+00:00","dateModified":"2014-04-10T07:39:49+00:00","author":{"@id":"https:\/\/blog.zeit.de\/nsu-prozess-blog\/#\/schema\/person\/553ea9bb5d1fc2ae054c589bd59380a5"},"breadcrumb":{"@id":"https:\/\/blog.zeit.de\/nsu-prozess-blog\/2014\/04\/10\/medienlog-verfassungsschutz-andreas-t\/#breadcrumb"},"inLanguage":"de","potentialAction":[{"@type":"ReadAction","target":["https:\/\/blog.zeit.de\/nsu-prozess-blog\/2014\/04\/10\/medienlog-verfassungsschutz-andreas-t\/"]}]},{"@type":"BreadcrumbList","@id":"https:\/\/blog.zeit.de\/nsu-prozess-blog\/2014\/04\/10\/medienlog-verfassungsschutz-andreas-t\/#breadcrumb","itemListElement":[{"@type":"ListItem","position":1,"name":"Startseite","item":"https:\/\/blog.zeit.de\/nsu-prozess-blog\/"},{"@type":"ListItem","position":2,"name":"Auf Verfassungssch\u00fctzer ist kein Verlass \u2013 Das Medienlog vom Donnerstag, 10. April 2014"}]},{"@type":"WebSite","@id":"https:\/\/blog.zeit.de\/nsu-prozess-blog\/#website","url":"https:\/\/blog.zeit.de\/nsu-prozess-blog\/","name":"Das NSU-Prozess-Blog","description":"Alle Berichte zum Terrorverfahren in M\u00fcnchen","potentialAction":[{"@type":"SearchAction","target":{"@type":"EntryPoint","urlTemplate":"https:\/\/blog.zeit.de\/nsu-prozess-blog\/?s={search_term_string}"},"query-input":"required name=search_term_string"}],"inLanguage":"de"},{"@type":"Person","@id":"https:\/\/blog.zeit.de\/nsu-prozess-blog\/#\/schema\/person\/553ea9bb5d1fc2ae054c589bd59380a5","name":"Tom Sundermann","image":{"@type":"ImageObject","inLanguage":"de","@id":"https:\/\/blog.zeit.de\/nsu-prozess-blog\/#\/schema\/person\/image\/","url":"https:\/\/secure.gravatar.com\/avatar\/e108a3dc18766f719b2f797dc5d19093f06a1870c55b553ab6b7563f1f9a5e68?s=96&d=mm&r=g","contentUrl":"https:\/\/secure.gravatar.com\/avatar\/e108a3dc18766f719b2f797dc5d19093f06a1870c55b553ab6b7563f1f9a5e68?s=96&d=mm&r=g","caption":"Tom Sundermann"},"sameAs":["https:\/\/twitter.com\/messeticker"],"url":"https:\/\/blog.zeit.de\/nsu-prozess-blog\/author\/tsundermann\/"}]}},"jetpack_featured_media_url":"","jetpack_sharing_enabled":true,"_links":{"self":[{"href":"https:\/\/blog.zeit.de\/nsu-prozess-blog\/wp-json\/wp\/v2\/posts\/6438","targetHints":{"allow":["GET"]}}],"collection":[{"href":"https:\/\/blog.zeit.de\/nsu-prozess-blog\/wp-json\/wp\/v2\/posts"}],"about":[{"href":"https:\/\/blog.zeit.de\/nsu-prozess-blog\/wp-json\/wp\/v2\/types\/post"}],"author":[{"embeddable":true,"href":"https:\/\/blog.zeit.de\/nsu-prozess-blog\/wp-json\/wp\/v2\/users\/435"}],"replies":[{"embeddable":true,"href":"https:\/\/blog.zeit.de\/nsu-prozess-blog\/wp-json\/wp\/v2\/comments?post=6438"}],"version-history":[{"count":8,"href":"https:\/\/blog.zeit.de\/nsu-prozess-blog\/wp-json\/wp\/v2\/posts\/6438\/revisions"}],"predecessor-version":[{"id":6449,"href":"https:\/\/blog.zeit.de\/nsu-prozess-blog\/wp-json\/wp\/v2\/posts\/6438\/revisions\/6449"}],"wp:attachment":[{"href":"https:\/\/blog.zeit.de\/nsu-prozess-blog\/wp-json\/wp\/v2\/media?parent=6438"}],"wp:term":[{"taxonomy":"category","embeddable":true,"href":"https:\/\/blog.zeit.de\/nsu-prozess-blog\/wp-json\/wp\/v2\/categories?post=6438"},{"taxonomy":"post_tag","embeddable":true,"href":"https:\/\/blog.zeit.de\/nsu-prozess-blog\/wp-json\/wp\/v2\/tags?post=6438"}],"curies":[{"name":"wp","href":"https:\/\/api.w.org\/{rel}","templated":true}]}}