{"id":6454,"date":"2014-04-15T07:00:11","date_gmt":"2014-04-15T05:00:11","guid":{"rendered":"http:\/\/blog.zeit.de\/nsu-prozess-blog\/?p=6454"},"modified":"2014-04-10T18:24:57","modified_gmt":"2014-04-10T16:24:57","slug":"106-prozesstag-sprengstofffund-und-verfassungsschuetzer-t","status":"publish","type":"post","link":"https:\/\/blog.zeit.de\/nsu-prozess-blog\/2014\/04\/15\/106-prozesstag-sprengstofffund-und-verfassungsschuetzer-t\/","title":{"rendered":"106. Prozesstag \u2013 Sprengstofffund und Verfassungssch\u00fctzer T."},"content":{"rendered":"<p>Am 26. Januar 1998 durchsuchten Ermittler eine von Beate Zsch\u00e4pe gemietete Garage in Jena. Dort machten sie einen gef\u00e4hrlichen Fund: Rund 1,4 Kilo TNT-Sprengstoff lagerten in dem Raum, teils zu Rohrbomben verbaut. Am Dienstag h\u00f6rt das Gericht einen Beamten des Th\u00fcringer Landeskriminalamts, der damals bei der Durchsuchung dabei war. Die Aufdeckung der Bombenwerkstatt war f\u00fcr das Trio aus Zsch\u00e4pe, Uwe Mundlos und Uwe B\u00f6hnhardt der Ansto\u00df, in den Untergrund zu gehen. Dort begannen sie ihre Mordserie.<\/p>\n<p>Im Anschluss sagt nun schon zum f\u00fcnften Mal der fr\u00fchere hessische Verfassungssch\u00fctzer <a href=\"https:\/\/blog.zeit.de\/nsu-prozess-blog\/2014\/01\/30\/medienlog-zschaepe-spricht-andreas\/\">Andreas T.<\/a> aus. Er war beim Mord an Halit Yozgat im Jahr 2006 Gast in dessen Kasseler Internetcaf\u00e9, will den Mord jedoch nicht bemerkt haben. T. war bei seinen vergangenen drei Auftritten vor Gericht immer wieder mit den Widerspr\u00fcchen und Unzul\u00e4nglichkeiten seiner Aussagen konfrontiert worden. Zuletzt hatten sich auch <a href=\"https:\/\/blog.zeit.de\/nsu-prozess-blog\/2014\/04\/10\/medienlog-verfassungsschutz-andreas-t\/\">ehemalige Kollegen<\/a> und der damalige Beh\u00f6rdenleiter <a href=\"https:\/\/blog.zeit.de\/nsu-prozess-blog\/2014\/03\/12\/die-ruhe-des-verfassungsschutzers\/\">Lutz Irrgang<\/a> zum Fall T. ge\u00e4u\u00dfert.<\/p>\n<p><em>Informationen aus der Verhandlung gibt es <a href=\"https:\/\/twitter.com\/zeitonline\/lists\/nsu-prozess\">via Twitter hier<\/a>. Die Berichte dar\u00fcber fassen wir morgen im <a href=\"https:\/\/blog.zeit.de\/nsu-prozess-blog\/category\/medienschau\/\">NSU-Medienlog<\/a> zusammen.<\/em><\/p>\n","protected":false},"excerpt":{"rendered":"<p>Am 26. Januar 1998 durchsuchten Ermittler eine von Beate Zsch\u00e4pe gemietete Garage in Jena. Dort machten sie einen gef\u00e4hrlichen Fund: Rund 1,4 Kilo TNT-Sprengstoff lagerten in dem Raum, teils zu Rohrbomben verbaut. Am Dienstag h\u00f6rt das Gericht einen Beamten des Th\u00fcringer Landeskriminalamts, der damals bei der Durchsuchung dabei war. Die Aufdeckung der Bombenwerkstatt war f\u00fcr [&hellip;]<\/p>\n","protected":false},"author":435,"featured_media":0,"comment_status":"open","ping_status":"open","sticky":false,"template":"","format":"standard","meta":{"_jetpack_memberships_contains_paid_content":false,"footnotes":""},"categories":[27532],"tags":[29442],"class_list":["post-6454","post","type-post","status-publish","format-standard","hentry","category-prozesstage","tag-andreas-t"],"yoast_head":"<!-- This site is optimized with the Yoast SEO plugin v21.0 - https:\/\/yoast.com\/wordpress\/plugins\/seo\/ -->\n<title>106. Prozesstag \u2013 Sprengstofffund und Verfassungssch\u00fctzer T. - Das NSU-Prozess-Blog<\/title>\n<meta name=\"robots\" content=\"index, follow, max-snippet:-1, max-image-preview:large, max-video-preview:-1\" \/>\n<link rel=\"canonical\" href=\"https:\/\/blog.zeit.de\/nsu-prozess-blog\/2014\/04\/15\/106-prozesstag-sprengstofffund-und-verfassungsschuetzer-t\/\" \/>\n<meta property=\"og:locale\" content=\"de_DE\" \/>\n<meta property=\"og:type\" content=\"article\" \/>\n<meta property=\"og:title\" content=\"106. Prozesstag \u2013 Sprengstofffund und Verfassungssch\u00fctzer T. - Das NSU-Prozess-Blog\" \/>\n<meta property=\"og:description\" content=\"Am 26. Januar 1998 durchsuchten Ermittler eine von Beate Zsch\u00e4pe gemietete Garage in Jena. Dort machten sie einen gef\u00e4hrlichen Fund: Rund 1,4 Kilo TNT-Sprengstoff lagerten in dem Raum, teils zu Rohrbomben verbaut. Am Dienstag h\u00f6rt das Gericht einen Beamten des Th\u00fcringer Landeskriminalamts, der damals bei der Durchsuchung dabei war. Die Aufdeckung der Bombenwerkstatt war f\u00fcr [&hellip;]\" \/>\n<meta property=\"og:url\" content=\"https:\/\/blog.zeit.de\/nsu-prozess-blog\/2014\/04\/15\/106-prozesstag-sprengstofffund-und-verfassungsschuetzer-t\/\" \/>\n<meta property=\"og:site_name\" content=\"Das NSU-Prozess-Blog\" \/>\n<meta property=\"article:published_time\" content=\"2014-04-15T05:00:11+00:00\" \/>\n<meta property=\"article:modified_time\" content=\"2014-04-10T16:24:57+00:00\" \/>\n<meta name=\"author\" content=\"Tom Sundermann\" \/>\n<meta name=\"twitter:label1\" content=\"Geschrieben von\" \/>\n\t<meta name=\"twitter:data1\" content=\"Tom Sundermann\" \/>\n\t<meta name=\"twitter:label2\" content=\"Gesch\u00e4tzte Lesezeit\" \/>\n\t<meta name=\"twitter:data2\" content=\"1\u00a0Minute\" \/>\n<script type=\"application\/ld+json\" class=\"yoast-schema-graph\">{\"@context\":\"https:\/\/schema.org\",\"@graph\":[{\"@type\":\"WebPage\",\"@id\":\"https:\/\/blog.zeit.de\/nsu-prozess-blog\/2014\/04\/15\/106-prozesstag-sprengstofffund-und-verfassungsschuetzer-t\/\",\"url\":\"https:\/\/blog.zeit.de\/nsu-prozess-blog\/2014\/04\/15\/106-prozesstag-sprengstofffund-und-verfassungsschuetzer-t\/\",\"name\":\"106. Prozesstag \u2013 Sprengstofffund und Verfassungssch\u00fctzer T. - Das NSU-Prozess-Blog\",\"isPartOf\":{\"@id\":\"https:\/\/blog.zeit.de\/nsu-prozess-blog\/#website\"},\"datePublished\":\"2014-04-15T05:00:11+00:00\",\"dateModified\":\"2014-04-10T16:24:57+00:00\",\"author\":{\"@id\":\"https:\/\/blog.zeit.de\/nsu-prozess-blog\/#\/schema\/person\/553ea9bb5d1fc2ae054c589bd59380a5\"},\"breadcrumb\":{\"@id\":\"https:\/\/blog.zeit.de\/nsu-prozess-blog\/2014\/04\/15\/106-prozesstag-sprengstofffund-und-verfassungsschuetzer-t\/#breadcrumb\"},\"inLanguage\":\"de\",\"potentialAction\":[{\"@type\":\"ReadAction\",\"target\":[\"https:\/\/blog.zeit.de\/nsu-prozess-blog\/2014\/04\/15\/106-prozesstag-sprengstofffund-und-verfassungsschuetzer-t\/\"]}]},{\"@type\":\"BreadcrumbList\",\"@id\":\"https:\/\/blog.zeit.de\/nsu-prozess-blog\/2014\/04\/15\/106-prozesstag-sprengstofffund-und-verfassungsschuetzer-t\/#breadcrumb\",\"itemListElement\":[{\"@type\":\"ListItem\",\"position\":1,\"name\":\"Startseite\",\"item\":\"https:\/\/blog.zeit.de\/nsu-prozess-blog\/\"},{\"@type\":\"ListItem\",\"position\":2,\"name\":\"106. Prozesstag \u2013 Sprengstofffund und Verfassungssch\u00fctzer T.\"}]},{\"@type\":\"WebSite\",\"@id\":\"https:\/\/blog.zeit.de\/nsu-prozess-blog\/#website\",\"url\":\"https:\/\/blog.zeit.de\/nsu-prozess-blog\/\",\"name\":\"Das NSU-Prozess-Blog\",\"description\":\"Alle Berichte zum Terrorverfahren in M\u00fcnchen\",\"potentialAction\":[{\"@type\":\"SearchAction\",\"target\":{\"@type\":\"EntryPoint\",\"urlTemplate\":\"https:\/\/blog.zeit.de\/nsu-prozess-blog\/?s={search_term_string}\"},\"query-input\":\"required name=search_term_string\"}],\"inLanguage\":\"de\"},{\"@type\":\"Person\",\"@id\":\"https:\/\/blog.zeit.de\/nsu-prozess-blog\/#\/schema\/person\/553ea9bb5d1fc2ae054c589bd59380a5\",\"name\":\"Tom Sundermann\",\"image\":{\"@type\":\"ImageObject\",\"inLanguage\":\"de\",\"@id\":\"https:\/\/blog.zeit.de\/nsu-prozess-blog\/#\/schema\/person\/image\/\",\"url\":\"https:\/\/secure.gravatar.com\/avatar\/e108a3dc18766f719b2f797dc5d19093f06a1870c55b553ab6b7563f1f9a5e68?s=96&d=mm&r=g\",\"contentUrl\":\"https:\/\/secure.gravatar.com\/avatar\/e108a3dc18766f719b2f797dc5d19093f06a1870c55b553ab6b7563f1f9a5e68?s=96&d=mm&r=g\",\"caption\":\"Tom Sundermann\"},\"sameAs\":[\"https:\/\/twitter.com\/messeticker\"],\"url\":\"https:\/\/blog.zeit.de\/nsu-prozess-blog\/author\/tsundermann\/\"}]}<\/script>\n<!-- \/ Yoast SEO plugin. -->","yoast_head_json":{"title":"106. Prozesstag \u2013 Sprengstofffund und Verfassungssch\u00fctzer T. - Das NSU-Prozess-Blog","robots":{"index":"index","follow":"follow","max-snippet":"max-snippet:-1","max-image-preview":"max-image-preview:large","max-video-preview":"max-video-preview:-1"},"canonical":"https:\/\/blog.zeit.de\/nsu-prozess-blog\/2014\/04\/15\/106-prozesstag-sprengstofffund-und-verfassungsschuetzer-t\/","og_locale":"de_DE","og_type":"article","og_title":"106. Prozesstag \u2013 Sprengstofffund und Verfassungssch\u00fctzer T. - Das NSU-Prozess-Blog","og_description":"Am 26. Januar 1998 durchsuchten Ermittler eine von Beate Zsch\u00e4pe gemietete Garage in Jena. Dort machten sie einen gef\u00e4hrlichen Fund: Rund 1,4 Kilo TNT-Sprengstoff lagerten in dem Raum, teils zu Rohrbomben verbaut. Am Dienstag h\u00f6rt das Gericht einen Beamten des Th\u00fcringer Landeskriminalamts, der damals bei der Durchsuchung dabei war. Die Aufdeckung der Bombenwerkstatt war f\u00fcr [&hellip;]","og_url":"https:\/\/blog.zeit.de\/nsu-prozess-blog\/2014\/04\/15\/106-prozesstag-sprengstofffund-und-verfassungsschuetzer-t\/","og_site_name":"Das NSU-Prozess-Blog","article_published_time":"2014-04-15T05:00:11+00:00","article_modified_time":"2014-04-10T16:24:57+00:00","author":"Tom Sundermann","twitter_misc":{"Geschrieben von":"Tom Sundermann","Gesch\u00e4tzte Lesezeit":"1\u00a0Minute"},"schema":{"@context":"https:\/\/schema.org","@graph":[{"@type":"WebPage","@id":"https:\/\/blog.zeit.de\/nsu-prozess-blog\/2014\/04\/15\/106-prozesstag-sprengstofffund-und-verfassungsschuetzer-t\/","url":"https:\/\/blog.zeit.de\/nsu-prozess-blog\/2014\/04\/15\/106-prozesstag-sprengstofffund-und-verfassungsschuetzer-t\/","name":"106. Prozesstag \u2013 Sprengstofffund und Verfassungssch\u00fctzer T. - Das NSU-Prozess-Blog","isPartOf":{"@id":"https:\/\/blog.zeit.de\/nsu-prozess-blog\/#website"},"datePublished":"2014-04-15T05:00:11+00:00","dateModified":"2014-04-10T16:24:57+00:00","author":{"@id":"https:\/\/blog.zeit.de\/nsu-prozess-blog\/#\/schema\/person\/553ea9bb5d1fc2ae054c589bd59380a5"},"breadcrumb":{"@id":"https:\/\/blog.zeit.de\/nsu-prozess-blog\/2014\/04\/15\/106-prozesstag-sprengstofffund-und-verfassungsschuetzer-t\/#breadcrumb"},"inLanguage":"de","potentialAction":[{"@type":"ReadAction","target":["https:\/\/blog.zeit.de\/nsu-prozess-blog\/2014\/04\/15\/106-prozesstag-sprengstofffund-und-verfassungsschuetzer-t\/"]}]},{"@type":"BreadcrumbList","@id":"https:\/\/blog.zeit.de\/nsu-prozess-blog\/2014\/04\/15\/106-prozesstag-sprengstofffund-und-verfassungsschuetzer-t\/#breadcrumb","itemListElement":[{"@type":"ListItem","position":1,"name":"Startseite","item":"https:\/\/blog.zeit.de\/nsu-prozess-blog\/"},{"@type":"ListItem","position":2,"name":"106. Prozesstag \u2013 Sprengstofffund und Verfassungssch\u00fctzer T."}]},{"@type":"WebSite","@id":"https:\/\/blog.zeit.de\/nsu-prozess-blog\/#website","url":"https:\/\/blog.zeit.de\/nsu-prozess-blog\/","name":"Das NSU-Prozess-Blog","description":"Alle Berichte zum Terrorverfahren in M\u00fcnchen","potentialAction":[{"@type":"SearchAction","target":{"@type":"EntryPoint","urlTemplate":"https:\/\/blog.zeit.de\/nsu-prozess-blog\/?s={search_term_string}"},"query-input":"required name=search_term_string"}],"inLanguage":"de"},{"@type":"Person","@id":"https:\/\/blog.zeit.de\/nsu-prozess-blog\/#\/schema\/person\/553ea9bb5d1fc2ae054c589bd59380a5","name":"Tom Sundermann","image":{"@type":"ImageObject","inLanguage":"de","@id":"https:\/\/blog.zeit.de\/nsu-prozess-blog\/#\/schema\/person\/image\/","url":"https:\/\/secure.gravatar.com\/avatar\/e108a3dc18766f719b2f797dc5d19093f06a1870c55b553ab6b7563f1f9a5e68?s=96&d=mm&r=g","contentUrl":"https:\/\/secure.gravatar.com\/avatar\/e108a3dc18766f719b2f797dc5d19093f06a1870c55b553ab6b7563f1f9a5e68?s=96&d=mm&r=g","caption":"Tom Sundermann"},"sameAs":["https:\/\/twitter.com\/messeticker"],"url":"https:\/\/blog.zeit.de\/nsu-prozess-blog\/author\/tsundermann\/"}]}},"jetpack_featured_media_url":"","jetpack_sharing_enabled":true,"_links":{"self":[{"href":"https:\/\/blog.zeit.de\/nsu-prozess-blog\/wp-json\/wp\/v2\/posts\/6454","targetHints":{"allow":["GET"]}}],"collection":[{"href":"https:\/\/blog.zeit.de\/nsu-prozess-blog\/wp-json\/wp\/v2\/posts"}],"about":[{"href":"https:\/\/blog.zeit.de\/nsu-prozess-blog\/wp-json\/wp\/v2\/types\/post"}],"author":[{"embeddable":true,"href":"https:\/\/blog.zeit.de\/nsu-prozess-blog\/wp-json\/wp\/v2\/users\/435"}],"replies":[{"embeddable":true,"href":"https:\/\/blog.zeit.de\/nsu-prozess-blog\/wp-json\/wp\/v2\/comments?post=6454"}],"version-history":[{"count":3,"href":"https:\/\/blog.zeit.de\/nsu-prozess-blog\/wp-json\/wp\/v2\/posts\/6454\/revisions"}],"predecessor-version":[{"id":6460,"href":"https:\/\/blog.zeit.de\/nsu-prozess-blog\/wp-json\/wp\/v2\/posts\/6454\/revisions\/6460"}],"wp:attachment":[{"href":"https:\/\/blog.zeit.de\/nsu-prozess-blog\/wp-json\/wp\/v2\/media?parent=6454"}],"wp:term":[{"taxonomy":"category","embeddable":true,"href":"https:\/\/blog.zeit.de\/nsu-prozess-blog\/wp-json\/wp\/v2\/categories?post=6454"},{"taxonomy":"post_tag","embeddable":true,"href":"https:\/\/blog.zeit.de\/nsu-prozess-blog\/wp-json\/wp\/v2\/tags?post=6454"}],"curies":[{"name":"wp","href":"https:\/\/api.w.org\/{rel}","templated":true}]}}