{"id":6457,"date":"2014-04-16T07:00:52","date_gmt":"2014-04-16T05:00:52","guid":{"rendered":"http:\/\/blog.zeit.de\/nsu-prozess-blog\/?p=6457"},"modified":"2014-04-10T18:08:21","modified_gmt":"2014-04-10T16:08:21","slug":"107-prozesstag-frueheres-szenemitglied-jana-j","status":"publish","type":"post","link":"https:\/\/blog.zeit.de\/nsu-prozess-blog\/2014\/04\/16\/107-prozesstag-frueheres-szenemitglied-jana-j\/","title":{"rendered":"107. Prozesstag \u2013 Fr\u00fcheres Szenemitglied Jana J."},"content":{"rendered":"<p>Zum zweiten Mal ist am Mittwoch die fr\u00fchere Freundin des Zeugen <a href=\"https:\/\/blog.zeit.de\/nsu-prozess-blog\/2014\/03\/21\/medienlog-andre-k-nebenklage\/\">Andr\u00e9 K.<\/a> geladen, die sich mit ihm in rechten Kreisen bewegte. Jana J. soll Eindr\u00fccke aus der Zeit liefern, in der sich das sp\u00e4tere NSU-Trio in der Jenaer Naziszene kennenlernte. Bei ihrem <a href=\"https:\/\/blog.zeit.de\/nsu-prozess-blog\/2014\/03\/14\/zschape-trug-eine-waffe-bei-sich-das-medienlog-vom-freitag-14-marz-2014\/\">ersten Auftritt<\/a> im M\u00e4rz hatte J. ausgesagt, dass Beate Zsch\u00e4pe eine Waffe bei sich getragen habe.<\/p>\n<p><em>Informationen aus der Verhandlung gibt es <a href=\"https:\/\/twitter.com\/zeitonline\/lists\/nsu-prozess\">via Twitter hier<\/a>. Die Berichte dar\u00fcber fassen wir morgen im <a href=\"https:\/\/blog.zeit.de\/nsu-prozess-blog\/category\/medienschau\/\">NSU-Medienlog<\/a> zusammen.<\/em><\/p>\n<p>Nach dem 107. Verhandlungstag legt der NSU-Prozess eine Pause ein. Der n\u00e4chste Verhandlungstag ist der 28. April. Neuigkeiten rund um das Prozessgeschehen dokumentieren wir selbstverst\u00e4ndlich auch in der Zwischenzeit auf diesem Blog.<\/p>\n","protected":false},"excerpt":{"rendered":"<p>Zum zweiten Mal ist am Mittwoch die fr\u00fchere Freundin des Zeugen Andr\u00e9 K. geladen, die sich mit ihm in rechten Kreisen bewegte. Jana J. soll Eindr\u00fccke aus der Zeit liefern, in der sich das sp\u00e4tere NSU-Trio in der Jenaer Naziszene kennenlernte. Bei ihrem ersten Auftritt im M\u00e4rz hatte J. ausgesagt, dass Beate Zsch\u00e4pe eine Waffe [&hellip;]<\/p>\n","protected":false},"author":435,"featured_media":0,"comment_status":"open","ping_status":"open","sticky":false,"template":"","format":"standard","meta":{"_jetpack_memberships_contains_paid_content":false,"footnotes":""},"categories":[27532],"tags":[29463],"class_list":["post-6457","post","type-post","status-publish","format-standard","hentry","category-prozesstage","tag-andre-k"],"yoast_head":"<!-- This site is optimized with the Yoast SEO plugin v21.0 - https:\/\/yoast.com\/wordpress\/plugins\/seo\/ -->\n<title>107. Prozesstag \u2013 Fr\u00fcheres Szenemitglied Jana J. - Das NSU-Prozess-Blog<\/title>\n<meta name=\"robots\" content=\"index, follow, max-snippet:-1, max-image-preview:large, max-video-preview:-1\" \/>\n<link rel=\"canonical\" href=\"https:\/\/blog.zeit.de\/nsu-prozess-blog\/2014\/04\/16\/107-prozesstag-frueheres-szenemitglied-jana-j\/\" \/>\n<meta property=\"og:locale\" content=\"de_DE\" \/>\n<meta property=\"og:type\" content=\"article\" \/>\n<meta property=\"og:title\" content=\"107. Prozesstag \u2013 Fr\u00fcheres Szenemitglied Jana J. - Das NSU-Prozess-Blog\" \/>\n<meta property=\"og:description\" content=\"Zum zweiten Mal ist am Mittwoch die fr\u00fchere Freundin des Zeugen Andr\u00e9 K. geladen, die sich mit ihm in rechten Kreisen bewegte. Jana J. soll Eindr\u00fccke aus der Zeit liefern, in der sich das sp\u00e4tere NSU-Trio in der Jenaer Naziszene kennenlernte. Bei ihrem ersten Auftritt im M\u00e4rz hatte J. ausgesagt, dass Beate Zsch\u00e4pe eine Waffe [&hellip;]\" \/>\n<meta property=\"og:url\" content=\"https:\/\/blog.zeit.de\/nsu-prozess-blog\/2014\/04\/16\/107-prozesstag-frueheres-szenemitglied-jana-j\/\" \/>\n<meta property=\"og:site_name\" content=\"Das NSU-Prozess-Blog\" \/>\n<meta property=\"article:published_time\" content=\"2014-04-16T05:00:52+00:00\" \/>\n<meta property=\"article:modified_time\" content=\"2014-04-10T16:08:21+00:00\" \/>\n<meta name=\"author\" content=\"Tom Sundermann\" \/>\n<meta name=\"twitter:label1\" content=\"Geschrieben von\" \/>\n\t<meta name=\"twitter:data1\" content=\"Tom Sundermann\" \/>\n\t<meta name=\"twitter:label2\" content=\"Gesch\u00e4tzte Lesezeit\" \/>\n\t<meta name=\"twitter:data2\" content=\"1\u00a0Minute\" \/>\n<script type=\"application\/ld+json\" class=\"yoast-schema-graph\">{\"@context\":\"https:\/\/schema.org\",\"@graph\":[{\"@type\":\"WebPage\",\"@id\":\"https:\/\/blog.zeit.de\/nsu-prozess-blog\/2014\/04\/16\/107-prozesstag-frueheres-szenemitglied-jana-j\/\",\"url\":\"https:\/\/blog.zeit.de\/nsu-prozess-blog\/2014\/04\/16\/107-prozesstag-frueheres-szenemitglied-jana-j\/\",\"name\":\"107. Prozesstag \u2013 Fr\u00fcheres Szenemitglied Jana J. - Das NSU-Prozess-Blog\",\"isPartOf\":{\"@id\":\"https:\/\/blog.zeit.de\/nsu-prozess-blog\/#website\"},\"datePublished\":\"2014-04-16T05:00:52+00:00\",\"dateModified\":\"2014-04-10T16:08:21+00:00\",\"author\":{\"@id\":\"https:\/\/blog.zeit.de\/nsu-prozess-blog\/#\/schema\/person\/553ea9bb5d1fc2ae054c589bd59380a5\"},\"breadcrumb\":{\"@id\":\"https:\/\/blog.zeit.de\/nsu-prozess-blog\/2014\/04\/16\/107-prozesstag-frueheres-szenemitglied-jana-j\/#breadcrumb\"},\"inLanguage\":\"de\",\"potentialAction\":[{\"@type\":\"ReadAction\",\"target\":[\"https:\/\/blog.zeit.de\/nsu-prozess-blog\/2014\/04\/16\/107-prozesstag-frueheres-szenemitglied-jana-j\/\"]}]},{\"@type\":\"BreadcrumbList\",\"@id\":\"https:\/\/blog.zeit.de\/nsu-prozess-blog\/2014\/04\/16\/107-prozesstag-frueheres-szenemitglied-jana-j\/#breadcrumb\",\"itemListElement\":[{\"@type\":\"ListItem\",\"position\":1,\"name\":\"Startseite\",\"item\":\"https:\/\/blog.zeit.de\/nsu-prozess-blog\/\"},{\"@type\":\"ListItem\",\"position\":2,\"name\":\"107. Prozesstag \u2013 Fr\u00fcheres Szenemitglied Jana J.\"}]},{\"@type\":\"WebSite\",\"@id\":\"https:\/\/blog.zeit.de\/nsu-prozess-blog\/#website\",\"url\":\"https:\/\/blog.zeit.de\/nsu-prozess-blog\/\",\"name\":\"Das NSU-Prozess-Blog\",\"description\":\"Alle Berichte zum Terrorverfahren in M\u00fcnchen\",\"potentialAction\":[{\"@type\":\"SearchAction\",\"target\":{\"@type\":\"EntryPoint\",\"urlTemplate\":\"https:\/\/blog.zeit.de\/nsu-prozess-blog\/?s={search_term_string}\"},\"query-input\":\"required name=search_term_string\"}],\"inLanguage\":\"de\"},{\"@type\":\"Person\",\"@id\":\"https:\/\/blog.zeit.de\/nsu-prozess-blog\/#\/schema\/person\/553ea9bb5d1fc2ae054c589bd59380a5\",\"name\":\"Tom Sundermann\",\"image\":{\"@type\":\"ImageObject\",\"inLanguage\":\"de\",\"@id\":\"https:\/\/blog.zeit.de\/nsu-prozess-blog\/#\/schema\/person\/image\/\",\"url\":\"https:\/\/secure.gravatar.com\/avatar\/e108a3dc18766f719b2f797dc5d19093f06a1870c55b553ab6b7563f1f9a5e68?s=96&d=mm&r=g\",\"contentUrl\":\"https:\/\/secure.gravatar.com\/avatar\/e108a3dc18766f719b2f797dc5d19093f06a1870c55b553ab6b7563f1f9a5e68?s=96&d=mm&r=g\",\"caption\":\"Tom Sundermann\"},\"sameAs\":[\"https:\/\/twitter.com\/messeticker\"],\"url\":\"https:\/\/blog.zeit.de\/nsu-prozess-blog\/author\/tsundermann\/\"}]}<\/script>\n<!-- \/ Yoast SEO plugin. -->","yoast_head_json":{"title":"107. Prozesstag \u2013 Fr\u00fcheres Szenemitglied Jana J. - Das NSU-Prozess-Blog","robots":{"index":"index","follow":"follow","max-snippet":"max-snippet:-1","max-image-preview":"max-image-preview:large","max-video-preview":"max-video-preview:-1"},"canonical":"https:\/\/blog.zeit.de\/nsu-prozess-blog\/2014\/04\/16\/107-prozesstag-frueheres-szenemitglied-jana-j\/","og_locale":"de_DE","og_type":"article","og_title":"107. Prozesstag \u2013 Fr\u00fcheres Szenemitglied Jana J. - Das NSU-Prozess-Blog","og_description":"Zum zweiten Mal ist am Mittwoch die fr\u00fchere Freundin des Zeugen Andr\u00e9 K. geladen, die sich mit ihm in rechten Kreisen bewegte. Jana J. soll Eindr\u00fccke aus der Zeit liefern, in der sich das sp\u00e4tere NSU-Trio in der Jenaer Naziszene kennenlernte. Bei ihrem ersten Auftritt im M\u00e4rz hatte J. ausgesagt, dass Beate Zsch\u00e4pe eine Waffe [&hellip;]","og_url":"https:\/\/blog.zeit.de\/nsu-prozess-blog\/2014\/04\/16\/107-prozesstag-frueheres-szenemitglied-jana-j\/","og_site_name":"Das NSU-Prozess-Blog","article_published_time":"2014-04-16T05:00:52+00:00","article_modified_time":"2014-04-10T16:08:21+00:00","author":"Tom Sundermann","twitter_misc":{"Geschrieben von":"Tom Sundermann","Gesch\u00e4tzte Lesezeit":"1\u00a0Minute"},"schema":{"@context":"https:\/\/schema.org","@graph":[{"@type":"WebPage","@id":"https:\/\/blog.zeit.de\/nsu-prozess-blog\/2014\/04\/16\/107-prozesstag-frueheres-szenemitglied-jana-j\/","url":"https:\/\/blog.zeit.de\/nsu-prozess-blog\/2014\/04\/16\/107-prozesstag-frueheres-szenemitglied-jana-j\/","name":"107. Prozesstag \u2013 Fr\u00fcheres Szenemitglied Jana J. - Das NSU-Prozess-Blog","isPartOf":{"@id":"https:\/\/blog.zeit.de\/nsu-prozess-blog\/#website"},"datePublished":"2014-04-16T05:00:52+00:00","dateModified":"2014-04-10T16:08:21+00:00","author":{"@id":"https:\/\/blog.zeit.de\/nsu-prozess-blog\/#\/schema\/person\/553ea9bb5d1fc2ae054c589bd59380a5"},"breadcrumb":{"@id":"https:\/\/blog.zeit.de\/nsu-prozess-blog\/2014\/04\/16\/107-prozesstag-frueheres-szenemitglied-jana-j\/#breadcrumb"},"inLanguage":"de","potentialAction":[{"@type":"ReadAction","target":["https:\/\/blog.zeit.de\/nsu-prozess-blog\/2014\/04\/16\/107-prozesstag-frueheres-szenemitglied-jana-j\/"]}]},{"@type":"BreadcrumbList","@id":"https:\/\/blog.zeit.de\/nsu-prozess-blog\/2014\/04\/16\/107-prozesstag-frueheres-szenemitglied-jana-j\/#breadcrumb","itemListElement":[{"@type":"ListItem","position":1,"name":"Startseite","item":"https:\/\/blog.zeit.de\/nsu-prozess-blog\/"},{"@type":"ListItem","position":2,"name":"107. Prozesstag \u2013 Fr\u00fcheres Szenemitglied Jana J."}]},{"@type":"WebSite","@id":"https:\/\/blog.zeit.de\/nsu-prozess-blog\/#website","url":"https:\/\/blog.zeit.de\/nsu-prozess-blog\/","name":"Das NSU-Prozess-Blog","description":"Alle Berichte zum Terrorverfahren in M\u00fcnchen","potentialAction":[{"@type":"SearchAction","target":{"@type":"EntryPoint","urlTemplate":"https:\/\/blog.zeit.de\/nsu-prozess-blog\/?s={search_term_string}"},"query-input":"required name=search_term_string"}],"inLanguage":"de"},{"@type":"Person","@id":"https:\/\/blog.zeit.de\/nsu-prozess-blog\/#\/schema\/person\/553ea9bb5d1fc2ae054c589bd59380a5","name":"Tom Sundermann","image":{"@type":"ImageObject","inLanguage":"de","@id":"https:\/\/blog.zeit.de\/nsu-prozess-blog\/#\/schema\/person\/image\/","url":"https:\/\/secure.gravatar.com\/avatar\/e108a3dc18766f719b2f797dc5d19093f06a1870c55b553ab6b7563f1f9a5e68?s=96&d=mm&r=g","contentUrl":"https:\/\/secure.gravatar.com\/avatar\/e108a3dc18766f719b2f797dc5d19093f06a1870c55b553ab6b7563f1f9a5e68?s=96&d=mm&r=g","caption":"Tom Sundermann"},"sameAs":["https:\/\/twitter.com\/messeticker"],"url":"https:\/\/blog.zeit.de\/nsu-prozess-blog\/author\/tsundermann\/"}]}},"jetpack_featured_media_url":"","jetpack_sharing_enabled":true,"_links":{"self":[{"href":"https:\/\/blog.zeit.de\/nsu-prozess-blog\/wp-json\/wp\/v2\/posts\/6457","targetHints":{"allow":["GET"]}}],"collection":[{"href":"https:\/\/blog.zeit.de\/nsu-prozess-blog\/wp-json\/wp\/v2\/posts"}],"about":[{"href":"https:\/\/blog.zeit.de\/nsu-prozess-blog\/wp-json\/wp\/v2\/types\/post"}],"author":[{"embeddable":true,"href":"https:\/\/blog.zeit.de\/nsu-prozess-blog\/wp-json\/wp\/v2\/users\/435"}],"replies":[{"embeddable":true,"href":"https:\/\/blog.zeit.de\/nsu-prozess-blog\/wp-json\/wp\/v2\/comments?post=6457"}],"version-history":[{"count":2,"href":"https:\/\/blog.zeit.de\/nsu-prozess-blog\/wp-json\/wp\/v2\/posts\/6457\/revisions"}],"predecessor-version":[{"id":6459,"href":"https:\/\/blog.zeit.de\/nsu-prozess-blog\/wp-json\/wp\/v2\/posts\/6457\/revisions\/6459"}],"wp:attachment":[{"href":"https:\/\/blog.zeit.de\/nsu-prozess-blog\/wp-json\/wp\/v2\/media?parent=6457"}],"wp:term":[{"taxonomy":"category","embeddable":true,"href":"https:\/\/blog.zeit.de\/nsu-prozess-blog\/wp-json\/wp\/v2\/categories?post=6457"},{"taxonomy":"post_tag","embeddable":true,"href":"https:\/\/blog.zeit.de\/nsu-prozess-blog\/wp-json\/wp\/v2\/tags?post=6457"}],"curies":[{"name":"wp","href":"https:\/\/api.w.org\/{rel}","templated":true}]}}