{"id":6469,"date":"2014-04-14T09:44:16","date_gmt":"2014-04-14T07:44:16","guid":{"rendered":"http:\/\/blog.zeit.de\/nsu-prozess-blog\/?p=6469"},"modified":"2014-04-14T10:15:00","modified_gmt":"2014-04-14T08:15:00","slug":"medienlog-v-mann-corelli-tot","status":"publish","type":"post","link":"https:\/\/blog.zeit.de\/nsu-prozess-blog\/2014\/04\/14\/medienlog-v-mann-corelli-tot\/","title":{"rendered":"Toter V-Mann kann kein Zeuge mehr sein \u2013 Das Medienlog vom Montag, 14. April 2014"},"content":{"rendered":"<p>Er hatte offenkundig Kontakt zu Uwe Mundlos und hinter dem R\u00fccken der rechten Szene gab er Informationen an den Verfassungsschutz weiter: Der Zeuge Thomas R. ist Ende M\u00e4rz im Alter von 39 Jahren gestorben, berichtet der <a href=\"http:\/\/www.spiegel.de\/panorama\/justiz\/nsu-ermittlungen-v-mann-corelli-ist-tot-a-964148.html\" target=\"_blank\"><em>Spiegel<\/em><\/a>. Das Bundesamt f\u00fcr Verfassungsschutz f\u00fchrte ihn unter dem Decknamen <em>Corelli<\/em>. R. wurde im Zuge der NSU-Ermittlungen vernommen, jedoch nicht als Zeuge in den Prozess geladen. Er stritt damals ab, Kontakte zur Terrorzelle gepflegt zu haben.<\/p>\n<p><!--more--><\/p>\n<p><em>An jedem Werktag sichten wir f\u00fcr das NSU-Prozess-Blog die Medien und stellen wichtige Berichte, Blogs, Videos und Tweets zusammen. Wir freuen uns \u00fcber Hinweise via Twitter mit dem Hashtag #nsublog \u2013 oder per E-Mail an <a href=\"mailto:nsublog@zeit.de\">nsublog@zeit.de<\/a>.<\/em><\/p>\n<p>Nach seiner Enttarnung im September 2012 war R. in ein Zeugenschutzprogramm aufgenommen worden. Er starb dem <em>Spiegel<\/em> zufolge an einer nicht erkannten Diabetes-Erkrankung und wurde in seiner Wohnung nahe Bielefeld tot aufgefunden. Die Ermittler wurden auf R. aufmerksam, weil er auf einer Telefonliste stand, die im Jahr 1998 bei Uwe Mundlos gefunden wurde.<\/p>\n<p>Nach Sch\u00e4tzung des Pr\u00e4sidenten des M\u00fcnchner Oberlandesgerichts, Karl Huber, ist der NSU-Prozess nun etwa zur H\u00e4lfte geschafft. Der Nachrichtenagentur <a href=\"http:\/\/www.nordbayern.de\/region\/etwa-bei-der-halfte-nsu-prozess-konnte-noch-ein-jahr-dauern-1.3575982\" target=\"_blank\"><em>dpa<\/em><\/a> sagte er, das Verfahren werde sich bis ins kommende Jahr ziehen. Weil acht Richter die Verhandlung leiten, stelle der Prozess das Gericht vor &#8222;unglaubliche Herausforderungen&#8220;.<\/p>\n<p><em>Das n\u00e4chste Medienlog erscheint am Dienstag, 15. April 2014.<\/em><\/p>\n","protected":false},"excerpt":{"rendered":"<p>Er hatte offenkundig Kontakt zu Uwe Mundlos und hinter dem R\u00fccken der rechten Szene gab er Informationen an den Verfassungsschutz weiter: Der Zeuge Thomas R. ist Ende M\u00e4rz im Alter von 39 Jahren gestorben, berichtet der Spiegel. Das Bundesamt f\u00fcr Verfassungsschutz f\u00fchrte ihn unter dem Decknamen Corelli. R. wurde im Zuge der NSU-Ermittlungen vernommen, jedoch [&hellip;]<\/p>\n","protected":false},"author":435,"featured_media":0,"comment_status":"open","ping_status":"open","sticky":false,"template":"","format":"standard","meta":{"_jetpack_memberships_contains_paid_content":false,"footnotes":""},"categories":[27531],"tags":[22859,17899,1836],"class_list":["post-6469","post","type-post","status-publish","format-standard","hentry","category-medienschau","tag-uwe-mundlos","tag-v-mann","tag-verfassungsschutz"],"yoast_head":"<!-- This site is optimized with the Yoast SEO plugin v21.0 - https:\/\/yoast.com\/wordpress\/plugins\/seo\/ -->\n<title>Toter V-Mann kann kein Zeuge mehr sein \u2013 Das Medienlog vom Montag, 14. April 2014 - Das NSU-Prozess-Blog<\/title>\n<meta name=\"robots\" content=\"index, follow, max-snippet:-1, max-image-preview:large, max-video-preview:-1\" \/>\n<link rel=\"canonical\" href=\"https:\/\/blog.zeit.de\/nsu-prozess-blog\/2014\/04\/14\/medienlog-v-mann-corelli-tot\/\" \/>\n<meta property=\"og:locale\" content=\"de_DE\" \/>\n<meta property=\"og:type\" content=\"article\" \/>\n<meta property=\"og:title\" content=\"Toter V-Mann kann kein Zeuge mehr sein \u2013 Das Medienlog vom Montag, 14. April 2014 - Das NSU-Prozess-Blog\" \/>\n<meta property=\"og:description\" content=\"Er hatte offenkundig Kontakt zu Uwe Mundlos und hinter dem R\u00fccken der rechten Szene gab er Informationen an den Verfassungsschutz weiter: Der Zeuge Thomas R. ist Ende M\u00e4rz im Alter von 39 Jahren gestorben, berichtet der Spiegel. Das Bundesamt f\u00fcr Verfassungsschutz f\u00fchrte ihn unter dem Decknamen Corelli. R. wurde im Zuge der NSU-Ermittlungen vernommen, jedoch [&hellip;]\" \/>\n<meta property=\"og:url\" content=\"https:\/\/blog.zeit.de\/nsu-prozess-blog\/2014\/04\/14\/medienlog-v-mann-corelli-tot\/\" \/>\n<meta property=\"og:site_name\" content=\"Das NSU-Prozess-Blog\" \/>\n<meta property=\"article:published_time\" content=\"2014-04-14T07:44:16+00:00\" \/>\n<meta property=\"article:modified_time\" content=\"2014-04-14T08:15:00+00:00\" \/>\n<meta name=\"author\" content=\"Tom Sundermann\" \/>\n<meta name=\"twitter:label1\" content=\"Geschrieben von\" \/>\n\t<meta name=\"twitter:data1\" content=\"Tom Sundermann\" \/>\n\t<meta name=\"twitter:label2\" content=\"Gesch\u00e4tzte Lesezeit\" \/>\n\t<meta name=\"twitter:data2\" content=\"1\u00a0Minute\" \/>\n<script type=\"application\/ld+json\" class=\"yoast-schema-graph\">{\"@context\":\"https:\/\/schema.org\",\"@graph\":[{\"@type\":\"WebPage\",\"@id\":\"https:\/\/blog.zeit.de\/nsu-prozess-blog\/2014\/04\/14\/medienlog-v-mann-corelli-tot\/\",\"url\":\"https:\/\/blog.zeit.de\/nsu-prozess-blog\/2014\/04\/14\/medienlog-v-mann-corelli-tot\/\",\"name\":\"Toter V-Mann kann kein Zeuge mehr sein \u2013 Das Medienlog vom Montag, 14. April 2014 - Das NSU-Prozess-Blog\",\"isPartOf\":{\"@id\":\"https:\/\/blog.zeit.de\/nsu-prozess-blog\/#website\"},\"datePublished\":\"2014-04-14T07:44:16+00:00\",\"dateModified\":\"2014-04-14T08:15:00+00:00\",\"author\":{\"@id\":\"https:\/\/blog.zeit.de\/nsu-prozess-blog\/#\/schema\/person\/553ea9bb5d1fc2ae054c589bd59380a5\"},\"breadcrumb\":{\"@id\":\"https:\/\/blog.zeit.de\/nsu-prozess-blog\/2014\/04\/14\/medienlog-v-mann-corelli-tot\/#breadcrumb\"},\"inLanguage\":\"de\",\"potentialAction\":[{\"@type\":\"ReadAction\",\"target\":[\"https:\/\/blog.zeit.de\/nsu-prozess-blog\/2014\/04\/14\/medienlog-v-mann-corelli-tot\/\"]}]},{\"@type\":\"BreadcrumbList\",\"@id\":\"https:\/\/blog.zeit.de\/nsu-prozess-blog\/2014\/04\/14\/medienlog-v-mann-corelli-tot\/#breadcrumb\",\"itemListElement\":[{\"@type\":\"ListItem\",\"position\":1,\"name\":\"Startseite\",\"item\":\"https:\/\/blog.zeit.de\/nsu-prozess-blog\/\"},{\"@type\":\"ListItem\",\"position\":2,\"name\":\"Toter V-Mann kann kein Zeuge mehr sein \u2013 Das Medienlog vom Montag, 14. April 2014\"}]},{\"@type\":\"WebSite\",\"@id\":\"https:\/\/blog.zeit.de\/nsu-prozess-blog\/#website\",\"url\":\"https:\/\/blog.zeit.de\/nsu-prozess-blog\/\",\"name\":\"Das NSU-Prozess-Blog\",\"description\":\"Alle Berichte zum Terrorverfahren in M\u00fcnchen\",\"potentialAction\":[{\"@type\":\"SearchAction\",\"target\":{\"@type\":\"EntryPoint\",\"urlTemplate\":\"https:\/\/blog.zeit.de\/nsu-prozess-blog\/?s={search_term_string}\"},\"query-input\":\"required name=search_term_string\"}],\"inLanguage\":\"de\"},{\"@type\":\"Person\",\"@id\":\"https:\/\/blog.zeit.de\/nsu-prozess-blog\/#\/schema\/person\/553ea9bb5d1fc2ae054c589bd59380a5\",\"name\":\"Tom Sundermann\",\"image\":{\"@type\":\"ImageObject\",\"inLanguage\":\"de\",\"@id\":\"https:\/\/blog.zeit.de\/nsu-prozess-blog\/#\/schema\/person\/image\/\",\"url\":\"https:\/\/secure.gravatar.com\/avatar\/e108a3dc18766f719b2f797dc5d19093f06a1870c55b553ab6b7563f1f9a5e68?s=96&d=mm&r=g\",\"contentUrl\":\"https:\/\/secure.gravatar.com\/avatar\/e108a3dc18766f719b2f797dc5d19093f06a1870c55b553ab6b7563f1f9a5e68?s=96&d=mm&r=g\",\"caption\":\"Tom Sundermann\"},\"sameAs\":[\"https:\/\/twitter.com\/messeticker\"],\"url\":\"https:\/\/blog.zeit.de\/nsu-prozess-blog\/author\/tsundermann\/\"}]}<\/script>\n<!-- \/ Yoast SEO plugin. -->","yoast_head_json":{"title":"Toter V-Mann kann kein Zeuge mehr sein \u2013 Das Medienlog vom Montag, 14. April 2014 - Das NSU-Prozess-Blog","robots":{"index":"index","follow":"follow","max-snippet":"max-snippet:-1","max-image-preview":"max-image-preview:large","max-video-preview":"max-video-preview:-1"},"canonical":"https:\/\/blog.zeit.de\/nsu-prozess-blog\/2014\/04\/14\/medienlog-v-mann-corelli-tot\/","og_locale":"de_DE","og_type":"article","og_title":"Toter V-Mann kann kein Zeuge mehr sein \u2013 Das Medienlog vom Montag, 14. April 2014 - Das NSU-Prozess-Blog","og_description":"Er hatte offenkundig Kontakt zu Uwe Mundlos und hinter dem R\u00fccken der rechten Szene gab er Informationen an den Verfassungsschutz weiter: Der Zeuge Thomas R. ist Ende M\u00e4rz im Alter von 39 Jahren gestorben, berichtet der Spiegel. Das Bundesamt f\u00fcr Verfassungsschutz f\u00fchrte ihn unter dem Decknamen Corelli. R. wurde im Zuge der NSU-Ermittlungen vernommen, jedoch [&hellip;]","og_url":"https:\/\/blog.zeit.de\/nsu-prozess-blog\/2014\/04\/14\/medienlog-v-mann-corelli-tot\/","og_site_name":"Das NSU-Prozess-Blog","article_published_time":"2014-04-14T07:44:16+00:00","article_modified_time":"2014-04-14T08:15:00+00:00","author":"Tom Sundermann","twitter_misc":{"Geschrieben von":"Tom Sundermann","Gesch\u00e4tzte Lesezeit":"1\u00a0Minute"},"schema":{"@context":"https:\/\/schema.org","@graph":[{"@type":"WebPage","@id":"https:\/\/blog.zeit.de\/nsu-prozess-blog\/2014\/04\/14\/medienlog-v-mann-corelli-tot\/","url":"https:\/\/blog.zeit.de\/nsu-prozess-blog\/2014\/04\/14\/medienlog-v-mann-corelli-tot\/","name":"Toter V-Mann kann kein Zeuge mehr sein \u2013 Das Medienlog vom Montag, 14. April 2014 - Das NSU-Prozess-Blog","isPartOf":{"@id":"https:\/\/blog.zeit.de\/nsu-prozess-blog\/#website"},"datePublished":"2014-04-14T07:44:16+00:00","dateModified":"2014-04-14T08:15:00+00:00","author":{"@id":"https:\/\/blog.zeit.de\/nsu-prozess-blog\/#\/schema\/person\/553ea9bb5d1fc2ae054c589bd59380a5"},"breadcrumb":{"@id":"https:\/\/blog.zeit.de\/nsu-prozess-blog\/2014\/04\/14\/medienlog-v-mann-corelli-tot\/#breadcrumb"},"inLanguage":"de","potentialAction":[{"@type":"ReadAction","target":["https:\/\/blog.zeit.de\/nsu-prozess-blog\/2014\/04\/14\/medienlog-v-mann-corelli-tot\/"]}]},{"@type":"BreadcrumbList","@id":"https:\/\/blog.zeit.de\/nsu-prozess-blog\/2014\/04\/14\/medienlog-v-mann-corelli-tot\/#breadcrumb","itemListElement":[{"@type":"ListItem","position":1,"name":"Startseite","item":"https:\/\/blog.zeit.de\/nsu-prozess-blog\/"},{"@type":"ListItem","position":2,"name":"Toter V-Mann kann kein Zeuge mehr sein \u2013 Das Medienlog vom Montag, 14. April 2014"}]},{"@type":"WebSite","@id":"https:\/\/blog.zeit.de\/nsu-prozess-blog\/#website","url":"https:\/\/blog.zeit.de\/nsu-prozess-blog\/","name":"Das NSU-Prozess-Blog","description":"Alle Berichte zum Terrorverfahren in M\u00fcnchen","potentialAction":[{"@type":"SearchAction","target":{"@type":"EntryPoint","urlTemplate":"https:\/\/blog.zeit.de\/nsu-prozess-blog\/?s={search_term_string}"},"query-input":"required name=search_term_string"}],"inLanguage":"de"},{"@type":"Person","@id":"https:\/\/blog.zeit.de\/nsu-prozess-blog\/#\/schema\/person\/553ea9bb5d1fc2ae054c589bd59380a5","name":"Tom Sundermann","image":{"@type":"ImageObject","inLanguage":"de","@id":"https:\/\/blog.zeit.de\/nsu-prozess-blog\/#\/schema\/person\/image\/","url":"https:\/\/secure.gravatar.com\/avatar\/e108a3dc18766f719b2f797dc5d19093f06a1870c55b553ab6b7563f1f9a5e68?s=96&d=mm&r=g","contentUrl":"https:\/\/secure.gravatar.com\/avatar\/e108a3dc18766f719b2f797dc5d19093f06a1870c55b553ab6b7563f1f9a5e68?s=96&d=mm&r=g","caption":"Tom Sundermann"},"sameAs":["https:\/\/twitter.com\/messeticker"],"url":"https:\/\/blog.zeit.de\/nsu-prozess-blog\/author\/tsundermann\/"}]}},"jetpack_featured_media_url":"","jetpack_sharing_enabled":true,"_links":{"self":[{"href":"https:\/\/blog.zeit.de\/nsu-prozess-blog\/wp-json\/wp\/v2\/posts\/6469","targetHints":{"allow":["GET"]}}],"collection":[{"href":"https:\/\/blog.zeit.de\/nsu-prozess-blog\/wp-json\/wp\/v2\/posts"}],"about":[{"href":"https:\/\/blog.zeit.de\/nsu-prozess-blog\/wp-json\/wp\/v2\/types\/post"}],"author":[{"embeddable":true,"href":"https:\/\/blog.zeit.de\/nsu-prozess-blog\/wp-json\/wp\/v2\/users\/435"}],"replies":[{"embeddable":true,"href":"https:\/\/blog.zeit.de\/nsu-prozess-blog\/wp-json\/wp\/v2\/comments?post=6469"}],"version-history":[{"count":9,"href":"https:\/\/blog.zeit.de\/nsu-prozess-blog\/wp-json\/wp\/v2\/posts\/6469\/revisions"}],"predecessor-version":[{"id":6478,"href":"https:\/\/blog.zeit.de\/nsu-prozess-blog\/wp-json\/wp\/v2\/posts\/6469\/revisions\/6478"}],"wp:attachment":[{"href":"https:\/\/blog.zeit.de\/nsu-prozess-blog\/wp-json\/wp\/v2\/media?parent=6469"}],"wp:term":[{"taxonomy":"category","embeddable":true,"href":"https:\/\/blog.zeit.de\/nsu-prozess-blog\/wp-json\/wp\/v2\/categories?post=6469"},{"taxonomy":"post_tag","embeddable":true,"href":"https:\/\/blog.zeit.de\/nsu-prozess-blog\/wp-json\/wp\/v2\/tags?post=6469"}],"curies":[{"name":"wp","href":"https:\/\/api.w.org\/{rel}","templated":true}]}}