{"id":6479,"date":"2014-04-15T09:16:43","date_gmt":"2014-04-15T07:16:43","guid":{"rendered":"http:\/\/blog.zeit.de\/nsu-prozess-blog\/?p=6479"},"modified":"2014-04-15T09:32:37","modified_gmt":"2014-04-15T07:32:37","slug":"medienlog-corelli-nsu","status":"publish","type":"post","link":"https:\/\/blog.zeit.de\/nsu-prozess-blog\/2014\/04\/15\/medienlog-corelli-nsu\/","title":{"rendered":"Wie nahe stand toter V-Mann dem NSU? \u2013 Das Medienlog vom Dienstag, 15. April 2014"},"content":{"rendered":"<p>Selbst wenn der rechtsextreme V-Mann <em>Corelli<\/em> Geheimnisse \u00fcber die Zwickauer Terrorzelle kannte, kann er sie nicht mehr preisgeben: Der enttarnte Spitzel Thomas R. <a href=\"https:\/\/blog.zeit.de\/nsu-prozess-blog\/2014\/04\/14\/medienlog-v-mann-corelli-tot\/\">starb Ende M\u00e4rz<\/a>. Fraglich ist weiter, wie eng seine Verbindungen zum NSU waren. R. sei &#8222;nur ein Spitzel von vielen&#8220; gewesen, &#8222;der NSU regelrecht umstellt von Informanten&#8220;, hei\u00dft es in einem Bericht von <a href=\"http:\/\/www.spiegel.de\/panorama\/justiz\/nsu-v-mann-corelli-gestorben-a-964164.html\" target=\"_blank\"><em>Spiegel Online<\/em><\/a>. Demnach war <em>Corelli<\/em> eine von drei Quellen auf der Gehaltsliste des Bundesverfassungsschutzes, die der Gruppe nahestanden.<\/p>\n<p><!--more--><\/p>\n<p><em>An jedem Werktag sichten wir f\u00fcr das NSU-Prozess-Blog die Medien und stellen wichtige Berichte, Blogs, Videos und Tweets zusammen. Wir freuen uns \u00fcber Hinweise via Twitter mit dem Hashtag #nsublog \u2013 oder per E-Mail an <a href=\"mailto:nsublog@zeit.de\">nsublog@zeit.de<\/a>.<\/em><\/p>\n<p>Der aus Halle an der Saale stammende R. &#8222;spielte eine bis heute nicht vollst\u00e4ndig aufgekl\u00e4rte Rolle im nahen Umfeld des NSU&#8220;, sagte Bundestagsvizepr\u00e4sidentin Petra Pau (Die Linke) der <a href=\"http:\/\/www.berliner-zeitung.de\/politik\/nsu-informant--corelli--v-mann-tot-aufgefunden,10808018,26841222.html\" target=\"_blank\"><em>Berliner Zeitung<\/em><\/a>. Er w\u00e4re &#8222;im NSU-Prozess ein zentraler Zeuge gewesen f\u00fcr die Frage, welche Kenntnis der Verfassungsschutz von der Existenz rechtsterroristischer Strukturen in Deutschland hatte&#8220;. Das Bundesamt f\u00fcr Verfassungsschutz ist hingegen der Ansicht, der V-Mann habe mit dem NSU nichts zu tun gehabt.<\/p>\n<p>Hinweise auf enge Kontakte gibt es allerdings viele. 1995 lernte R. das sp\u00e4tere NSU-Mitglied Uwe Mundlos auf einem Rechtsrock-Konzert in Dresden kennen, wie Andreas Speit in der <a href=\"http:\/\/www.taz.de\/Das-Amt-nannte-ihn-Corelli-\/!136807\/\" target=\"_blank\"><em>taz<\/em><\/a> berichtet. Sp\u00e4ter habe er dem Verfassungsschutz gemeldet, dass Mundlos mit Gesinnungsgenossen die Kameradschaft Jena gegr\u00fcndet hatte \u2013 ein Netzwerk, dessen Mitglieder sp\u00e4ter tatkr\u00e4ftig die untergetauchten Kameraden unterst\u00fctzten. Zudem pflegte R. Verbindungen zum Szeneheft <em>Der Wei\u00dfe Wolf<\/em>. Darin erschien im Jahr 2002 die Botschaft &#8222;Vielen Dank an den NSU, es hat Fr\u00fcchte getragen&#8220; \u2013 das Trio hatte dem Herausgeber David P. eine Spende von 2.500 Mark zukommen lassen. P. ist als Zeuge im Prozess geladen.<\/p>\n<p><em>Das n\u00e4chste Medienlog erscheint am Mittwoch, 16. April 2014.<\/em><\/p>\n","protected":false},"excerpt":{"rendered":"<p>Selbst wenn der rechtsextreme V-Mann Corelli Geheimnisse \u00fcber die Zwickauer Terrorzelle kannte, kann er sie nicht mehr preisgeben: Der enttarnte Spitzel Thomas R. starb Ende M\u00e4rz. Fraglich ist weiter, wie eng seine Verbindungen zum NSU waren. R. sei &#8222;nur ein Spitzel von vielen&#8220; gewesen, &#8222;der NSU regelrecht umstellt von Informanten&#8220;, hei\u00dft es in einem Bericht [&hellip;]<\/p>\n","protected":false},"author":435,"featured_media":0,"comment_status":"open","ping_status":"open","sticky":false,"template":"","format":"standard","meta":{"_jetpack_memberships_contains_paid_content":false,"footnotes":""},"categories":[27531],"tags":[17899,1836],"class_list":["post-6479","post","type-post","status-publish","format-standard","hentry","category-medienschau","tag-v-mann","tag-verfassungsschutz"],"yoast_head":"<!-- This site is optimized with the Yoast SEO plugin v21.0 - https:\/\/yoast.com\/wordpress\/plugins\/seo\/ -->\n<title>Wie nahe stand toter V-Mann dem NSU? \u2013 Das Medienlog vom Dienstag, 15. April 2014 - Das NSU-Prozess-Blog<\/title>\n<meta name=\"robots\" content=\"index, follow, max-snippet:-1, max-image-preview:large, max-video-preview:-1\" \/>\n<link rel=\"canonical\" href=\"https:\/\/blog.zeit.de\/nsu-prozess-blog\/2014\/04\/15\/medienlog-corelli-nsu\/\" \/>\n<meta property=\"og:locale\" content=\"de_DE\" \/>\n<meta property=\"og:type\" content=\"article\" \/>\n<meta property=\"og:title\" content=\"Wie nahe stand toter V-Mann dem NSU? \u2013 Das Medienlog vom Dienstag, 15. April 2014 - Das NSU-Prozess-Blog\" \/>\n<meta property=\"og:description\" content=\"Selbst wenn der rechtsextreme V-Mann Corelli Geheimnisse \u00fcber die Zwickauer Terrorzelle kannte, kann er sie nicht mehr preisgeben: Der enttarnte Spitzel Thomas R. starb Ende M\u00e4rz. Fraglich ist weiter, wie eng seine Verbindungen zum NSU waren. R. sei &#8222;nur ein Spitzel von vielen&#8220; gewesen, &#8222;der NSU regelrecht umstellt von Informanten&#8220;, hei\u00dft es in einem Bericht [&hellip;]\" \/>\n<meta property=\"og:url\" content=\"https:\/\/blog.zeit.de\/nsu-prozess-blog\/2014\/04\/15\/medienlog-corelli-nsu\/\" \/>\n<meta property=\"og:site_name\" content=\"Das NSU-Prozess-Blog\" \/>\n<meta property=\"article:published_time\" content=\"2014-04-15T07:16:43+00:00\" \/>\n<meta property=\"article:modified_time\" content=\"2014-04-15T07:32:37+00:00\" \/>\n<meta name=\"author\" content=\"Tom Sundermann\" \/>\n<meta name=\"twitter:label1\" content=\"Geschrieben von\" \/>\n\t<meta name=\"twitter:data1\" content=\"Tom Sundermann\" \/>\n\t<meta name=\"twitter:label2\" content=\"Gesch\u00e4tzte Lesezeit\" \/>\n\t<meta name=\"twitter:data2\" content=\"2\u00a0Minuten\" \/>\n<script type=\"application\/ld+json\" class=\"yoast-schema-graph\">{\"@context\":\"https:\/\/schema.org\",\"@graph\":[{\"@type\":\"WebPage\",\"@id\":\"https:\/\/blog.zeit.de\/nsu-prozess-blog\/2014\/04\/15\/medienlog-corelli-nsu\/\",\"url\":\"https:\/\/blog.zeit.de\/nsu-prozess-blog\/2014\/04\/15\/medienlog-corelli-nsu\/\",\"name\":\"Wie nahe stand toter V-Mann dem NSU? \u2013 Das Medienlog vom Dienstag, 15. April 2014 - Das NSU-Prozess-Blog\",\"isPartOf\":{\"@id\":\"https:\/\/blog.zeit.de\/nsu-prozess-blog\/#website\"},\"datePublished\":\"2014-04-15T07:16:43+00:00\",\"dateModified\":\"2014-04-15T07:32:37+00:00\",\"author\":{\"@id\":\"https:\/\/blog.zeit.de\/nsu-prozess-blog\/#\/schema\/person\/553ea9bb5d1fc2ae054c589bd59380a5\"},\"breadcrumb\":{\"@id\":\"https:\/\/blog.zeit.de\/nsu-prozess-blog\/2014\/04\/15\/medienlog-corelli-nsu\/#breadcrumb\"},\"inLanguage\":\"de\",\"potentialAction\":[{\"@type\":\"ReadAction\",\"target\":[\"https:\/\/blog.zeit.de\/nsu-prozess-blog\/2014\/04\/15\/medienlog-corelli-nsu\/\"]}]},{\"@type\":\"BreadcrumbList\",\"@id\":\"https:\/\/blog.zeit.de\/nsu-prozess-blog\/2014\/04\/15\/medienlog-corelli-nsu\/#breadcrumb\",\"itemListElement\":[{\"@type\":\"ListItem\",\"position\":1,\"name\":\"Startseite\",\"item\":\"https:\/\/blog.zeit.de\/nsu-prozess-blog\/\"},{\"@type\":\"ListItem\",\"position\":2,\"name\":\"Wie nahe stand toter V-Mann dem NSU? \u2013 Das Medienlog vom Dienstag, 15. April 2014\"}]},{\"@type\":\"WebSite\",\"@id\":\"https:\/\/blog.zeit.de\/nsu-prozess-blog\/#website\",\"url\":\"https:\/\/blog.zeit.de\/nsu-prozess-blog\/\",\"name\":\"Das NSU-Prozess-Blog\",\"description\":\"Alle Berichte zum Terrorverfahren in M\u00fcnchen\",\"potentialAction\":[{\"@type\":\"SearchAction\",\"target\":{\"@type\":\"EntryPoint\",\"urlTemplate\":\"https:\/\/blog.zeit.de\/nsu-prozess-blog\/?s={search_term_string}\"},\"query-input\":\"required name=search_term_string\"}],\"inLanguage\":\"de\"},{\"@type\":\"Person\",\"@id\":\"https:\/\/blog.zeit.de\/nsu-prozess-blog\/#\/schema\/person\/553ea9bb5d1fc2ae054c589bd59380a5\",\"name\":\"Tom Sundermann\",\"image\":{\"@type\":\"ImageObject\",\"inLanguage\":\"de\",\"@id\":\"https:\/\/blog.zeit.de\/nsu-prozess-blog\/#\/schema\/person\/image\/\",\"url\":\"https:\/\/secure.gravatar.com\/avatar\/e108a3dc18766f719b2f797dc5d19093f06a1870c55b553ab6b7563f1f9a5e68?s=96&d=mm&r=g\",\"contentUrl\":\"https:\/\/secure.gravatar.com\/avatar\/e108a3dc18766f719b2f797dc5d19093f06a1870c55b553ab6b7563f1f9a5e68?s=96&d=mm&r=g\",\"caption\":\"Tom Sundermann\"},\"sameAs\":[\"https:\/\/twitter.com\/messeticker\"],\"url\":\"https:\/\/blog.zeit.de\/nsu-prozess-blog\/author\/tsundermann\/\"}]}<\/script>\n<!-- \/ Yoast SEO plugin. -->","yoast_head_json":{"title":"Wie nahe stand toter V-Mann dem NSU? \u2013 Das Medienlog vom Dienstag, 15. April 2014 - Das NSU-Prozess-Blog","robots":{"index":"index","follow":"follow","max-snippet":"max-snippet:-1","max-image-preview":"max-image-preview:large","max-video-preview":"max-video-preview:-1"},"canonical":"https:\/\/blog.zeit.de\/nsu-prozess-blog\/2014\/04\/15\/medienlog-corelli-nsu\/","og_locale":"de_DE","og_type":"article","og_title":"Wie nahe stand toter V-Mann dem NSU? \u2013 Das Medienlog vom Dienstag, 15. April 2014 - Das NSU-Prozess-Blog","og_description":"Selbst wenn der rechtsextreme V-Mann Corelli Geheimnisse \u00fcber die Zwickauer Terrorzelle kannte, kann er sie nicht mehr preisgeben: Der enttarnte Spitzel Thomas R. starb Ende M\u00e4rz. Fraglich ist weiter, wie eng seine Verbindungen zum NSU waren. R. sei &#8222;nur ein Spitzel von vielen&#8220; gewesen, &#8222;der NSU regelrecht umstellt von Informanten&#8220;, hei\u00dft es in einem Bericht [&hellip;]","og_url":"https:\/\/blog.zeit.de\/nsu-prozess-blog\/2014\/04\/15\/medienlog-corelli-nsu\/","og_site_name":"Das NSU-Prozess-Blog","article_published_time":"2014-04-15T07:16:43+00:00","article_modified_time":"2014-04-15T07:32:37+00:00","author":"Tom Sundermann","twitter_misc":{"Geschrieben von":"Tom Sundermann","Gesch\u00e4tzte Lesezeit":"2\u00a0Minuten"},"schema":{"@context":"https:\/\/schema.org","@graph":[{"@type":"WebPage","@id":"https:\/\/blog.zeit.de\/nsu-prozess-blog\/2014\/04\/15\/medienlog-corelli-nsu\/","url":"https:\/\/blog.zeit.de\/nsu-prozess-blog\/2014\/04\/15\/medienlog-corelli-nsu\/","name":"Wie nahe stand toter V-Mann dem NSU? \u2013 Das Medienlog vom Dienstag, 15. April 2014 - Das NSU-Prozess-Blog","isPartOf":{"@id":"https:\/\/blog.zeit.de\/nsu-prozess-blog\/#website"},"datePublished":"2014-04-15T07:16:43+00:00","dateModified":"2014-04-15T07:32:37+00:00","author":{"@id":"https:\/\/blog.zeit.de\/nsu-prozess-blog\/#\/schema\/person\/553ea9bb5d1fc2ae054c589bd59380a5"},"breadcrumb":{"@id":"https:\/\/blog.zeit.de\/nsu-prozess-blog\/2014\/04\/15\/medienlog-corelli-nsu\/#breadcrumb"},"inLanguage":"de","potentialAction":[{"@type":"ReadAction","target":["https:\/\/blog.zeit.de\/nsu-prozess-blog\/2014\/04\/15\/medienlog-corelli-nsu\/"]}]},{"@type":"BreadcrumbList","@id":"https:\/\/blog.zeit.de\/nsu-prozess-blog\/2014\/04\/15\/medienlog-corelli-nsu\/#breadcrumb","itemListElement":[{"@type":"ListItem","position":1,"name":"Startseite","item":"https:\/\/blog.zeit.de\/nsu-prozess-blog\/"},{"@type":"ListItem","position":2,"name":"Wie nahe stand toter V-Mann dem NSU? \u2013 Das Medienlog vom Dienstag, 15. April 2014"}]},{"@type":"WebSite","@id":"https:\/\/blog.zeit.de\/nsu-prozess-blog\/#website","url":"https:\/\/blog.zeit.de\/nsu-prozess-blog\/","name":"Das NSU-Prozess-Blog","description":"Alle Berichte zum Terrorverfahren in M\u00fcnchen","potentialAction":[{"@type":"SearchAction","target":{"@type":"EntryPoint","urlTemplate":"https:\/\/blog.zeit.de\/nsu-prozess-blog\/?s={search_term_string}"},"query-input":"required name=search_term_string"}],"inLanguage":"de"},{"@type":"Person","@id":"https:\/\/blog.zeit.de\/nsu-prozess-blog\/#\/schema\/person\/553ea9bb5d1fc2ae054c589bd59380a5","name":"Tom Sundermann","image":{"@type":"ImageObject","inLanguage":"de","@id":"https:\/\/blog.zeit.de\/nsu-prozess-blog\/#\/schema\/person\/image\/","url":"https:\/\/secure.gravatar.com\/avatar\/e108a3dc18766f719b2f797dc5d19093f06a1870c55b553ab6b7563f1f9a5e68?s=96&d=mm&r=g","contentUrl":"https:\/\/secure.gravatar.com\/avatar\/e108a3dc18766f719b2f797dc5d19093f06a1870c55b553ab6b7563f1f9a5e68?s=96&d=mm&r=g","caption":"Tom Sundermann"},"sameAs":["https:\/\/twitter.com\/messeticker"],"url":"https:\/\/blog.zeit.de\/nsu-prozess-blog\/author\/tsundermann\/"}]}},"jetpack_featured_media_url":"","jetpack_sharing_enabled":true,"_links":{"self":[{"href":"https:\/\/blog.zeit.de\/nsu-prozess-blog\/wp-json\/wp\/v2\/posts\/6479","targetHints":{"allow":["GET"]}}],"collection":[{"href":"https:\/\/blog.zeit.de\/nsu-prozess-blog\/wp-json\/wp\/v2\/posts"}],"about":[{"href":"https:\/\/blog.zeit.de\/nsu-prozess-blog\/wp-json\/wp\/v2\/types\/post"}],"author":[{"embeddable":true,"href":"https:\/\/blog.zeit.de\/nsu-prozess-blog\/wp-json\/wp\/v2\/users\/435"}],"replies":[{"embeddable":true,"href":"https:\/\/blog.zeit.de\/nsu-prozess-blog\/wp-json\/wp\/v2\/comments?post=6479"}],"version-history":[{"count":9,"href":"https:\/\/blog.zeit.de\/nsu-prozess-blog\/wp-json\/wp\/v2\/posts\/6479\/revisions"}],"predecessor-version":[{"id":6488,"href":"https:\/\/blog.zeit.de\/nsu-prozess-blog\/wp-json\/wp\/v2\/posts\/6479\/revisions\/6488"}],"wp:attachment":[{"href":"https:\/\/blog.zeit.de\/nsu-prozess-blog\/wp-json\/wp\/v2\/media?parent=6479"}],"wp:term":[{"taxonomy":"category","embeddable":true,"href":"https:\/\/blog.zeit.de\/nsu-prozess-blog\/wp-json\/wp\/v2\/categories?post=6479"},{"taxonomy":"post_tag","embeddable":true,"href":"https:\/\/blog.zeit.de\/nsu-prozess-blog\/wp-json\/wp\/v2\/tags?post=6479"}],"curies":[{"name":"wp","href":"https:\/\/api.w.org\/{rel}","templated":true}]}}