{"id":6489,"date":"2014-04-16T10:36:27","date_gmt":"2014-04-16T08:36:27","guid":{"rendered":"http:\/\/blog.zeit.de\/nsu-prozess-blog\/?p=6489"},"modified":"2014-04-16T11:10:33","modified_gmt":"2014-04-16T09:10:33","slug":"medienlog-andreas-t-yozgat","status":"publish","type":"post","link":"https:\/\/blog.zeit.de\/nsu-prozess-blog\/2014\/04\/16\/medienlog-andreas-t-yozgat\/","title":{"rendered":"&#8222;Ich glaube dir \u00fcberhaupt nicht&#8220; \u2013 Das Medienlog vom Mittwoch, 16. April 2014"},"content":{"rendered":"<p>F\u00fcr den ehemaligen Verfassungssch\u00fctzer Andreas T. war sein f\u00fcnfter Auftritt der vorerst letzte im NSU-Prozess \u2013 und wohl einer der schwersten. Er musste sich den Fragen von Ismail Yozgat stellen, der als Nebenkl\u00e4ger auftritt. Sein Sohn war 2006 in seinem Kasseler Internetcaf\u00e9 erschossen worden. T. war damals anwesend, will jedoch nichts von der Tat bemerkt haben. &#8222;Es tut mir leid, aber ich glaube dir \u00fcberhaupt nicht&#8220;, sagte Yozgat am Ende. &#8222;Jedes Mal, wenn der Vater des Ermordeten im Prozess das Wort vom Vorsitzenden Richter erteilt bekommt, kochen seine Emotionen hoch \u2013 so, also ob er jenen Tattag erneut durchleiden w\u00fcrde&#8220;, beobachtet Mira Barthelmann vom <a href=\"http:\/\/www.br.de\/nachrichten\/nsu-prozess\/140415-tagebuch-gerichtsreporter-100.html\" target=\"_blank\"><em>Bayerischen Rundfunk<\/em><\/a>.<\/p>\n<p><!--more--><\/p>\n<p><em>An jedem Werktag sichten wir f\u00fcr das NSU-Prozess-Blog die Medien und stellen wichtige Berichte, Blogs, Videos und Tweets zusammen. Wir freuen uns \u00fcber Hinweise via Twitter mit dem Hashtag #nsublog \u2013 oder per E-Mail an <a href=\"mailto:nsublog@zeit.de\">nsublog@zeit.de<\/a>.<\/em><\/p>\n<p>T. gibt bis heute an, er habe nach Halit Yozgat gesucht, ihn jedoch nicht gefunden. Dann habe er ein 50-Cent-St\u00fcck auf den Tresen gelegt und sei gegangen. &#8222;Wie kann man jemanden nicht sehen, obwohl man gerade nach ihm sucht? Diese Frage qu\u00e4lt den Vater des Opfers bis heute&#8220;, schreibt Barthelmann. Eine Antwort wird er vermutlich nie bekommen: &#8222;Die Ungereimtheiten im Fall Andreas T., so scheint es, werden auch am Oberlandesgericht M\u00fcnchen nicht zu kl\u00e4ren sein&#8220;, kommentiert Frank Jansen im <a href=\"http:\/\/www.tagesspiegel.de\/politik\/106-tag-im-nsu-prozess-die-bombenbastler-des-nsu\/9766346.html\" target=\"_blank\"><em>Tagesspiegel<\/em><\/a>.<\/p>\n<p>W\u00e4hrend der Vernehmung habe es &#8222;bewegende Momente&#8220; gegeben, T. sei &#8222;f\u00fcr viele zur Personifizierung des Beh\u00f6rdenversagens geworden&#8220;, analysiert Bj\u00f6rn Hengst auf <a href=\"http:\/\/www.spiegel.de\/panorama\/justiz\/nsu-prozess-ismail-yozgat-bezichtigt-andreas-t-der-luege-a-964639.html\" target=\"_blank\"><em>Spiegel Online<\/em><\/a>. Im \u00dcbrigen h\u00e4tten neben T. auch dessen <a href=\"https:\/\/blog.zeit.de\/nsu-prozess-blog\/2014\/03\/11\/andreas-t-sollte-selbst-im-yozgat-fall-ermitteln\/\">fr\u00fchere Kollegin<\/a> und sein <a href=\"https:\/\/blog.zeit.de\/nsu-prozess-blog\/2014\/04\/10\/medienlog-verfassungsschutz-andreas-t\/\">damaliger Vorgesetzter<\/a> aus dem Verfassungsschutz wenig zur Aufkl\u00e4rung beigetragen.<\/p>\n<p>In der <a href=\"http:\/\/www.thueringer-allgemeine.de\/startseite\/detail\/-\/specific\/NSU-Prozess-Vater-zu-Verfassungsschuetzer-Ich-glaube-Dir-ueberhaupt-nicht-1653570313\" target=\"_blank\"><em>Th\u00fcringer Allgemeinen<\/em><\/a> dokumentiert Martin Debes den Dialog zwischen Ismail Yozgat und dem Zeugen. Darin bilanziert der Vater erneut die vielen Ungereimtheiten: &#8222;Du bist 1,86 Meter gro\u00df, der Tisch ist 73 Zentimeter gro\u00df. Hast Du Halit nicht gesehen?&#8220; \u2013 &#8222;Es tut mir Leid, ich habe ihn nicht gesehen.&#8220; T. muss damit leben, im Prozess zahlreiche Zweifel hinterlassen zu haben: &#8222;Auf alle zentralen Fragen gab er bisher keine plausiblen Antworten&#8220;, fasst der Autor zusammen.<\/p>\n<p>Der fr\u00fchere Geheimdienstler habe &#8222;die Nerven behalten&#8220;, berichtet Claudia Wangerin in der <a href=\"http:\/\/www.jungewelt.de\/2014\/04-16\/032.php\" target=\"_blank\"><em>Jungen Welt<\/em><\/a> \u2013 auch als Yozgat ihn nach einer Frau fragte, mit der er angeblich einmal in dem Caf\u00e9 gewesen sein soll. T. sagte jedoch, an einen solchen Besuch erinnere er sich nicht.<\/p>\n<p>Zudem pr\u00fcfte das Gericht den Sprengstofffund, den Ermittler im Januar 1998 in einer von Beate Zsch\u00e4pe gemieteten Garage in Jena gemacht hatten. Nach der Entdeckung tauchte das Trio unter. Als Zeuge sagte ein Entsch\u00e4rfer des Th\u00fcringer Landeskriminalamts aus, der das Material untersucht hatte. Sechs Rohrbomben hatten die drei gebaut, allerdings ohne wirksame Z\u00fcnder \u2013 die Sprengs\u00e4tze h\u00e4tten nur geringen Schaden angerichtet. &#8222;Erst nach dem Gang in den Untergrund professionalisierten sich zumindest Mundlos und B\u00f6hnhardt \u2013 mit furchtbaren Folgen&#8220;, bilanziert Jansen im <em>Tagesspiegel<\/em>. In den Beh\u00e4ltnissen fanden sich TNT, Schwarzpulver, teilweise auch Muttern, die bei einer Explosion als Geschosse gedient h\u00e4tten. Das l\u00e4sst keine Fragen \u00fcber die Absicht des Trios offen: &#8222;Die amateurhaften Bastler scheinen (&#8230;) \u00fcberlegt zu haben, einen Sprengsatz krachen zu lassen.&#8220;<\/p>\n<p>Die Vernehmung hatten die Verteidiger des Mitangeklagten Ralf Wohlleben beantragt. Dass die Bomben nicht funktionst\u00fcchtig waren, sei f\u00fcr sie eine wichtige Feststellung, nachdem Beh\u00f6rden zuvor das Gegenteil behauptet hatten, schreibt Martin Debes in einem weiteren Bericht der <a href=\"http:\/\/www.thueringer-allgemeine.de\/web\/zgt\/suche\/detail\/-\/specific\/NSU-Prozess-Die-Rohrbomben-waren-nicht-funktionsfaehig-1883268503\" target=\"_blank\"><em>Th\u00fcringer Allgemeinen<\/em><\/a>: &#8222;Die Frage, ob Beweise \u00fcberinterpretiert wurden, stellt sich damit automatisch.&#8220;<\/p>\n<p><em>Das n\u00e4chste Medienlog erscheint am Donnerstag, 17. April 2014.<\/em><\/p>\n","protected":false},"excerpt":{"rendered":"<p>F\u00fcr den ehemaligen Verfassungssch\u00fctzer Andreas T. war sein f\u00fcnfter Auftritt der vorerst letzte im NSU-Prozess \u2013 und wohl einer der schwersten. Er musste sich den Fragen von Ismail Yozgat stellen, der als Nebenkl\u00e4ger auftritt. Sein Sohn war 2006 in seinem Kasseler Internetcaf\u00e9 erschossen worden. T. war damals anwesend, will jedoch nichts von der Tat bemerkt [&hellip;]<\/p>\n","protected":false},"author":435,"featured_media":0,"comment_status":"open","ping_status":"open","sticky":false,"template":"","format":"standard","meta":{"_jetpack_memberships_contains_paid_content":false,"footnotes":""},"categories":[27531],"tags":[29442,26571,29435,18863,1836],"class_list":["post-6489","post","type-post","status-publish","format-standard","hentry","category-medienschau","tag-andreas-t","tag-bombe","tag-halit-yozgat","tag-kassel","tag-verfassungsschutz"],"yoast_head":"<!-- This site is optimized with the Yoast SEO plugin v21.0 - https:\/\/yoast.com\/wordpress\/plugins\/seo\/ -->\n<title>&quot;Ich glaube dir \u00fcberhaupt nicht&quot; \u2013 Das Medienlog vom Mittwoch, 16. April 2014 - Das NSU-Prozess-Blog<\/title>\n<meta name=\"robots\" content=\"index, follow, max-snippet:-1, max-image-preview:large, max-video-preview:-1\" \/>\n<link rel=\"canonical\" href=\"https:\/\/blog.zeit.de\/nsu-prozess-blog\/2014\/04\/16\/medienlog-andreas-t-yozgat\/\" \/>\n<meta property=\"og:locale\" content=\"de_DE\" \/>\n<meta property=\"og:type\" content=\"article\" \/>\n<meta property=\"og:title\" content=\"&quot;Ich glaube dir \u00fcberhaupt nicht&quot; \u2013 Das Medienlog vom Mittwoch, 16. April 2014 - Das NSU-Prozess-Blog\" \/>\n<meta property=\"og:description\" content=\"F\u00fcr den ehemaligen Verfassungssch\u00fctzer Andreas T. war sein f\u00fcnfter Auftritt der vorerst letzte im NSU-Prozess \u2013 und wohl einer der schwersten. Er musste sich den Fragen von Ismail Yozgat stellen, der als Nebenkl\u00e4ger auftritt. Sein Sohn war 2006 in seinem Kasseler Internetcaf\u00e9 erschossen worden. T. war damals anwesend, will jedoch nichts von der Tat bemerkt [&hellip;]\" \/>\n<meta property=\"og:url\" content=\"https:\/\/blog.zeit.de\/nsu-prozess-blog\/2014\/04\/16\/medienlog-andreas-t-yozgat\/\" \/>\n<meta property=\"og:site_name\" content=\"Das NSU-Prozess-Blog\" \/>\n<meta property=\"article:published_time\" content=\"2014-04-16T08:36:27+00:00\" \/>\n<meta property=\"article:modified_time\" content=\"2014-04-16T09:10:33+00:00\" \/>\n<meta name=\"author\" content=\"Tom Sundermann\" \/>\n<meta name=\"twitter:label1\" content=\"Geschrieben von\" \/>\n\t<meta name=\"twitter:data1\" content=\"Tom Sundermann\" \/>\n\t<meta name=\"twitter:label2\" content=\"Gesch\u00e4tzte Lesezeit\" \/>\n\t<meta name=\"twitter:data2\" content=\"3\u00a0Minuten\" \/>\n<script type=\"application\/ld+json\" class=\"yoast-schema-graph\">{\"@context\":\"https:\/\/schema.org\",\"@graph\":[{\"@type\":\"WebPage\",\"@id\":\"https:\/\/blog.zeit.de\/nsu-prozess-blog\/2014\/04\/16\/medienlog-andreas-t-yozgat\/\",\"url\":\"https:\/\/blog.zeit.de\/nsu-prozess-blog\/2014\/04\/16\/medienlog-andreas-t-yozgat\/\",\"name\":\"\\\"Ich glaube dir \u00fcberhaupt nicht\\\" \u2013 Das Medienlog vom Mittwoch, 16. April 2014 - Das NSU-Prozess-Blog\",\"isPartOf\":{\"@id\":\"https:\/\/blog.zeit.de\/nsu-prozess-blog\/#website\"},\"datePublished\":\"2014-04-16T08:36:27+00:00\",\"dateModified\":\"2014-04-16T09:10:33+00:00\",\"author\":{\"@id\":\"https:\/\/blog.zeit.de\/nsu-prozess-blog\/#\/schema\/person\/553ea9bb5d1fc2ae054c589bd59380a5\"},\"breadcrumb\":{\"@id\":\"https:\/\/blog.zeit.de\/nsu-prozess-blog\/2014\/04\/16\/medienlog-andreas-t-yozgat\/#breadcrumb\"},\"inLanguage\":\"de\",\"potentialAction\":[{\"@type\":\"ReadAction\",\"target\":[\"https:\/\/blog.zeit.de\/nsu-prozess-blog\/2014\/04\/16\/medienlog-andreas-t-yozgat\/\"]}]},{\"@type\":\"BreadcrumbList\",\"@id\":\"https:\/\/blog.zeit.de\/nsu-prozess-blog\/2014\/04\/16\/medienlog-andreas-t-yozgat\/#breadcrumb\",\"itemListElement\":[{\"@type\":\"ListItem\",\"position\":1,\"name\":\"Startseite\",\"item\":\"https:\/\/blog.zeit.de\/nsu-prozess-blog\/\"},{\"@type\":\"ListItem\",\"position\":2,\"name\":\"&#8222;Ich glaube dir \u00fcberhaupt nicht&#8220; \u2013 Das Medienlog vom Mittwoch, 16. April 2014\"}]},{\"@type\":\"WebSite\",\"@id\":\"https:\/\/blog.zeit.de\/nsu-prozess-blog\/#website\",\"url\":\"https:\/\/blog.zeit.de\/nsu-prozess-blog\/\",\"name\":\"Das NSU-Prozess-Blog\",\"description\":\"Alle Berichte zum Terrorverfahren in M\u00fcnchen\",\"potentialAction\":[{\"@type\":\"SearchAction\",\"target\":{\"@type\":\"EntryPoint\",\"urlTemplate\":\"https:\/\/blog.zeit.de\/nsu-prozess-blog\/?s={search_term_string}\"},\"query-input\":\"required name=search_term_string\"}],\"inLanguage\":\"de\"},{\"@type\":\"Person\",\"@id\":\"https:\/\/blog.zeit.de\/nsu-prozess-blog\/#\/schema\/person\/553ea9bb5d1fc2ae054c589bd59380a5\",\"name\":\"Tom Sundermann\",\"image\":{\"@type\":\"ImageObject\",\"inLanguage\":\"de\",\"@id\":\"https:\/\/blog.zeit.de\/nsu-prozess-blog\/#\/schema\/person\/image\/\",\"url\":\"https:\/\/secure.gravatar.com\/avatar\/e108a3dc18766f719b2f797dc5d19093f06a1870c55b553ab6b7563f1f9a5e68?s=96&d=mm&r=g\",\"contentUrl\":\"https:\/\/secure.gravatar.com\/avatar\/e108a3dc18766f719b2f797dc5d19093f06a1870c55b553ab6b7563f1f9a5e68?s=96&d=mm&r=g\",\"caption\":\"Tom Sundermann\"},\"sameAs\":[\"https:\/\/twitter.com\/messeticker\"],\"url\":\"https:\/\/blog.zeit.de\/nsu-prozess-blog\/author\/tsundermann\/\"}]}<\/script>\n<!-- \/ Yoast SEO plugin. -->","yoast_head_json":{"title":"\"Ich glaube dir \u00fcberhaupt nicht\" \u2013 Das Medienlog vom Mittwoch, 16. April 2014 - Das NSU-Prozess-Blog","robots":{"index":"index","follow":"follow","max-snippet":"max-snippet:-1","max-image-preview":"max-image-preview:large","max-video-preview":"max-video-preview:-1"},"canonical":"https:\/\/blog.zeit.de\/nsu-prozess-blog\/2014\/04\/16\/medienlog-andreas-t-yozgat\/","og_locale":"de_DE","og_type":"article","og_title":"\"Ich glaube dir \u00fcberhaupt nicht\" \u2013 Das Medienlog vom Mittwoch, 16. April 2014 - Das NSU-Prozess-Blog","og_description":"F\u00fcr den ehemaligen Verfassungssch\u00fctzer Andreas T. war sein f\u00fcnfter Auftritt der vorerst letzte im NSU-Prozess \u2013 und wohl einer der schwersten. Er musste sich den Fragen von Ismail Yozgat stellen, der als Nebenkl\u00e4ger auftritt. Sein Sohn war 2006 in seinem Kasseler Internetcaf\u00e9 erschossen worden. T. war damals anwesend, will jedoch nichts von der Tat bemerkt [&hellip;]","og_url":"https:\/\/blog.zeit.de\/nsu-prozess-blog\/2014\/04\/16\/medienlog-andreas-t-yozgat\/","og_site_name":"Das NSU-Prozess-Blog","article_published_time":"2014-04-16T08:36:27+00:00","article_modified_time":"2014-04-16T09:10:33+00:00","author":"Tom Sundermann","twitter_misc":{"Geschrieben von":"Tom Sundermann","Gesch\u00e4tzte Lesezeit":"3\u00a0Minuten"},"schema":{"@context":"https:\/\/schema.org","@graph":[{"@type":"WebPage","@id":"https:\/\/blog.zeit.de\/nsu-prozess-blog\/2014\/04\/16\/medienlog-andreas-t-yozgat\/","url":"https:\/\/blog.zeit.de\/nsu-prozess-blog\/2014\/04\/16\/medienlog-andreas-t-yozgat\/","name":"\"Ich glaube dir \u00fcberhaupt nicht\" \u2013 Das Medienlog vom Mittwoch, 16. April 2014 - Das NSU-Prozess-Blog","isPartOf":{"@id":"https:\/\/blog.zeit.de\/nsu-prozess-blog\/#website"},"datePublished":"2014-04-16T08:36:27+00:00","dateModified":"2014-04-16T09:10:33+00:00","author":{"@id":"https:\/\/blog.zeit.de\/nsu-prozess-blog\/#\/schema\/person\/553ea9bb5d1fc2ae054c589bd59380a5"},"breadcrumb":{"@id":"https:\/\/blog.zeit.de\/nsu-prozess-blog\/2014\/04\/16\/medienlog-andreas-t-yozgat\/#breadcrumb"},"inLanguage":"de","potentialAction":[{"@type":"ReadAction","target":["https:\/\/blog.zeit.de\/nsu-prozess-blog\/2014\/04\/16\/medienlog-andreas-t-yozgat\/"]}]},{"@type":"BreadcrumbList","@id":"https:\/\/blog.zeit.de\/nsu-prozess-blog\/2014\/04\/16\/medienlog-andreas-t-yozgat\/#breadcrumb","itemListElement":[{"@type":"ListItem","position":1,"name":"Startseite","item":"https:\/\/blog.zeit.de\/nsu-prozess-blog\/"},{"@type":"ListItem","position":2,"name":"&#8222;Ich glaube dir \u00fcberhaupt nicht&#8220; \u2013 Das Medienlog vom Mittwoch, 16. April 2014"}]},{"@type":"WebSite","@id":"https:\/\/blog.zeit.de\/nsu-prozess-blog\/#website","url":"https:\/\/blog.zeit.de\/nsu-prozess-blog\/","name":"Das NSU-Prozess-Blog","description":"Alle Berichte zum Terrorverfahren in M\u00fcnchen","potentialAction":[{"@type":"SearchAction","target":{"@type":"EntryPoint","urlTemplate":"https:\/\/blog.zeit.de\/nsu-prozess-blog\/?s={search_term_string}"},"query-input":"required name=search_term_string"}],"inLanguage":"de"},{"@type":"Person","@id":"https:\/\/blog.zeit.de\/nsu-prozess-blog\/#\/schema\/person\/553ea9bb5d1fc2ae054c589bd59380a5","name":"Tom Sundermann","image":{"@type":"ImageObject","inLanguage":"de","@id":"https:\/\/blog.zeit.de\/nsu-prozess-blog\/#\/schema\/person\/image\/","url":"https:\/\/secure.gravatar.com\/avatar\/e108a3dc18766f719b2f797dc5d19093f06a1870c55b553ab6b7563f1f9a5e68?s=96&d=mm&r=g","contentUrl":"https:\/\/secure.gravatar.com\/avatar\/e108a3dc18766f719b2f797dc5d19093f06a1870c55b553ab6b7563f1f9a5e68?s=96&d=mm&r=g","caption":"Tom Sundermann"},"sameAs":["https:\/\/twitter.com\/messeticker"],"url":"https:\/\/blog.zeit.de\/nsu-prozess-blog\/author\/tsundermann\/"}]}},"jetpack_featured_media_url":"","jetpack_sharing_enabled":true,"_links":{"self":[{"href":"https:\/\/blog.zeit.de\/nsu-prozess-blog\/wp-json\/wp\/v2\/posts\/6489","targetHints":{"allow":["GET"]}}],"collection":[{"href":"https:\/\/blog.zeit.de\/nsu-prozess-blog\/wp-json\/wp\/v2\/posts"}],"about":[{"href":"https:\/\/blog.zeit.de\/nsu-prozess-blog\/wp-json\/wp\/v2\/types\/post"}],"author":[{"embeddable":true,"href":"https:\/\/blog.zeit.de\/nsu-prozess-blog\/wp-json\/wp\/v2\/users\/435"}],"replies":[{"embeddable":true,"href":"https:\/\/blog.zeit.de\/nsu-prozess-blog\/wp-json\/wp\/v2\/comments?post=6489"}],"version-history":[{"count":8,"href":"https:\/\/blog.zeit.de\/nsu-prozess-blog\/wp-json\/wp\/v2\/posts\/6489\/revisions"}],"predecessor-version":[{"id":6497,"href":"https:\/\/blog.zeit.de\/nsu-prozess-blog\/wp-json\/wp\/v2\/posts\/6489\/revisions\/6497"}],"wp:attachment":[{"href":"https:\/\/blog.zeit.de\/nsu-prozess-blog\/wp-json\/wp\/v2\/media?parent=6489"}],"wp:term":[{"taxonomy":"category","embeddable":true,"href":"https:\/\/blog.zeit.de\/nsu-prozess-blog\/wp-json\/wp\/v2\/categories?post=6489"},{"taxonomy":"post_tag","embeddable":true,"href":"https:\/\/blog.zeit.de\/nsu-prozess-blog\/wp-json\/wp\/v2\/tags?post=6489"}],"curies":[{"name":"wp","href":"https:\/\/api.w.org\/{rel}","templated":true}]}}