{"id":6499,"date":"2014-04-17T09:36:43","date_gmt":"2014-04-17T07:36:43","guid":{"rendered":"http:\/\/blog.zeit.de\/nsu-prozess-blog\/?p=6499"},"modified":"2014-04-17T10:44:38","modified_gmt":"2014-04-17T08:44:38","slug":"medienlog-jana-j-nsu","status":"publish","type":"post","link":"https:\/\/blog.zeit.de\/nsu-prozess-blog\/2014\/04\/17\/medienlog-jana-j-nsu\/","title":{"rendered":"Gruselige Episoden aus der Szene-Zeit \u2013 Das Medienlog vom Donnerstag, 17. April 2014"},"content":{"rendered":"<p>An vieles aus ihrer Zeit in der Nazi-Szene kann sich die Zeugin Jana J. angeblich nicht mehr erinnern \u2013 doch zeichneten Episoden aus ihrem Ged\u00e4chtnis das Bild &#8222;einer geradezu unheimlich heilen rechten Welt&#8220;, wie Gisela Friedrichsen auf <a href=\"http:\/\/www.spiegel.de\/panorama\/justiz\/nsu-prozess-zeugin-jana-s-aus-dem-umfeld-des-nsu-sagte-aus-a-964823.html\" target=\"_blank\"><em>Spiegel Online<\/em><\/a> res\u00fcmiert. J. war in den neunziger Jahren die Freundin des Zeugen <a href=\"https:\/\/blog.zeit.de\/nsu-prozess-blog\/2014\/03\/21\/medienlog-andre-k-nebenklage\/\">Andr\u00e9 K.<\/a>, zuvor war sie schon einmal <a href=\"https:\/\/blog.zeit.de\/nsu-prozess-blog\/2014\/03\/14\/zschape-trug-eine-waffe-bei-sich-das-medienlog-vom-freitag-14-marz-2014\/\">vernommen worden<\/a>. Sie kannte Beate Zsch\u00e4pe, Uwe Mundlos und Uwe B\u00f6hnhardt \u2013 und gewann den Eindruck, die drei seien eine &#8222;verschworene Gemeinschaft&#8220;. Damit best\u00e4tigte sie den Eindruck der Anklage.<\/p>\n<p><!--more--><\/p>\n<p><em>An jedem Werktag sichten wir f\u00fcr das NSU-Prozess-Blog die Medien und stellen wichtige Berichte, Blogs, Videos und Tweets zusammen. Wir freuen uns \u00fcber Hinweise via Twitter mit dem Hashtag #nsublog \u2013 oder per E-Mail an <a href=\"mailto:nsublog@zeit.de\">nsublog@zeit.de<\/a>.<\/em><\/p>\n<p>Die Vernehmung von J. &#8222;wirft ein Licht auf Facetten einer Lebenswelt in den neuen Bundesl\u00e4ndern nach der Wende&#8220;, schreibt Friedrichsen. In diese Lebenswelt zog es auch die Zeugin in die rechte Szene. Dort herrschte offenbar eine Atmosph\u00e4re &#8222;b\u00fcrgerlicher N\u00e4chstenhilfe&#8220;, doch machte J. auch dramatische Beobachtungen: Einmal habe sie gesehen, wie Zsch\u00e4pe eine Frau an einer Stra\u00dfenbahnhaltestelle verletzte, sagte sie der Polizei \u2013 im Prozess fehlte ihr jedoch angeblich die Erinnerung. F\u00fcr fr\u00fchere Szenezeugen typisch, meint die Autorin: &#8222;Sie wollen nicht mehr zu den Rechten geh\u00f6ren und sch\u00fctzen aus offensichtlicher Angst vor Repressalien Erinnerungsl\u00fccken vor.&#8220;<\/p>\n<p>Eine weitere gruslige Episode aus der Szenezeit: Mundlos und B\u00f6hnhardt kamen in Uniformen auf den Winzerclub, ein Jugendtreff in Jena, zu. &#8222;Es war ein schr\u00e4ges Bild \u2013 zwei Typen, die aussehen wie aus einem Kriegsfilm&#8220;, zitiert die Nachrichtenagentur <a href=\"http:\/\/www.sueddeutsche.de\/politik\/zeugenaussage-im-nsu-prozess-typen-wie-aus-einem-kriegsfilm-1.1938998\" target=\"_blank\">dpa<\/a> die Zeugin. Sie wusste nach eigenen Angaben, dass Zsch\u00e4pe zu den beiden geh\u00f6rte, das sei in der Szene bekannt gewesen.<\/p>\n<p>&#8222;Es scheint, als versuche sie, die Fragen des Gerichts ehrlich zu beantworten&#8220;, beschreibt Martin Debes J.s Aussageverhalten in der <a href=\"http:\/\/www.thueringer-allgemeine.de\/web\/zgt\/leben\/detail\/-\/specific\/NSU-Prozess-Zwei-Typen-wie-aus-einem-Kriegsfilm-385987960\" target=\"_blank\"><em>Th\u00fcringer Allgemeinen<\/em><\/a>. Die Zeugin sagte, sie sch\u00e4me sich f\u00fcr die Zeit in der Szene. &#8222;Und dennoch: Ihre Beschreibung der Jenaer Zeit f\u00e4llt eher positiv aus&#8220;, das Umfeld aus braunen Kameraden &#8222;wurde zu ihrem Zuhause&#8220;. Dort herrschte Konsens \u00fcber das, was sich die Rechten als Alternative f\u00fcr die demokratische Ordnung w\u00fcnschten: Sie h\u00e4tten &#8222;ein nationalsozialistisches System&#8220; etablieren wollen, sagte J.<\/p>\n<p><em>Das n\u00e4chste Medienlog erscheint am Dienstag, 22. April 2014.<\/em><\/p>\n","protected":false},"excerpt":{"rendered":"<p>An vieles aus ihrer Zeit in der Nazi-Szene kann sich die Zeugin Jana J. angeblich nicht mehr erinnern \u2013 doch zeichneten Episoden aus ihrem Ged\u00e4chtnis das Bild &#8222;einer geradezu unheimlich heilen rechten Welt&#8220;, wie Gisela Friedrichsen auf Spiegel Online res\u00fcmiert. J. war in den neunziger Jahren die Freundin des Zeugen Andr\u00e9 K., zuvor war sie [&hellip;]<\/p>\n","protected":false},"author":435,"featured_media":0,"comment_status":"open","ping_status":"open","sticky":false,"template":"","format":"standard","meta":{"_jetpack_memberships_contains_paid_content":false,"footnotes":""},"categories":[27531],"tags":[29463,1626,29510],"class_list":["post-6499","post","type-post","status-publish","format-standard","hentry","category-medienschau","tag-andre-k","tag-jena","tag-szene"],"yoast_head":"<!-- This site is optimized with the Yoast SEO plugin v21.0 - https:\/\/yoast.com\/wordpress\/plugins\/seo\/ -->\n<title>Gruselige Episoden aus der Szene-Zeit \u2013 Das Medienlog vom Donnerstag, 17. April 2014 - Das NSU-Prozess-Blog<\/title>\n<meta name=\"robots\" content=\"index, follow, max-snippet:-1, max-image-preview:large, max-video-preview:-1\" \/>\n<link rel=\"canonical\" href=\"https:\/\/blog.zeit.de\/nsu-prozess-blog\/2014\/04\/17\/medienlog-jana-j-nsu\/\" \/>\n<meta property=\"og:locale\" content=\"de_DE\" \/>\n<meta property=\"og:type\" content=\"article\" \/>\n<meta property=\"og:title\" content=\"Gruselige Episoden aus der Szene-Zeit \u2013 Das Medienlog vom Donnerstag, 17. April 2014 - Das NSU-Prozess-Blog\" \/>\n<meta property=\"og:description\" content=\"An vieles aus ihrer Zeit in der Nazi-Szene kann sich die Zeugin Jana J. angeblich nicht mehr erinnern \u2013 doch zeichneten Episoden aus ihrem Ged\u00e4chtnis das Bild &#8222;einer geradezu unheimlich heilen rechten Welt&#8220;, wie Gisela Friedrichsen auf Spiegel Online res\u00fcmiert. J. war in den neunziger Jahren die Freundin des Zeugen Andr\u00e9 K., zuvor war sie [&hellip;]\" \/>\n<meta property=\"og:url\" content=\"https:\/\/blog.zeit.de\/nsu-prozess-blog\/2014\/04\/17\/medienlog-jana-j-nsu\/\" \/>\n<meta property=\"og:site_name\" content=\"Das NSU-Prozess-Blog\" \/>\n<meta property=\"article:published_time\" content=\"2014-04-17T07:36:43+00:00\" \/>\n<meta property=\"article:modified_time\" content=\"2014-04-17T08:44:38+00:00\" \/>\n<meta name=\"author\" content=\"Tom Sundermann\" \/>\n<meta name=\"twitter:label1\" content=\"Geschrieben von\" \/>\n\t<meta name=\"twitter:data1\" content=\"Tom Sundermann\" \/>\n\t<meta name=\"twitter:label2\" content=\"Gesch\u00e4tzte Lesezeit\" \/>\n\t<meta name=\"twitter:data2\" content=\"2\u00a0Minuten\" \/>\n<script type=\"application\/ld+json\" class=\"yoast-schema-graph\">{\"@context\":\"https:\/\/schema.org\",\"@graph\":[{\"@type\":\"WebPage\",\"@id\":\"https:\/\/blog.zeit.de\/nsu-prozess-blog\/2014\/04\/17\/medienlog-jana-j-nsu\/\",\"url\":\"https:\/\/blog.zeit.de\/nsu-prozess-blog\/2014\/04\/17\/medienlog-jana-j-nsu\/\",\"name\":\"Gruselige Episoden aus der Szene-Zeit \u2013 Das Medienlog vom Donnerstag, 17. April 2014 - Das NSU-Prozess-Blog\",\"isPartOf\":{\"@id\":\"https:\/\/blog.zeit.de\/nsu-prozess-blog\/#website\"},\"datePublished\":\"2014-04-17T07:36:43+00:00\",\"dateModified\":\"2014-04-17T08:44:38+00:00\",\"author\":{\"@id\":\"https:\/\/blog.zeit.de\/nsu-prozess-blog\/#\/schema\/person\/553ea9bb5d1fc2ae054c589bd59380a5\"},\"breadcrumb\":{\"@id\":\"https:\/\/blog.zeit.de\/nsu-prozess-blog\/2014\/04\/17\/medienlog-jana-j-nsu\/#breadcrumb\"},\"inLanguage\":\"de\",\"potentialAction\":[{\"@type\":\"ReadAction\",\"target\":[\"https:\/\/blog.zeit.de\/nsu-prozess-blog\/2014\/04\/17\/medienlog-jana-j-nsu\/\"]}]},{\"@type\":\"BreadcrumbList\",\"@id\":\"https:\/\/blog.zeit.de\/nsu-prozess-blog\/2014\/04\/17\/medienlog-jana-j-nsu\/#breadcrumb\",\"itemListElement\":[{\"@type\":\"ListItem\",\"position\":1,\"name\":\"Startseite\",\"item\":\"https:\/\/blog.zeit.de\/nsu-prozess-blog\/\"},{\"@type\":\"ListItem\",\"position\":2,\"name\":\"Gruselige Episoden aus der Szene-Zeit \u2013 Das Medienlog vom Donnerstag, 17. April 2014\"}]},{\"@type\":\"WebSite\",\"@id\":\"https:\/\/blog.zeit.de\/nsu-prozess-blog\/#website\",\"url\":\"https:\/\/blog.zeit.de\/nsu-prozess-blog\/\",\"name\":\"Das NSU-Prozess-Blog\",\"description\":\"Alle Berichte zum Terrorverfahren in M\u00fcnchen\",\"potentialAction\":[{\"@type\":\"SearchAction\",\"target\":{\"@type\":\"EntryPoint\",\"urlTemplate\":\"https:\/\/blog.zeit.de\/nsu-prozess-blog\/?s={search_term_string}\"},\"query-input\":\"required name=search_term_string\"}],\"inLanguage\":\"de\"},{\"@type\":\"Person\",\"@id\":\"https:\/\/blog.zeit.de\/nsu-prozess-blog\/#\/schema\/person\/553ea9bb5d1fc2ae054c589bd59380a5\",\"name\":\"Tom Sundermann\",\"image\":{\"@type\":\"ImageObject\",\"inLanguage\":\"de\",\"@id\":\"https:\/\/blog.zeit.de\/nsu-prozess-blog\/#\/schema\/person\/image\/\",\"url\":\"https:\/\/secure.gravatar.com\/avatar\/e108a3dc18766f719b2f797dc5d19093f06a1870c55b553ab6b7563f1f9a5e68?s=96&d=mm&r=g\",\"contentUrl\":\"https:\/\/secure.gravatar.com\/avatar\/e108a3dc18766f719b2f797dc5d19093f06a1870c55b553ab6b7563f1f9a5e68?s=96&d=mm&r=g\",\"caption\":\"Tom Sundermann\"},\"sameAs\":[\"https:\/\/twitter.com\/messeticker\"],\"url\":\"https:\/\/blog.zeit.de\/nsu-prozess-blog\/author\/tsundermann\/\"}]}<\/script>\n<!-- \/ Yoast SEO plugin. -->","yoast_head_json":{"title":"Gruselige Episoden aus der Szene-Zeit \u2013 Das Medienlog vom Donnerstag, 17. April 2014 - Das NSU-Prozess-Blog","robots":{"index":"index","follow":"follow","max-snippet":"max-snippet:-1","max-image-preview":"max-image-preview:large","max-video-preview":"max-video-preview:-1"},"canonical":"https:\/\/blog.zeit.de\/nsu-prozess-blog\/2014\/04\/17\/medienlog-jana-j-nsu\/","og_locale":"de_DE","og_type":"article","og_title":"Gruselige Episoden aus der Szene-Zeit \u2013 Das Medienlog vom Donnerstag, 17. April 2014 - Das NSU-Prozess-Blog","og_description":"An vieles aus ihrer Zeit in der Nazi-Szene kann sich die Zeugin Jana J. angeblich nicht mehr erinnern \u2013 doch zeichneten Episoden aus ihrem Ged\u00e4chtnis das Bild &#8222;einer geradezu unheimlich heilen rechten Welt&#8220;, wie Gisela Friedrichsen auf Spiegel Online res\u00fcmiert. J. war in den neunziger Jahren die Freundin des Zeugen Andr\u00e9 K., zuvor war sie [&hellip;]","og_url":"https:\/\/blog.zeit.de\/nsu-prozess-blog\/2014\/04\/17\/medienlog-jana-j-nsu\/","og_site_name":"Das NSU-Prozess-Blog","article_published_time":"2014-04-17T07:36:43+00:00","article_modified_time":"2014-04-17T08:44:38+00:00","author":"Tom Sundermann","twitter_misc":{"Geschrieben von":"Tom Sundermann","Gesch\u00e4tzte Lesezeit":"2\u00a0Minuten"},"schema":{"@context":"https:\/\/schema.org","@graph":[{"@type":"WebPage","@id":"https:\/\/blog.zeit.de\/nsu-prozess-blog\/2014\/04\/17\/medienlog-jana-j-nsu\/","url":"https:\/\/blog.zeit.de\/nsu-prozess-blog\/2014\/04\/17\/medienlog-jana-j-nsu\/","name":"Gruselige Episoden aus der Szene-Zeit \u2013 Das Medienlog vom Donnerstag, 17. April 2014 - Das NSU-Prozess-Blog","isPartOf":{"@id":"https:\/\/blog.zeit.de\/nsu-prozess-blog\/#website"},"datePublished":"2014-04-17T07:36:43+00:00","dateModified":"2014-04-17T08:44:38+00:00","author":{"@id":"https:\/\/blog.zeit.de\/nsu-prozess-blog\/#\/schema\/person\/553ea9bb5d1fc2ae054c589bd59380a5"},"breadcrumb":{"@id":"https:\/\/blog.zeit.de\/nsu-prozess-blog\/2014\/04\/17\/medienlog-jana-j-nsu\/#breadcrumb"},"inLanguage":"de","potentialAction":[{"@type":"ReadAction","target":["https:\/\/blog.zeit.de\/nsu-prozess-blog\/2014\/04\/17\/medienlog-jana-j-nsu\/"]}]},{"@type":"BreadcrumbList","@id":"https:\/\/blog.zeit.de\/nsu-prozess-blog\/2014\/04\/17\/medienlog-jana-j-nsu\/#breadcrumb","itemListElement":[{"@type":"ListItem","position":1,"name":"Startseite","item":"https:\/\/blog.zeit.de\/nsu-prozess-blog\/"},{"@type":"ListItem","position":2,"name":"Gruselige Episoden aus der Szene-Zeit \u2013 Das Medienlog vom Donnerstag, 17. April 2014"}]},{"@type":"WebSite","@id":"https:\/\/blog.zeit.de\/nsu-prozess-blog\/#website","url":"https:\/\/blog.zeit.de\/nsu-prozess-blog\/","name":"Das NSU-Prozess-Blog","description":"Alle Berichte zum Terrorverfahren in M\u00fcnchen","potentialAction":[{"@type":"SearchAction","target":{"@type":"EntryPoint","urlTemplate":"https:\/\/blog.zeit.de\/nsu-prozess-blog\/?s={search_term_string}"},"query-input":"required name=search_term_string"}],"inLanguage":"de"},{"@type":"Person","@id":"https:\/\/blog.zeit.de\/nsu-prozess-blog\/#\/schema\/person\/553ea9bb5d1fc2ae054c589bd59380a5","name":"Tom Sundermann","image":{"@type":"ImageObject","inLanguage":"de","@id":"https:\/\/blog.zeit.de\/nsu-prozess-blog\/#\/schema\/person\/image\/","url":"https:\/\/secure.gravatar.com\/avatar\/e108a3dc18766f719b2f797dc5d19093f06a1870c55b553ab6b7563f1f9a5e68?s=96&d=mm&r=g","contentUrl":"https:\/\/secure.gravatar.com\/avatar\/e108a3dc18766f719b2f797dc5d19093f06a1870c55b553ab6b7563f1f9a5e68?s=96&d=mm&r=g","caption":"Tom Sundermann"},"sameAs":["https:\/\/twitter.com\/messeticker"],"url":"https:\/\/blog.zeit.de\/nsu-prozess-blog\/author\/tsundermann\/"}]}},"jetpack_featured_media_url":"","jetpack_sharing_enabled":true,"_links":{"self":[{"href":"https:\/\/blog.zeit.de\/nsu-prozess-blog\/wp-json\/wp\/v2\/posts\/6499","targetHints":{"allow":["GET"]}}],"collection":[{"href":"https:\/\/blog.zeit.de\/nsu-prozess-blog\/wp-json\/wp\/v2\/posts"}],"about":[{"href":"https:\/\/blog.zeit.de\/nsu-prozess-blog\/wp-json\/wp\/v2\/types\/post"}],"author":[{"embeddable":true,"href":"https:\/\/blog.zeit.de\/nsu-prozess-blog\/wp-json\/wp\/v2\/users\/435"}],"replies":[{"embeddable":true,"href":"https:\/\/blog.zeit.de\/nsu-prozess-blog\/wp-json\/wp\/v2\/comments?post=6499"}],"version-history":[{"count":7,"href":"https:\/\/blog.zeit.de\/nsu-prozess-blog\/wp-json\/wp\/v2\/posts\/6499\/revisions"}],"predecessor-version":[{"id":6507,"href":"https:\/\/blog.zeit.de\/nsu-prozess-blog\/wp-json\/wp\/v2\/posts\/6499\/revisions\/6507"}],"wp:attachment":[{"href":"https:\/\/blog.zeit.de\/nsu-prozess-blog\/wp-json\/wp\/v2\/media?parent=6499"}],"wp:term":[{"taxonomy":"category","embeddable":true,"href":"https:\/\/blog.zeit.de\/nsu-prozess-blog\/wp-json\/wp\/v2\/categories?post=6499"},{"taxonomy":"post_tag","embeddable":true,"href":"https:\/\/blog.zeit.de\/nsu-prozess-blog\/wp-json\/wp\/v2\/tags?post=6499"}],"curies":[{"name":"wp","href":"https:\/\/api.w.org\/{rel}","templated":true}]}}