{"id":6562,"date":"2014-05-06T07:00:38","date_gmt":"2014-05-06T05:00:38","guid":{"rendered":"http:\/\/blog.zeit.de\/nsu-prozess-blog\/?p=6562"},"modified":"2014-05-02T10:28:58","modified_gmt":"2014-05-02T08:28:58","slug":"110-prozesstag-kubasik-mord-erneut-auf-der-tagesordnung","status":"publish","type":"post","link":"https:\/\/blog.zeit.de\/nsu-prozess-blog\/2014\/05\/06\/110-prozesstag-kubasik-mord-erneut-auf-der-tagesordnung\/","title":{"rendered":"110. Prozesstag \u2013 Kubasik-Mord erneut auf der Tagesordnung"},"content":{"rendered":"<p>Heute vor einem Jahr ist der NSU-Prozess er\u00f6ffnet worden. Mittlerweile hat das Gericht die Beweisaufnahme zu den zehn Morden des NSU nahezu komplett abgeschlossen. Einer der letzten Termine dazu ist der 110. Prozesstag, an dem ein Ermittler geh\u00f6rt wird, der im Fall des Mords an <a href=\"http:\/\/www.zeit.de\/gesellschaft\/zeitgeschehen\/2013-11\/nsu-prozess-kubasik\">Mehmet Kubasik<\/a> von 2006 in Dortmund recherchierte. Die Arbeit des Beamten ist m\u00f6glicherweise ein Sinnbild f\u00fcr die h\u00e4ufig fehlgeleiteten Ermittlungen der Polizei: Er vernahm insbesondere Zeugen aus Migrantenkreisen, auch das Thema Schutzgeld klang dabei an \u2013 w\u00e4hrend die mutma\u00dflichen rechtsextremen T\u00e4ter auf lange Zeit unentdeckt blieben.<\/p>\n<p>Im Anschluss sagen zwei Polizisten aus, die den Zeugen und mutma\u00dflichen NSU-Unterst\u00fctzer <a href=\"https:\/\/blog.zeit.de\/nsu-prozess-blog\/2014\/04\/03\/medienlog-thomas-s-sprengstoff\/\">Thomas S.<\/a> vernommen hatten.<\/p>\n<p><em>Informationen aus der Verhandlung gibt es <a href=\"https:\/\/twitter.com\/zeitonline\/lists\/nsu-prozess\">via Twitter hier<\/a>. Die Berichte dar\u00fcber fassen wir morgen im <a href=\"https:\/\/blog.zeit.de\/nsu-prozess-blog\/category\/medienschau\/\">NSU-Medienlog<\/a> zusammen.<\/em><\/p>\n","protected":false},"excerpt":{"rendered":"<p>Heute vor einem Jahr ist der NSU-Prozess er\u00f6ffnet worden. Mittlerweile hat das Gericht die Beweisaufnahme zu den zehn Morden des NSU nahezu komplett abgeschlossen. Einer der letzten Termine dazu ist der 110. Prozesstag, an dem ein Ermittler geh\u00f6rt wird, der im Fall des Mords an Mehmet Kubasik von 2006 in Dortmund recherchierte. Die Arbeit des [&hellip;]<\/p>\n","protected":false},"author":435,"featured_media":0,"comment_status":"open","ping_status":"open","sticky":false,"template":"","format":"standard","meta":{"_jetpack_memberships_contains_paid_content":false,"footnotes":""},"categories":[27532],"tags":[29431,29508],"class_list":["post-6562","post","type-post","status-publish","format-standard","hentry","category-prozesstage","tag-mehmet-kubasik","tag-thomas-s"],"yoast_head":"<!-- This site is optimized with the Yoast SEO plugin v21.0 - https:\/\/yoast.com\/wordpress\/plugins\/seo\/ -->\n<title>110. Prozesstag \u2013 Kubasik-Mord erneut auf der Tagesordnung - Das NSU-Prozess-Blog<\/title>\n<meta name=\"robots\" content=\"index, follow, max-snippet:-1, max-image-preview:large, max-video-preview:-1\" \/>\n<link rel=\"canonical\" href=\"https:\/\/blog.zeit.de\/nsu-prozess-blog\/2014\/05\/06\/110-prozesstag-kubasik-mord-erneut-auf-der-tagesordnung\/\" \/>\n<meta property=\"og:locale\" content=\"de_DE\" \/>\n<meta property=\"og:type\" content=\"article\" \/>\n<meta property=\"og:title\" content=\"110. Prozesstag \u2013 Kubasik-Mord erneut auf der Tagesordnung - Das NSU-Prozess-Blog\" \/>\n<meta property=\"og:description\" content=\"Heute vor einem Jahr ist der NSU-Prozess er\u00f6ffnet worden. Mittlerweile hat das Gericht die Beweisaufnahme zu den zehn Morden des NSU nahezu komplett abgeschlossen. Einer der letzten Termine dazu ist der 110. Prozesstag, an dem ein Ermittler geh\u00f6rt wird, der im Fall des Mords an Mehmet Kubasik von 2006 in Dortmund recherchierte. Die Arbeit des [&hellip;]\" \/>\n<meta property=\"og:url\" content=\"https:\/\/blog.zeit.de\/nsu-prozess-blog\/2014\/05\/06\/110-prozesstag-kubasik-mord-erneut-auf-der-tagesordnung\/\" \/>\n<meta property=\"og:site_name\" content=\"Das NSU-Prozess-Blog\" \/>\n<meta property=\"article:published_time\" content=\"2014-05-06T05:00:38+00:00\" \/>\n<meta property=\"article:modified_time\" content=\"2014-05-02T08:28:58+00:00\" \/>\n<meta name=\"author\" content=\"Tom Sundermann\" \/>\n<meta name=\"twitter:label1\" content=\"Geschrieben von\" \/>\n\t<meta name=\"twitter:data1\" content=\"Tom Sundermann\" \/>\n\t<meta name=\"twitter:label2\" content=\"Gesch\u00e4tzte Lesezeit\" \/>\n\t<meta name=\"twitter:data2\" content=\"1\u00a0Minute\" \/>\n<script type=\"application\/ld+json\" class=\"yoast-schema-graph\">{\"@context\":\"https:\/\/schema.org\",\"@graph\":[{\"@type\":\"WebPage\",\"@id\":\"https:\/\/blog.zeit.de\/nsu-prozess-blog\/2014\/05\/06\/110-prozesstag-kubasik-mord-erneut-auf-der-tagesordnung\/\",\"url\":\"https:\/\/blog.zeit.de\/nsu-prozess-blog\/2014\/05\/06\/110-prozesstag-kubasik-mord-erneut-auf-der-tagesordnung\/\",\"name\":\"110. Prozesstag \u2013 Kubasik-Mord erneut auf der Tagesordnung - Das NSU-Prozess-Blog\",\"isPartOf\":{\"@id\":\"https:\/\/blog.zeit.de\/nsu-prozess-blog\/#website\"},\"datePublished\":\"2014-05-06T05:00:38+00:00\",\"dateModified\":\"2014-05-02T08:28:58+00:00\",\"author\":{\"@id\":\"https:\/\/blog.zeit.de\/nsu-prozess-blog\/#\/schema\/person\/553ea9bb5d1fc2ae054c589bd59380a5\"},\"breadcrumb\":{\"@id\":\"https:\/\/blog.zeit.de\/nsu-prozess-blog\/2014\/05\/06\/110-prozesstag-kubasik-mord-erneut-auf-der-tagesordnung\/#breadcrumb\"},\"inLanguage\":\"de\",\"potentialAction\":[{\"@type\":\"ReadAction\",\"target\":[\"https:\/\/blog.zeit.de\/nsu-prozess-blog\/2014\/05\/06\/110-prozesstag-kubasik-mord-erneut-auf-der-tagesordnung\/\"]}]},{\"@type\":\"BreadcrumbList\",\"@id\":\"https:\/\/blog.zeit.de\/nsu-prozess-blog\/2014\/05\/06\/110-prozesstag-kubasik-mord-erneut-auf-der-tagesordnung\/#breadcrumb\",\"itemListElement\":[{\"@type\":\"ListItem\",\"position\":1,\"name\":\"Startseite\",\"item\":\"https:\/\/blog.zeit.de\/nsu-prozess-blog\/\"},{\"@type\":\"ListItem\",\"position\":2,\"name\":\"110. Prozesstag \u2013 Kubasik-Mord erneut auf der Tagesordnung\"}]},{\"@type\":\"WebSite\",\"@id\":\"https:\/\/blog.zeit.de\/nsu-prozess-blog\/#website\",\"url\":\"https:\/\/blog.zeit.de\/nsu-prozess-blog\/\",\"name\":\"Das NSU-Prozess-Blog\",\"description\":\"Alle Berichte zum Terrorverfahren in M\u00fcnchen\",\"potentialAction\":[{\"@type\":\"SearchAction\",\"target\":{\"@type\":\"EntryPoint\",\"urlTemplate\":\"https:\/\/blog.zeit.de\/nsu-prozess-blog\/?s={search_term_string}\"},\"query-input\":\"required name=search_term_string\"}],\"inLanguage\":\"de\"},{\"@type\":\"Person\",\"@id\":\"https:\/\/blog.zeit.de\/nsu-prozess-blog\/#\/schema\/person\/553ea9bb5d1fc2ae054c589bd59380a5\",\"name\":\"Tom Sundermann\",\"image\":{\"@type\":\"ImageObject\",\"inLanguage\":\"de\",\"@id\":\"https:\/\/blog.zeit.de\/nsu-prozess-blog\/#\/schema\/person\/image\/\",\"url\":\"https:\/\/secure.gravatar.com\/avatar\/e108a3dc18766f719b2f797dc5d19093f06a1870c55b553ab6b7563f1f9a5e68?s=96&d=mm&r=g\",\"contentUrl\":\"https:\/\/secure.gravatar.com\/avatar\/e108a3dc18766f719b2f797dc5d19093f06a1870c55b553ab6b7563f1f9a5e68?s=96&d=mm&r=g\",\"caption\":\"Tom Sundermann\"},\"sameAs\":[\"https:\/\/twitter.com\/messeticker\"],\"url\":\"https:\/\/blog.zeit.de\/nsu-prozess-blog\/author\/tsundermann\/\"}]}<\/script>\n<!-- \/ Yoast SEO plugin. -->","yoast_head_json":{"title":"110. Prozesstag \u2013 Kubasik-Mord erneut auf der Tagesordnung - Das NSU-Prozess-Blog","robots":{"index":"index","follow":"follow","max-snippet":"max-snippet:-1","max-image-preview":"max-image-preview:large","max-video-preview":"max-video-preview:-1"},"canonical":"https:\/\/blog.zeit.de\/nsu-prozess-blog\/2014\/05\/06\/110-prozesstag-kubasik-mord-erneut-auf-der-tagesordnung\/","og_locale":"de_DE","og_type":"article","og_title":"110. Prozesstag \u2013 Kubasik-Mord erneut auf der Tagesordnung - Das NSU-Prozess-Blog","og_description":"Heute vor einem Jahr ist der NSU-Prozess er\u00f6ffnet worden. Mittlerweile hat das Gericht die Beweisaufnahme zu den zehn Morden des NSU nahezu komplett abgeschlossen. Einer der letzten Termine dazu ist der 110. Prozesstag, an dem ein Ermittler geh\u00f6rt wird, der im Fall des Mords an Mehmet Kubasik von 2006 in Dortmund recherchierte. Die Arbeit des [&hellip;]","og_url":"https:\/\/blog.zeit.de\/nsu-prozess-blog\/2014\/05\/06\/110-prozesstag-kubasik-mord-erneut-auf-der-tagesordnung\/","og_site_name":"Das NSU-Prozess-Blog","article_published_time":"2014-05-06T05:00:38+00:00","article_modified_time":"2014-05-02T08:28:58+00:00","author":"Tom Sundermann","twitter_misc":{"Geschrieben von":"Tom Sundermann","Gesch\u00e4tzte Lesezeit":"1\u00a0Minute"},"schema":{"@context":"https:\/\/schema.org","@graph":[{"@type":"WebPage","@id":"https:\/\/blog.zeit.de\/nsu-prozess-blog\/2014\/05\/06\/110-prozesstag-kubasik-mord-erneut-auf-der-tagesordnung\/","url":"https:\/\/blog.zeit.de\/nsu-prozess-blog\/2014\/05\/06\/110-prozesstag-kubasik-mord-erneut-auf-der-tagesordnung\/","name":"110. Prozesstag \u2013 Kubasik-Mord erneut auf der Tagesordnung - Das NSU-Prozess-Blog","isPartOf":{"@id":"https:\/\/blog.zeit.de\/nsu-prozess-blog\/#website"},"datePublished":"2014-05-06T05:00:38+00:00","dateModified":"2014-05-02T08:28:58+00:00","author":{"@id":"https:\/\/blog.zeit.de\/nsu-prozess-blog\/#\/schema\/person\/553ea9bb5d1fc2ae054c589bd59380a5"},"breadcrumb":{"@id":"https:\/\/blog.zeit.de\/nsu-prozess-blog\/2014\/05\/06\/110-prozesstag-kubasik-mord-erneut-auf-der-tagesordnung\/#breadcrumb"},"inLanguage":"de","potentialAction":[{"@type":"ReadAction","target":["https:\/\/blog.zeit.de\/nsu-prozess-blog\/2014\/05\/06\/110-prozesstag-kubasik-mord-erneut-auf-der-tagesordnung\/"]}]},{"@type":"BreadcrumbList","@id":"https:\/\/blog.zeit.de\/nsu-prozess-blog\/2014\/05\/06\/110-prozesstag-kubasik-mord-erneut-auf-der-tagesordnung\/#breadcrumb","itemListElement":[{"@type":"ListItem","position":1,"name":"Startseite","item":"https:\/\/blog.zeit.de\/nsu-prozess-blog\/"},{"@type":"ListItem","position":2,"name":"110. Prozesstag \u2013 Kubasik-Mord erneut auf der Tagesordnung"}]},{"@type":"WebSite","@id":"https:\/\/blog.zeit.de\/nsu-prozess-blog\/#website","url":"https:\/\/blog.zeit.de\/nsu-prozess-blog\/","name":"Das NSU-Prozess-Blog","description":"Alle Berichte zum Terrorverfahren in M\u00fcnchen","potentialAction":[{"@type":"SearchAction","target":{"@type":"EntryPoint","urlTemplate":"https:\/\/blog.zeit.de\/nsu-prozess-blog\/?s={search_term_string}"},"query-input":"required name=search_term_string"}],"inLanguage":"de"},{"@type":"Person","@id":"https:\/\/blog.zeit.de\/nsu-prozess-blog\/#\/schema\/person\/553ea9bb5d1fc2ae054c589bd59380a5","name":"Tom Sundermann","image":{"@type":"ImageObject","inLanguage":"de","@id":"https:\/\/blog.zeit.de\/nsu-prozess-blog\/#\/schema\/person\/image\/","url":"https:\/\/secure.gravatar.com\/avatar\/e108a3dc18766f719b2f797dc5d19093f06a1870c55b553ab6b7563f1f9a5e68?s=96&d=mm&r=g","contentUrl":"https:\/\/secure.gravatar.com\/avatar\/e108a3dc18766f719b2f797dc5d19093f06a1870c55b553ab6b7563f1f9a5e68?s=96&d=mm&r=g","caption":"Tom Sundermann"},"sameAs":["https:\/\/twitter.com\/messeticker"],"url":"https:\/\/blog.zeit.de\/nsu-prozess-blog\/author\/tsundermann\/"}]}},"jetpack_featured_media_url":"","jetpack_sharing_enabled":true,"_links":{"self":[{"href":"https:\/\/blog.zeit.de\/nsu-prozess-blog\/wp-json\/wp\/v2\/posts\/6562","targetHints":{"allow":["GET"]}}],"collection":[{"href":"https:\/\/blog.zeit.de\/nsu-prozess-blog\/wp-json\/wp\/v2\/posts"}],"about":[{"href":"https:\/\/blog.zeit.de\/nsu-prozess-blog\/wp-json\/wp\/v2\/types\/post"}],"author":[{"embeddable":true,"href":"https:\/\/blog.zeit.de\/nsu-prozess-blog\/wp-json\/wp\/v2\/users\/435"}],"replies":[{"embeddable":true,"href":"https:\/\/blog.zeit.de\/nsu-prozess-blog\/wp-json\/wp\/v2\/comments?post=6562"}],"version-history":[{"count":1,"href":"https:\/\/blog.zeit.de\/nsu-prozess-blog\/wp-json\/wp\/v2\/posts\/6562\/revisions"}],"predecessor-version":[{"id":6563,"href":"https:\/\/blog.zeit.de\/nsu-prozess-blog\/wp-json\/wp\/v2\/posts\/6562\/revisions\/6563"}],"wp:attachment":[{"href":"https:\/\/blog.zeit.de\/nsu-prozess-blog\/wp-json\/wp\/v2\/media?parent=6562"}],"wp:term":[{"taxonomy":"category","embeddable":true,"href":"https:\/\/blog.zeit.de\/nsu-prozess-blog\/wp-json\/wp\/v2\/categories?post=6562"},{"taxonomy":"post_tag","embeddable":true,"href":"https:\/\/blog.zeit.de\/nsu-prozess-blog\/wp-json\/wp\/v2\/tags?post=6562"}],"curies":[{"name":"wp","href":"https:\/\/api.w.org\/{rel}","templated":true}]}}