{"id":6564,"date":"2014-05-07T07:00:03","date_gmt":"2014-05-07T05:00:03","guid":{"rendered":"http:\/\/blog.zeit.de\/nsu-prozess-blog\/?p=6564"},"modified":"2014-05-07T12:56:04","modified_gmt":"2014-05-07T10:56:04","slug":"111-prozesstag-wohllebens-frau-und-boehnhardts-bruder","status":"publish","type":"post","link":"https:\/\/blog.zeit.de\/nsu-prozess-blog\/2014\/05\/07\/111-prozesstag-wohllebens-frau-und-boehnhardts-bruder\/","title":{"rendered":"Verhandlung f\u00e4llt aus, weil Zsch\u00e4pe krank ist"},"content":{"rendered":"<p>Die als 111. Prozesstag geplante Sitzung entf\u00e4llt, weil die Hauptangeklagte Beate Zsch\u00e4pe erkrankt ist. Das teilte Richter Manfred G\u00f6tzl am Vormittag mit. Zsch\u00e4pe hatte bereits <a href=\"https:\/\/blog.zeit.de\/nsu-prozess-blog\/2014\/05\/07\/schafft-der-prozess-was-von-ihm-erwartet-wird-das-medienlog-vom-mittwoch-7-mai-2014\/\">am Vortag<\/a> \u00fcber \u00dcbelkeit geklagt, daraufhin war die Verhandlung abgebrochen worden.<\/p>\n<p>Geladen waren der Rechtsanwalt Thomas Jauch, dem sich das Trio nach seiner Flucht im Jahr 1998 anvertraut hatte, die Frau des Mitangeklagten Ralf Wohlleben und der Bruder des NSU-Mitglieds Uwe B\u00f6hnhardt.<\/p>\n<p><em>Informationen aus der Verhandlung gibt es <a href=\"https:\/\/twitter.com\/zeitonline\/lists\/nsu-prozess\">via Twitter hier<\/a>. Die Berichte dar\u00fcber fassen wir morgen im <a href=\"https:\/\/blog.zeit.de\/nsu-prozess-blog\/category\/medienschau\/\">NSU-Medienlog<\/a> zusammen.<\/em><\/p>\n","protected":false},"excerpt":{"rendered":"<p>Die als 111. Prozesstag geplante Sitzung entf\u00e4llt, weil die Hauptangeklagte Beate Zsch\u00e4pe erkrankt ist. Das teilte Richter Manfred G\u00f6tzl am Vormittag mit. Zsch\u00e4pe hatte bereits am Vortag \u00fcber \u00dcbelkeit geklagt, daraufhin war die Verhandlung abgebrochen worden. Geladen waren der Rechtsanwalt Thomas Jauch, dem sich das Trio nach seiner Flucht im Jahr 1998 anvertraut hatte, die [&hellip;]<\/p>\n","protected":false},"author":435,"featured_media":0,"comment_status":"open","ping_status":"open","sticky":false,"template":"","format":"standard","meta":{"_jetpack_memberships_contains_paid_content":false,"footnotes":""},"categories":[27532],"tags":[17772,1449,22860],"class_list":["post-6564","post","type-post","status-publish","format-standard","hentry","category-prozesstage","tag-ralf-wohlleben","tag-unterstutzer","tag-uwe-bohnhardt"],"yoast_head":"<!-- This site is optimized with the Yoast SEO plugin v21.0 - https:\/\/yoast.com\/wordpress\/plugins\/seo\/ -->\n<title>Verhandlung f\u00e4llt aus, weil Zsch\u00e4pe krank ist - Das NSU-Prozess-Blog<\/title>\n<meta name=\"robots\" content=\"index, follow, max-snippet:-1, max-image-preview:large, max-video-preview:-1\" \/>\n<link rel=\"canonical\" href=\"https:\/\/blog.zeit.de\/nsu-prozess-blog\/2014\/05\/07\/111-prozesstag-wohllebens-frau-und-boehnhardts-bruder\/\" \/>\n<meta property=\"og:locale\" content=\"de_DE\" \/>\n<meta property=\"og:type\" content=\"article\" \/>\n<meta property=\"og:title\" content=\"Verhandlung f\u00e4llt aus, weil Zsch\u00e4pe krank ist - Das NSU-Prozess-Blog\" \/>\n<meta property=\"og:description\" content=\"Die als 111. Prozesstag geplante Sitzung entf\u00e4llt, weil die Hauptangeklagte Beate Zsch\u00e4pe erkrankt ist. Das teilte Richter Manfred G\u00f6tzl am Vormittag mit. Zsch\u00e4pe hatte bereits am Vortag \u00fcber \u00dcbelkeit geklagt, daraufhin war die Verhandlung abgebrochen worden. Geladen waren der Rechtsanwalt Thomas Jauch, dem sich das Trio nach seiner Flucht im Jahr 1998 anvertraut hatte, die [&hellip;]\" \/>\n<meta property=\"og:url\" content=\"https:\/\/blog.zeit.de\/nsu-prozess-blog\/2014\/05\/07\/111-prozesstag-wohllebens-frau-und-boehnhardts-bruder\/\" \/>\n<meta property=\"og:site_name\" content=\"Das NSU-Prozess-Blog\" \/>\n<meta property=\"article:published_time\" content=\"2014-05-07T05:00:03+00:00\" \/>\n<meta property=\"article:modified_time\" content=\"2014-05-07T10:56:04+00:00\" \/>\n<meta name=\"author\" content=\"Tom Sundermann\" \/>\n<meta name=\"twitter:label1\" content=\"Geschrieben von\" \/>\n\t<meta name=\"twitter:data1\" content=\"Tom Sundermann\" \/>\n<script type=\"application\/ld+json\" class=\"yoast-schema-graph\">{\"@context\":\"https:\/\/schema.org\",\"@graph\":[{\"@type\":\"WebPage\",\"@id\":\"https:\/\/blog.zeit.de\/nsu-prozess-blog\/2014\/05\/07\/111-prozesstag-wohllebens-frau-und-boehnhardts-bruder\/\",\"url\":\"https:\/\/blog.zeit.de\/nsu-prozess-blog\/2014\/05\/07\/111-prozesstag-wohllebens-frau-und-boehnhardts-bruder\/\",\"name\":\"Verhandlung f\u00e4llt aus, weil Zsch\u00e4pe krank ist - Das NSU-Prozess-Blog\",\"isPartOf\":{\"@id\":\"https:\/\/blog.zeit.de\/nsu-prozess-blog\/#website\"},\"datePublished\":\"2014-05-07T05:00:03+00:00\",\"dateModified\":\"2014-05-07T10:56:04+00:00\",\"author\":{\"@id\":\"https:\/\/blog.zeit.de\/nsu-prozess-blog\/#\/schema\/person\/553ea9bb5d1fc2ae054c589bd59380a5\"},\"breadcrumb\":{\"@id\":\"https:\/\/blog.zeit.de\/nsu-prozess-blog\/2014\/05\/07\/111-prozesstag-wohllebens-frau-und-boehnhardts-bruder\/#breadcrumb\"},\"inLanguage\":\"de\",\"potentialAction\":[{\"@type\":\"ReadAction\",\"target\":[\"https:\/\/blog.zeit.de\/nsu-prozess-blog\/2014\/05\/07\/111-prozesstag-wohllebens-frau-und-boehnhardts-bruder\/\"]}]},{\"@type\":\"BreadcrumbList\",\"@id\":\"https:\/\/blog.zeit.de\/nsu-prozess-blog\/2014\/05\/07\/111-prozesstag-wohllebens-frau-und-boehnhardts-bruder\/#breadcrumb\",\"itemListElement\":[{\"@type\":\"ListItem\",\"position\":1,\"name\":\"Startseite\",\"item\":\"https:\/\/blog.zeit.de\/nsu-prozess-blog\/\"},{\"@type\":\"ListItem\",\"position\":2,\"name\":\"Verhandlung f\u00e4llt aus, weil Zsch\u00e4pe krank ist\"}]},{\"@type\":\"WebSite\",\"@id\":\"https:\/\/blog.zeit.de\/nsu-prozess-blog\/#website\",\"url\":\"https:\/\/blog.zeit.de\/nsu-prozess-blog\/\",\"name\":\"Das NSU-Prozess-Blog\",\"description\":\"Alle Berichte zum Terrorverfahren in M\u00fcnchen\",\"potentialAction\":[{\"@type\":\"SearchAction\",\"target\":{\"@type\":\"EntryPoint\",\"urlTemplate\":\"https:\/\/blog.zeit.de\/nsu-prozess-blog\/?s={search_term_string}\"},\"query-input\":\"required name=search_term_string\"}],\"inLanguage\":\"de\"},{\"@type\":\"Person\",\"@id\":\"https:\/\/blog.zeit.de\/nsu-prozess-blog\/#\/schema\/person\/553ea9bb5d1fc2ae054c589bd59380a5\",\"name\":\"Tom Sundermann\",\"image\":{\"@type\":\"ImageObject\",\"inLanguage\":\"de\",\"@id\":\"https:\/\/blog.zeit.de\/nsu-prozess-blog\/#\/schema\/person\/image\/\",\"url\":\"https:\/\/secure.gravatar.com\/avatar\/e108a3dc18766f719b2f797dc5d19093f06a1870c55b553ab6b7563f1f9a5e68?s=96&d=mm&r=g\",\"contentUrl\":\"https:\/\/secure.gravatar.com\/avatar\/e108a3dc18766f719b2f797dc5d19093f06a1870c55b553ab6b7563f1f9a5e68?s=96&d=mm&r=g\",\"caption\":\"Tom Sundermann\"},\"sameAs\":[\"https:\/\/twitter.com\/messeticker\"],\"url\":\"https:\/\/blog.zeit.de\/nsu-prozess-blog\/author\/tsundermann\/\"}]}<\/script>\n<!-- \/ Yoast SEO plugin. -->","yoast_head_json":{"title":"Verhandlung f\u00e4llt aus, weil Zsch\u00e4pe krank ist - Das NSU-Prozess-Blog","robots":{"index":"index","follow":"follow","max-snippet":"max-snippet:-1","max-image-preview":"max-image-preview:large","max-video-preview":"max-video-preview:-1"},"canonical":"https:\/\/blog.zeit.de\/nsu-prozess-blog\/2014\/05\/07\/111-prozesstag-wohllebens-frau-und-boehnhardts-bruder\/","og_locale":"de_DE","og_type":"article","og_title":"Verhandlung f\u00e4llt aus, weil Zsch\u00e4pe krank ist - Das NSU-Prozess-Blog","og_description":"Die als 111. Prozesstag geplante Sitzung entf\u00e4llt, weil die Hauptangeklagte Beate Zsch\u00e4pe erkrankt ist. Das teilte Richter Manfred G\u00f6tzl am Vormittag mit. Zsch\u00e4pe hatte bereits am Vortag \u00fcber \u00dcbelkeit geklagt, daraufhin war die Verhandlung abgebrochen worden. Geladen waren der Rechtsanwalt Thomas Jauch, dem sich das Trio nach seiner Flucht im Jahr 1998 anvertraut hatte, die [&hellip;]","og_url":"https:\/\/blog.zeit.de\/nsu-prozess-blog\/2014\/05\/07\/111-prozesstag-wohllebens-frau-und-boehnhardts-bruder\/","og_site_name":"Das NSU-Prozess-Blog","article_published_time":"2014-05-07T05:00:03+00:00","article_modified_time":"2014-05-07T10:56:04+00:00","author":"Tom Sundermann","twitter_misc":{"Geschrieben von":"Tom Sundermann"},"schema":{"@context":"https:\/\/schema.org","@graph":[{"@type":"WebPage","@id":"https:\/\/blog.zeit.de\/nsu-prozess-blog\/2014\/05\/07\/111-prozesstag-wohllebens-frau-und-boehnhardts-bruder\/","url":"https:\/\/blog.zeit.de\/nsu-prozess-blog\/2014\/05\/07\/111-prozesstag-wohllebens-frau-und-boehnhardts-bruder\/","name":"Verhandlung f\u00e4llt aus, weil Zsch\u00e4pe krank ist - Das NSU-Prozess-Blog","isPartOf":{"@id":"https:\/\/blog.zeit.de\/nsu-prozess-blog\/#website"},"datePublished":"2014-05-07T05:00:03+00:00","dateModified":"2014-05-07T10:56:04+00:00","author":{"@id":"https:\/\/blog.zeit.de\/nsu-prozess-blog\/#\/schema\/person\/553ea9bb5d1fc2ae054c589bd59380a5"},"breadcrumb":{"@id":"https:\/\/blog.zeit.de\/nsu-prozess-blog\/2014\/05\/07\/111-prozesstag-wohllebens-frau-und-boehnhardts-bruder\/#breadcrumb"},"inLanguage":"de","potentialAction":[{"@type":"ReadAction","target":["https:\/\/blog.zeit.de\/nsu-prozess-blog\/2014\/05\/07\/111-prozesstag-wohllebens-frau-und-boehnhardts-bruder\/"]}]},{"@type":"BreadcrumbList","@id":"https:\/\/blog.zeit.de\/nsu-prozess-blog\/2014\/05\/07\/111-prozesstag-wohllebens-frau-und-boehnhardts-bruder\/#breadcrumb","itemListElement":[{"@type":"ListItem","position":1,"name":"Startseite","item":"https:\/\/blog.zeit.de\/nsu-prozess-blog\/"},{"@type":"ListItem","position":2,"name":"Verhandlung f\u00e4llt aus, weil Zsch\u00e4pe krank ist"}]},{"@type":"WebSite","@id":"https:\/\/blog.zeit.de\/nsu-prozess-blog\/#website","url":"https:\/\/blog.zeit.de\/nsu-prozess-blog\/","name":"Das NSU-Prozess-Blog","description":"Alle Berichte zum Terrorverfahren in M\u00fcnchen","potentialAction":[{"@type":"SearchAction","target":{"@type":"EntryPoint","urlTemplate":"https:\/\/blog.zeit.de\/nsu-prozess-blog\/?s={search_term_string}"},"query-input":"required name=search_term_string"}],"inLanguage":"de"},{"@type":"Person","@id":"https:\/\/blog.zeit.de\/nsu-prozess-blog\/#\/schema\/person\/553ea9bb5d1fc2ae054c589bd59380a5","name":"Tom Sundermann","image":{"@type":"ImageObject","inLanguage":"de","@id":"https:\/\/blog.zeit.de\/nsu-prozess-blog\/#\/schema\/person\/image\/","url":"https:\/\/secure.gravatar.com\/avatar\/e108a3dc18766f719b2f797dc5d19093f06a1870c55b553ab6b7563f1f9a5e68?s=96&d=mm&r=g","contentUrl":"https:\/\/secure.gravatar.com\/avatar\/e108a3dc18766f719b2f797dc5d19093f06a1870c55b553ab6b7563f1f9a5e68?s=96&d=mm&r=g","caption":"Tom Sundermann"},"sameAs":["https:\/\/twitter.com\/messeticker"],"url":"https:\/\/blog.zeit.de\/nsu-prozess-blog\/author\/tsundermann\/"}]}},"jetpack_featured_media_url":"","jetpack_sharing_enabled":true,"_links":{"self":[{"href":"https:\/\/blog.zeit.de\/nsu-prozess-blog\/wp-json\/wp\/v2\/posts\/6564","targetHints":{"allow":["GET"]}}],"collection":[{"href":"https:\/\/blog.zeit.de\/nsu-prozess-blog\/wp-json\/wp\/v2\/posts"}],"about":[{"href":"https:\/\/blog.zeit.de\/nsu-prozess-blog\/wp-json\/wp\/v2\/types\/post"}],"author":[{"embeddable":true,"href":"https:\/\/blog.zeit.de\/nsu-prozess-blog\/wp-json\/wp\/v2\/users\/435"}],"replies":[{"embeddable":true,"href":"https:\/\/blog.zeit.de\/nsu-prozess-blog\/wp-json\/wp\/v2\/comments?post=6564"}],"version-history":[{"count":3,"href":"https:\/\/blog.zeit.de\/nsu-prozess-blog\/wp-json\/wp\/v2\/posts\/6564\/revisions"}],"predecessor-version":[{"id":6639,"href":"https:\/\/blog.zeit.de\/nsu-prozess-blog\/wp-json\/wp\/v2\/posts\/6564\/revisions\/6639"}],"wp:attachment":[{"href":"https:\/\/blog.zeit.de\/nsu-prozess-blog\/wp-json\/wp\/v2\/media?parent=6564"}],"wp:term":[{"taxonomy":"category","embeddable":true,"href":"https:\/\/blog.zeit.de\/nsu-prozess-blog\/wp-json\/wp\/v2\/categories?post=6564"},{"taxonomy":"post_tag","embeddable":true,"href":"https:\/\/blog.zeit.de\/nsu-prozess-blog\/wp-json\/wp\/v2\/tags?post=6564"}],"curies":[{"name":"wp","href":"https:\/\/api.w.org\/{rel}","templated":true}]}}