{"id":6566,"date":"2014-05-08T07:00:40","date_gmt":"2014-05-08T05:00:40","guid":{"rendered":"http:\/\/blog.zeit.de\/nsu-prozess-blog\/?p=6566"},"modified":"2014-05-08T21:41:39","modified_gmt":"2014-05-08T19:41:39","slug":"112-prozesstag-urlaubsbekanntschaften-und-kiesewetter-zeugen","status":"publish","type":"post","link":"https:\/\/blog.zeit.de\/nsu-prozess-blog\/2014\/05\/08\/112-prozesstag-urlaubsbekanntschaften-und-kiesewetter-zeugen\/","title":{"rendered":"Verhandlungstag erneut abgebrochen"},"content":{"rendered":"<p>Wie am <a href=\"https:\/\/blog.zeit.de\/nsu-prozess-blog\/2014\/05\/07\/111-prozesstag-wohllebens-frau-und-boehnhardts-bruder\/\">Vortag<\/a> konnte das Gericht am Donnerstag wegen einer Erkrankung der Hauptangeklagten Beate Zsch\u00e4pe nicht weiter verhandeln. Richter Manfred G\u00f6tzl brach die Sitzung ab. In der n\u00e4chsten Woche tritt der Senat nicht zusammen, der n\u00e4chste Prozesstag ist Montag, der 19. Mai.<\/p>\n<p>Geladen waren zun\u00e4chst zwei Frauen, die das NSU-Trio im Urlaub kennenlernte. Im Anschluss wollte der Senat von zwei Zeugen Erkenntnisse \u00fcber das Wohnmobil gewinnen, mit dem Uwe Mundlos und Uwe B\u00f6hnhardt beim Mord an der Polizistin Mich\u00e8le Kiesewetter unterwegs waren, die 2007 in Heilbronn erschossen wurde.<\/p>\n<p><em>Informationen aus der Verhandlung gibt es <a href=\"https:\/\/twitter.com\/zeitonline\/lists\/nsu-prozess\">via Twitter hier<\/a>. Die Berichte dar\u00fcber fassen wir morgen im <a href=\"https:\/\/blog.zeit.de\/nsu-prozess-blog\/category\/medienschau\/\">NSU-Medienlog<\/a> zusammen.<\/em><\/p>\n","protected":false},"excerpt":{"rendered":"<p>Wie am Vortag konnte das Gericht am Donnerstag wegen einer Erkrankung der Hauptangeklagten Beate Zsch\u00e4pe nicht weiter verhandeln. Richter Manfred G\u00f6tzl brach die Sitzung ab. In der n\u00e4chsten Woche tritt der Senat nicht zusammen, der n\u00e4chste Prozesstag ist Montag, der 19. Mai. Geladen waren zun\u00e4chst zwei Frauen, die das NSU-Trio im Urlaub kennenlernte. Im Anschluss [&hellip;]<\/p>\n","protected":false},"author":435,"featured_media":0,"comment_status":"open","ping_status":"open","sticky":false,"template":"","format":"standard","meta":{"_jetpack_memberships_contains_paid_content":false,"footnotes":""},"categories":[27532],"tags":[27588,124,29451],"class_list":["post-6566","post","type-post","status-publish","format-standard","hentry","category-prozesstage","tag-michele-kiesewetter","tag-urlaub","tag-wohnmobil"],"yoast_head":"<!-- This site is optimized with the Yoast SEO plugin v21.0 - https:\/\/yoast.com\/wordpress\/plugins\/seo\/ -->\n<title>Verhandlungstag erneut abgebrochen - Das NSU-Prozess-Blog<\/title>\n<meta name=\"robots\" content=\"index, follow, max-snippet:-1, max-image-preview:large, max-video-preview:-1\" \/>\n<link rel=\"canonical\" href=\"https:\/\/blog.zeit.de\/nsu-prozess-blog\/2014\/05\/08\/112-prozesstag-urlaubsbekanntschaften-und-kiesewetter-zeugen\/\" \/>\n<meta property=\"og:locale\" content=\"de_DE\" \/>\n<meta property=\"og:type\" content=\"article\" \/>\n<meta property=\"og:title\" content=\"Verhandlungstag erneut abgebrochen - Das NSU-Prozess-Blog\" \/>\n<meta property=\"og:description\" content=\"Wie am Vortag konnte das Gericht am Donnerstag wegen einer Erkrankung der Hauptangeklagten Beate Zsch\u00e4pe nicht weiter verhandeln. Richter Manfred G\u00f6tzl brach die Sitzung ab. In der n\u00e4chsten Woche tritt der Senat nicht zusammen, der n\u00e4chste Prozesstag ist Montag, der 19. Mai. Geladen waren zun\u00e4chst zwei Frauen, die das NSU-Trio im Urlaub kennenlernte. Im Anschluss [&hellip;]\" \/>\n<meta property=\"og:url\" content=\"https:\/\/blog.zeit.de\/nsu-prozess-blog\/2014\/05\/08\/112-prozesstag-urlaubsbekanntschaften-und-kiesewetter-zeugen\/\" \/>\n<meta property=\"og:site_name\" content=\"Das NSU-Prozess-Blog\" \/>\n<meta property=\"article:published_time\" content=\"2014-05-08T05:00:40+00:00\" \/>\n<meta property=\"article:modified_time\" content=\"2014-05-08T19:41:39+00:00\" \/>\n<meta name=\"author\" content=\"Tom Sundermann\" \/>\n<meta name=\"twitter:label1\" content=\"Geschrieben von\" \/>\n\t<meta name=\"twitter:data1\" content=\"Tom Sundermann\" \/>\n\t<meta name=\"twitter:label2\" content=\"Gesch\u00e4tzte Lesezeit\" \/>\n\t<meta name=\"twitter:data2\" content=\"1\u00a0Minute\" \/>\n<script type=\"application\/ld+json\" class=\"yoast-schema-graph\">{\"@context\":\"https:\/\/schema.org\",\"@graph\":[{\"@type\":\"WebPage\",\"@id\":\"https:\/\/blog.zeit.de\/nsu-prozess-blog\/2014\/05\/08\/112-prozesstag-urlaubsbekanntschaften-und-kiesewetter-zeugen\/\",\"url\":\"https:\/\/blog.zeit.de\/nsu-prozess-blog\/2014\/05\/08\/112-prozesstag-urlaubsbekanntschaften-und-kiesewetter-zeugen\/\",\"name\":\"Verhandlungstag erneut abgebrochen - Das NSU-Prozess-Blog\",\"isPartOf\":{\"@id\":\"https:\/\/blog.zeit.de\/nsu-prozess-blog\/#website\"},\"datePublished\":\"2014-05-08T05:00:40+00:00\",\"dateModified\":\"2014-05-08T19:41:39+00:00\",\"author\":{\"@id\":\"https:\/\/blog.zeit.de\/nsu-prozess-blog\/#\/schema\/person\/553ea9bb5d1fc2ae054c589bd59380a5\"},\"breadcrumb\":{\"@id\":\"https:\/\/blog.zeit.de\/nsu-prozess-blog\/2014\/05\/08\/112-prozesstag-urlaubsbekanntschaften-und-kiesewetter-zeugen\/#breadcrumb\"},\"inLanguage\":\"de\",\"potentialAction\":[{\"@type\":\"ReadAction\",\"target\":[\"https:\/\/blog.zeit.de\/nsu-prozess-blog\/2014\/05\/08\/112-prozesstag-urlaubsbekanntschaften-und-kiesewetter-zeugen\/\"]}]},{\"@type\":\"BreadcrumbList\",\"@id\":\"https:\/\/blog.zeit.de\/nsu-prozess-blog\/2014\/05\/08\/112-prozesstag-urlaubsbekanntschaften-und-kiesewetter-zeugen\/#breadcrumb\",\"itemListElement\":[{\"@type\":\"ListItem\",\"position\":1,\"name\":\"Startseite\",\"item\":\"https:\/\/blog.zeit.de\/nsu-prozess-blog\/\"},{\"@type\":\"ListItem\",\"position\":2,\"name\":\"Verhandlungstag erneut abgebrochen\"}]},{\"@type\":\"WebSite\",\"@id\":\"https:\/\/blog.zeit.de\/nsu-prozess-blog\/#website\",\"url\":\"https:\/\/blog.zeit.de\/nsu-prozess-blog\/\",\"name\":\"Das NSU-Prozess-Blog\",\"description\":\"Alle Berichte zum Terrorverfahren in M\u00fcnchen\",\"potentialAction\":[{\"@type\":\"SearchAction\",\"target\":{\"@type\":\"EntryPoint\",\"urlTemplate\":\"https:\/\/blog.zeit.de\/nsu-prozess-blog\/?s={search_term_string}\"},\"query-input\":\"required name=search_term_string\"}],\"inLanguage\":\"de\"},{\"@type\":\"Person\",\"@id\":\"https:\/\/blog.zeit.de\/nsu-prozess-blog\/#\/schema\/person\/553ea9bb5d1fc2ae054c589bd59380a5\",\"name\":\"Tom Sundermann\",\"image\":{\"@type\":\"ImageObject\",\"inLanguage\":\"de\",\"@id\":\"https:\/\/blog.zeit.de\/nsu-prozess-blog\/#\/schema\/person\/image\/\",\"url\":\"https:\/\/secure.gravatar.com\/avatar\/e108a3dc18766f719b2f797dc5d19093f06a1870c55b553ab6b7563f1f9a5e68?s=96&d=mm&r=g\",\"contentUrl\":\"https:\/\/secure.gravatar.com\/avatar\/e108a3dc18766f719b2f797dc5d19093f06a1870c55b553ab6b7563f1f9a5e68?s=96&d=mm&r=g\",\"caption\":\"Tom Sundermann\"},\"sameAs\":[\"https:\/\/twitter.com\/messeticker\"],\"url\":\"https:\/\/blog.zeit.de\/nsu-prozess-blog\/author\/tsundermann\/\"}]}<\/script>\n<!-- \/ Yoast SEO plugin. -->","yoast_head_json":{"title":"Verhandlungstag erneut abgebrochen - Das NSU-Prozess-Blog","robots":{"index":"index","follow":"follow","max-snippet":"max-snippet:-1","max-image-preview":"max-image-preview:large","max-video-preview":"max-video-preview:-1"},"canonical":"https:\/\/blog.zeit.de\/nsu-prozess-blog\/2014\/05\/08\/112-prozesstag-urlaubsbekanntschaften-und-kiesewetter-zeugen\/","og_locale":"de_DE","og_type":"article","og_title":"Verhandlungstag erneut abgebrochen - Das NSU-Prozess-Blog","og_description":"Wie am Vortag konnte das Gericht am Donnerstag wegen einer Erkrankung der Hauptangeklagten Beate Zsch\u00e4pe nicht weiter verhandeln. Richter Manfred G\u00f6tzl brach die Sitzung ab. In der n\u00e4chsten Woche tritt der Senat nicht zusammen, der n\u00e4chste Prozesstag ist Montag, der 19. Mai. Geladen waren zun\u00e4chst zwei Frauen, die das NSU-Trio im Urlaub kennenlernte. Im Anschluss [&hellip;]","og_url":"https:\/\/blog.zeit.de\/nsu-prozess-blog\/2014\/05\/08\/112-prozesstag-urlaubsbekanntschaften-und-kiesewetter-zeugen\/","og_site_name":"Das NSU-Prozess-Blog","article_published_time":"2014-05-08T05:00:40+00:00","article_modified_time":"2014-05-08T19:41:39+00:00","author":"Tom Sundermann","twitter_misc":{"Geschrieben von":"Tom Sundermann","Gesch\u00e4tzte Lesezeit":"1\u00a0Minute"},"schema":{"@context":"https:\/\/schema.org","@graph":[{"@type":"WebPage","@id":"https:\/\/blog.zeit.de\/nsu-prozess-blog\/2014\/05\/08\/112-prozesstag-urlaubsbekanntschaften-und-kiesewetter-zeugen\/","url":"https:\/\/blog.zeit.de\/nsu-prozess-blog\/2014\/05\/08\/112-prozesstag-urlaubsbekanntschaften-und-kiesewetter-zeugen\/","name":"Verhandlungstag erneut abgebrochen - Das NSU-Prozess-Blog","isPartOf":{"@id":"https:\/\/blog.zeit.de\/nsu-prozess-blog\/#website"},"datePublished":"2014-05-08T05:00:40+00:00","dateModified":"2014-05-08T19:41:39+00:00","author":{"@id":"https:\/\/blog.zeit.de\/nsu-prozess-blog\/#\/schema\/person\/553ea9bb5d1fc2ae054c589bd59380a5"},"breadcrumb":{"@id":"https:\/\/blog.zeit.de\/nsu-prozess-blog\/2014\/05\/08\/112-prozesstag-urlaubsbekanntschaften-und-kiesewetter-zeugen\/#breadcrumb"},"inLanguage":"de","potentialAction":[{"@type":"ReadAction","target":["https:\/\/blog.zeit.de\/nsu-prozess-blog\/2014\/05\/08\/112-prozesstag-urlaubsbekanntschaften-und-kiesewetter-zeugen\/"]}]},{"@type":"BreadcrumbList","@id":"https:\/\/blog.zeit.de\/nsu-prozess-blog\/2014\/05\/08\/112-prozesstag-urlaubsbekanntschaften-und-kiesewetter-zeugen\/#breadcrumb","itemListElement":[{"@type":"ListItem","position":1,"name":"Startseite","item":"https:\/\/blog.zeit.de\/nsu-prozess-blog\/"},{"@type":"ListItem","position":2,"name":"Verhandlungstag erneut abgebrochen"}]},{"@type":"WebSite","@id":"https:\/\/blog.zeit.de\/nsu-prozess-blog\/#website","url":"https:\/\/blog.zeit.de\/nsu-prozess-blog\/","name":"Das NSU-Prozess-Blog","description":"Alle Berichte zum Terrorverfahren in M\u00fcnchen","potentialAction":[{"@type":"SearchAction","target":{"@type":"EntryPoint","urlTemplate":"https:\/\/blog.zeit.de\/nsu-prozess-blog\/?s={search_term_string}"},"query-input":"required name=search_term_string"}],"inLanguage":"de"},{"@type":"Person","@id":"https:\/\/blog.zeit.de\/nsu-prozess-blog\/#\/schema\/person\/553ea9bb5d1fc2ae054c589bd59380a5","name":"Tom Sundermann","image":{"@type":"ImageObject","inLanguage":"de","@id":"https:\/\/blog.zeit.de\/nsu-prozess-blog\/#\/schema\/person\/image\/","url":"https:\/\/secure.gravatar.com\/avatar\/e108a3dc18766f719b2f797dc5d19093f06a1870c55b553ab6b7563f1f9a5e68?s=96&d=mm&r=g","contentUrl":"https:\/\/secure.gravatar.com\/avatar\/e108a3dc18766f719b2f797dc5d19093f06a1870c55b553ab6b7563f1f9a5e68?s=96&d=mm&r=g","caption":"Tom Sundermann"},"sameAs":["https:\/\/twitter.com\/messeticker"],"url":"https:\/\/blog.zeit.de\/nsu-prozess-blog\/author\/tsundermann\/"}]}},"jetpack_featured_media_url":"","jetpack_sharing_enabled":true,"_links":{"self":[{"href":"https:\/\/blog.zeit.de\/nsu-prozess-blog\/wp-json\/wp\/v2\/posts\/6566","targetHints":{"allow":["GET"]}}],"collection":[{"href":"https:\/\/blog.zeit.de\/nsu-prozess-blog\/wp-json\/wp\/v2\/posts"}],"about":[{"href":"https:\/\/blog.zeit.de\/nsu-prozess-blog\/wp-json\/wp\/v2\/types\/post"}],"author":[{"embeddable":true,"href":"https:\/\/blog.zeit.de\/nsu-prozess-blog\/wp-json\/wp\/v2\/users\/435"}],"replies":[{"embeddable":true,"href":"https:\/\/blog.zeit.de\/nsu-prozess-blog\/wp-json\/wp\/v2\/comments?post=6566"}],"version-history":[{"count":6,"href":"https:\/\/blog.zeit.de\/nsu-prozess-blog\/wp-json\/wp\/v2\/posts\/6566\/revisions"}],"predecessor-version":[{"id":6666,"href":"https:\/\/blog.zeit.de\/nsu-prozess-blog\/wp-json\/wp\/v2\/posts\/6566\/revisions\/6666"}],"wp:attachment":[{"href":"https:\/\/blog.zeit.de\/nsu-prozess-blog\/wp-json\/wp\/v2\/media?parent=6566"}],"wp:term":[{"taxonomy":"category","embeddable":true,"href":"https:\/\/blog.zeit.de\/nsu-prozess-blog\/wp-json\/wp\/v2\/categories?post=6566"},{"taxonomy":"post_tag","embeddable":true,"href":"https:\/\/blog.zeit.de\/nsu-prozess-blog\/wp-json\/wp\/v2\/tags?post=6566"}],"curies":[{"name":"wp","href":"https:\/\/api.w.org\/{rel}","templated":true}]}}