{"id":6594,"date":"2014-05-07T09:15:45","date_gmt":"2014-05-07T07:15:45","guid":{"rendered":"http:\/\/blog.zeit.de\/nsu-prozess-blog\/?p=6594"},"modified":"2014-05-07T10:52:49","modified_gmt":"2014-05-07T08:52:49","slug":"schafft-der-prozess-was-von-ihm-erwartet-wird-das-medienlog-vom-mittwoch-7-mai-2014","status":"publish","type":"post","link":"https:\/\/blog.zeit.de\/nsu-prozess-blog\/2014\/05\/07\/schafft-der-prozess-was-von-ihm-erwartet-wird-das-medienlog-vom-mittwoch-7-mai-2014\/","title":{"rendered":"Schafft der Prozess, was von ihm erwartet wird? \u2013 Das Medienlog vom Mittwoch, 7. Mai 2014"},"content":{"rendered":"<p>Gestern vor einem Jahr <a href=\"http:\/\/www.zeit.de\/gesellschaft\/zeitgeschehen\/2013-05\/beate-zschaepe-prozess\">begann der Prozess<\/a> gegen Beate Zsch\u00e4pe und vier mutma\u00dfliche Unterst\u00fctzer des NSU. Weit \u00fcber 100-mal trat der Staatsschutzsenat seitdem zusammen, er h\u00f6rte Opfer, Zeugen und m\u00f6gliche Helfer.<\/p>\n<p>Was hat das Gericht in dieser Zeit erreicht? Zum Jahrestag spiegelt sich das Verfahren umfangreich in den Medien wider. ZEIT ONLINE hat den markanten Termin genutzt, um \u00dcbersicht in dem komplexen Verfahren zu schaffen: <a href=\"http:\/\/www.zeit.de\/politik\/2014-05\/nsu-terror-orte\" target=\"_blank\">In einer Infografik<\/a> lassen sich alle wichtigen Orte anzeigen, die einen Bezug zum NSU haben. Jeder kann nachvollziehen, mit welcher Streuwirkung das Trio seinen Kampf aus dem Untergrund f\u00fchrte \u2013 und wie nahe der rechte Terror ihm selbst gekommen ist.<\/p>\n<p><!--more--><\/p>\n<p><em>An jedem Werktag sichten wir f\u00fcr das NSU-Prozess-Blog die Medien und stellen wichtige Berichte, Blogs, Videos und Tweets zusammen. Wir freuen uns \u00fcber Hinweise via Twitter mit dem Hashtag #nsublog \u2013 oder per E-Mail an <a href=\"mailto:nsublog@zeit.de\">nsublog@zeit.de<\/a>.<\/em><\/p>\n<p><strong>Die Fortschritte<\/strong><\/p>\n<p>Deutlich wird am Prozess auch Deutschlands Antwort auf die rassistische Serie: &#8222;Der NSU wollte Deutschland aus den Angeln heben \u2013 nun sitzen Menschen aus dem ganzen Land zu Gericht, um die Taten aufzuarbeiten&#8220;, hei\u00dft es <a href=\"https:\/\/blog.zeit.de\/nsu-prozess-blog\/2014\/05\/06\/ein-jahr-nsu-prozess-zwischenbilanz\/\" target=\"_blank\">im Text dazu<\/a>. Das Verfahren habe die &#8222;Bedeutung eines gesamtdeutschen Forums&#8220; bekommen, seit dem Beginn sei es trotz zahlreicher Konflikte gut vorangekommen.<\/p>\n<p>Der Prozess habe &#8222;bisher mehr geleistet, als man ihm zugetraut hatte&#8220;, bilanziert Annette Ramelsberger in der <a href=\"http:\/\/www.sueddeutsche.de\/politik\/zschaepe-vor-gericht-nsu-prozess-spiegel-der-gesellschaft-1.1950255\" target=\"_blank\"><em>S\u00fcddeutschen Zeitung<\/em><\/a>. So biete er der Gesellschaft M\u00f6glichkeiten zur Selbstreflektion, &#8222;gerade wenn dort wieder Polizisten auftreten, die keinerlei Fehler bei sich finden wollen&#8220;. Zugleich biete er Einblicke in Ecken der Gesellschaft, die viele B\u00fcrger nicht sehen oder sehen wollen \u2013 vor allem, wenn Menschen aus dem Umfeld der rechten Szene aussagen: &#8222;Da finden scheinbar b\u00fcrgerliche Zeugen nichts dabei, dass ihr Freund, ihr Mann, ihr Schwager Ausl\u00e4nder hasst.&#8220;<\/p>\n<p><strong>Die Ern\u00fcchterungen<\/strong><\/p>\n<p>Und dennoch: An vielen Stellen hakt es im Prozess \u2013 die Rolle des dubiosen V-Manns <a href=\"https:\/\/blog.zeit.de\/nsu-prozess-blog\/2014\/03\/12\/neue-ratsel-im-fall-andreas-t-das-medienlog-vom-mittwoch-12-marz-2014\/\">Andreas T.<\/a> ist bis heute nicht befriedigend gekl\u00e4rt, viele Rechte k\u00f6nnen vor Gericht ungestraft Erinnerungsl\u00fccken vorsch\u00fctzen, was viele Opfervertreter auf die Palme bringt. Die Terrorserie wirft bis heute etliche Fragen auf. &#8222;Die Antworten darauf sind \u2013 ein Jahr nach Beginn des Strafverfahrens \u2013 unbefriedigend&#8220;, kommentiert Marcel F\u00fcrstenau in einem Beitrag f\u00fcr die <a href=\"http:\/\/www.dw.de\/kommentar-ein-jahr-qu%C3%A4lende-wahrheitssuche\/a-17613439\" target=\"_blank\"><em>Deutsche Welle<\/em><\/a>, der auch <a href=\"http:\/\/www.dw.de\/opinion-few-answers-one-year-into-the-nsu-trial\/a-17614176\" target=\"_blank\">auf Englisch<\/a> erschienen ist. Das liege insbesondere daran, dass die Hauptangeklagte Beate Zsch\u00e4pe schweigt. &#8222;So wird der NSU-Prozess wom\u00f6glich enden, ohne dass die mutma\u00dflichen Todessch\u00fctzen von ihrer wichtigsten Helferin oder anderen Mitwissern ausdr\u00fccklich der Taten bezichtigt werden.&#8220;<\/p>\n<p>Zwischen Erwartungen und juristischer Realit\u00e4t klafft eine enorme L\u00fccke \u2013 diese Erkenntnis hat sich mittlerweile allgemein durchgesetzt. &#8222;Ein Jahr und 109 Verhandlungstage sp\u00e4ter herrscht Ern\u00fcchterung vor&#8220;, analysiert Martin Debes in der <a href=\"http:\/\/www.thueringer-allgemeine.de\/web\/zgt\/rechtsterrorismus\/detail\/-\/specific\/Leitartikel-Das-Recht-braucht-Zeit-659687064\" target=\"_blank\"><em>Th\u00fcringer Allgemeinen<\/em><\/a>. Daran tragen offenkundig auch die Opfervertreter einen Anteil, denn sie wollten &#8222;jenen staatlichen Skandal aufdecken, den die Untersuchungsaussch\u00fcsse nicht fanden&#8220;.<\/p>\n<p>Das sieht auch Holger Schmidt vom <a href=\"http:\/\/www.tagesschau.de\/kommentar\/nsuprozess200.html\" target=\"_blank\">S\u00fcdwestrundfunk<\/a> so: &#8222;Die Erwartungen mancher Nebenkl\u00e4ger und Teilen der \u00d6ffentlichkeit m\u00fcssen am Ende geradezu zwangsl\u00e4ufig entt\u00e4uscht werden. Weil sie unrealistisch hoch sind.&#8220; Zudem gehe es vielen von ihnen mehr darum, ihre Ideologie in den Prozess einzubringen, als ihren Mandanten eine Stimme zu geben. Solveig Bach zitiert in einem Artikel auf <em>n-tv.de<\/em> den Strafrechtsprofessor Martin Heger, der r\u00e4t, man sei &#8222;gut beraten, die Exkurse zu den allgemeinpolitischen Umst\u00e4nden und dem polizeilichen Versagen in Grenzen zu halten&#8220;.<\/p>\n<p>Trotzdem: Das Verfahren ist komplex, eine kritische Begleitung durch die Nebenklage ist nahezu unverzichtbar. 13 Jahre zwischen dem Untertauchen des Trios im Jahr 1998 bis zur Enttarnung 2011 sind das Thema in M\u00fcnchen. &#8222;F\u00fcr diese Zeit (\u2026) muss das Leben der Angeklagten und das Sterben der Opfer aufgearbeitet werden&#8220;, schreibt Karin Truscheit in der <a href=\"http:\/\/www.faz.net\/aktuell\/politik\/nsu-prozess\/ein-jahr-nsu-prozess-minirock-und-bomberjacke-12922633.html\" target=\"_blank\"><em>FAZ<\/em><\/a>.<\/p>\n<p><strong>Die Medien<\/strong><\/p>\n<p>Zum Jahrestag erinnern auch mehrere Autoren an den Eklat um die Vergabe der Pressepl\u00e4tze vor Prozessbeginn \u2013 damals hatten mehrere etablierte Medien keinen Platz zugelost bekommen, manch kleine Lokalzeitung hingegen schon. Im R\u00fcckblick eine \u00fcberfl\u00fcssige Aufregung: &#8222;Die Stammbesatzung umfasst zwischen 20 bis 30 Journalisten. Somit kommt es inzwischen des \u00d6fteren vor, dass mehr als die H\u00e4lfte der 50 Pressepl\u00e4tze leer bleiben&#8220;, stellt Debes in der <a href=\"http:\/\/www.thueringer-allgemeine.de\/web\/zgt\/rechtsterrorismus\/detail\/-\/specific\/Ein-Jahr-NSU-Prozess-Jetzt-schauen-endlich-alle-hin-677083049\" target=\"_blank\"><em>Th\u00fcringer Allgemeinen<\/em><\/a> fest.<\/p>\n<p>Ein gewisser Kern an Journalisten berichtet allerdings best\u00e4ndig aus dem Saal und sorgt daf\u00fcr, dass das Thema nicht aus dem gesellschaftlichen Diskurs verschwindet. Zudem verfolgen noch immer viele Zuschauer die Verhandlungen. Tim A\u00dfman vom Bayerischen Rundfunk <a href=\"http:\/\/www.tagesschau.de\/inland\/nsu-jahrestag102.html\" target=\"_blank\">beobachtet<\/a>, dass &#8222;das Medieninteresse (\u2026) weiter ungew\u00f6hnlich gro\u00df&#8220; sei.<\/p>\n<p><strong>Die Sicht der T\u00fcrkei<\/strong><\/p>\n<p>Nach einem Jahr gibt es immer noch keine Antworten \u2013 so lautet das Res\u00fcmee von Celal \u00d6zcan in der t\u00fcrkischsprachigen Tageszeitung <a href=\"http:\/\/www.hurriyet.com.tr\/avrupa\/26354870.asp\" target=\"_blank\"><em>H\u00fcrriyet<\/em><\/a>. Das Gericht versuche die Mosaiksteine zu einem Bild zusammenzuf\u00fcgen, der Prozess insgesamt sei jedoch sehr angespannt. &#8222;Von f\u00fcnf Angeklagten schweigen vier kontinuierlich. Die Zeugen aus dem Umfeld der Angeklagten behaupten, sich nicht mehr an die Ereignisse zu erinnern&#8220;, schreibt \u00d6zcan.<\/p>\n<p>Der Autor geht au\u00dferdem auf die Aussage eines Polizisten ein, nach dessen Angaben im Jahr 1998 Beate Zsch\u00e4pes Haus durchsucht worden war. Dabei seien Waffen und zwei Messer gefunden worden. Das sei eigentlich ein wichtiges Indiz f\u00fcr Zsch\u00e4pes Billigung der Morde, analysiert der Autor. Doch sofort h\u00e4tten sich Zsch\u00e4pes Verteidiger eingeschaltet: Die Aussage des Polizisten k\u00f6nne nicht verwendet werden, denn die Durchsuchung wurde ohne Gerichtsbeschluss durchgef\u00fchrt.<\/p>\n<p>In der <a href=\"http:\/\/www.sabah.com.tr\/Yazarlar\/donat\/2014\/05\/07\/nsu-ne-oldu\" target=\"_blank\"><em>Sabah<\/em><\/a> besch\u00e4ftigt sich Kolumnist Yavuz Donat mit dem anstehenden Deutschland-Besuch des t\u00fcrkischen Ministerpr\u00e4sidenten\u00a0Erdo\u011fan am 24. Mai.\u00a0Erdo\u011fan wird in K\u00f6ln eine Rede halten. Das sei eine gute Gelegenheit, Deutschland an seine eigenen Hausaufgaben zu erinnern \u2013 etwa an die Aufarbeitung der NSU-Morde. Der Prozess w\u00fcrde verschleppt, Beweise verdunkelt. Der deutsche &#8222;tiefe Staat&#8220; (also ein Staat im Staate) w\u00fcrde versuchen diesen &#8222;Schmutz&#8220; zu bedecken, so der Autor. Die deutschen Medien dagegen ignorierten diese angeblichen Verstrickungen.\u00a0Erdo\u011fan m\u00fcsse einige Dinge ansprechen, so Donat. Er erinnert an die Worte, die Bundespr\u00e4sident Joachim Gauck in Ankara gesprochen hatte: &#8222;Freunde sagen manchmal auch unangenehme Dinge.&#8220;<\/p>\n<p><strong>Der 110. Prozesstag<\/strong><\/p>\n<p>Der Jahrestag an sich war nicht sonderlich ergiebig. Geh\u00f6rt werden sollten drei Polizisten zu verschiedenen Tatkomplexen \u2013 doch bereits nach einer halben Stunde war die Beweisaufnahme zu Ende, weil Beate Zsch\u00e4pe \u00fcber \u00dcbelkeit klagte. Es dauerte allerdings noch sechs Stunden, bis Richter Manfred G\u00f6tzl die Sitzung abbrach. Zwischenzeitlich stritten die Prozessbeteiligten \u00fcber ein Gutachten des Arztes, der Zsch\u00e4pe untersucht hatte. Ihm hatte sie gesagt, ihr sei \u00fcbel geworden, nachdem sie eine Mitteilung erhalten hatte \u2013 welche, das sagte sie nicht. &#8222;Zsch\u00e4pe scheint von der Nachricht, die sie kurz vor Prozessbeginn erhalten hat, schwer getroffen zu sein&#8220;, beobachtet Annette Ramelsberger in der <a href=\"http:\/\/www.sueddeutsche.de\/politik\/nsu-prozess-schlechte-nachricht-fuer-zschaepe-1.1952544-2\" target=\"_blank\"><em>S\u00fcddeutschen<\/em><\/a>.<\/p>\n\n<div class=\"embed-wrapper embed-wrapper--blocked js-embed-consent\" data-method=\"embed\">\n<script class=\"raw__source\" type=\"text\/template\"><div class=\"embed-twitter\"><blockquote class=\"twitter-tweet\" data-width=\"550\" data-dnt=\"true\"><p data-replace lang=\"de\" dir=\"ltr\">Mit <a href=\"https:\/\/twitter.com\/hashtag\/Zsch%C3%A4pes?src=hash&amp;ref_src=twsrc%5Etfw\">#Zsch\u00e4pes<\/a> Oma habe die schlechte Nachricht nichts zu tun, sagen ihre Anw\u00e4lte drau\u00dfen vor dem Gerichtsgeb\u00e4ude. <a href=\"https:\/\/twitter.com\/hashtag\/nsu?src=hash&amp;ref_src=twsrc%5Etfw\">#nsu<\/a><\/p>&mdash; PZ hautnah (@PZhautnah) <a href=\"https:\/\/twitter.com\/PZhautnah\/status\/463685489867112448?ref_src=twsrc%5Etfw\">May 6, 2014<\/a><\/blockquote><scr+ipt async src=\"https:\/\/platform.twitter.com\/widgets.js\" charset=\"utf-8\"><\/scr+ipt><\/div><\/script>\n<div class=\"embed-wrapper__inner\">\n<div class=\"embed-wrapper__text\">\n<h3>Empfohlener redaktioneller Inhalt<\/h3>\n<p data-replace=\"no\">An dieser Stelle finden Sie externen Inhalt, der den Artikel erg\u00e4nzt. Sie k\u00f6nnen sich externe Inhalte mit einem Klick anzeigen lassen und wieder ausblenden.<noscript>Bitte aktivieren Sie JavaScript damit Sie diesen Inhalt anzeigen k\u00f6nnen.<\/noscript><\/p>\n<\/div>\n<div class=\"embed-consent\">\n<label class=\"embed-consent__toggle\">\n<input class=\"js-embed-consent__toggle\" type=\"checkbox\" autocomplete=\"off\">\n<span><\/span>\nExterner Inhalt\n<\/label>\n<a href=\"https:\/\/www.zeit.de\/hilfe\/datenschutz\" target=\"_blank\" class=\"embed-consent__datalink-when-active\">Datenschutzerkl\u00e4rung<\/a>\n<\/div>\n<div class=\"embed-wrapper__footer\">\n<p data-replace=\"no\">\nIch bin damit einverstanden, dass mir externe Inhalte angezeigt werden. Damit k\u00f6nnen personenbezogene Daten an Drittplattformen \u00fcbermittelt werden. <a href=\"https:\/\/www.zeit.de\/hilfe\/datenschutz\" target=\"_blank\">Mehr dazu in unserer Datenschutzerkl\u00e4rung.<\/a>\n<\/p>\n<\/div>\n<\/div>\n<\/div>\n<p>Mittlerweile liegt eine Meldung vor, die Aufschluss \u00fcber den Inhalt der schlechten Nachricht f\u00fcr Zsch\u00e4pe geben k\u00f6nnte: Nach Informationen der Nachrichtenagentur <a href=\"http:\/\/www.mittelbayerische.de\/nachrichten\/politik\/artikel\/nsu-beschlagnahme-von-zschaepe-briefen\/1057606\/nsu-beschlagnahme-von-zschaepe-briefen.html\" target=\"_blank\">dpa<\/a> erw\u00e4gt das Gericht, drei Briefe zu beschlagnahmen, die sie an einen Gleichgesinnten in Nordrhein-Westfalen geschrieben hatte. Auf deren Grundlage soll ein Sprachgutachten kl\u00e4ren, ob Zsch\u00e4pe Mitautorin des sogenannten NSU-Manifests ist. Das hatte das Gericht in einem Schreiben vom Freitag angek\u00fcndigt. Seitdem hat Zsch\u00e4pe vermutlich erst am Dienstag wieder ihre Anw\u00e4lte getroffen \u2013 und von der Ma\u00dfnahme erfahren.<\/p>\n<p><em>Mitarbeit: Mirjam Schmidt<\/em><\/p>\n<p>Das n\u00e4chste Medienlog erscheint am Donnerstag, 8. Mai 2014.<\/p>\n","protected":false},"excerpt":{"rendered":"<p>Gestern vor einem Jahr begann der Prozess gegen Beate Zsch\u00e4pe und vier mutma\u00dfliche Unterst\u00fctzer des NSU. Weit \u00fcber 100-mal trat der Staatsschutzsenat seitdem zusammen, er h\u00f6rte Opfer, Zeugen und m\u00f6gliche Helfer. Was hat das Gericht in dieser Zeit erreicht? Zum Jahrestag spiegelt sich das Verfahren umfangreich in den Medien wider. ZEIT ONLINE hat den markanten [&hellip;]<\/p>\n","protected":false},"author":435,"featured_media":0,"comment_status":"open","ping_status":"open","sticky":false,"template":"","format":"standard","meta":{"_jetpack_memberships_contains_paid_content":false,"footnotes":""},"categories":[27531],"tags":[],"class_list":["post-6594","post","type-post","status-publish","format-standard","hentry","category-medienschau"],"yoast_head":"<!-- This site is optimized with the Yoast SEO plugin v21.0 - https:\/\/yoast.com\/wordpress\/plugins\/seo\/ -->\n<title>Schafft der Prozess, was von ihm erwartet wird? \u2013 Das Medienlog vom Mittwoch, 7. Mai 2014 - Das NSU-Prozess-Blog<\/title>\n<meta name=\"robots\" content=\"index, follow, max-snippet:-1, max-image-preview:large, max-video-preview:-1\" \/>\n<link rel=\"canonical\" href=\"https:\/\/blog.zeit.de\/nsu-prozess-blog\/2014\/05\/07\/schafft-der-prozess-was-von-ihm-erwartet-wird-das-medienlog-vom-mittwoch-7-mai-2014\/\" \/>\n<meta property=\"og:locale\" content=\"de_DE\" \/>\n<meta property=\"og:type\" content=\"article\" \/>\n<meta property=\"og:title\" content=\"Schafft der Prozess, was von ihm erwartet wird? \u2013 Das Medienlog vom Mittwoch, 7. Mai 2014 - Das NSU-Prozess-Blog\" \/>\n<meta property=\"og:description\" content=\"Gestern vor einem Jahr begann der Prozess gegen Beate Zsch\u00e4pe und vier mutma\u00dfliche Unterst\u00fctzer des NSU. Weit \u00fcber 100-mal trat der Staatsschutzsenat seitdem zusammen, er h\u00f6rte Opfer, Zeugen und m\u00f6gliche Helfer. Was hat das Gericht in dieser Zeit erreicht? Zum Jahrestag spiegelt sich das Verfahren umfangreich in den Medien wider. ZEIT ONLINE hat den markanten [&hellip;]\" \/>\n<meta property=\"og:url\" content=\"https:\/\/blog.zeit.de\/nsu-prozess-blog\/2014\/05\/07\/schafft-der-prozess-was-von-ihm-erwartet-wird-das-medienlog-vom-mittwoch-7-mai-2014\/\" \/>\n<meta property=\"og:site_name\" content=\"Das NSU-Prozess-Blog\" \/>\n<meta property=\"article:published_time\" content=\"2014-05-07T07:15:45+00:00\" \/>\n<meta property=\"article:modified_time\" content=\"2014-05-07T08:52:49+00:00\" \/>\n<meta name=\"author\" content=\"Tom Sundermann\" \/>\n<meta name=\"twitter:label1\" content=\"Geschrieben von\" \/>\n\t<meta name=\"twitter:data1\" content=\"Tom Sundermann\" \/>\n\t<meta name=\"twitter:label2\" content=\"Gesch\u00e4tzte Lesezeit\" \/>\n\t<meta name=\"twitter:data2\" content=\"6\u00a0Minuten\" \/>\n<script type=\"application\/ld+json\" class=\"yoast-schema-graph\">{\"@context\":\"https:\/\/schema.org\",\"@graph\":[{\"@type\":\"WebPage\",\"@id\":\"https:\/\/blog.zeit.de\/nsu-prozess-blog\/2014\/05\/07\/schafft-der-prozess-was-von-ihm-erwartet-wird-das-medienlog-vom-mittwoch-7-mai-2014\/\",\"url\":\"https:\/\/blog.zeit.de\/nsu-prozess-blog\/2014\/05\/07\/schafft-der-prozess-was-von-ihm-erwartet-wird-das-medienlog-vom-mittwoch-7-mai-2014\/\",\"name\":\"Schafft der Prozess, was von ihm erwartet wird? \u2013 Das Medienlog vom Mittwoch, 7. Mai 2014 - Das NSU-Prozess-Blog\",\"isPartOf\":{\"@id\":\"https:\/\/blog.zeit.de\/nsu-prozess-blog\/#website\"},\"datePublished\":\"2014-05-07T07:15:45+00:00\",\"dateModified\":\"2014-05-07T08:52:49+00:00\",\"author\":{\"@id\":\"https:\/\/blog.zeit.de\/nsu-prozess-blog\/#\/schema\/person\/553ea9bb5d1fc2ae054c589bd59380a5\"},\"breadcrumb\":{\"@id\":\"https:\/\/blog.zeit.de\/nsu-prozess-blog\/2014\/05\/07\/schafft-der-prozess-was-von-ihm-erwartet-wird-das-medienlog-vom-mittwoch-7-mai-2014\/#breadcrumb\"},\"inLanguage\":\"de\",\"potentialAction\":[{\"@type\":\"ReadAction\",\"target\":[\"https:\/\/blog.zeit.de\/nsu-prozess-blog\/2014\/05\/07\/schafft-der-prozess-was-von-ihm-erwartet-wird-das-medienlog-vom-mittwoch-7-mai-2014\/\"]}]},{\"@type\":\"BreadcrumbList\",\"@id\":\"https:\/\/blog.zeit.de\/nsu-prozess-blog\/2014\/05\/07\/schafft-der-prozess-was-von-ihm-erwartet-wird-das-medienlog-vom-mittwoch-7-mai-2014\/#breadcrumb\",\"itemListElement\":[{\"@type\":\"ListItem\",\"position\":1,\"name\":\"Startseite\",\"item\":\"https:\/\/blog.zeit.de\/nsu-prozess-blog\/\"},{\"@type\":\"ListItem\",\"position\":2,\"name\":\"Schafft der Prozess, was von ihm erwartet wird? \u2013 Das Medienlog vom Mittwoch, 7. Mai 2014\"}]},{\"@type\":\"WebSite\",\"@id\":\"https:\/\/blog.zeit.de\/nsu-prozess-blog\/#website\",\"url\":\"https:\/\/blog.zeit.de\/nsu-prozess-blog\/\",\"name\":\"Das NSU-Prozess-Blog\",\"description\":\"Alle Berichte zum Terrorverfahren in M\u00fcnchen\",\"potentialAction\":[{\"@type\":\"SearchAction\",\"target\":{\"@type\":\"EntryPoint\",\"urlTemplate\":\"https:\/\/blog.zeit.de\/nsu-prozess-blog\/?s={search_term_string}\"},\"query-input\":\"required name=search_term_string\"}],\"inLanguage\":\"de\"},{\"@type\":\"Person\",\"@id\":\"https:\/\/blog.zeit.de\/nsu-prozess-blog\/#\/schema\/person\/553ea9bb5d1fc2ae054c589bd59380a5\",\"name\":\"Tom Sundermann\",\"image\":{\"@type\":\"ImageObject\",\"inLanguage\":\"de\",\"@id\":\"https:\/\/blog.zeit.de\/nsu-prozess-blog\/#\/schema\/person\/image\/\",\"url\":\"https:\/\/secure.gravatar.com\/avatar\/e108a3dc18766f719b2f797dc5d19093f06a1870c55b553ab6b7563f1f9a5e68?s=96&d=mm&r=g\",\"contentUrl\":\"https:\/\/secure.gravatar.com\/avatar\/e108a3dc18766f719b2f797dc5d19093f06a1870c55b553ab6b7563f1f9a5e68?s=96&d=mm&r=g\",\"caption\":\"Tom Sundermann\"},\"sameAs\":[\"https:\/\/twitter.com\/messeticker\"],\"url\":\"https:\/\/blog.zeit.de\/nsu-prozess-blog\/author\/tsundermann\/\"}]}<\/script>\n<!-- \/ Yoast SEO plugin. -->","yoast_head_json":{"title":"Schafft der Prozess, was von ihm erwartet wird? \u2013 Das Medienlog vom Mittwoch, 7. Mai 2014 - Das NSU-Prozess-Blog","robots":{"index":"index","follow":"follow","max-snippet":"max-snippet:-1","max-image-preview":"max-image-preview:large","max-video-preview":"max-video-preview:-1"},"canonical":"https:\/\/blog.zeit.de\/nsu-prozess-blog\/2014\/05\/07\/schafft-der-prozess-was-von-ihm-erwartet-wird-das-medienlog-vom-mittwoch-7-mai-2014\/","og_locale":"de_DE","og_type":"article","og_title":"Schafft der Prozess, was von ihm erwartet wird? \u2013 Das Medienlog vom Mittwoch, 7. Mai 2014 - Das NSU-Prozess-Blog","og_description":"Gestern vor einem Jahr begann der Prozess gegen Beate Zsch\u00e4pe und vier mutma\u00dfliche Unterst\u00fctzer des NSU. Weit \u00fcber 100-mal trat der Staatsschutzsenat seitdem zusammen, er h\u00f6rte Opfer, Zeugen und m\u00f6gliche Helfer. Was hat das Gericht in dieser Zeit erreicht? Zum Jahrestag spiegelt sich das Verfahren umfangreich in den Medien wider. ZEIT ONLINE hat den markanten [&hellip;]","og_url":"https:\/\/blog.zeit.de\/nsu-prozess-blog\/2014\/05\/07\/schafft-der-prozess-was-von-ihm-erwartet-wird-das-medienlog-vom-mittwoch-7-mai-2014\/","og_site_name":"Das NSU-Prozess-Blog","article_published_time":"2014-05-07T07:15:45+00:00","article_modified_time":"2014-05-07T08:52:49+00:00","author":"Tom Sundermann","twitter_misc":{"Geschrieben von":"Tom Sundermann","Gesch\u00e4tzte Lesezeit":"6\u00a0Minuten"},"schema":{"@context":"https:\/\/schema.org","@graph":[{"@type":"WebPage","@id":"https:\/\/blog.zeit.de\/nsu-prozess-blog\/2014\/05\/07\/schafft-der-prozess-was-von-ihm-erwartet-wird-das-medienlog-vom-mittwoch-7-mai-2014\/","url":"https:\/\/blog.zeit.de\/nsu-prozess-blog\/2014\/05\/07\/schafft-der-prozess-was-von-ihm-erwartet-wird-das-medienlog-vom-mittwoch-7-mai-2014\/","name":"Schafft der Prozess, was von ihm erwartet wird? \u2013 Das Medienlog vom Mittwoch, 7. Mai 2014 - Das NSU-Prozess-Blog","isPartOf":{"@id":"https:\/\/blog.zeit.de\/nsu-prozess-blog\/#website"},"datePublished":"2014-05-07T07:15:45+00:00","dateModified":"2014-05-07T08:52:49+00:00","author":{"@id":"https:\/\/blog.zeit.de\/nsu-prozess-blog\/#\/schema\/person\/553ea9bb5d1fc2ae054c589bd59380a5"},"breadcrumb":{"@id":"https:\/\/blog.zeit.de\/nsu-prozess-blog\/2014\/05\/07\/schafft-der-prozess-was-von-ihm-erwartet-wird-das-medienlog-vom-mittwoch-7-mai-2014\/#breadcrumb"},"inLanguage":"de","potentialAction":[{"@type":"ReadAction","target":["https:\/\/blog.zeit.de\/nsu-prozess-blog\/2014\/05\/07\/schafft-der-prozess-was-von-ihm-erwartet-wird-das-medienlog-vom-mittwoch-7-mai-2014\/"]}]},{"@type":"BreadcrumbList","@id":"https:\/\/blog.zeit.de\/nsu-prozess-blog\/2014\/05\/07\/schafft-der-prozess-was-von-ihm-erwartet-wird-das-medienlog-vom-mittwoch-7-mai-2014\/#breadcrumb","itemListElement":[{"@type":"ListItem","position":1,"name":"Startseite","item":"https:\/\/blog.zeit.de\/nsu-prozess-blog\/"},{"@type":"ListItem","position":2,"name":"Schafft der Prozess, was von ihm erwartet wird? \u2013 Das Medienlog vom Mittwoch, 7. Mai 2014"}]},{"@type":"WebSite","@id":"https:\/\/blog.zeit.de\/nsu-prozess-blog\/#website","url":"https:\/\/blog.zeit.de\/nsu-prozess-blog\/","name":"Das NSU-Prozess-Blog","description":"Alle Berichte zum Terrorverfahren in M\u00fcnchen","potentialAction":[{"@type":"SearchAction","target":{"@type":"EntryPoint","urlTemplate":"https:\/\/blog.zeit.de\/nsu-prozess-blog\/?s={search_term_string}"},"query-input":"required name=search_term_string"}],"inLanguage":"de"},{"@type":"Person","@id":"https:\/\/blog.zeit.de\/nsu-prozess-blog\/#\/schema\/person\/553ea9bb5d1fc2ae054c589bd59380a5","name":"Tom Sundermann","image":{"@type":"ImageObject","inLanguage":"de","@id":"https:\/\/blog.zeit.de\/nsu-prozess-blog\/#\/schema\/person\/image\/","url":"https:\/\/secure.gravatar.com\/avatar\/e108a3dc18766f719b2f797dc5d19093f06a1870c55b553ab6b7563f1f9a5e68?s=96&d=mm&r=g","contentUrl":"https:\/\/secure.gravatar.com\/avatar\/e108a3dc18766f719b2f797dc5d19093f06a1870c55b553ab6b7563f1f9a5e68?s=96&d=mm&r=g","caption":"Tom Sundermann"},"sameAs":["https:\/\/twitter.com\/messeticker"],"url":"https:\/\/blog.zeit.de\/nsu-prozess-blog\/author\/tsundermann\/"}]}},"jetpack_featured_media_url":"","jetpack_sharing_enabled":true,"_links":{"self":[{"href":"https:\/\/blog.zeit.de\/nsu-prozess-blog\/wp-json\/wp\/v2\/posts\/6594","targetHints":{"allow":["GET"]}}],"collection":[{"href":"https:\/\/blog.zeit.de\/nsu-prozess-blog\/wp-json\/wp\/v2\/posts"}],"about":[{"href":"https:\/\/blog.zeit.de\/nsu-prozess-blog\/wp-json\/wp\/v2\/types\/post"}],"author":[{"embeddable":true,"href":"https:\/\/blog.zeit.de\/nsu-prozess-blog\/wp-json\/wp\/v2\/users\/435"}],"replies":[{"embeddable":true,"href":"https:\/\/blog.zeit.de\/nsu-prozess-blog\/wp-json\/wp\/v2\/comments?post=6594"}],"version-history":[{"count":25,"href":"https:\/\/blog.zeit.de\/nsu-prozess-blog\/wp-json\/wp\/v2\/posts\/6594\/revisions"}],"predecessor-version":[{"id":6634,"href":"https:\/\/blog.zeit.de\/nsu-prozess-blog\/wp-json\/wp\/v2\/posts\/6594\/revisions\/6634"}],"wp:attachment":[{"href":"https:\/\/blog.zeit.de\/nsu-prozess-blog\/wp-json\/wp\/v2\/media?parent=6594"}],"wp:term":[{"taxonomy":"category","embeddable":true,"href":"https:\/\/blog.zeit.de\/nsu-prozess-blog\/wp-json\/wp\/v2\/categories?post=6594"},{"taxonomy":"post_tag","embeddable":true,"href":"https:\/\/blog.zeit.de\/nsu-prozess-blog\/wp-json\/wp\/v2\/tags?post=6594"}],"curies":[{"name":"wp","href":"https:\/\/api.w.org\/{rel}","templated":true}]}}