{"id":6635,"date":"2014-07-08T07:00:42","date_gmt":"2014-07-08T05:00:42","guid":{"rendered":"http:\/\/blog.zeit.de\/nsu-prozess-blog\/?p=6635"},"modified":"2014-07-03T22:36:10","modified_gmt":"2014-07-03T20:36:10","slug":"124-prozesstag-anwalt-thomas-jauch","status":"publish","type":"post","link":"https:\/\/blog.zeit.de\/nsu-prozess-blog\/2014\/07\/08\/124-prozesstag-anwalt-thomas-jauch\/","title":{"rendered":"124. Prozesstag \u2013 Anwalt Thomas Jauch sagt aus"},"content":{"rendered":"<p>Nachdem das NSU-Trio 1998 in den Untergrund gefl\u00fcchtet war, holte es sich juristischen Rat: Beate Zsch\u00e4pe, Uwe Mundlos und Uwe B\u00f6hnhardt lie\u00dfen sich von dem Rechtsanwalt Thomas Jauch aus Wei\u00dfenfels in Sachsen-Anhalt beraten. Jauch tritt am Dienstag in den Zeugenstand. Der Jurist gilt als Szeneanwalt. Dem Antrag einer Nebenklageanw\u00e4ltin zufolge k\u00f6nnte er umfangreiche Kenntnisse \u00fcber das Trio und seine Verbindungen gewonnen haben. Demnach beantragte er bei Gericht Akteneinsicht f\u00fcr die als Bombenbauer gesuchte Gruppe. Den Ansto\u00df, zu einem Anwalt zu gehen, gaben offenbar die Eltern von B\u00f6hnhardt.<\/p>\n<p>Weiterhin sind drei Zeugen geladen, die zum <a href=\"https:\/\/blog.zeit.de\/nsu-prozess-blog\/2014\/05\/21\/der-verhaengnisvolle-bankraub-von-boehnhardt-und-mundlos-das-medienlog-vom-mittwoch-21-mai-2014\/\">Bank\u00fcberfall vom 4. November in Eisenach<\/a> aussagen. Ihre Angaben halfen damals, das Wohnmobil zu finden, in dem Uwe Mundlos und Uwe B\u00f6hnhardt gefl\u00fcchtet waren. In dem Fahrzeug begingen sie Selbstmord.<\/p>\n<p><em>ZEIT ONLINE berichtet aus M\u00fcnchen und fasst den Prozesstag am Abend auf diesem Blog zusammen. Informationen aus der Verhandlung gibt es <a href=\"https:\/\/twitter.com\/zeitonline\/lists\/nsu-prozess\">via Twitter hier<\/a>. Weitere Berichte stellen wir morgen im <a href=\"https:\/\/blog.zeit.de\/nsu-prozess-blog\/category\/medienschau\/\">NSU-Medienlog<\/a> zusammen.<\/em><\/p>\n","protected":false},"excerpt":{"rendered":"<p>Nachdem das NSU-Trio 1998 in den Untergrund gefl\u00fcchtet war, holte es sich juristischen Rat: Beate Zsch\u00e4pe, Uwe Mundlos und Uwe B\u00f6hnhardt lie\u00dfen sich von dem Rechtsanwalt Thomas Jauch aus Wei\u00dfenfels in Sachsen-Anhalt beraten. Jauch tritt am Dienstag in den Zeugenstand. Der Jurist gilt als Szeneanwalt. Dem Antrag einer Nebenklageanw\u00e4ltin zufolge k\u00f6nnte er umfangreiche Kenntnisse \u00fcber [&hellip;]<\/p>\n","protected":false},"author":435,"featured_media":0,"comment_status":"open","ping_status":"open","sticky":false,"template":"","format":"standard","meta":{"_jetpack_memberships_contains_paid_content":false,"footnotes":""},"categories":[27532],"tags":[29457,24573,29527],"class_list":["post-6635","post","type-post","status-publish","format-standard","hentry","category-prozesstage","tag-bankuberfall","tag-eisenach","tag-thomas-jauch"],"yoast_head":"<!-- This site is optimized with the Yoast SEO plugin v21.0 - https:\/\/yoast.com\/wordpress\/plugins\/seo\/ -->\n<title>124. Prozesstag \u2013 Anwalt Thomas Jauch sagt aus - Das NSU-Prozess-Blog<\/title>\n<meta name=\"robots\" content=\"index, follow, max-snippet:-1, max-image-preview:large, max-video-preview:-1\" \/>\n<link rel=\"canonical\" href=\"https:\/\/blog.zeit.de\/nsu-prozess-blog\/2014\/07\/08\/124-prozesstag-anwalt-thomas-jauch\/\" \/>\n<meta property=\"og:locale\" content=\"de_DE\" \/>\n<meta property=\"og:type\" content=\"article\" \/>\n<meta property=\"og:title\" content=\"124. Prozesstag \u2013 Anwalt Thomas Jauch sagt aus - Das NSU-Prozess-Blog\" \/>\n<meta property=\"og:description\" content=\"Nachdem das NSU-Trio 1998 in den Untergrund gefl\u00fcchtet war, holte es sich juristischen Rat: Beate Zsch\u00e4pe, Uwe Mundlos und Uwe B\u00f6hnhardt lie\u00dfen sich von dem Rechtsanwalt Thomas Jauch aus Wei\u00dfenfels in Sachsen-Anhalt beraten. Jauch tritt am Dienstag in den Zeugenstand. Der Jurist gilt als Szeneanwalt. Dem Antrag einer Nebenklageanw\u00e4ltin zufolge k\u00f6nnte er umfangreiche Kenntnisse \u00fcber [&hellip;]\" \/>\n<meta property=\"og:url\" content=\"https:\/\/blog.zeit.de\/nsu-prozess-blog\/2014\/07\/08\/124-prozesstag-anwalt-thomas-jauch\/\" \/>\n<meta property=\"og:site_name\" content=\"Das NSU-Prozess-Blog\" \/>\n<meta property=\"article:published_time\" content=\"2014-07-08T05:00:42+00:00\" \/>\n<meta property=\"article:modified_time\" content=\"2014-07-03T20:36:10+00:00\" \/>\n<meta name=\"author\" content=\"Tom Sundermann\" \/>\n<meta name=\"twitter:label1\" content=\"Geschrieben von\" \/>\n\t<meta name=\"twitter:data1\" content=\"Tom Sundermann\" \/>\n\t<meta name=\"twitter:label2\" content=\"Gesch\u00e4tzte Lesezeit\" \/>\n\t<meta name=\"twitter:data2\" content=\"1\u00a0Minute\" \/>\n<script type=\"application\/ld+json\" class=\"yoast-schema-graph\">{\"@context\":\"https:\/\/schema.org\",\"@graph\":[{\"@type\":\"WebPage\",\"@id\":\"https:\/\/blog.zeit.de\/nsu-prozess-blog\/2014\/07\/08\/124-prozesstag-anwalt-thomas-jauch\/\",\"url\":\"https:\/\/blog.zeit.de\/nsu-prozess-blog\/2014\/07\/08\/124-prozesstag-anwalt-thomas-jauch\/\",\"name\":\"124. Prozesstag \u2013 Anwalt Thomas Jauch sagt aus - Das NSU-Prozess-Blog\",\"isPartOf\":{\"@id\":\"https:\/\/blog.zeit.de\/nsu-prozess-blog\/#website\"},\"datePublished\":\"2014-07-08T05:00:42+00:00\",\"dateModified\":\"2014-07-03T20:36:10+00:00\",\"author\":{\"@id\":\"https:\/\/blog.zeit.de\/nsu-prozess-blog\/#\/schema\/person\/553ea9bb5d1fc2ae054c589bd59380a5\"},\"breadcrumb\":{\"@id\":\"https:\/\/blog.zeit.de\/nsu-prozess-blog\/2014\/07\/08\/124-prozesstag-anwalt-thomas-jauch\/#breadcrumb\"},\"inLanguage\":\"de\",\"potentialAction\":[{\"@type\":\"ReadAction\",\"target\":[\"https:\/\/blog.zeit.de\/nsu-prozess-blog\/2014\/07\/08\/124-prozesstag-anwalt-thomas-jauch\/\"]}]},{\"@type\":\"BreadcrumbList\",\"@id\":\"https:\/\/blog.zeit.de\/nsu-prozess-blog\/2014\/07\/08\/124-prozesstag-anwalt-thomas-jauch\/#breadcrumb\",\"itemListElement\":[{\"@type\":\"ListItem\",\"position\":1,\"name\":\"Startseite\",\"item\":\"https:\/\/blog.zeit.de\/nsu-prozess-blog\/\"},{\"@type\":\"ListItem\",\"position\":2,\"name\":\"124. Prozesstag \u2013 Anwalt Thomas Jauch sagt aus\"}]},{\"@type\":\"WebSite\",\"@id\":\"https:\/\/blog.zeit.de\/nsu-prozess-blog\/#website\",\"url\":\"https:\/\/blog.zeit.de\/nsu-prozess-blog\/\",\"name\":\"Das NSU-Prozess-Blog\",\"description\":\"Alle Berichte zum Terrorverfahren in M\u00fcnchen\",\"potentialAction\":[{\"@type\":\"SearchAction\",\"target\":{\"@type\":\"EntryPoint\",\"urlTemplate\":\"https:\/\/blog.zeit.de\/nsu-prozess-blog\/?s={search_term_string}\"},\"query-input\":\"required name=search_term_string\"}],\"inLanguage\":\"de\"},{\"@type\":\"Person\",\"@id\":\"https:\/\/blog.zeit.de\/nsu-prozess-blog\/#\/schema\/person\/553ea9bb5d1fc2ae054c589bd59380a5\",\"name\":\"Tom Sundermann\",\"image\":{\"@type\":\"ImageObject\",\"inLanguage\":\"de\",\"@id\":\"https:\/\/blog.zeit.de\/nsu-prozess-blog\/#\/schema\/person\/image\/\",\"url\":\"https:\/\/secure.gravatar.com\/avatar\/e108a3dc18766f719b2f797dc5d19093f06a1870c55b553ab6b7563f1f9a5e68?s=96&d=mm&r=g\",\"contentUrl\":\"https:\/\/secure.gravatar.com\/avatar\/e108a3dc18766f719b2f797dc5d19093f06a1870c55b553ab6b7563f1f9a5e68?s=96&d=mm&r=g\",\"caption\":\"Tom Sundermann\"},\"sameAs\":[\"https:\/\/twitter.com\/messeticker\"],\"url\":\"https:\/\/blog.zeit.de\/nsu-prozess-blog\/author\/tsundermann\/\"}]}<\/script>\n<!-- \/ Yoast SEO plugin. -->","yoast_head_json":{"title":"124. Prozesstag \u2013 Anwalt Thomas Jauch sagt aus - Das NSU-Prozess-Blog","robots":{"index":"index","follow":"follow","max-snippet":"max-snippet:-1","max-image-preview":"max-image-preview:large","max-video-preview":"max-video-preview:-1"},"canonical":"https:\/\/blog.zeit.de\/nsu-prozess-blog\/2014\/07\/08\/124-prozesstag-anwalt-thomas-jauch\/","og_locale":"de_DE","og_type":"article","og_title":"124. Prozesstag \u2013 Anwalt Thomas Jauch sagt aus - Das NSU-Prozess-Blog","og_description":"Nachdem das NSU-Trio 1998 in den Untergrund gefl\u00fcchtet war, holte es sich juristischen Rat: Beate Zsch\u00e4pe, Uwe Mundlos und Uwe B\u00f6hnhardt lie\u00dfen sich von dem Rechtsanwalt Thomas Jauch aus Wei\u00dfenfels in Sachsen-Anhalt beraten. Jauch tritt am Dienstag in den Zeugenstand. Der Jurist gilt als Szeneanwalt. Dem Antrag einer Nebenklageanw\u00e4ltin zufolge k\u00f6nnte er umfangreiche Kenntnisse \u00fcber [&hellip;]","og_url":"https:\/\/blog.zeit.de\/nsu-prozess-blog\/2014\/07\/08\/124-prozesstag-anwalt-thomas-jauch\/","og_site_name":"Das NSU-Prozess-Blog","article_published_time":"2014-07-08T05:00:42+00:00","article_modified_time":"2014-07-03T20:36:10+00:00","author":"Tom Sundermann","twitter_misc":{"Geschrieben von":"Tom Sundermann","Gesch\u00e4tzte Lesezeit":"1\u00a0Minute"},"schema":{"@context":"https:\/\/schema.org","@graph":[{"@type":"WebPage","@id":"https:\/\/blog.zeit.de\/nsu-prozess-blog\/2014\/07\/08\/124-prozesstag-anwalt-thomas-jauch\/","url":"https:\/\/blog.zeit.de\/nsu-prozess-blog\/2014\/07\/08\/124-prozesstag-anwalt-thomas-jauch\/","name":"124. Prozesstag \u2013 Anwalt Thomas Jauch sagt aus - Das NSU-Prozess-Blog","isPartOf":{"@id":"https:\/\/blog.zeit.de\/nsu-prozess-blog\/#website"},"datePublished":"2014-07-08T05:00:42+00:00","dateModified":"2014-07-03T20:36:10+00:00","author":{"@id":"https:\/\/blog.zeit.de\/nsu-prozess-blog\/#\/schema\/person\/553ea9bb5d1fc2ae054c589bd59380a5"},"breadcrumb":{"@id":"https:\/\/blog.zeit.de\/nsu-prozess-blog\/2014\/07\/08\/124-prozesstag-anwalt-thomas-jauch\/#breadcrumb"},"inLanguage":"de","potentialAction":[{"@type":"ReadAction","target":["https:\/\/blog.zeit.de\/nsu-prozess-blog\/2014\/07\/08\/124-prozesstag-anwalt-thomas-jauch\/"]}]},{"@type":"BreadcrumbList","@id":"https:\/\/blog.zeit.de\/nsu-prozess-blog\/2014\/07\/08\/124-prozesstag-anwalt-thomas-jauch\/#breadcrumb","itemListElement":[{"@type":"ListItem","position":1,"name":"Startseite","item":"https:\/\/blog.zeit.de\/nsu-prozess-blog\/"},{"@type":"ListItem","position":2,"name":"124. Prozesstag \u2013 Anwalt Thomas Jauch sagt aus"}]},{"@type":"WebSite","@id":"https:\/\/blog.zeit.de\/nsu-prozess-blog\/#website","url":"https:\/\/blog.zeit.de\/nsu-prozess-blog\/","name":"Das NSU-Prozess-Blog","description":"Alle Berichte zum Terrorverfahren in M\u00fcnchen","potentialAction":[{"@type":"SearchAction","target":{"@type":"EntryPoint","urlTemplate":"https:\/\/blog.zeit.de\/nsu-prozess-blog\/?s={search_term_string}"},"query-input":"required name=search_term_string"}],"inLanguage":"de"},{"@type":"Person","@id":"https:\/\/blog.zeit.de\/nsu-prozess-blog\/#\/schema\/person\/553ea9bb5d1fc2ae054c589bd59380a5","name":"Tom Sundermann","image":{"@type":"ImageObject","inLanguage":"de","@id":"https:\/\/blog.zeit.de\/nsu-prozess-blog\/#\/schema\/person\/image\/","url":"https:\/\/secure.gravatar.com\/avatar\/e108a3dc18766f719b2f797dc5d19093f06a1870c55b553ab6b7563f1f9a5e68?s=96&d=mm&r=g","contentUrl":"https:\/\/secure.gravatar.com\/avatar\/e108a3dc18766f719b2f797dc5d19093f06a1870c55b553ab6b7563f1f9a5e68?s=96&d=mm&r=g","caption":"Tom Sundermann"},"sameAs":["https:\/\/twitter.com\/messeticker"],"url":"https:\/\/blog.zeit.de\/nsu-prozess-blog\/author\/tsundermann\/"}]}},"jetpack_featured_media_url":"","jetpack_sharing_enabled":true,"_links":{"self":[{"href":"https:\/\/blog.zeit.de\/nsu-prozess-blog\/wp-json\/wp\/v2\/posts\/6635","targetHints":{"allow":["GET"]}}],"collection":[{"href":"https:\/\/blog.zeit.de\/nsu-prozess-blog\/wp-json\/wp\/v2\/posts"}],"about":[{"href":"https:\/\/blog.zeit.de\/nsu-prozess-blog\/wp-json\/wp\/v2\/types\/post"}],"author":[{"embeddable":true,"href":"https:\/\/blog.zeit.de\/nsu-prozess-blog\/wp-json\/wp\/v2\/users\/435"}],"replies":[{"embeddable":true,"href":"https:\/\/blog.zeit.de\/nsu-prozess-blog\/wp-json\/wp\/v2\/comments?post=6635"}],"version-history":[{"count":6,"href":"https:\/\/blog.zeit.de\/nsu-prozess-blog\/wp-json\/wp\/v2\/posts\/6635\/revisions"}],"predecessor-version":[{"id":7145,"href":"https:\/\/blog.zeit.de\/nsu-prozess-blog\/wp-json\/wp\/v2\/posts\/6635\/revisions\/7145"}],"wp:attachment":[{"href":"https:\/\/blog.zeit.de\/nsu-prozess-blog\/wp-json\/wp\/v2\/media?parent=6635"}],"wp:term":[{"taxonomy":"category","embeddable":true,"href":"https:\/\/blog.zeit.de\/nsu-prozess-blog\/wp-json\/wp\/v2\/categories?post=6635"},{"taxonomy":"post_tag","embeddable":true,"href":"https:\/\/blog.zeit.de\/nsu-prozess-blog\/wp-json\/wp\/v2\/tags?post=6635"}],"curies":[{"name":"wp","href":"https:\/\/api.w.org\/{rel}","templated":true}]}}