{"id":6640,"date":"2014-05-08T08:40:02","date_gmt":"2014-05-08T06:40:02","guid":{"rendered":"http:\/\/blog.zeit.de\/nsu-prozess-blog\/?p=6640"},"modified":"2014-05-08T09:32:38","modified_gmt":"2014-05-08T07:32:38","slug":"zschaepe-will-sich-nicht-begutachten-lassen-das-medienlog-vom-donnerstag-8-mai-2014","status":"publish","type":"post","link":"https:\/\/blog.zeit.de\/nsu-prozess-blog\/2014\/05\/08\/zschaepe-will-sich-nicht-begutachten-lassen-das-medienlog-vom-donnerstag-8-mai-2014\/","title":{"rendered":"Zsch\u00e4pe will sich nicht begutachten lassen \u2013 Das Medienlog vom Donnerstag, 8. Mai 2014"},"content":{"rendered":"<p>Zuschauer und Journalisten, Ankl\u00e4ger und Angeklagte \u2013 bis auf Beate Zsch\u00e4pe waren am Mittwochmorgen alle auf ihren Pl\u00e4tzen. Dann kam Richter Manfred G\u00f6tzl ohne Robe in den Saal und verk\u00fcndete, dass <a href=\"https:\/\/blog.zeit.de\/nsu-prozess-blog\/2014\/05\/07\/111-prozesstag-wohllebens-frau-und-boehnhardts-bruder\/\">die Sitzung ausf\u00e4llt<\/a>. Beate Zsch\u00e4pe ist offenbar erkrankt. <a href=\"https:\/\/blog.zeit.de\/nsu-prozess-blog\/2014\/05\/07\/schafft-der-prozess-was-von-ihm-erwartet-wird-das-medienlog-vom-mittwoch-7-mai-2014\/\">Am Vortag<\/a> hatte sie angegeben, ihr sei nach Erhalt einer Mitteilung \u00fcbel geworden. Wahrscheinlich handelt es sich dabei um die Ank\u00fcndigung des Gerichts, drei Briefe von ihr zu beschlagnahmen. Sollte es dazu kommen, &#8222;w\u00fcrde Zsch\u00e4pes Pers\u00f6nlichkeit halbwegs transparent&#8220;, analysiert Frank Jansen im <a href=\"http:\/\/www.tagesspiegel.de\/politik\/nsu-prozess-was-steckt-hinter-der-uebelkeit-von-beate-zschaepe\/9858244.html\" target=\"_blank\"><em>Tagesspiegel<\/em><\/a>. &#8222;Daran hat die Angeklagte (&#8230;) offenbar kein Interesse.&#8220;<\/p>\n<p><!--more--><\/p>\n<p><em>An jedem Werktag sichten wir f\u00fcr das NSU-Prozess-Blog die Medien und stellen wichtige Berichte, Blogs, Videos und Tweets zusammen. Wir freuen uns \u00fcber Hinweise via Twitter mit dem Hashtag #nsublog \u2013 oder per E-Mail an <a href=\"mailto:nsublog@zeit.de\">nsublog@zeit.de<\/a>.<\/em><\/p>\n<p>Die Briefe, deren Inhalt in zwei F\u00e4llen bekannt ist, schrieb Zsch\u00e4pe an den Dortmunder Neonazi Robin S., der in Bielefeld inhaftiert ist. Das Gericht will sie von Sprachgutachtern analysieren lassen, um zu pr\u00fcfen, ob Zsch\u00e4pe Mitautorin des sogenannten NSU-Manifests ist. Jansen berichtet unter Berufung auf Justizkreise, dass der Beschluss des Strafsenats der Hauptangeklagten zu schaffen mache.<\/p>\n<p>Fraglich ist: F\u00fcrchtet Zsch\u00e4pe eher eine Verletzung ihrer Privatsph\u00e4re oder die juristischen Schl\u00fcsse, die aus einem Gutachten gezogen werden k\u00f6nnten? F\u00fcr das Verfahren ist die Analyse wom\u00f6glich bedeutungslos, wie Christoph Trost von der Nachrichtenagentur <a href=\"http:\/\/www.augsburger-allgemeine.de\/bayern\/Zschaepe-Briefe-Expertin-zweifelt-an-Aussagekraft-von-Sprachgutachten-id29764581.html\" target=\"_blank\">dpa<\/a> einsch\u00e4tzt. Grund ist der Vermerk einer Expertin des Bundeskriminalamts, den das Gericht angefordert hatte: Darin werden mehrere Probleme aufgelistet, die einen Vergleich erschweren. Das NSU-Manifest enthalte viele Fehler und Stilmerkmale, die h\u00e4ufig vork\u00e4men.<\/p>\n<p>Auch Bj\u00f6rn Hengst bringt Zsch\u00e4pes gesundheitliche Probleme auf <a href=\"http:\/\/www.spiegel.de\/panorama\/justiz\/zschaepe-krank-nsu-prozesstag-faellt-aus-a-968081.html\" target=\"_blank\"><em>Spiegel Online<\/em><\/a> mit der Beschlagnahme in Verbindung. Er schildert zudem den Auftritt von Jaqueline Wohlleben an der Seite ihres Mannes Ralf, der als NSU-Unterst\u00fctzer angeklagt ist. Seine Frau war f\u00fcr diesen Tag als Zeugin geladen.<\/p>\n<p>Nach dem Abbruch der Sitzung am Dienstag lobt Michael Giese in den <a href=\"http:\/\/www.wn.de\/Kommentar\/Ein-Jahr-NSU-Prozess-Auf-gutem-Weg\" target=\"_blank\"><em>Westf\u00e4lischen Nachrichten<\/em><\/a> die Arbeit von Richter Manfred G\u00f6tzl. Mit der Unterbrechung habe der Vorsitzende Ruhe ins Verfahren gebracht \u2013 das ansonsten selten von Harmonie gepr\u00e4gt sei: &#8222;Der Richter hat dieses Mammut-Ereignis im Griff&#8220;, bilanziert der Autor. Daher gebe es Hoffnung auf &#8222;ein befriedendes Ende&#8220;.<\/p>\n<p>Felix Hansen verfolgt den Prozess f\u00fcr die Initiative <a href=\"http:\/\/www.nsu-watch.info\/\" target=\"_blank\"><em>NSU Watch<\/em><\/a>. Im <a href=\"http:\/\/jetzt.sueddeutsche.de\/texte\/anzeigen\/586560\/Normalitaet-mit-Hitlerbild\" target=\"_blank\"><em>Jetzt<\/em><\/a>-Magazin der <em>S\u00fcddeutschen Zeitung<\/em> schildert er die Momente, die ihm innerhalb des vergangenen Jahres am deutlichsten im Ged\u00e4chtnis geblieben sind \u2013 dazu z\u00e4hlt er die bewegende Vernehmung des <a href=\"http:\/\/www.zeit.de\/gesellschaft\/zeitgeschehen\/2013-10\/ismail-yozgat-nsu-prozess-antworten-kassel-verfassungschutz\">Vaters von Halit Yozgat<\/a>, die Aussage \u00fcber ein <a href=\"http:\/\/www.zeit.de\/gesellschaft\/zeitgeschehen\/2013-07\/nsu-prozess-zschaepe-nachbar\">Hitlerbild im Keller<\/a> von Zsch\u00e4pes Nachbar oder den Auftritt des <a href=\"http:\/\/www.zeit.de\/gesellschaft\/zeitgeschehen\/2013-07\/nsu-prozess-kilic-zschaepe\">Ermittlers Josef Wilfling<\/a>, der nach dem Mord an Habil Kilic vorwiegend im Bereich der organisierten Kriminalit\u00e4t recherchierte.<\/p>\n<p><em>Das n\u00e4chste Medienlog erscheint am Freitag, 9. Mai 2014.<\/em><\/p>\n","protected":false},"excerpt":{"rendered":"<p>Zuschauer und Journalisten, Ankl\u00e4ger und Angeklagte \u2013 bis auf Beate Zsch\u00e4pe waren am Mittwochmorgen alle auf ihren Pl\u00e4tzen. Dann kam Richter Manfred G\u00f6tzl ohne Robe in den Saal und verk\u00fcndete, dass die Sitzung ausf\u00e4llt. Beate Zsch\u00e4pe ist offenbar erkrankt. Am Vortag hatte sie angegeben, ihr sei nach Erhalt einer Mitteilung \u00fcbel geworden. Wahrscheinlich handelt es [&hellip;]<\/p>\n","protected":false},"author":435,"featured_media":0,"comment_status":"open","ping_status":"open","sticky":false,"template":"","format":"standard","meta":{"_jetpack_memberships_contains_paid_content":false,"footnotes":""},"categories":[27531],"tags":[],"class_list":["post-6640","post","type-post","status-publish","format-standard","hentry","category-medienschau"],"yoast_head":"<!-- This site is optimized with the Yoast SEO plugin v21.0 - https:\/\/yoast.com\/wordpress\/plugins\/seo\/ -->\n<title>Zsch\u00e4pe will sich nicht begutachten lassen \u2013 Das Medienlog vom Donnerstag, 8. Mai 2014 - Das NSU-Prozess-Blog<\/title>\n<meta name=\"robots\" content=\"index, follow, max-snippet:-1, max-image-preview:large, max-video-preview:-1\" \/>\n<link rel=\"canonical\" href=\"https:\/\/blog.zeit.de\/nsu-prozess-blog\/2014\/05\/08\/zschaepe-will-sich-nicht-begutachten-lassen-das-medienlog-vom-donnerstag-8-mai-2014\/\" \/>\n<meta property=\"og:locale\" content=\"de_DE\" \/>\n<meta property=\"og:type\" content=\"article\" \/>\n<meta property=\"og:title\" content=\"Zsch\u00e4pe will sich nicht begutachten lassen \u2013 Das Medienlog vom Donnerstag, 8. Mai 2014 - Das NSU-Prozess-Blog\" \/>\n<meta property=\"og:description\" content=\"Zuschauer und Journalisten, Ankl\u00e4ger und Angeklagte \u2013 bis auf Beate Zsch\u00e4pe waren am Mittwochmorgen alle auf ihren Pl\u00e4tzen. Dann kam Richter Manfred G\u00f6tzl ohne Robe in den Saal und verk\u00fcndete, dass die Sitzung ausf\u00e4llt. Beate Zsch\u00e4pe ist offenbar erkrankt. Am Vortag hatte sie angegeben, ihr sei nach Erhalt einer Mitteilung \u00fcbel geworden. Wahrscheinlich handelt es [&hellip;]\" \/>\n<meta property=\"og:url\" content=\"https:\/\/blog.zeit.de\/nsu-prozess-blog\/2014\/05\/08\/zschaepe-will-sich-nicht-begutachten-lassen-das-medienlog-vom-donnerstag-8-mai-2014\/\" \/>\n<meta property=\"og:site_name\" content=\"Das NSU-Prozess-Blog\" \/>\n<meta property=\"article:published_time\" content=\"2014-05-08T06:40:02+00:00\" \/>\n<meta property=\"article:modified_time\" content=\"2014-05-08T07:32:38+00:00\" \/>\n<meta name=\"author\" content=\"Tom Sundermann\" \/>\n<meta name=\"twitter:label1\" content=\"Geschrieben von\" \/>\n\t<meta name=\"twitter:data1\" content=\"Tom Sundermann\" \/>\n\t<meta name=\"twitter:label2\" content=\"Gesch\u00e4tzte Lesezeit\" \/>\n\t<meta name=\"twitter:data2\" content=\"2\u00a0Minuten\" \/>\n<script type=\"application\/ld+json\" class=\"yoast-schema-graph\">{\"@context\":\"https:\/\/schema.org\",\"@graph\":[{\"@type\":\"WebPage\",\"@id\":\"https:\/\/blog.zeit.de\/nsu-prozess-blog\/2014\/05\/08\/zschaepe-will-sich-nicht-begutachten-lassen-das-medienlog-vom-donnerstag-8-mai-2014\/\",\"url\":\"https:\/\/blog.zeit.de\/nsu-prozess-blog\/2014\/05\/08\/zschaepe-will-sich-nicht-begutachten-lassen-das-medienlog-vom-donnerstag-8-mai-2014\/\",\"name\":\"Zsch\u00e4pe will sich nicht begutachten lassen \u2013 Das Medienlog vom Donnerstag, 8. Mai 2014 - Das NSU-Prozess-Blog\",\"isPartOf\":{\"@id\":\"https:\/\/blog.zeit.de\/nsu-prozess-blog\/#website\"},\"datePublished\":\"2014-05-08T06:40:02+00:00\",\"dateModified\":\"2014-05-08T07:32:38+00:00\",\"author\":{\"@id\":\"https:\/\/blog.zeit.de\/nsu-prozess-blog\/#\/schema\/person\/553ea9bb5d1fc2ae054c589bd59380a5\"},\"breadcrumb\":{\"@id\":\"https:\/\/blog.zeit.de\/nsu-prozess-blog\/2014\/05\/08\/zschaepe-will-sich-nicht-begutachten-lassen-das-medienlog-vom-donnerstag-8-mai-2014\/#breadcrumb\"},\"inLanguage\":\"de\",\"potentialAction\":[{\"@type\":\"ReadAction\",\"target\":[\"https:\/\/blog.zeit.de\/nsu-prozess-blog\/2014\/05\/08\/zschaepe-will-sich-nicht-begutachten-lassen-das-medienlog-vom-donnerstag-8-mai-2014\/\"]}]},{\"@type\":\"BreadcrumbList\",\"@id\":\"https:\/\/blog.zeit.de\/nsu-prozess-blog\/2014\/05\/08\/zschaepe-will-sich-nicht-begutachten-lassen-das-medienlog-vom-donnerstag-8-mai-2014\/#breadcrumb\",\"itemListElement\":[{\"@type\":\"ListItem\",\"position\":1,\"name\":\"Startseite\",\"item\":\"https:\/\/blog.zeit.de\/nsu-prozess-blog\/\"},{\"@type\":\"ListItem\",\"position\":2,\"name\":\"Zsch\u00e4pe will sich nicht begutachten lassen \u2013 Das Medienlog vom Donnerstag, 8. Mai 2014\"}]},{\"@type\":\"WebSite\",\"@id\":\"https:\/\/blog.zeit.de\/nsu-prozess-blog\/#website\",\"url\":\"https:\/\/blog.zeit.de\/nsu-prozess-blog\/\",\"name\":\"Das NSU-Prozess-Blog\",\"description\":\"Alle Berichte zum Terrorverfahren in M\u00fcnchen\",\"potentialAction\":[{\"@type\":\"SearchAction\",\"target\":{\"@type\":\"EntryPoint\",\"urlTemplate\":\"https:\/\/blog.zeit.de\/nsu-prozess-blog\/?s={search_term_string}\"},\"query-input\":\"required name=search_term_string\"}],\"inLanguage\":\"de\"},{\"@type\":\"Person\",\"@id\":\"https:\/\/blog.zeit.de\/nsu-prozess-blog\/#\/schema\/person\/553ea9bb5d1fc2ae054c589bd59380a5\",\"name\":\"Tom Sundermann\",\"image\":{\"@type\":\"ImageObject\",\"inLanguage\":\"de\",\"@id\":\"https:\/\/blog.zeit.de\/nsu-prozess-blog\/#\/schema\/person\/image\/\",\"url\":\"https:\/\/secure.gravatar.com\/avatar\/e108a3dc18766f719b2f797dc5d19093f06a1870c55b553ab6b7563f1f9a5e68?s=96&d=mm&r=g\",\"contentUrl\":\"https:\/\/secure.gravatar.com\/avatar\/e108a3dc18766f719b2f797dc5d19093f06a1870c55b553ab6b7563f1f9a5e68?s=96&d=mm&r=g\",\"caption\":\"Tom Sundermann\"},\"sameAs\":[\"https:\/\/twitter.com\/messeticker\"],\"url\":\"https:\/\/blog.zeit.de\/nsu-prozess-blog\/author\/tsundermann\/\"}]}<\/script>\n<!-- \/ Yoast SEO plugin. -->","yoast_head_json":{"title":"Zsch\u00e4pe will sich nicht begutachten lassen \u2013 Das Medienlog vom Donnerstag, 8. Mai 2014 - Das NSU-Prozess-Blog","robots":{"index":"index","follow":"follow","max-snippet":"max-snippet:-1","max-image-preview":"max-image-preview:large","max-video-preview":"max-video-preview:-1"},"canonical":"https:\/\/blog.zeit.de\/nsu-prozess-blog\/2014\/05\/08\/zschaepe-will-sich-nicht-begutachten-lassen-das-medienlog-vom-donnerstag-8-mai-2014\/","og_locale":"de_DE","og_type":"article","og_title":"Zsch\u00e4pe will sich nicht begutachten lassen \u2013 Das Medienlog vom Donnerstag, 8. Mai 2014 - Das NSU-Prozess-Blog","og_description":"Zuschauer und Journalisten, Ankl\u00e4ger und Angeklagte \u2013 bis auf Beate Zsch\u00e4pe waren am Mittwochmorgen alle auf ihren Pl\u00e4tzen. Dann kam Richter Manfred G\u00f6tzl ohne Robe in den Saal und verk\u00fcndete, dass die Sitzung ausf\u00e4llt. Beate Zsch\u00e4pe ist offenbar erkrankt. Am Vortag hatte sie angegeben, ihr sei nach Erhalt einer Mitteilung \u00fcbel geworden. Wahrscheinlich handelt es [&hellip;]","og_url":"https:\/\/blog.zeit.de\/nsu-prozess-blog\/2014\/05\/08\/zschaepe-will-sich-nicht-begutachten-lassen-das-medienlog-vom-donnerstag-8-mai-2014\/","og_site_name":"Das NSU-Prozess-Blog","article_published_time":"2014-05-08T06:40:02+00:00","article_modified_time":"2014-05-08T07:32:38+00:00","author":"Tom Sundermann","twitter_misc":{"Geschrieben von":"Tom Sundermann","Gesch\u00e4tzte Lesezeit":"2\u00a0Minuten"},"schema":{"@context":"https:\/\/schema.org","@graph":[{"@type":"WebPage","@id":"https:\/\/blog.zeit.de\/nsu-prozess-blog\/2014\/05\/08\/zschaepe-will-sich-nicht-begutachten-lassen-das-medienlog-vom-donnerstag-8-mai-2014\/","url":"https:\/\/blog.zeit.de\/nsu-prozess-blog\/2014\/05\/08\/zschaepe-will-sich-nicht-begutachten-lassen-das-medienlog-vom-donnerstag-8-mai-2014\/","name":"Zsch\u00e4pe will sich nicht begutachten lassen \u2013 Das Medienlog vom Donnerstag, 8. Mai 2014 - Das NSU-Prozess-Blog","isPartOf":{"@id":"https:\/\/blog.zeit.de\/nsu-prozess-blog\/#website"},"datePublished":"2014-05-08T06:40:02+00:00","dateModified":"2014-05-08T07:32:38+00:00","author":{"@id":"https:\/\/blog.zeit.de\/nsu-prozess-blog\/#\/schema\/person\/553ea9bb5d1fc2ae054c589bd59380a5"},"breadcrumb":{"@id":"https:\/\/blog.zeit.de\/nsu-prozess-blog\/2014\/05\/08\/zschaepe-will-sich-nicht-begutachten-lassen-das-medienlog-vom-donnerstag-8-mai-2014\/#breadcrumb"},"inLanguage":"de","potentialAction":[{"@type":"ReadAction","target":["https:\/\/blog.zeit.de\/nsu-prozess-blog\/2014\/05\/08\/zschaepe-will-sich-nicht-begutachten-lassen-das-medienlog-vom-donnerstag-8-mai-2014\/"]}]},{"@type":"BreadcrumbList","@id":"https:\/\/blog.zeit.de\/nsu-prozess-blog\/2014\/05\/08\/zschaepe-will-sich-nicht-begutachten-lassen-das-medienlog-vom-donnerstag-8-mai-2014\/#breadcrumb","itemListElement":[{"@type":"ListItem","position":1,"name":"Startseite","item":"https:\/\/blog.zeit.de\/nsu-prozess-blog\/"},{"@type":"ListItem","position":2,"name":"Zsch\u00e4pe will sich nicht begutachten lassen \u2013 Das Medienlog vom Donnerstag, 8. Mai 2014"}]},{"@type":"WebSite","@id":"https:\/\/blog.zeit.de\/nsu-prozess-blog\/#website","url":"https:\/\/blog.zeit.de\/nsu-prozess-blog\/","name":"Das NSU-Prozess-Blog","description":"Alle Berichte zum Terrorverfahren in M\u00fcnchen","potentialAction":[{"@type":"SearchAction","target":{"@type":"EntryPoint","urlTemplate":"https:\/\/blog.zeit.de\/nsu-prozess-blog\/?s={search_term_string}"},"query-input":"required name=search_term_string"}],"inLanguage":"de"},{"@type":"Person","@id":"https:\/\/blog.zeit.de\/nsu-prozess-blog\/#\/schema\/person\/553ea9bb5d1fc2ae054c589bd59380a5","name":"Tom Sundermann","image":{"@type":"ImageObject","inLanguage":"de","@id":"https:\/\/blog.zeit.de\/nsu-prozess-blog\/#\/schema\/person\/image\/","url":"https:\/\/secure.gravatar.com\/avatar\/e108a3dc18766f719b2f797dc5d19093f06a1870c55b553ab6b7563f1f9a5e68?s=96&d=mm&r=g","contentUrl":"https:\/\/secure.gravatar.com\/avatar\/e108a3dc18766f719b2f797dc5d19093f06a1870c55b553ab6b7563f1f9a5e68?s=96&d=mm&r=g","caption":"Tom Sundermann"},"sameAs":["https:\/\/twitter.com\/messeticker"],"url":"https:\/\/blog.zeit.de\/nsu-prozess-blog\/author\/tsundermann\/"}]}},"jetpack_featured_media_url":"","jetpack_sharing_enabled":true,"_links":{"self":[{"href":"https:\/\/blog.zeit.de\/nsu-prozess-blog\/wp-json\/wp\/v2\/posts\/6640","targetHints":{"allow":["GET"]}}],"collection":[{"href":"https:\/\/blog.zeit.de\/nsu-prozess-blog\/wp-json\/wp\/v2\/posts"}],"about":[{"href":"https:\/\/blog.zeit.de\/nsu-prozess-blog\/wp-json\/wp\/v2\/types\/post"}],"author":[{"embeddable":true,"href":"https:\/\/blog.zeit.de\/nsu-prozess-blog\/wp-json\/wp\/v2\/users\/435"}],"replies":[{"embeddable":true,"href":"https:\/\/blog.zeit.de\/nsu-prozess-blog\/wp-json\/wp\/v2\/comments?post=6640"}],"version-history":[{"count":12,"href":"https:\/\/blog.zeit.de\/nsu-prozess-blog\/wp-json\/wp\/v2\/posts\/6640\/revisions"}],"predecessor-version":[{"id":6655,"href":"https:\/\/blog.zeit.de\/nsu-prozess-blog\/wp-json\/wp\/v2\/posts\/6640\/revisions\/6655"}],"wp:attachment":[{"href":"https:\/\/blog.zeit.de\/nsu-prozess-blog\/wp-json\/wp\/v2\/media?parent=6640"}],"wp:term":[{"taxonomy":"category","embeddable":true,"href":"https:\/\/blog.zeit.de\/nsu-prozess-blog\/wp-json\/wp\/v2\/categories?post=6640"},{"taxonomy":"post_tag","embeddable":true,"href":"https:\/\/blog.zeit.de\/nsu-prozess-blog\/wp-json\/wp\/v2\/tags?post=6640"}],"curies":[{"name":"wp","href":"https:\/\/api.w.org\/{rel}","templated":true}]}}