{"id":6665,"date":"2014-05-09T09:19:05","date_gmt":"2014-05-09T07:19:05","guid":{"rendered":"http:\/\/blog.zeit.de\/nsu-prozess-blog\/?p=6665"},"modified":"2014-05-09T09:54:12","modified_gmt":"2014-05-09T07:54:12","slug":"zermuerbt-der-prozess-die-angeklagte-das-medienlog-vom-freitag-9-mai-2014","status":"publish","type":"post","link":"https:\/\/blog.zeit.de\/nsu-prozess-blog\/2014\/05\/09\/zermuerbt-der-prozess-die-angeklagte-das-medienlog-vom-freitag-9-mai-2014\/","title":{"rendered":"Zerm\u00fcrbt der Prozess die Angeklagte? \u2013 Das Medienlog vom Freitag, 9. Mai 2014"},"content":{"rendered":"<p>Beate Zsch\u00e4pe scheint ernsthaft erkrankt zu sein: Zum dritten Mal in Folge verhinderte ihr Gesundheitszustand am Donnerstag die Verhandlung in M\u00fcnchen \u2013 <a href=\"https:\/\/blog.zeit.de\/nsu-prozess-blog\/2014\/05\/07\/111-prozesstag-wohllebens-frau-und-boehnhardts-bruder\/\">am Dienstag<\/a> war die Verhandlung nach einer halben Stunde unterbrochen worden, <a href=\"https:\/\/blog.zeit.de\/nsu-prozess-blog\/2014\/05\/08\/112-prozesstag-urlaubsbekanntschaften-und-kiesewetter-zeugen\/\">am Mittwoch<\/a> kam die Hauptangeklagte gar nicht erst ins Gericht. Diesmal war Zsch\u00e4pe zwar wieder gekommen, doch G\u00f6tzl brach um kurz nach 12 Uhr die Sitzung ab. &#8222;Beate Zsch\u00e4pe scheint derzeit dem NSU-Prozess nicht mehr gewachsen zu sein&#8220;, analysiert Frank Jansen vom <a href=\"http:\/\/www.tagesspiegel.de\/politik\/nsu-prozess-beate-zschaepe-mit-uebelkeit-vor-gericht-verhandlung-abgebrochen\/9861910.html\" target=\"_blank\"><em>Tagesspiegel<\/em><\/a>. Ihr Anwalt Wolfgang Heer erhob Vorw\u00fcrfe gegen die Justiz.<\/p>\n<p><!--more--><\/p>\n<p><em>An jedem Werktag sichten wir f\u00fcr das NSU-Prozess-Blog die Medien und stellen wichtige Berichte, Blogs, Videos und Tweets zusammen. Wir freuen uns \u00fcber Hinweise via Twitter mit dem Hashtag #nsublog \u2013 oder per E-Mail an <a href=\"mailto:nsublog@zeit.de\">nsublog@zeit.de<\/a>.<\/em><\/p>\n<p>Zsch\u00e4pe wurde nicht wie am Mittwoch im Gef\u00e4ngnis untersucht, sondern wie \u00fcblich in einer Polizeikolonne zum Gericht gefahren. Dort monierte Heer gleich zu Beginn, man habe Zsch\u00e4pe gesagt, sie m\u00fcsse zur Verhandlung erscheinen \u2013 &#8222;komme was wolle&#8220;. &#8222;Dass in der JVA eine \u00e4rztliche Untersuchung offenbar unterblieb, erscheint seltsam&#8220;, kommentiert Jansen. Ein Gerichtsarzt bescheinigte Zsch\u00e4pe schlie\u00dflich die Verhandlungsunf\u00e4higkeit, woraufhin G\u00f6tzl den 112. Prozesstag beendete. Jansen weist darauf hin, dass das Verfahren gegen Zsch\u00e4pe abgetrennt werden k\u00f6nnte, wenn sie sich nicht erholt. Dann w\u00fcrde gegen die vier Mitangeklagten verhandelt.<\/p>\n<p>Die Nachrichtenagentur <a href=\"http:\/\/www.augsburger-allgemeine.de\/bayern\/NSU-Prozess-unterbrochen-Warum-ist-Beate-Zschaepe-krank-id29775271.html\" target=\"_blank\">dpa<\/a> berichtet, dass die lange Untersuchungshaft der Grund f\u00fcr Zsch\u00e4pes Unwohlsein sein k\u00f6nnte. So habe sie bei der Befragung durch einen Gerichtsarzt am Dienstag gesagt, sie sei &#8222;ausgebrannt&#8220;. Die Diskussion \u00fcber Zsch\u00e4pes Zustand im Gericht wurde aggressiv gef\u00fchrt: &#8222;Es folgte ein von immer neuen Pausen unterbrochenes juristisches Erm\u00fcdungsgefecht&#8220;, berichtet Martin Debes in der <a href=\"http:\/\/www.thueringer-allgemeine.de\/web\/zgt\/suche\/detail\/-\/specific\/Zschaepe-krank-im-Gerichtssaal-Schwere-Vorwuerfe-an-Justiz-1599175912\" target=\"_blank\"><em>Th\u00fcringer Allgemeinen<\/em><\/a>.<\/p>\n<p>Bj\u00f6rn Hengst von <a href=\"http:\/\/www.spiegel.de\/panorama\/justiz\/nsu-prozess-beate-zschaepe-ueber-ihren-gesundheitszustand-a-968296.html\" target=\"_blank\">Spiegel Online<\/a> zitiert aus der Stellungnahme des Arztes, der Zsch\u00e4pe am Donnerstag untersuchte: &#8222;Mir ist schlecht, habe wahnsinnige Kopfschmerzen, am ganzen Kopf, Magenschmerzen, \u00dcbelkeit, bin zittrig auf den Beinen, heute fr\u00fch fast umgekippt, habe deshalb Turnschuhe angezogen.&#8220; Zudem habe die Angeklagte im Saal angeschlagen gewirkt und nicht, wie \u00f6fters zu beobachten, mit ihren Verteidigern gescherzt.<\/p>\n<p><em>Das n\u00e4chste Medienlog erscheint am Montag, 12. Mai 2014.<\/em><\/p>\n","protected":false},"excerpt":{"rendered":"<p>Beate Zsch\u00e4pe scheint ernsthaft erkrankt zu sein: Zum dritten Mal in Folge verhinderte ihr Gesundheitszustand am Donnerstag die Verhandlung in M\u00fcnchen \u2013 am Dienstag war die Verhandlung nach einer halben Stunde unterbrochen worden, am Mittwoch kam die Hauptangeklagte gar nicht erst ins Gericht. Diesmal war Zsch\u00e4pe zwar wieder gekommen, doch G\u00f6tzl brach um kurz nach [&hellip;]<\/p>\n","protected":false},"author":435,"featured_media":0,"comment_status":"open","ping_status":"open","sticky":false,"template":"","format":"standard","meta":{"_jetpack_memberships_contains_paid_content":false,"footnotes":""},"categories":[27531],"tags":[17793,27559,27565],"class_list":["post-6665","post","type-post","status-publish","format-standard","hentry","category-medienschau","tag-beate-zschape","tag-manfred-gotzl","tag-wolfgang-heer"],"yoast_head":"<!-- This site is optimized with the Yoast SEO plugin v21.0 - https:\/\/yoast.com\/wordpress\/plugins\/seo\/ -->\n<title>Zerm\u00fcrbt der Prozess die Angeklagte? \u2013 Das Medienlog vom Freitag, 9. Mai 2014 - Das NSU-Prozess-Blog<\/title>\n<meta name=\"robots\" content=\"index, follow, max-snippet:-1, max-image-preview:large, max-video-preview:-1\" \/>\n<link rel=\"canonical\" href=\"https:\/\/blog.zeit.de\/nsu-prozess-blog\/2014\/05\/09\/zermuerbt-der-prozess-die-angeklagte-das-medienlog-vom-freitag-9-mai-2014\/\" \/>\n<meta property=\"og:locale\" content=\"de_DE\" \/>\n<meta property=\"og:type\" content=\"article\" \/>\n<meta property=\"og:title\" content=\"Zerm\u00fcrbt der Prozess die Angeklagte? \u2013 Das Medienlog vom Freitag, 9. Mai 2014 - Das NSU-Prozess-Blog\" \/>\n<meta property=\"og:description\" content=\"Beate Zsch\u00e4pe scheint ernsthaft erkrankt zu sein: Zum dritten Mal in Folge verhinderte ihr Gesundheitszustand am Donnerstag die Verhandlung in M\u00fcnchen \u2013 am Dienstag war die Verhandlung nach einer halben Stunde unterbrochen worden, am Mittwoch kam die Hauptangeklagte gar nicht erst ins Gericht. Diesmal war Zsch\u00e4pe zwar wieder gekommen, doch G\u00f6tzl brach um kurz nach [&hellip;]\" \/>\n<meta property=\"og:url\" content=\"https:\/\/blog.zeit.de\/nsu-prozess-blog\/2014\/05\/09\/zermuerbt-der-prozess-die-angeklagte-das-medienlog-vom-freitag-9-mai-2014\/\" \/>\n<meta property=\"og:site_name\" content=\"Das NSU-Prozess-Blog\" \/>\n<meta property=\"article:published_time\" content=\"2014-05-09T07:19:05+00:00\" \/>\n<meta property=\"article:modified_time\" content=\"2014-05-09T07:54:12+00:00\" \/>\n<meta name=\"author\" content=\"Tom Sundermann\" \/>\n<meta name=\"twitter:label1\" content=\"Geschrieben von\" \/>\n\t<meta name=\"twitter:data1\" content=\"Tom Sundermann\" \/>\n\t<meta name=\"twitter:label2\" content=\"Gesch\u00e4tzte Lesezeit\" \/>\n\t<meta name=\"twitter:data2\" content=\"2\u00a0Minuten\" \/>\n<script type=\"application\/ld+json\" class=\"yoast-schema-graph\">{\"@context\":\"https:\/\/schema.org\",\"@graph\":[{\"@type\":\"WebPage\",\"@id\":\"https:\/\/blog.zeit.de\/nsu-prozess-blog\/2014\/05\/09\/zermuerbt-der-prozess-die-angeklagte-das-medienlog-vom-freitag-9-mai-2014\/\",\"url\":\"https:\/\/blog.zeit.de\/nsu-prozess-blog\/2014\/05\/09\/zermuerbt-der-prozess-die-angeklagte-das-medienlog-vom-freitag-9-mai-2014\/\",\"name\":\"Zerm\u00fcrbt der Prozess die Angeklagte? \u2013 Das Medienlog vom Freitag, 9. Mai 2014 - Das NSU-Prozess-Blog\",\"isPartOf\":{\"@id\":\"https:\/\/blog.zeit.de\/nsu-prozess-blog\/#website\"},\"datePublished\":\"2014-05-09T07:19:05+00:00\",\"dateModified\":\"2014-05-09T07:54:12+00:00\",\"author\":{\"@id\":\"https:\/\/blog.zeit.de\/nsu-prozess-blog\/#\/schema\/person\/553ea9bb5d1fc2ae054c589bd59380a5\"},\"breadcrumb\":{\"@id\":\"https:\/\/blog.zeit.de\/nsu-prozess-blog\/2014\/05\/09\/zermuerbt-der-prozess-die-angeklagte-das-medienlog-vom-freitag-9-mai-2014\/#breadcrumb\"},\"inLanguage\":\"de\",\"potentialAction\":[{\"@type\":\"ReadAction\",\"target\":[\"https:\/\/blog.zeit.de\/nsu-prozess-blog\/2014\/05\/09\/zermuerbt-der-prozess-die-angeklagte-das-medienlog-vom-freitag-9-mai-2014\/\"]}]},{\"@type\":\"BreadcrumbList\",\"@id\":\"https:\/\/blog.zeit.de\/nsu-prozess-blog\/2014\/05\/09\/zermuerbt-der-prozess-die-angeklagte-das-medienlog-vom-freitag-9-mai-2014\/#breadcrumb\",\"itemListElement\":[{\"@type\":\"ListItem\",\"position\":1,\"name\":\"Startseite\",\"item\":\"https:\/\/blog.zeit.de\/nsu-prozess-blog\/\"},{\"@type\":\"ListItem\",\"position\":2,\"name\":\"Zerm\u00fcrbt der Prozess die Angeklagte? \u2013 Das Medienlog vom Freitag, 9. Mai 2014\"}]},{\"@type\":\"WebSite\",\"@id\":\"https:\/\/blog.zeit.de\/nsu-prozess-blog\/#website\",\"url\":\"https:\/\/blog.zeit.de\/nsu-prozess-blog\/\",\"name\":\"Das NSU-Prozess-Blog\",\"description\":\"Alle Berichte zum Terrorverfahren in M\u00fcnchen\",\"potentialAction\":[{\"@type\":\"SearchAction\",\"target\":{\"@type\":\"EntryPoint\",\"urlTemplate\":\"https:\/\/blog.zeit.de\/nsu-prozess-blog\/?s={search_term_string}\"},\"query-input\":\"required name=search_term_string\"}],\"inLanguage\":\"de\"},{\"@type\":\"Person\",\"@id\":\"https:\/\/blog.zeit.de\/nsu-prozess-blog\/#\/schema\/person\/553ea9bb5d1fc2ae054c589bd59380a5\",\"name\":\"Tom Sundermann\",\"image\":{\"@type\":\"ImageObject\",\"inLanguage\":\"de\",\"@id\":\"https:\/\/blog.zeit.de\/nsu-prozess-blog\/#\/schema\/person\/image\/\",\"url\":\"https:\/\/secure.gravatar.com\/avatar\/e108a3dc18766f719b2f797dc5d19093f06a1870c55b553ab6b7563f1f9a5e68?s=96&d=mm&r=g\",\"contentUrl\":\"https:\/\/secure.gravatar.com\/avatar\/e108a3dc18766f719b2f797dc5d19093f06a1870c55b553ab6b7563f1f9a5e68?s=96&d=mm&r=g\",\"caption\":\"Tom Sundermann\"},\"sameAs\":[\"https:\/\/twitter.com\/messeticker\"],\"url\":\"https:\/\/blog.zeit.de\/nsu-prozess-blog\/author\/tsundermann\/\"}]}<\/script>\n<!-- \/ Yoast SEO plugin. -->","yoast_head_json":{"title":"Zerm\u00fcrbt der Prozess die Angeklagte? \u2013 Das Medienlog vom Freitag, 9. Mai 2014 - Das NSU-Prozess-Blog","robots":{"index":"index","follow":"follow","max-snippet":"max-snippet:-1","max-image-preview":"max-image-preview:large","max-video-preview":"max-video-preview:-1"},"canonical":"https:\/\/blog.zeit.de\/nsu-prozess-blog\/2014\/05\/09\/zermuerbt-der-prozess-die-angeklagte-das-medienlog-vom-freitag-9-mai-2014\/","og_locale":"de_DE","og_type":"article","og_title":"Zerm\u00fcrbt der Prozess die Angeklagte? \u2013 Das Medienlog vom Freitag, 9. Mai 2014 - Das NSU-Prozess-Blog","og_description":"Beate Zsch\u00e4pe scheint ernsthaft erkrankt zu sein: Zum dritten Mal in Folge verhinderte ihr Gesundheitszustand am Donnerstag die Verhandlung in M\u00fcnchen \u2013 am Dienstag war die Verhandlung nach einer halben Stunde unterbrochen worden, am Mittwoch kam die Hauptangeklagte gar nicht erst ins Gericht. Diesmal war Zsch\u00e4pe zwar wieder gekommen, doch G\u00f6tzl brach um kurz nach [&hellip;]","og_url":"https:\/\/blog.zeit.de\/nsu-prozess-blog\/2014\/05\/09\/zermuerbt-der-prozess-die-angeklagte-das-medienlog-vom-freitag-9-mai-2014\/","og_site_name":"Das NSU-Prozess-Blog","article_published_time":"2014-05-09T07:19:05+00:00","article_modified_time":"2014-05-09T07:54:12+00:00","author":"Tom Sundermann","twitter_misc":{"Geschrieben von":"Tom Sundermann","Gesch\u00e4tzte Lesezeit":"2\u00a0Minuten"},"schema":{"@context":"https:\/\/schema.org","@graph":[{"@type":"WebPage","@id":"https:\/\/blog.zeit.de\/nsu-prozess-blog\/2014\/05\/09\/zermuerbt-der-prozess-die-angeklagte-das-medienlog-vom-freitag-9-mai-2014\/","url":"https:\/\/blog.zeit.de\/nsu-prozess-blog\/2014\/05\/09\/zermuerbt-der-prozess-die-angeklagte-das-medienlog-vom-freitag-9-mai-2014\/","name":"Zerm\u00fcrbt der Prozess die Angeklagte? \u2013 Das Medienlog vom Freitag, 9. Mai 2014 - Das NSU-Prozess-Blog","isPartOf":{"@id":"https:\/\/blog.zeit.de\/nsu-prozess-blog\/#website"},"datePublished":"2014-05-09T07:19:05+00:00","dateModified":"2014-05-09T07:54:12+00:00","author":{"@id":"https:\/\/blog.zeit.de\/nsu-prozess-blog\/#\/schema\/person\/553ea9bb5d1fc2ae054c589bd59380a5"},"breadcrumb":{"@id":"https:\/\/blog.zeit.de\/nsu-prozess-blog\/2014\/05\/09\/zermuerbt-der-prozess-die-angeklagte-das-medienlog-vom-freitag-9-mai-2014\/#breadcrumb"},"inLanguage":"de","potentialAction":[{"@type":"ReadAction","target":["https:\/\/blog.zeit.de\/nsu-prozess-blog\/2014\/05\/09\/zermuerbt-der-prozess-die-angeklagte-das-medienlog-vom-freitag-9-mai-2014\/"]}]},{"@type":"BreadcrumbList","@id":"https:\/\/blog.zeit.de\/nsu-prozess-blog\/2014\/05\/09\/zermuerbt-der-prozess-die-angeklagte-das-medienlog-vom-freitag-9-mai-2014\/#breadcrumb","itemListElement":[{"@type":"ListItem","position":1,"name":"Startseite","item":"https:\/\/blog.zeit.de\/nsu-prozess-blog\/"},{"@type":"ListItem","position":2,"name":"Zerm\u00fcrbt der Prozess die Angeklagte? \u2013 Das Medienlog vom Freitag, 9. Mai 2014"}]},{"@type":"WebSite","@id":"https:\/\/blog.zeit.de\/nsu-prozess-blog\/#website","url":"https:\/\/blog.zeit.de\/nsu-prozess-blog\/","name":"Das NSU-Prozess-Blog","description":"Alle Berichte zum Terrorverfahren in M\u00fcnchen","potentialAction":[{"@type":"SearchAction","target":{"@type":"EntryPoint","urlTemplate":"https:\/\/blog.zeit.de\/nsu-prozess-blog\/?s={search_term_string}"},"query-input":"required name=search_term_string"}],"inLanguage":"de"},{"@type":"Person","@id":"https:\/\/blog.zeit.de\/nsu-prozess-blog\/#\/schema\/person\/553ea9bb5d1fc2ae054c589bd59380a5","name":"Tom Sundermann","image":{"@type":"ImageObject","inLanguage":"de","@id":"https:\/\/blog.zeit.de\/nsu-prozess-blog\/#\/schema\/person\/image\/","url":"https:\/\/secure.gravatar.com\/avatar\/e108a3dc18766f719b2f797dc5d19093f06a1870c55b553ab6b7563f1f9a5e68?s=96&d=mm&r=g","contentUrl":"https:\/\/secure.gravatar.com\/avatar\/e108a3dc18766f719b2f797dc5d19093f06a1870c55b553ab6b7563f1f9a5e68?s=96&d=mm&r=g","caption":"Tom Sundermann"},"sameAs":["https:\/\/twitter.com\/messeticker"],"url":"https:\/\/blog.zeit.de\/nsu-prozess-blog\/author\/tsundermann\/"}]}},"jetpack_featured_media_url":"","jetpack_sharing_enabled":true,"_links":{"self":[{"href":"https:\/\/blog.zeit.de\/nsu-prozess-blog\/wp-json\/wp\/v2\/posts\/6665","targetHints":{"allow":["GET"]}}],"collection":[{"href":"https:\/\/blog.zeit.de\/nsu-prozess-blog\/wp-json\/wp\/v2\/posts"}],"about":[{"href":"https:\/\/blog.zeit.de\/nsu-prozess-blog\/wp-json\/wp\/v2\/types\/post"}],"author":[{"embeddable":true,"href":"https:\/\/blog.zeit.de\/nsu-prozess-blog\/wp-json\/wp\/v2\/users\/435"}],"replies":[{"embeddable":true,"href":"https:\/\/blog.zeit.de\/nsu-prozess-blog\/wp-json\/wp\/v2\/comments?post=6665"}],"version-history":[{"count":5,"href":"https:\/\/blog.zeit.de\/nsu-prozess-blog\/wp-json\/wp\/v2\/posts\/6665\/revisions"}],"predecessor-version":[{"id":6671,"href":"https:\/\/blog.zeit.de\/nsu-prozess-blog\/wp-json\/wp\/v2\/posts\/6665\/revisions\/6671"}],"wp:attachment":[{"href":"https:\/\/blog.zeit.de\/nsu-prozess-blog\/wp-json\/wp\/v2\/media?parent=6665"}],"wp:term":[{"taxonomy":"category","embeddable":true,"href":"https:\/\/blog.zeit.de\/nsu-prozess-blog\/wp-json\/wp\/v2\/categories?post=6665"},{"taxonomy":"post_tag","embeddable":true,"href":"https:\/\/blog.zeit.de\/nsu-prozess-blog\/wp-json\/wp\/v2\/tags?post=6665"}],"curies":[{"name":"wp","href":"https:\/\/api.w.org\/{rel}","templated":true}]}}