{"id":6703,"date":"2014-05-19T07:00:11","date_gmt":"2014-05-19T05:00:11","guid":{"rendered":"http:\/\/blog.zeit.de\/nsu-prozess-blog\/?p=6703"},"modified":"2014-05-19T03:07:54","modified_gmt":"2014-05-19T01:07:54","slug":"112-prozesstag-kontakt-zur-aussenwelt-juergen-h","status":"publish","type":"post","link":"https:\/\/blog.zeit.de\/nsu-prozess-blog\/2014\/05\/19\/112-prozesstag-kontakt-zur-aussenwelt-juergen-h\/","title":{"rendered":"112. Prozesstag \u2013 Kontakt zur Au\u00dfenwelt J\u00fcrgen H."},"content":{"rendered":"<p><span style=\"font-family: Arial,sans-serif;\"><span style=\"font-size: medium;\"><span style=\"color: #000000;\">Kurz nach dem Untertauchen des NSU-Trios 1998 observierten Zielfahnder des th\u00fcringischen Landeskriminalamtes den wegen Beihilfe zum Mord mitangeklagten Ralf Wohlleben. Dabei fiel ihnen ein Kurier auf, der sich immer wieder auf einem Parkplatz mit Wohlleben getroffen habe. Vorher habe der Kontaktmann J\u00fcrgen H. stets eine Mailbox abgeh\u00f6rt und mutma\u00dflich Nachrichten des <\/span><span style=\"color: #000000;\">NSU-Tr<\/span><span style=\"color: #000000;\">ios empfangen.<\/span><\/span><\/span><\/p>\n<p><span style=\"font-family: Arial,sans-serif;\"><span style=\"font-size: medium;\"><span style=\"color: #000000;\">Am Montag sagt J\u00fcrgen H. als Zeuge aus. Er soll Aufschluss dar\u00fcber geben, wie die untergetauchten Terroristen ihre Kontakte zur Au\u00dfenwelt organisierten. Der Kurier soll auch Exemplare des judenfeindlichen \u201cPogromly\u201c -Spiels bei sich zwischengelagert haben, das Uwe B\u00f6hnhardt und Uwe Mundlos im Untergrund produziert haben sollen. Die Spiele sollten verkauft werden und der Erl\u00f6s an das<\/span><span style=\"color: #000000;\"> NSU-<\/span><span style=\"color: #000000;\">Trio flie\u00dfen.<\/span><\/span><\/span><\/p>\n<p><em><span style=\"font-family: Arial,sans-serif;\"><span style=\"font-size: medium;\">Informationen aus der Verhandlung gibt es <a href=\"https:\/\/twitter.com\/zeitonline\/lists\/nsu-prozess\">via Twitter hier<\/a>. Eine Analyse ver\u00f6ffentlichen wir auf diesem Blog. Weitere Berichte fassen wir morgen im <a href=\"https:\/\/blog.zeit.de\/nsu-prozess-blog\/category\/medienschau\/\">NSU-Medienlog<\/a> zusammen.<\/span><\/span><\/em><\/p>\n","protected":false},"excerpt":{"rendered":"<p>Kurz nach dem Untertauchen des NSU-Trios 1998 observierten Zielfahnder des th\u00fcringischen Landeskriminalamtes den wegen Beihilfe zum Mord mitangeklagten Ralf Wohlleben. Dabei fiel ihnen ein Kurier auf, der sich immer wieder auf einem Parkplatz mit Wohlleben getroffen habe. Vorher habe der Kontaktmann J\u00fcrgen H. stets eine Mailbox abgeh\u00f6rt und mutma\u00dflich Nachrichten des NSU-Trios empfangen. Am Montag [&hellip;]<\/p>\n","protected":false},"author":508,"featured_media":0,"comment_status":"open","ping_status":"open","sticky":false,"template":"","format":"standard","meta":{"_jetpack_memberships_contains_paid_content":false,"footnotes":""},"categories":[27532],"tags":[12752,17772,1449],"class_list":["post-6703","post","type-post","status-publish","format-standard","hentry","category-prozesstage","tag-nsu","tag-ralf-wohlleben","tag-unterstutzer"],"yoast_head":"<!-- This site is optimized with the Yoast SEO plugin v21.0 - https:\/\/yoast.com\/wordpress\/plugins\/seo\/ -->\n<title>112. Prozesstag \u2013 Kontakt zur Au\u00dfenwelt J\u00fcrgen H. - Das NSU-Prozess-Blog<\/title>\n<meta name=\"robots\" content=\"index, follow, max-snippet:-1, max-image-preview:large, max-video-preview:-1\" \/>\n<link rel=\"canonical\" href=\"https:\/\/blog.zeit.de\/nsu-prozess-blog\/2014\/05\/19\/112-prozesstag-kontakt-zur-aussenwelt-juergen-h\/\" \/>\n<meta property=\"og:locale\" content=\"de_DE\" \/>\n<meta property=\"og:type\" content=\"article\" \/>\n<meta property=\"og:title\" content=\"112. Prozesstag \u2013 Kontakt zur Au\u00dfenwelt J\u00fcrgen H. - Das NSU-Prozess-Blog\" \/>\n<meta property=\"og:description\" content=\"Kurz nach dem Untertauchen des NSU-Trios 1998 observierten Zielfahnder des th\u00fcringischen Landeskriminalamtes den wegen Beihilfe zum Mord mitangeklagten Ralf Wohlleben. Dabei fiel ihnen ein Kurier auf, der sich immer wieder auf einem Parkplatz mit Wohlleben getroffen habe. Vorher habe der Kontaktmann J\u00fcrgen H. stets eine Mailbox abgeh\u00f6rt und mutma\u00dflich Nachrichten des NSU-Trios empfangen. Am Montag [&hellip;]\" \/>\n<meta property=\"og:url\" content=\"https:\/\/blog.zeit.de\/nsu-prozess-blog\/2014\/05\/19\/112-prozesstag-kontakt-zur-aussenwelt-juergen-h\/\" \/>\n<meta property=\"og:site_name\" content=\"Das NSU-Prozess-Blog\" \/>\n<meta property=\"article:published_time\" content=\"2014-05-19T05:00:11+00:00\" \/>\n<meta property=\"article:modified_time\" content=\"2014-05-19T01:07:54+00:00\" \/>\n<meta name=\"author\" content=\"nsagener\" \/>\n<meta name=\"twitter:label1\" content=\"Geschrieben von\" \/>\n\t<meta name=\"twitter:data1\" content=\"nsagener\" \/>\n\t<meta name=\"twitter:label2\" content=\"Gesch\u00e4tzte Lesezeit\" \/>\n\t<meta name=\"twitter:data2\" content=\"1\u00a0Minute\" \/>\n<script type=\"application\/ld+json\" class=\"yoast-schema-graph\">{\"@context\":\"https:\/\/schema.org\",\"@graph\":[{\"@type\":\"WebPage\",\"@id\":\"https:\/\/blog.zeit.de\/nsu-prozess-blog\/2014\/05\/19\/112-prozesstag-kontakt-zur-aussenwelt-juergen-h\/\",\"url\":\"https:\/\/blog.zeit.de\/nsu-prozess-blog\/2014\/05\/19\/112-prozesstag-kontakt-zur-aussenwelt-juergen-h\/\",\"name\":\"112. Prozesstag \u2013 Kontakt zur Au\u00dfenwelt J\u00fcrgen H. - Das NSU-Prozess-Blog\",\"isPartOf\":{\"@id\":\"https:\/\/blog.zeit.de\/nsu-prozess-blog\/#website\"},\"datePublished\":\"2014-05-19T05:00:11+00:00\",\"dateModified\":\"2014-05-19T01:07:54+00:00\",\"author\":{\"@id\":\"https:\/\/blog.zeit.de\/nsu-prozess-blog\/#\/schema\/person\/c47a6dca36b1f27625a5df38f46b760d\"},\"breadcrumb\":{\"@id\":\"https:\/\/blog.zeit.de\/nsu-prozess-blog\/2014\/05\/19\/112-prozesstag-kontakt-zur-aussenwelt-juergen-h\/#breadcrumb\"},\"inLanguage\":\"de\",\"potentialAction\":[{\"@type\":\"ReadAction\",\"target\":[\"https:\/\/blog.zeit.de\/nsu-prozess-blog\/2014\/05\/19\/112-prozesstag-kontakt-zur-aussenwelt-juergen-h\/\"]}]},{\"@type\":\"BreadcrumbList\",\"@id\":\"https:\/\/blog.zeit.de\/nsu-prozess-blog\/2014\/05\/19\/112-prozesstag-kontakt-zur-aussenwelt-juergen-h\/#breadcrumb\",\"itemListElement\":[{\"@type\":\"ListItem\",\"position\":1,\"name\":\"Startseite\",\"item\":\"https:\/\/blog.zeit.de\/nsu-prozess-blog\/\"},{\"@type\":\"ListItem\",\"position\":2,\"name\":\"112. Prozesstag \u2013 Kontakt zur Au\u00dfenwelt J\u00fcrgen H.\"}]},{\"@type\":\"WebSite\",\"@id\":\"https:\/\/blog.zeit.de\/nsu-prozess-blog\/#website\",\"url\":\"https:\/\/blog.zeit.de\/nsu-prozess-blog\/\",\"name\":\"Das NSU-Prozess-Blog\",\"description\":\"Alle Berichte zum Terrorverfahren in M\u00fcnchen\",\"potentialAction\":[{\"@type\":\"SearchAction\",\"target\":{\"@type\":\"EntryPoint\",\"urlTemplate\":\"https:\/\/blog.zeit.de\/nsu-prozess-blog\/?s={search_term_string}\"},\"query-input\":\"required name=search_term_string\"}],\"inLanguage\":\"de\"},{\"@type\":\"Person\",\"@id\":\"https:\/\/blog.zeit.de\/nsu-prozess-blog\/#\/schema\/person\/c47a6dca36b1f27625a5df38f46b760d\",\"name\":\"nsagener\",\"image\":{\"@type\":\"ImageObject\",\"inLanguage\":\"de\",\"@id\":\"https:\/\/blog.zeit.de\/nsu-prozess-blog\/#\/schema\/person\/image\/\",\"url\":\"https:\/\/secure.gravatar.com\/avatar\/7d31e54d5da099236c38261ff348888161d2858d69fd21c2ff77c50450e817f4?s=96&d=mm&r=g\",\"contentUrl\":\"https:\/\/secure.gravatar.com\/avatar\/7d31e54d5da099236c38261ff348888161d2858d69fd21c2ff77c50450e817f4?s=96&d=mm&r=g\",\"caption\":\"nsagener\"},\"url\":\"https:\/\/blog.zeit.de\/nsu-prozess-blog\/author\/nsagener\/\"}]}<\/script>\n<!-- \/ Yoast SEO plugin. -->","yoast_head_json":{"title":"112. Prozesstag \u2013 Kontakt zur Au\u00dfenwelt J\u00fcrgen H. - Das NSU-Prozess-Blog","robots":{"index":"index","follow":"follow","max-snippet":"max-snippet:-1","max-image-preview":"max-image-preview:large","max-video-preview":"max-video-preview:-1"},"canonical":"https:\/\/blog.zeit.de\/nsu-prozess-blog\/2014\/05\/19\/112-prozesstag-kontakt-zur-aussenwelt-juergen-h\/","og_locale":"de_DE","og_type":"article","og_title":"112. Prozesstag \u2013 Kontakt zur Au\u00dfenwelt J\u00fcrgen H. - Das NSU-Prozess-Blog","og_description":"Kurz nach dem Untertauchen des NSU-Trios 1998 observierten Zielfahnder des th\u00fcringischen Landeskriminalamtes den wegen Beihilfe zum Mord mitangeklagten Ralf Wohlleben. Dabei fiel ihnen ein Kurier auf, der sich immer wieder auf einem Parkplatz mit Wohlleben getroffen habe. Vorher habe der Kontaktmann J\u00fcrgen H. stets eine Mailbox abgeh\u00f6rt und mutma\u00dflich Nachrichten des NSU-Trios empfangen. Am Montag [&hellip;]","og_url":"https:\/\/blog.zeit.de\/nsu-prozess-blog\/2014\/05\/19\/112-prozesstag-kontakt-zur-aussenwelt-juergen-h\/","og_site_name":"Das NSU-Prozess-Blog","article_published_time":"2014-05-19T05:00:11+00:00","article_modified_time":"2014-05-19T01:07:54+00:00","author":"nsagener","twitter_misc":{"Geschrieben von":"nsagener","Gesch\u00e4tzte Lesezeit":"1\u00a0Minute"},"schema":{"@context":"https:\/\/schema.org","@graph":[{"@type":"WebPage","@id":"https:\/\/blog.zeit.de\/nsu-prozess-blog\/2014\/05\/19\/112-prozesstag-kontakt-zur-aussenwelt-juergen-h\/","url":"https:\/\/blog.zeit.de\/nsu-prozess-blog\/2014\/05\/19\/112-prozesstag-kontakt-zur-aussenwelt-juergen-h\/","name":"112. Prozesstag \u2013 Kontakt zur Au\u00dfenwelt J\u00fcrgen H. - Das NSU-Prozess-Blog","isPartOf":{"@id":"https:\/\/blog.zeit.de\/nsu-prozess-blog\/#website"},"datePublished":"2014-05-19T05:00:11+00:00","dateModified":"2014-05-19T01:07:54+00:00","author":{"@id":"https:\/\/blog.zeit.de\/nsu-prozess-blog\/#\/schema\/person\/c47a6dca36b1f27625a5df38f46b760d"},"breadcrumb":{"@id":"https:\/\/blog.zeit.de\/nsu-prozess-blog\/2014\/05\/19\/112-prozesstag-kontakt-zur-aussenwelt-juergen-h\/#breadcrumb"},"inLanguage":"de","potentialAction":[{"@type":"ReadAction","target":["https:\/\/blog.zeit.de\/nsu-prozess-blog\/2014\/05\/19\/112-prozesstag-kontakt-zur-aussenwelt-juergen-h\/"]}]},{"@type":"BreadcrumbList","@id":"https:\/\/blog.zeit.de\/nsu-prozess-blog\/2014\/05\/19\/112-prozesstag-kontakt-zur-aussenwelt-juergen-h\/#breadcrumb","itemListElement":[{"@type":"ListItem","position":1,"name":"Startseite","item":"https:\/\/blog.zeit.de\/nsu-prozess-blog\/"},{"@type":"ListItem","position":2,"name":"112. Prozesstag \u2013 Kontakt zur Au\u00dfenwelt J\u00fcrgen H."}]},{"@type":"WebSite","@id":"https:\/\/blog.zeit.de\/nsu-prozess-blog\/#website","url":"https:\/\/blog.zeit.de\/nsu-prozess-blog\/","name":"Das NSU-Prozess-Blog","description":"Alle Berichte zum Terrorverfahren in M\u00fcnchen","potentialAction":[{"@type":"SearchAction","target":{"@type":"EntryPoint","urlTemplate":"https:\/\/blog.zeit.de\/nsu-prozess-blog\/?s={search_term_string}"},"query-input":"required name=search_term_string"}],"inLanguage":"de"},{"@type":"Person","@id":"https:\/\/blog.zeit.de\/nsu-prozess-blog\/#\/schema\/person\/c47a6dca36b1f27625a5df38f46b760d","name":"nsagener","image":{"@type":"ImageObject","inLanguage":"de","@id":"https:\/\/blog.zeit.de\/nsu-prozess-blog\/#\/schema\/person\/image\/","url":"https:\/\/secure.gravatar.com\/avatar\/7d31e54d5da099236c38261ff348888161d2858d69fd21c2ff77c50450e817f4?s=96&d=mm&r=g","contentUrl":"https:\/\/secure.gravatar.com\/avatar\/7d31e54d5da099236c38261ff348888161d2858d69fd21c2ff77c50450e817f4?s=96&d=mm&r=g","caption":"nsagener"},"url":"https:\/\/blog.zeit.de\/nsu-prozess-blog\/author\/nsagener\/"}]}},"jetpack_featured_media_url":"","jetpack_sharing_enabled":true,"_links":{"self":[{"href":"https:\/\/blog.zeit.de\/nsu-prozess-blog\/wp-json\/wp\/v2\/posts\/6703","targetHints":{"allow":["GET"]}}],"collection":[{"href":"https:\/\/blog.zeit.de\/nsu-prozess-blog\/wp-json\/wp\/v2\/posts"}],"about":[{"href":"https:\/\/blog.zeit.de\/nsu-prozess-blog\/wp-json\/wp\/v2\/types\/post"}],"author":[{"embeddable":true,"href":"https:\/\/blog.zeit.de\/nsu-prozess-blog\/wp-json\/wp\/v2\/users\/508"}],"replies":[{"embeddable":true,"href":"https:\/\/blog.zeit.de\/nsu-prozess-blog\/wp-json\/wp\/v2\/comments?post=6703"}],"version-history":[{"count":7,"href":"https:\/\/blog.zeit.de\/nsu-prozess-blog\/wp-json\/wp\/v2\/posts\/6703\/revisions"}],"predecessor-version":[{"id":6710,"href":"https:\/\/blog.zeit.de\/nsu-prozess-blog\/wp-json\/wp\/v2\/posts\/6703\/revisions\/6710"}],"wp:attachment":[{"href":"https:\/\/blog.zeit.de\/nsu-prozess-blog\/wp-json\/wp\/v2\/media?parent=6703"}],"wp:term":[{"taxonomy":"category","embeddable":true,"href":"https:\/\/blog.zeit.de\/nsu-prozess-blog\/wp-json\/wp\/v2\/categories?post=6703"},{"taxonomy":"post_tag","embeddable":true,"href":"https:\/\/blog.zeit.de\/nsu-prozess-blog\/wp-json\/wp\/v2\/tags?post=6703"}],"curies":[{"name":"wp","href":"https:\/\/api.w.org\/{rel}","templated":true}]}}