{"id":6770,"date":"2014-05-22T09:13:40","date_gmt":"2014-05-22T07:13:40","guid":{"rendered":"http:\/\/blog.zeit.de\/nsu-prozess-blog\/?p=6770"},"modified":"2016-09-21T16:45:00","modified_gmt":"2016-09-21T14:45:00","slug":"der-entkraeftete-selbstmord-mythos-das-medienlog-vom-donnerstag-22-mai-2014","status":"publish","type":"post","link":"https:\/\/blog.zeit.de\/nsu-prozess-blog\/2014\/05\/22\/der-entkraeftete-selbstmord-mythos-das-medienlog-vom-donnerstag-22-mai-2014\/","title":{"rendered":"Der entkr\u00e4ftete Mythos vom Mord an B\u00f6hnhardt und Mundlos \u2013 Das Medienlog vom Donnerstag, 22. Mai 2014"},"content":{"rendered":"<p>Beate Zsch\u00e4pe verzog keine Miene, als am Mittwoch im NSU-Prozess der 4. November 2011 rekonstruiert wurde \u2013 der Tag, an dem Uwe Mundlos und Uwe B\u00f6hnhardt eine Bank in Eisenach \u00fcberfallen hatten. Was danach folgte, ist bis heute von Mythen umrankt. Fakt ist: Die beiden fl\u00fcchteten sich in einen Wohnwagen. Vermutet, aber von Skeptikern immer wieder angezweifelt wird: Als Beamte den Wagen entdeckten, habe Mundlos B\u00f6hnhardt erschossen, Feuer gelegt und sich selbst gerichtet.<\/p>\n<p><!--more--><\/p>\n<p><em>An jedem Werktag sichten wir f\u00fcr das NSU-Prozess-Blog die Medien und stellen wichtige Berichte, Blogs, Videos und Tweets zusammen. Wir freuen uns \u00fcber Hinweise via Twitter mit dem Hashtag #nsublog \u2013 oder per E-Mail an <a href=\"mailto:nsublog@zeit.de\">nsublog@zeit.de<\/a>.<\/em><\/p>\n<p>13 Jahre soll Zsch\u00e4pe mit Mundlos und B\u00f6hnhardt im Untergrund gelebt haben. Als am Mittwoch der Obduktionsbericht vorgetragen wurde, habe sie sich \u2013 wie seit dem ersten Prozesstag \u2013 aber nicht geregt, berichtet die <a href=\"http:\/\/www.taz.de\/NSU-Prozess-in-Muenchen\/!138960\/\"><em>taz<\/em><\/a>. &#8222;Nicht als Reinhard Heiderst\u00e4dt, der Gerichtsmediziner, schildert, wie er die Sch\u00e4del von Uwe Mundlos und Uwe B\u00f6hnhardt &#8218;v\u00f6llig zerst\u00f6rt&#8216; vorfand. Wie die K\u00f6pfe &#8218;gro\u00dfe Aufrei\u00dfungen&#8216; zeigten, die Knochen bei der Pr\u00e4paration zerfielen.&#8220;<\/p>\n<p>Der Rechtsmediziner entkr\u00e4ftete an diesem Prozesstag die Spekulationen, Mundlos und B\u00f6hnhardt seien von einer dritten Person im Wohnwagen umgebracht worden. Die Obduktion habe daf\u00fcr keine Anhaltspunkte geliefert. Der Theorie, jemand anderes h\u00e4tte die M\u00e4nner erschossen, weil keine Ru\u00dfpartikel in ihrer Lunge gefunden wurden, widersprach der Gerichtsmediziner. Es sei m\u00f6glich, dass B\u00f6hnhardt und Mundlos vor ihrem Tod Rauchgase ein- und dann wieder ausgeatmet h\u00e4tten. Die Todesursache jedenfalls seien Kopfdurchsch\u00fcsse mit den gro\u00dfkalibrigen Waffen gewesen, die im Wohnwagen gefunden wurden. Der Polizeibeamte Frank M. sagte,\u00a0auch die ersten Polizeibeamten am Tatort h\u00e4tten keine Hinweise auf eine dritte Person gefunden.<\/p>\n<p>&#8222;Es bleibt nicht viel \u00fcbrig von den Mythen im Saal A101&#8220;, konstatiert die<em> taz<\/em>. Zudem gebe es ein Motiv f\u00fcr den Selbstmord: B\u00f6hnhardt und Mundlos h\u00e4tten bei ihren \u00dcberf\u00e4llen stets den Polizeifunk abgeh\u00f6rt. Sie wussten also, dass sie an jenem Tag umzingelt waren.<\/p>\n<p>Gepr\u00e4gt wurde der Prozess am Vormittag durch die Diskussion \u00fcber den Kapuzenpullover des Angeklagten Andr\u00e9 E., auf dem vorne eine vermummte Person mit zwei Sturmgewehren in den H\u00e4nden abgedruckt war. E. ist angeklagt, weil er den NSU unterst\u00fctzt haben soll. Die Nebenklage beantragte die Sicherstellung des Pullovers, weil das Motiv zeige, dass der ansonsten schweigende E. bewaffnete Aktionen verherrliche. Die Vertreter des Generalbundesanwalts sahen eine Sicherstellung des Kleidungsst\u00fccks jedoch nicht als n\u00f6tig an.<\/p>\n<p>&#8222;Dass sich E. in dieser Art im Prozess pr\u00e4sentiert, zeigt, dass er die Morde des NSU guthei\u00dft und weiterhin Morde als Mittel des politischen Kampfes f\u00fcr richtig und legitim h\u00e4lt&#8220;, schreiben Bj\u00f6rn Elberling und Alexander Hoffmann im Blog <em><a href=\"http:\/\/www.nsu-nebenklage.de\/blog\/2014\/05\/21\/21-05-2014\/\">nsu-nebenklage<\/a><\/em>. Das T-Shirt-Motiv stamme vom CD-Cover einer finnischen Black-Metal-Band, die mit ihren Texten nationalsozialistische Propaganda betreibt.<\/p>\n<p>&#8222;Der Pulli ist eine Provokation f\u00fcr die Opfer des NSU, und nicht nur f\u00fcr sie&#8220;, urteilen\u00a0Annette Ramelsberger und Tanjev Schultz in der <a href=\"http:\/\/www.sueddeutsche.de\/politik\/nsu-prozess-fragliche-symbole-auf-der-kleidung-1.1971204\"><em>S\u00fcddeutschen Zeitung<\/em><\/a>. An den Seiten der Pullover\u00e4rmel stehe auf der einen Seite &#8222;Black Metal Kommando&#8220;, auf der anderen der Name der finnischen Black-Metal-Band &#8222;Satanic Warmaster&#8220;, die eine nationalsozialistische Gesinnung vertritt.<\/p>\n<p>An diesem Verhandlungstag wurde zudem deutlich, dass sich die Nebenklagevertreter zerstreiten k\u00f6nnten. Holger Schmidt berichtet im Blog des <a href=\"http:\/\/www.swr.de\/blog\/terrorismus\/\">SWR<\/a> von erheblichen internen Diskussionen zwischen den Nebenkl\u00e4geranw\u00e4lten, die an Sch\u00e4rfe zun\u00e4hmen. Soll das Verfahren politisiert werden, oder soll hier ein ganz normaler Strafprozess stattfinden \u2013 diese Frage teile die mehr als 60 Rechtsanw\u00e4lte grob in zwei Lager.\u00a0Erst am Vormittag hatten mehrere Anw\u00e4lte in einem Beweisantrag die Anh\u00f6rung des fr\u00fcheren V-Manns des brandenburgischen Verfassungsschutzes, &#8222;Piatto&#8220;, gefordert, um m\u00f6gliche Vers\u00e4umnisse und Bez\u00fcge zu Verfassungsschutzbeh\u00f6rden zu thematisieren. Am Mittwoch forderten f\u00fcnf andere Nebenkl\u00e4geranw\u00e4lte eine Beschr\u00e4nkung des Prozesses auf die eigentlichen juristischen Fragen. Es sei vielmehr Aufgabe der Politik, zus\u00e4tzliche Aufkl\u00e4rungsarbeit zu leisten.<\/p>\n<p><em>Das n\u00e4chste Medienlog erscheint am Freitag, 23. Mai 2014.<\/em><\/p>\n","protected":false},"excerpt":{"rendered":"<p>Beate Zsch\u00e4pe verzog keine Miene, als am Mittwoch im NSU-Prozess der 4. November 2011 rekonstruiert wurde \u2013 der Tag, an dem Uwe Mundlos und Uwe B\u00f6hnhardt eine Bank in Eisenach \u00fcberfallen hatten. Was danach folgte, ist bis heute von Mythen umrankt. Fakt ist: Die beiden fl\u00fcchteten sich in einen Wohnwagen. Vermutet, aber von Skeptikern immer [&hellip;]<\/p>\n","protected":false},"author":508,"featured_media":0,"comment_status":"open","ping_status":"open","sticky":false,"template":"","format":"standard","meta":{"_jetpack_memberships_contains_paid_content":false,"footnotes":""},"categories":[27531],"tags":[27561,17793,27772,22860,22859],"class_list":["post-6770","post","type-post","status-publish","format-standard","hentry","category-medienschau","tag-andre-e","tag-beate-zschape","tag-bundesverfassungsschutz","tag-uwe-bohnhardt","tag-uwe-mundlos"],"yoast_head":"<!-- This site is optimized with the Yoast SEO plugin v21.0 - https:\/\/yoast.com\/wordpress\/plugins\/seo\/ -->\n<title>Der entkr\u00e4ftete Mythos vom Mord an B\u00f6hnhardt und Mundlos \u2013 Das Medienlog vom Donnerstag, 22. Mai 2014 - Das NSU-Prozess-Blog<\/title>\n<meta name=\"robots\" content=\"index, follow, max-snippet:-1, max-image-preview:large, max-video-preview:-1\" \/>\n<link rel=\"canonical\" href=\"https:\/\/blog.zeit.de\/nsu-prozess-blog\/2014\/05\/22\/der-entkraeftete-selbstmord-mythos-das-medienlog-vom-donnerstag-22-mai-2014\/\" \/>\n<meta property=\"og:locale\" content=\"de_DE\" \/>\n<meta property=\"og:type\" content=\"article\" \/>\n<meta property=\"og:title\" content=\"Der entkr\u00e4ftete Mythos vom Mord an B\u00f6hnhardt und Mundlos \u2013 Das Medienlog vom Donnerstag, 22. Mai 2014 - Das NSU-Prozess-Blog\" \/>\n<meta property=\"og:description\" content=\"Beate Zsch\u00e4pe verzog keine Miene, als am Mittwoch im NSU-Prozess der 4. November 2011 rekonstruiert wurde \u2013 der Tag, an dem Uwe Mundlos und Uwe B\u00f6hnhardt eine Bank in Eisenach \u00fcberfallen hatten. Was danach folgte, ist bis heute von Mythen umrankt. Fakt ist: Die beiden fl\u00fcchteten sich in einen Wohnwagen. Vermutet, aber von Skeptikern immer [&hellip;]\" \/>\n<meta property=\"og:url\" content=\"https:\/\/blog.zeit.de\/nsu-prozess-blog\/2014\/05\/22\/der-entkraeftete-selbstmord-mythos-das-medienlog-vom-donnerstag-22-mai-2014\/\" \/>\n<meta property=\"og:site_name\" content=\"Das NSU-Prozess-Blog\" \/>\n<meta property=\"article:published_time\" content=\"2014-05-22T07:13:40+00:00\" \/>\n<meta property=\"article:modified_time\" content=\"2016-09-21T14:45:00+00:00\" \/>\n<meta name=\"author\" content=\"nsagener\" \/>\n<meta name=\"twitter:label1\" content=\"Geschrieben von\" \/>\n\t<meta name=\"twitter:data1\" content=\"nsagener\" \/>\n\t<meta name=\"twitter:label2\" content=\"Gesch\u00e4tzte Lesezeit\" \/>\n\t<meta name=\"twitter:data2\" content=\"3\u00a0Minuten\" \/>\n<script type=\"application\/ld+json\" class=\"yoast-schema-graph\">{\"@context\":\"https:\/\/schema.org\",\"@graph\":[{\"@type\":\"WebPage\",\"@id\":\"https:\/\/blog.zeit.de\/nsu-prozess-blog\/2014\/05\/22\/der-entkraeftete-selbstmord-mythos-das-medienlog-vom-donnerstag-22-mai-2014\/\",\"url\":\"https:\/\/blog.zeit.de\/nsu-prozess-blog\/2014\/05\/22\/der-entkraeftete-selbstmord-mythos-das-medienlog-vom-donnerstag-22-mai-2014\/\",\"name\":\"Der entkr\u00e4ftete Mythos vom Mord an B\u00f6hnhardt und Mundlos \u2013 Das Medienlog vom Donnerstag, 22. Mai 2014 - Das NSU-Prozess-Blog\",\"isPartOf\":{\"@id\":\"https:\/\/blog.zeit.de\/nsu-prozess-blog\/#website\"},\"datePublished\":\"2014-05-22T07:13:40+00:00\",\"dateModified\":\"2016-09-21T14:45:00+00:00\",\"author\":{\"@id\":\"https:\/\/blog.zeit.de\/nsu-prozess-blog\/#\/schema\/person\/c47a6dca36b1f27625a5df38f46b760d\"},\"breadcrumb\":{\"@id\":\"https:\/\/blog.zeit.de\/nsu-prozess-blog\/2014\/05\/22\/der-entkraeftete-selbstmord-mythos-das-medienlog-vom-donnerstag-22-mai-2014\/#breadcrumb\"},\"inLanguage\":\"de\",\"potentialAction\":[{\"@type\":\"ReadAction\",\"target\":[\"https:\/\/blog.zeit.de\/nsu-prozess-blog\/2014\/05\/22\/der-entkraeftete-selbstmord-mythos-das-medienlog-vom-donnerstag-22-mai-2014\/\"]}]},{\"@type\":\"BreadcrumbList\",\"@id\":\"https:\/\/blog.zeit.de\/nsu-prozess-blog\/2014\/05\/22\/der-entkraeftete-selbstmord-mythos-das-medienlog-vom-donnerstag-22-mai-2014\/#breadcrumb\",\"itemListElement\":[{\"@type\":\"ListItem\",\"position\":1,\"name\":\"Startseite\",\"item\":\"https:\/\/blog.zeit.de\/nsu-prozess-blog\/\"},{\"@type\":\"ListItem\",\"position\":2,\"name\":\"Der entkr\u00e4ftete Mythos vom Mord an B\u00f6hnhardt und Mundlos \u2013 Das Medienlog vom Donnerstag, 22. Mai 2014\"}]},{\"@type\":\"WebSite\",\"@id\":\"https:\/\/blog.zeit.de\/nsu-prozess-blog\/#website\",\"url\":\"https:\/\/blog.zeit.de\/nsu-prozess-blog\/\",\"name\":\"Das NSU-Prozess-Blog\",\"description\":\"Alle Berichte zum Terrorverfahren in M\u00fcnchen\",\"potentialAction\":[{\"@type\":\"SearchAction\",\"target\":{\"@type\":\"EntryPoint\",\"urlTemplate\":\"https:\/\/blog.zeit.de\/nsu-prozess-blog\/?s={search_term_string}\"},\"query-input\":\"required name=search_term_string\"}],\"inLanguage\":\"de\"},{\"@type\":\"Person\",\"@id\":\"https:\/\/blog.zeit.de\/nsu-prozess-blog\/#\/schema\/person\/c47a6dca36b1f27625a5df38f46b760d\",\"name\":\"nsagener\",\"image\":{\"@type\":\"ImageObject\",\"inLanguage\":\"de\",\"@id\":\"https:\/\/blog.zeit.de\/nsu-prozess-blog\/#\/schema\/person\/image\/\",\"url\":\"https:\/\/secure.gravatar.com\/avatar\/7d31e54d5da099236c38261ff348888161d2858d69fd21c2ff77c50450e817f4?s=96&d=mm&r=g\",\"contentUrl\":\"https:\/\/secure.gravatar.com\/avatar\/7d31e54d5da099236c38261ff348888161d2858d69fd21c2ff77c50450e817f4?s=96&d=mm&r=g\",\"caption\":\"nsagener\"},\"url\":\"https:\/\/blog.zeit.de\/nsu-prozess-blog\/author\/nsagener\/\"}]}<\/script>\n<!-- \/ Yoast SEO plugin. -->","yoast_head_json":{"title":"Der entkr\u00e4ftete Mythos vom Mord an B\u00f6hnhardt und Mundlos \u2013 Das Medienlog vom Donnerstag, 22. Mai 2014 - Das NSU-Prozess-Blog","robots":{"index":"index","follow":"follow","max-snippet":"max-snippet:-1","max-image-preview":"max-image-preview:large","max-video-preview":"max-video-preview:-1"},"canonical":"https:\/\/blog.zeit.de\/nsu-prozess-blog\/2014\/05\/22\/der-entkraeftete-selbstmord-mythos-das-medienlog-vom-donnerstag-22-mai-2014\/","og_locale":"de_DE","og_type":"article","og_title":"Der entkr\u00e4ftete Mythos vom Mord an B\u00f6hnhardt und Mundlos \u2013 Das Medienlog vom Donnerstag, 22. Mai 2014 - Das NSU-Prozess-Blog","og_description":"Beate Zsch\u00e4pe verzog keine Miene, als am Mittwoch im NSU-Prozess der 4. November 2011 rekonstruiert wurde \u2013 der Tag, an dem Uwe Mundlos und Uwe B\u00f6hnhardt eine Bank in Eisenach \u00fcberfallen hatten. Was danach folgte, ist bis heute von Mythen umrankt. Fakt ist: Die beiden fl\u00fcchteten sich in einen Wohnwagen. Vermutet, aber von Skeptikern immer [&hellip;]","og_url":"https:\/\/blog.zeit.de\/nsu-prozess-blog\/2014\/05\/22\/der-entkraeftete-selbstmord-mythos-das-medienlog-vom-donnerstag-22-mai-2014\/","og_site_name":"Das NSU-Prozess-Blog","article_published_time":"2014-05-22T07:13:40+00:00","article_modified_time":"2016-09-21T14:45:00+00:00","author":"nsagener","twitter_misc":{"Geschrieben von":"nsagener","Gesch\u00e4tzte Lesezeit":"3\u00a0Minuten"},"schema":{"@context":"https:\/\/schema.org","@graph":[{"@type":"WebPage","@id":"https:\/\/blog.zeit.de\/nsu-prozess-blog\/2014\/05\/22\/der-entkraeftete-selbstmord-mythos-das-medienlog-vom-donnerstag-22-mai-2014\/","url":"https:\/\/blog.zeit.de\/nsu-prozess-blog\/2014\/05\/22\/der-entkraeftete-selbstmord-mythos-das-medienlog-vom-donnerstag-22-mai-2014\/","name":"Der entkr\u00e4ftete Mythos vom Mord an B\u00f6hnhardt und Mundlos \u2013 Das Medienlog vom Donnerstag, 22. Mai 2014 - Das NSU-Prozess-Blog","isPartOf":{"@id":"https:\/\/blog.zeit.de\/nsu-prozess-blog\/#website"},"datePublished":"2014-05-22T07:13:40+00:00","dateModified":"2016-09-21T14:45:00+00:00","author":{"@id":"https:\/\/blog.zeit.de\/nsu-prozess-blog\/#\/schema\/person\/c47a6dca36b1f27625a5df38f46b760d"},"breadcrumb":{"@id":"https:\/\/blog.zeit.de\/nsu-prozess-blog\/2014\/05\/22\/der-entkraeftete-selbstmord-mythos-das-medienlog-vom-donnerstag-22-mai-2014\/#breadcrumb"},"inLanguage":"de","potentialAction":[{"@type":"ReadAction","target":["https:\/\/blog.zeit.de\/nsu-prozess-blog\/2014\/05\/22\/der-entkraeftete-selbstmord-mythos-das-medienlog-vom-donnerstag-22-mai-2014\/"]}]},{"@type":"BreadcrumbList","@id":"https:\/\/blog.zeit.de\/nsu-prozess-blog\/2014\/05\/22\/der-entkraeftete-selbstmord-mythos-das-medienlog-vom-donnerstag-22-mai-2014\/#breadcrumb","itemListElement":[{"@type":"ListItem","position":1,"name":"Startseite","item":"https:\/\/blog.zeit.de\/nsu-prozess-blog\/"},{"@type":"ListItem","position":2,"name":"Der entkr\u00e4ftete Mythos vom Mord an B\u00f6hnhardt und Mundlos \u2013 Das Medienlog vom Donnerstag, 22. Mai 2014"}]},{"@type":"WebSite","@id":"https:\/\/blog.zeit.de\/nsu-prozess-blog\/#website","url":"https:\/\/blog.zeit.de\/nsu-prozess-blog\/","name":"Das NSU-Prozess-Blog","description":"Alle Berichte zum Terrorverfahren in M\u00fcnchen","potentialAction":[{"@type":"SearchAction","target":{"@type":"EntryPoint","urlTemplate":"https:\/\/blog.zeit.de\/nsu-prozess-blog\/?s={search_term_string}"},"query-input":"required name=search_term_string"}],"inLanguage":"de"},{"@type":"Person","@id":"https:\/\/blog.zeit.de\/nsu-prozess-blog\/#\/schema\/person\/c47a6dca36b1f27625a5df38f46b760d","name":"nsagener","image":{"@type":"ImageObject","inLanguage":"de","@id":"https:\/\/blog.zeit.de\/nsu-prozess-blog\/#\/schema\/person\/image\/","url":"https:\/\/secure.gravatar.com\/avatar\/7d31e54d5da099236c38261ff348888161d2858d69fd21c2ff77c50450e817f4?s=96&d=mm&r=g","contentUrl":"https:\/\/secure.gravatar.com\/avatar\/7d31e54d5da099236c38261ff348888161d2858d69fd21c2ff77c50450e817f4?s=96&d=mm&r=g","caption":"nsagener"},"url":"https:\/\/blog.zeit.de\/nsu-prozess-blog\/author\/nsagener\/"}]}},"jetpack_featured_media_url":"","jetpack_sharing_enabled":true,"_links":{"self":[{"href":"https:\/\/blog.zeit.de\/nsu-prozess-blog\/wp-json\/wp\/v2\/posts\/6770","targetHints":{"allow":["GET"]}}],"collection":[{"href":"https:\/\/blog.zeit.de\/nsu-prozess-blog\/wp-json\/wp\/v2\/posts"}],"about":[{"href":"https:\/\/blog.zeit.de\/nsu-prozess-blog\/wp-json\/wp\/v2\/types\/post"}],"author":[{"embeddable":true,"href":"https:\/\/blog.zeit.de\/nsu-prozess-blog\/wp-json\/wp\/v2\/users\/508"}],"replies":[{"embeddable":true,"href":"https:\/\/blog.zeit.de\/nsu-prozess-blog\/wp-json\/wp\/v2\/comments?post=6770"}],"version-history":[{"count":20,"href":"https:\/\/blog.zeit.de\/nsu-prozess-blog\/wp-json\/wp\/v2\/posts\/6770\/revisions"}],"predecessor-version":[{"id":11980,"href":"https:\/\/blog.zeit.de\/nsu-prozess-blog\/wp-json\/wp\/v2\/posts\/6770\/revisions\/11980"}],"wp:attachment":[{"href":"https:\/\/blog.zeit.de\/nsu-prozess-blog\/wp-json\/wp\/v2\/media?parent=6770"}],"wp:term":[{"taxonomy":"category","embeddable":true,"href":"https:\/\/blog.zeit.de\/nsu-prozess-blog\/wp-json\/wp\/v2\/categories?post=6770"},{"taxonomy":"post_tag","embeddable":true,"href":"https:\/\/blog.zeit.de\/nsu-prozess-blog\/wp-json\/wp\/v2\/tags?post=6770"}],"curies":[{"name":"wp","href":"https:\/\/api.w.org\/{rel}","templated":true}]}}